{"id":94237,"date":"2025-01-26T18:22:45","date_gmt":"2025-01-26T18:22:45","guid":{"rendered":"https:\/\/www.africa-press.net\/cotedivoire\/politique\/electricite-lenergie-solaire-supplante-pour-la-premiere-fois-le-charbon-dans-lue-en-2024"},"modified":"2025-01-26T18:22:45","modified_gmt":"2025-01-26T18:22:45","slug":"electricite-lenergie-solaire-supplante-pour-la-premiere-fois-le-charbon-dans-lue-en-2024","status":"publish","type":"post","link":"https:\/\/www.africa-press.net\/cotedivoire\/toutes-les-actualites\/electricite-lenergie-solaire-supplante-pour-la-premiere-fois-le-charbon-dans-lue-en-2024","title":{"rendered":"Electricit\u00e9 : l&rsquo;\u00e9nergie solaire supplante pour la premi\u00e8re fois le charbon dans l&rsquo;UE en 2024"},"content":{"rendered":"<p><span style=\"color: #ff6600\"><strong>Africa-Press &#8211; C\u00f4te d&rsquo;Ivoire. <\/strong><\/span>L&rsquo;e\u0301nergie solaire a supplante\u0301 pour la premie\u0300re fois le charbon dans l&rsquo;Union europe\u0301enne en 2024 et permis de porter la part des e\u0301nergies renouvelables a\u0300 pre\u0300s de la moitie\u0301 de la production d&rsquo;e\u0301lectricite\u0301 des 27, selon un rapport diffuse\u0301 le 23 janvier. Dans le me\u0302me temps, la production a\u0300 partir de gaz \u00ab\u00a0a diminue\u0301 pour la cinquie\u0300me anne\u0301e conse\u0301cutive et la production totale d&rsquo;e\u0301lectricite\u0301 fossile a atteint un niveau historiquement bas\u00a0\u00bb, a rapporte\u0301 le cercle de re\u0301flexion Ember dans un rapport sur l&rsquo;e\u0301lectricite\u0301 en Europe.<\/p>\n<p>\u00ab\u00a0Les combustibles fossiles perdent leur emprise sur l&rsquo;e\u0301nergie de l&rsquo;UE\u00a0\u00bb, souligne le Dr Chris Rosslowe, auteur principal du rapport. \u00ab\u00a0Au de\u0301but du Pacte Vert pour l&rsquo;Europe en 2019, peu de gens pensaient que la transition e\u0301nerge\u0301tique de l&rsquo;UE en serait la\u0300 aujourd&rsquo;hui: l&rsquo;e\u0301olien et le solaire rele\u0300guent le charbon aux marges et poussent le gaz dans un de\u0301clin structurel\u00a0\u00bb.<\/p>\n<p>Au total, la forte croissance du solaire et le redressement de l&rsquo;e\u0301nergie hydraulique ont porte\u0301 la part des renouvelables a\u0300 47% de la production d&rsquo;e\u0301lectricite\u0301 des 27, contre 29% pour les combustibles fossiles, pre\u0301cise le groupe dans sa \u00ab\u00a0European Electricity Review\u00a0\u00bb. En comparaison, les renouvelables repre\u0301sentaient 21,4% de la production d&rsquo;e\u0301lectricite\u0301 aux E\u0301tats-Unis et 30,2% en Chine, selon l&rsquo;Agence internationale de l&rsquo;e\u0301nergie (AIE) en 2022. Au Royaume-Uni, les renouvelables ont repre\u0301sente\u0301 45% de l&rsquo;e\u0301lectricite\u0301 l&rsquo;an dernier, selon une e\u0301tude de Carbon Brief.<\/p>\n<p>Malgre\u0301 ces progre\u0300s, l&rsquo;UE, qui est le bloc le plus avance\u0301 dans la de\u0301carbonation, reste le quatrie\u0300me e\u0301metteur de gaz a\u0300 effet de serre mondial. \u00ab\u00a0La croissance de l&rsquo;e\u0301nergie solaire depuis 2019 a permis a\u0300 l&rsquo;UE d&rsquo;e\u0301viter 59 milliards d&rsquo;euros d&rsquo;importations de combustibles fossiles\u00a0\u00bb, de\u0301clare Chris Rosslowe a\u0300 l&rsquo;AFP. \u00ab\u00a0L&rsquo;UE aurait donc du\u0302 de\u0301penser cet d&rsquo;argent en combustibles fossiles pour la production d&rsquo;e\u0301lectricite\u0301 si l&rsquo;e\u0301nergie e\u0301olienne et solaire n&rsquo;avaient pas connu cette croissance au cours de cette pe\u0301riode.\u00a0\u00bb<\/p>\n<p>Ces tendances sont ge\u0301ne\u0301ralise\u0301es dans l&rsquo;UE, souligne Ember. Le solaire progresse dans tous les pays et plus de la moitie\u0301 des pays ont de\u0301sormais soit e\u0301limine\u0301 le charbon, le combustible fossile le plus polluant, soit re\u0301duit sa part a\u0300 moins de 5% dans leur bouquet e\u0301nerge\u0301tique.<\/p>\n<p><b>\u00ab\u00a0Prix ne\u0301gatifs\u00a0\u00bb et stockage<\/b><\/p>\n<p>Des vents contraires sur les e\u0301nergies renouvelables se sont leve\u0301s aussi bien en Europe, ou\u0300 certains e\u0301le\u0301ments du Pacte Vert sont de plus en plus conteste\u0301s, qu&rsquo;aux E\u0301tats-Unis, ou\u0300 Donald Trump a de\u0301ja\u0300 signe\u0301 un de\u0301cret entravant le de\u0301veloppement de nouveaux projets d&rsquo;e\u0301nergie e\u0301olienne. Pourtant, \u00ab\u00a0il est ne\u0301cessaire d&rsquo;acce\u0301le\u0301rer les efforts, en particulier dans le secteur de l&rsquo;e\u0301olien\u00a0\u00bb qui doit plus que doubler en capacite\u0301s d&rsquo;ici 2030, pre\u0301vient Chris Rosslowe.<\/p>\n<p>Le syste\u0300me e\u0301lectrique europe\u0301en devra aussi gagner en flexibilite\u0301 et donc en capacite\u0301s de stockage afin de tirer le meilleur parti d&rsquo;e\u0301nergies renouvelables par de\u0301finition intermittentes. Car l&rsquo;abondance d&rsquo;e\u0301nergie solaire en 2024 a contribue\u0301 a\u0300 faire baisser les prix en milieu de journe\u0301e et provoque\u0301 parfois des \u00ab\u00a0prix ne\u0301gatifs\u00a0\u00bb durant les heures ou\u0300 l&rsquo;e\u0301lectricite\u0301 est vendue sur les marche\u0301s en dessous de ze\u0301ro en raison d&rsquo;une surabondance de l&rsquo;offre par rapport a\u0300 la demande. Elles repre\u0301sentent 4% des heures en moyenne dans l&rsquo;UE, contre 2% en 2023, et se sont produites pratiquement partout parmi les 27, souligne Ember.<\/p>\n<p>Pour le groupe de re\u0301flexion, ces e\u0301carts de prix pourraient permettre aux consommateurs de re\u0301duire leur facture si on parvient a\u0300 de\u0301placer la demande vers les pe\u0301riodes de production solaire abondante. Les fournisseurs d&rsquo;e\u0301lectricite\u0301 pourraient aussi stocker l&rsquo;e\u0301lectricite\u0301 produite lors des pics de production et la distribuer lorsque la demande remonte.<\/p>\n<p>Le de\u0301ploiement de batteries a nettement progresse\u0301 ces dernie\u0300res anne\u0301es, avec une capacite\u0301 installe\u0301e de 16 GW en 2023 contre 8 GW en 2022, selon Ember. Mais ces capacite\u0301s sont concentre\u0301es dans un petit nombre de pays: 70% des batteries existantes e\u0301taient situe\u0301es en Allemagne et en Italie fin 2023.<\/p>\n<p>\u00ab\u00a0Nous avons de\u0301sormais besoin de plus de flexibilite\u0301 pour nous assurer que le syste\u0300me e\u0301nerge\u0301tique s&rsquo;adapte aux nouvelles re\u0301alite\u0301s: davantage de stockage et une e\u0301lectrification intelligente accrue dans le chauffage, les transports et les industries\u00a0\u00bb, estime Walburga Hemetsberger, PDG de SolarPower Europe, l&rsquo;association europe\u0301enne de photovoltai\u0308que, cite\u0301 par Ember.<\/p>\n<p>\u00ab\u00a0La compe\u0301titivite\u0301 de l&rsquo;UE est intrinse\u0300quement lie\u0301e au de\u0301ploiement rapide des e\u0301nergies propres et des solutions de flexibilite\u0301\u00a0\u00bb, comple\u0300te Jacopo Tosoni, de l&rsquo;Association europe\u0301enne pour le stockage de l&rsquo;Energie (EASE). \u00ab\u00a0Les e\u0301nergies renouvelables et le stockage deviennent les piliers de la transition e\u0301nerge\u0301tique\u00a0\u00bb, souligne-t-il.<\/p>\n<p><strong>Pour plus d&rsquo;informations et d&rsquo;analyses sur la <span style=\"color: #ff6600\">C\u00f4te d&rsquo;Ivoire<\/span>, suivez <span style=\"color: #ff6600\">Africa-Press<span style=\"color: #ff6600\"><\/span><\/strong><\/p>\n","protected":false},"excerpt":{"rendered":"<p>Africa-Press &#8211; C\u00f4te d&rsquo;Ivoire. L&rsquo;e\u0301nergie solaire a supplante\u0301 pour la premie\u0300re fois le charbon dans l&rsquo;Union europe\u0301enne en 2024 et permis de porter la part des e\u0301nergies renouvelables a\u0300 pre\u0300s de la moitie\u0301 de la production d&rsquo;e\u0301lectricite\u0301 des 27, selon un rapport diffuse\u0301 le 23 janvier. Dans le me\u0302me temps, la production a\u0300 partir de [&hellip;]<\/p>\n","protected":false},"author":82,"featured_media":94236,"comment_status":"open","ping_status":"closed","sticky":false,"template":"","format":"standard","meta":{"footnotes":""},"categories":[22,10],"tags":[37],"class_list":["post-94237","post","type-post","status-publish","format-standard","has-post-thumbnail","hentry","category-divers","category-toutes-les-actualites","tag-cote-divoire-2"],"yoast_head":"<!-- This site is optimized with the Yoast SEO Premium plugin v26.1 (Yoast SEO v27.0) - https:\/\/yoast.com\/product\/yoast-seo-premium-wordpress\/ -->\n<title>Electricit\u00e9 : l&#039;\u00e9nergie solaire supplante pour la premi\u00e8re fois le charbon dans l&#039;UE en 2024 - C\u00f4te d&#039;Ivoire<\/title>\n<meta name=\"robots\" content=\"index, follow, max-snippet:-1, max-image-preview:large, max-video-preview:-1\" \/>\n<link rel=\"canonical\" href=\"https:\/\/www.africa-press.net\/cotedivoire\/politique\/electricite-lenergie-solaire-supplante-pour-la-premiere-fois-le-charbon-dans-lue-en-2024\" \/>\n<meta property=\"og:locale\" content=\"fr_FR\" \/>\n<meta property=\"og:type\" content=\"article\" \/>\n<meta property=\"og:title\" content=\"Electricit\u00e9 : l&#039;\u00e9nergie solaire supplante pour la premi\u00e8re fois le charbon dans l&#039;UE en 2024\" \/>\n<meta property=\"og:description\" content=\"Africa-Press &#8211; C\u00f4te d&rsquo;Ivoire. L&rsquo;e\u0301nergie solaire a supplante\u0301 pour la premie\u0300re fois le charbon dans l&rsquo;Union europe\u0301enne en 2024 et permis de porter la part des e\u0301nergies renouvelables a\u0300 pre\u0300s de la moitie\u0301 de la production d&rsquo;e\u0301lectricite\u0301 des 27, selon un rapport diffuse\u0301 le 23 janvier. Dans le me\u0302me temps, la production a\u0300 partir de [&hellip;]\" \/>\n<meta property=\"og:url\" content=\"https:\/\/www.africa-press.net\/cotedivoire\/politique\/electricite-lenergie-solaire-supplante-pour-la-premiere-fois-le-charbon-dans-lue-en-2024\" \/>\n<meta property=\"og:site_name\" content=\"C\u00f4te d&#039;Ivoire\" \/>\n<meta property=\"article:published_time\" content=\"2025-01-26T18:22:45+00:00\" \/>\n<meta name=\"author\" content=\"cfeditorfr\" \/>\n<meta name=\"twitter:card\" content=\"summary_large_image\" \/>\n<meta name=\"twitter:label1\" content=\"\u00c9crit par\" \/>\n\t<meta name=\"twitter:data1\" content=\"cfeditorfr\" \/>\n\t<meta name=\"twitter:label2\" content=\"Dur\u00e9e de lecture estim\u00e9e\" \/>\n\t<meta name=\"twitter:data2\" content=\"4 minutes\" \/>\n<script type=\"application\/ld+json\" class=\"yoast-schema-graph\">{\"@context\":\"https:\/\/schema.org\",\"@graph\":[{\"@type\":\"Article\",\"@id\":\"https:\/\/www.africa-press.net\/cotedivoire\/politique\/electricite-lenergie-solaire-supplante-pour-la-premiere-fois-le-charbon-dans-lue-en-2024#article\",\"isPartOf\":{\"@id\":\"https:\/\/www.africa-press.net\/cotedivoire\/politique\/electricite-lenergie-solaire-supplante-pour-la-premiere-fois-le-charbon-dans-lue-en-2024\"},\"author\":{\"name\":\"cfeditorfr\",\"@id\":\"https:\/\/www.africa-press.net\/cotedivoire\/#\/schema\/person\/2b1cf3cd81a31e3cd26889ca66d677f1\"},\"headline\":\"Electricit\u00e9 : l&rsquo;\u00e9nergie solaire supplante pour la premi\u00e8re fois le charbon dans l&rsquo;UE en 2024\",\"datePublished\":\"2025-01-26T18:22:45+00:00\",\"mainEntityOfPage\":{\"@id\":\"https:\/\/www.africa-press.net\/cotedivoire\/politique\/electricite-lenergie-solaire-supplante-pour-la-premiere-fois-le-charbon-dans-lue-en-2024\"},\"wordCount\":892,\"commentCount\":0,\"image\":{\"@id\":\"https:\/\/www.africa-press.net\/cotedivoire\/politique\/electricite-lenergie-solaire-supplante-pour-la-premiere-fois-le-charbon-dans-lue-en-2024#primaryimage\"},\"thumbnailUrl\":\"https:\/\/static.africa-press.net\/cote\/sites\/43\/2025\/01\/sm_1737904778.846684.jpg\",\"keywords\":[\"C\u00f4te d'Ivoire\"],\"articleSection\":[\"Divers\",\"Toutes les actualit\u00e9s\"],\"inLanguage\":\"fr-FR\",\"potentialAction\":[{\"@type\":\"CommentAction\",\"name\":\"Comment\",\"target\":[\"https:\/\/www.africa-press.net\/cotedivoire\/politique\/electricite-lenergie-solaire-supplante-pour-la-premiere-fois-le-charbon-dans-lue-en-2024#respond\"]}]},{\"@type\":\"WebPage\",\"@id\":\"https:\/\/www.africa-press.net\/cotedivoire\/politique\/electricite-lenergie-solaire-supplante-pour-la-premiere-fois-le-charbon-dans-lue-en-2024\",\"url\":\"https:\/\/www.africa-press.net\/cotedivoire\/politique\/electricite-lenergie-solaire-supplante-pour-la-premiere-fois-le-charbon-dans-lue-en-2024\",\"name\":\"Electricit\u00e9 : l'\u00e9nergie solaire supplante pour la premi\u00e8re fois le charbon dans l'UE en 2024 - C\u00f4te d&#039;Ivoire\",\"isPartOf\":{\"@id\":\"https:\/\/www.africa-press.net\/cotedivoire\/#website\"},\"primaryImageOfPage\":{\"@id\":\"https:\/\/www.africa-press.net\/cotedivoire\/politique\/electricite-lenergie-solaire-supplante-pour-la-premiere-fois-le-charbon-dans-lue-en-2024#primaryimage\"},\"image\":{\"@id\":\"https:\/\/www.africa-press.net\/cotedivoire\/politique\/electricite-lenergie-solaire-supplante-pour-la-premiere-fois-le-charbon-dans-lue-en-2024#primaryimage\"},\"thumbnailUrl\":\"https:\/\/static.africa-press.net\/cote\/sites\/43\/2025\/01\/sm_1737904778.846684.jpg\",\"datePublished\":\"2025-01-26T18:22:45+00:00\",\"author\":{\"@id\":\"https:\/\/www.africa-press.net\/cotedivoire\/#\/schema\/person\/2b1cf3cd81a31e3cd26889ca66d677f1\"},\"breadcrumb\":{\"@id\":\"https:\/\/www.africa-press.net\/cotedivoire\/politique\/electricite-lenergie-solaire-supplante-pour-la-premiere-fois-le-charbon-dans-lue-en-2024#breadcrumb\"},\"inLanguage\":\"fr-FR\",\"potentialAction\":[{\"@type\":\"ReadAction\",\"target\":[\"https:\/\/www.africa-press.net\/cotedivoire\/politique\/electricite-lenergie-solaire-supplante-pour-la-premiere-fois-le-charbon-dans-lue-en-2024\"]}]},{\"@type\":\"ImageObject\",\"inLanguage\":\"fr-FR\",\"@id\":\"https:\/\/www.africa-press.net\/cotedivoire\/politique\/electricite-lenergie-solaire-supplante-pour-la-premiere-fois-le-charbon-dans-lue-en-2024#primaryimage\",\"url\":\"https:\/\/static.africa-press.net\/cote\/sites\/43\/2025\/01\/sm_1737904778.846684.jpg\",\"contentUrl\":\"https:\/\/static.africa-press.net\/cote\/sites\/43\/2025\/01\/sm_1737904778.846684.jpg\",\"width\":1200,\"height\":899,\"caption\":\"Electricit\u00e9 : l'\u00e9nergie solaire supplante pour la premi\u00e8re fois le charbon dans l'UE en 2024\"},{\"@type\":\"BreadcrumbList\",\"@id\":\"https:\/\/www.africa-press.net\/cotedivoire\/politique\/electricite-lenergie-solaire-supplante-pour-la-premiere-fois-le-charbon-dans-lue-en-2024#breadcrumb\",\"itemListElement\":[{\"@type\":\"ListItem\",\"position\":1,\"name\":\"Accueil\",\"item\":\"https:\/\/www.africa-press.net\/cotedivoire\/\"},{\"@type\":\"ListItem\",\"position\":2,\"name\":\"Electricit\u00e9 : l&rsquo;\u00e9nergie solaire supplante pour la premi\u00e8re fois le charbon dans l&rsquo;UE en 2024\"}]},{\"@type\":\"WebSite\",\"@id\":\"https:\/\/www.africa-press.net\/cotedivoire\/#website\",\"url\":\"https:\/\/www.africa-press.net\/cotedivoire\/\",\"name\":\"C\u00f4te d&#039;Ivoire\",\"description\":\"Just another Africa News Agency Sites site\",\"potentialAction\":[{\"@type\":\"SearchAction\",\"target\":{\"@type\":\"EntryPoint\",\"urlTemplate\":\"https:\/\/www.africa-press.net\/cotedivoire\/?s={search_term_string}\"},\"query-input\":{\"@type\":\"PropertyValueSpecification\",\"valueRequired\":true,\"valueName\":\"search_term_string\"}}],\"inLanguage\":\"fr-FR\"},{\"@type\":\"Person\",\"@id\":\"https:\/\/www.africa-press.net\/cotedivoire\/#\/schema\/person\/2b1cf3cd81a31e3cd26889ca66d677f1\",\"name\":\"cfeditorfr\"}]}<\/script>\n<!-- \/ Yoast SEO Premium plugin. -->","yoast_head_json":{"title":"Electricit\u00e9 : l'\u00e9nergie solaire supplante pour la premi\u00e8re fois le charbon dans l'UE en 2024 - C\u00f4te d&#039;Ivoire","robots":{"index":"index","follow":"follow","max-snippet":"max-snippet:-1","max-image-preview":"max-image-preview:large","max-video-preview":"max-video-preview:-1"},"canonical":"https:\/\/www.africa-press.net\/cotedivoire\/politique\/electricite-lenergie-solaire-supplante-pour-la-premiere-fois-le-charbon-dans-lue-en-2024","og_locale":"fr_FR","og_type":"article","og_title":"Electricit\u00e9 : l'\u00e9nergie solaire supplante pour la premi\u00e8re fois le charbon dans l'UE en 2024","og_description":"Africa-Press &#8211; C\u00f4te d&rsquo;Ivoire. L&rsquo;e\u0301nergie solaire a supplante\u0301 pour la premie\u0300re fois le charbon dans l&rsquo;Union europe\u0301enne en 2024 et permis de porter la part des e\u0301nergies renouvelables a\u0300 pre\u0300s de la moitie\u0301 de la production d&rsquo;e\u0301lectricite\u0301 des 27, selon un rapport diffuse\u0301 le 23 janvier. Dans le me\u0302me temps, la production a\u0300 partir de [&hellip;]","og_url":"https:\/\/www.africa-press.net\/cotedivoire\/politique\/electricite-lenergie-solaire-supplante-pour-la-premiere-fois-le-charbon-dans-lue-en-2024","og_site_name":"C\u00f4te d&#039;Ivoire","article_published_time":"2025-01-26T18:22:45+00:00","author":"cfeditorfr","twitter_card":"summary_large_image","twitter_misc":{"\u00c9crit par":"cfeditorfr","Dur\u00e9e de lecture estim\u00e9e":"4 minutes"},"schema":{"@context":"https:\/\/schema.org","@graph":[{"@type":"Article","@id":"https:\/\/www.africa-press.net\/cotedivoire\/politique\/electricite-lenergie-solaire-supplante-pour-la-premiere-fois-le-charbon-dans-lue-en-2024#article","isPartOf":{"@id":"https:\/\/www.africa-press.net\/cotedivoire\/politique\/electricite-lenergie-solaire-supplante-pour-la-premiere-fois-le-charbon-dans-lue-en-2024"},"author":{"name":"cfeditorfr","@id":"https:\/\/www.africa-press.net\/cotedivoire\/#\/schema\/person\/2b1cf3cd81a31e3cd26889ca66d677f1"},"headline":"Electricit\u00e9 : l&rsquo;\u00e9nergie solaire supplante pour la premi\u00e8re fois le charbon dans l&rsquo;UE en 2024","datePublished":"2025-01-26T18:22:45+00:00","mainEntityOfPage":{"@id":"https:\/\/www.africa-press.net\/cotedivoire\/politique\/electricite-lenergie-solaire-supplante-pour-la-premiere-fois-le-charbon-dans-lue-en-2024"},"wordCount":892,"commentCount":0,"image":{"@id":"https:\/\/www.africa-press.net\/cotedivoire\/politique\/electricite-lenergie-solaire-supplante-pour-la-premiere-fois-le-charbon-dans-lue-en-2024#primaryimage"},"thumbnailUrl":"https:\/\/static.africa-press.net\/cote\/sites\/43\/2025\/01\/sm_1737904778.846684.jpg","keywords":["C\u00f4te d'Ivoire"],"articleSection":["Divers","Toutes les actualit\u00e9s"],"inLanguage":"fr-FR","potentialAction":[{"@type":"CommentAction","name":"Comment","target":["https:\/\/www.africa-press.net\/cotedivoire\/politique\/electricite-lenergie-solaire-supplante-pour-la-premiere-fois-le-charbon-dans-lue-en-2024#respond"]}]},{"@type":"WebPage","@id":"https:\/\/www.africa-press.net\/cotedivoire\/politique\/electricite-lenergie-solaire-supplante-pour-la-premiere-fois-le-charbon-dans-lue-en-2024","url":"https:\/\/www.africa-press.net\/cotedivoire\/politique\/electricite-lenergie-solaire-supplante-pour-la-premiere-fois-le-charbon-dans-lue-en-2024","name":"Electricit\u00e9 : l'\u00e9nergie solaire supplante pour la premi\u00e8re fois le charbon dans l'UE en 2024 - C\u00f4te d&#039;Ivoire","isPartOf":{"@id":"https:\/\/www.africa-press.net\/cotedivoire\/#website"},"primaryImageOfPage":{"@id":"https:\/\/www.africa-press.net\/cotedivoire\/politique\/electricite-lenergie-solaire-supplante-pour-la-premiere-fois-le-charbon-dans-lue-en-2024#primaryimage"},"image":{"@id":"https:\/\/www.africa-press.net\/cotedivoire\/politique\/electricite-lenergie-solaire-supplante-pour-la-premiere-fois-le-charbon-dans-lue-en-2024#primaryimage"},"thumbnailUrl":"https:\/\/static.africa-press.net\/cote\/sites\/43\/2025\/01\/sm_1737904778.846684.jpg","datePublished":"2025-01-26T18:22:45+00:00","author":{"@id":"https:\/\/www.africa-press.net\/cotedivoire\/#\/schema\/person\/2b1cf3cd81a31e3cd26889ca66d677f1"},"breadcrumb":{"@id":"https:\/\/www.africa-press.net\/cotedivoire\/politique\/electricite-lenergie-solaire-supplante-pour-la-premiere-fois-le-charbon-dans-lue-en-2024#breadcrumb"},"inLanguage":"fr-FR","potentialAction":[{"@type":"ReadAction","target":["https:\/\/www.africa-press.net\/cotedivoire\/politique\/electricite-lenergie-solaire-supplante-pour-la-premiere-fois-le-charbon-dans-lue-en-2024"]}]},{"@type":"ImageObject","inLanguage":"fr-FR","@id":"https:\/\/www.africa-press.net\/cotedivoire\/politique\/electricite-lenergie-solaire-supplante-pour-la-premiere-fois-le-charbon-dans-lue-en-2024#primaryimage","url":"https:\/\/static.africa-press.net\/cote\/sites\/43\/2025\/01\/sm_1737904778.846684.jpg","contentUrl":"https:\/\/static.africa-press.net\/cote\/sites\/43\/2025\/01\/sm_1737904778.846684.jpg","width":1200,"height":899,"caption":"Electricit\u00e9 : l'\u00e9nergie solaire supplante pour la premi\u00e8re fois le charbon dans l'UE en 2024"},{"@type":"BreadcrumbList","@id":"https:\/\/www.africa-press.net\/cotedivoire\/politique\/electricite-lenergie-solaire-supplante-pour-la-premiere-fois-le-charbon-dans-lue-en-2024#breadcrumb","itemListElement":[{"@type":"ListItem","position":1,"name":"Accueil","item":"https:\/\/www.africa-press.net\/cotedivoire\/"},{"@type":"ListItem","position":2,"name":"Electricit\u00e9 : l&rsquo;\u00e9nergie solaire supplante pour la premi\u00e8re fois le charbon dans l&rsquo;UE en 2024"}]},{"@type":"WebSite","@id":"https:\/\/www.africa-press.net\/cotedivoire\/#website","url":"https:\/\/www.africa-press.net\/cotedivoire\/","name":"C\u00f4te d&#039;Ivoire","description":"Just another Africa News Agency Sites site","potentialAction":[{"@type":"SearchAction","target":{"@type":"EntryPoint","urlTemplate":"https:\/\/www.africa-press.net\/cotedivoire\/?s={search_term_string}"},"query-input":{"@type":"PropertyValueSpecification","valueRequired":true,"valueName":"search_term_string"}}],"inLanguage":"fr-FR"},{"@type":"Person","@id":"https:\/\/www.africa-press.net\/cotedivoire\/#\/schema\/person\/2b1cf3cd81a31e3cd26889ca66d677f1","name":"cfeditorfr"}]}},"_links":{"self":[{"href":"https:\/\/www.africa-press.net\/cotedivoire\/wp-json\/wp\/v2\/posts\/94237","targetHints":{"allow":["GET"]}}],"collection":[{"href":"https:\/\/www.africa-press.net\/cotedivoire\/wp-json\/wp\/v2\/posts"}],"about":[{"href":"https:\/\/www.africa-press.net\/cotedivoire\/wp-json\/wp\/v2\/types\/post"}],"author":[{"embeddable":true,"href":"https:\/\/www.africa-press.net\/cotedivoire\/wp-json\/wp\/v2\/users\/82"}],"replies":[{"embeddable":true,"href":"https:\/\/www.africa-press.net\/cotedivoire\/wp-json\/wp\/v2\/comments?post=94237"}],"version-history":[{"count":0,"href":"https:\/\/www.africa-press.net\/cotedivoire\/wp-json\/wp\/v2\/posts\/94237\/revisions"}],"wp:featuredmedia":[{"embeddable":true,"href":"https:\/\/www.africa-press.net\/cotedivoire\/wp-json\/wp\/v2\/media\/94236"}],"wp:attachment":[{"href":"https:\/\/www.africa-press.net\/cotedivoire\/wp-json\/wp\/v2\/media?parent=94237"}],"wp:term":[{"taxonomy":"category","embeddable":true,"href":"https:\/\/www.africa-press.net\/cotedivoire\/wp-json\/wp\/v2\/categories?post=94237"},{"taxonomy":"post_tag","embeddable":true,"href":"https:\/\/www.africa-press.net\/cotedivoire\/wp-json\/wp\/v2\/tags?post=94237"}],"curies":[{"name":"wp","href":"https:\/\/api.w.org\/{rel}","templated":true}]}}