{"id":94247,"date":"2025-01-26T17:39:33","date_gmt":"2025-01-26T17:39:33","guid":{"rendered":"https:\/\/www.africa-press.net\/cotedivoire\/politique\/football-le-logo-officiel-de-la-can-maroc-2025-devoile"},"modified":"2025-01-26T17:39:33","modified_gmt":"2025-01-26T17:39:33","slug":"football-le-logo-officiel-de-la-can-maroc-2025-devoile","status":"publish","type":"post","link":"https:\/\/www.africa-press.net\/cotedivoire\/sports\/football-le-logo-officiel-de-la-can-maroc-2025-devoile","title":{"rendered":"Football : le logo officiel de la CAN Maroc-2025 d\u00e9voil\u00e9"},"content":{"rendered":"<p><span style=\"color: #ff6600\"><strong>Africa-Press &#8211; C\u00f4te d&rsquo;Ivoire. <\/strong><\/span>Le logo de la CAN Maroc 2025 a e\u0301te\u0301 de\u0301voile\u0301 samedi soir par la Confe\u0301de\u0301ration africaine de football (CAF).<\/p>\n<p>A jour J-2 du tirage au sort des groupes de la 35e e\u0301dition de la CAN 2025, l\u2019instance supre\u0302me du football africain vient de de\u0301voiler le logo de la compe\u0301tition dans la soire\u0301e de ce samedi 25 janvier.<\/p>\n<p>Le tirage au sort de la CAN Maroc-2025 aura lieu lundi 27 janvier a\u0300 partir de 19 heures au The\u0301a\u0302tre national Mohammed V de Rabat, en pre\u0301sence de hauts responsables et de grandes stars du football continental.<\/p>\n<p>La CAN Maroc 2025 est pre\u0301vue pour se disputer du 21 de\u0301cembre 2025 au 18 janvier 2026.<\/p>\n<p><strong>Pour plus d&rsquo;informations et d&rsquo;analyses sur la <span style=\"color: #ff6600\">C\u00f4te d&rsquo;Ivoire<\/span>, suivez <span style=\"color: #ff6600\">Africa-Press<span style=\"color: #ff6600\"><\/span><\/strong><\/p>\n","protected":false},"excerpt":{"rendered":"<p>Africa-Press &#8211; C\u00f4te d&rsquo;Ivoire. Le logo de la CAN Maroc 2025 a e\u0301te\u0301 de\u0301voile\u0301 samedi soir par la Confe\u0301de\u0301ration africaine de football (CAF). A jour J-2 du tirage au sort des groupes de la 35e e\u0301dition de la CAN 2025, l\u2019instance supre\u0302me du football africain vient de de\u0301voiler le logo de la compe\u0301tition dans la [&hellip;]<\/p>\n","protected":false},"author":82,"featured_media":94246,"comment_status":"open","ping_status":"closed","sticky":false,"template":"","format":"standard","meta":{"footnotes":""},"categories":[6,10],"tags":[37],"class_list":["post-94247","post","type-post","status-publish","format-standard","has-post-thumbnail","hentry","category-sports","category-toutes-les-actualites","tag-cote-divoire-2"],"yoast_head":"<!-- This site is optimized with the Yoast SEO Premium plugin v26.1 (Yoast SEO v27.0) - https:\/\/yoast.com\/product\/yoast-seo-premium-wordpress\/ -->\n<title>Football : le logo officiel de la CAN Maroc-2025 d\u00e9voil\u00e9 - C\u00f4te d&#039;Ivoire<\/title>\n<meta name=\"robots\" content=\"index, follow, max-snippet:-1, max-image-preview:large, max-video-preview:-1\" \/>\n<link rel=\"canonical\" href=\"https:\/\/www.africa-press.net\/cotedivoire\/politique\/football-le-logo-officiel-de-la-can-maroc-2025-devoile\" \/>\n<meta property=\"og:locale\" content=\"fr_FR\" \/>\n<meta property=\"og:type\" content=\"article\" \/>\n<meta property=\"og:title\" content=\"Football : le logo officiel de la CAN Maroc-2025 d\u00e9voil\u00e9\" \/>\n<meta property=\"og:description\" content=\"Africa-Press &#8211; C\u00f4te d&rsquo;Ivoire. Le logo de la CAN Maroc 2025 a e\u0301te\u0301 de\u0301voile\u0301 samedi soir par la Confe\u0301de\u0301ration africaine de football (CAF). A jour J-2 du tirage au sort des groupes de la 35e e\u0301dition de la CAN 2025, l\u2019instance supre\u0302me du football africain vient de de\u0301voiler le logo de la compe\u0301tition dans la [&hellip;]\" \/>\n<meta property=\"og:url\" content=\"https:\/\/www.africa-press.net\/cotedivoire\/politique\/football-le-logo-officiel-de-la-can-maroc-2025-devoile\" \/>\n<meta property=\"og:site_name\" content=\"C\u00f4te d&#039;Ivoire\" \/>\n<meta property=\"article:published_time\" content=\"2025-01-26T17:39:33+00:00\" \/>\n<meta name=\"author\" content=\"cfeditorfr\" \/>\n<meta name=\"twitter:card\" content=\"summary_large_image\" \/>\n<meta name=\"twitter:label1\" content=\"\u00c9crit par\" \/>\n\t<meta name=\"twitter:data1\" content=\"cfeditorfr\" \/>\n\t<meta name=\"twitter:label2\" content=\"Dur\u00e9e de lecture estim\u00e9e\" \/>\n\t<meta name=\"twitter:data2\" content=\"1 minute\" \/>\n<script type=\"application\/ld+json\" class=\"yoast-schema-graph\">{\"@context\":\"https:\/\/schema.org\",\"@graph\":[{\"@type\":\"Article\",\"@id\":\"https:\/\/www.africa-press.net\/cotedivoire\/politique\/football-le-logo-officiel-de-la-can-maroc-2025-devoile#article\",\"isPartOf\":{\"@id\":\"https:\/\/www.africa-press.net\/cotedivoire\/politique\/football-le-logo-officiel-de-la-can-maroc-2025-devoile\"},\"author\":{\"name\":\"cfeditorfr\",\"@id\":\"https:\/\/www.africa-press.net\/cotedivoire\/#\/schema\/person\/2b1cf3cd81a31e3cd26889ca66d677f1\"},\"headline\":\"Football : le logo officiel de la CAN Maroc-2025 d\u00e9voil\u00e9\",\"datePublished\":\"2025-01-26T17:39:33+00:00\",\"mainEntityOfPage\":{\"@id\":\"https:\/\/www.africa-press.net\/cotedivoire\/politique\/football-le-logo-officiel-de-la-can-maroc-2025-devoile\"},\"wordCount\":147,\"commentCount\":0,\"image\":{\"@id\":\"https:\/\/www.africa-press.net\/cotedivoire\/politique\/football-le-logo-officiel-de-la-can-maroc-2025-devoile#primaryimage\"},\"thumbnailUrl\":\"https:\/\/static.africa-press.net\/cote\/sites\/43\/2025\/01\/sm_1737905304.158082.jpg\",\"keywords\":[\"C\u00f4te d'Ivoire\"],\"articleSection\":[\"Sports\",\"Toutes les actualit\u00e9s\"],\"inLanguage\":\"fr-FR\",\"potentialAction\":[{\"@type\":\"CommentAction\",\"name\":\"Comment\",\"target\":[\"https:\/\/www.africa-press.net\/cotedivoire\/politique\/football-le-logo-officiel-de-la-can-maroc-2025-devoile#respond\"]}]},{\"@type\":\"WebPage\",\"@id\":\"https:\/\/www.africa-press.net\/cotedivoire\/politique\/football-le-logo-officiel-de-la-can-maroc-2025-devoile\",\"url\":\"https:\/\/www.africa-press.net\/cotedivoire\/politique\/football-le-logo-officiel-de-la-can-maroc-2025-devoile\",\"name\":\"Football : le logo officiel de la CAN Maroc-2025 d\u00e9voil\u00e9 - C\u00f4te d&#039;Ivoire\",\"isPartOf\":{\"@id\":\"https:\/\/www.africa-press.net\/cotedivoire\/#website\"},\"primaryImageOfPage\":{\"@id\":\"https:\/\/www.africa-press.net\/cotedivoire\/politique\/football-le-logo-officiel-de-la-can-maroc-2025-devoile#primaryimage\"},\"image\":{\"@id\":\"https:\/\/www.africa-press.net\/cotedivoire\/politique\/football-le-logo-officiel-de-la-can-maroc-2025-devoile#primaryimage\"},\"thumbnailUrl\":\"https:\/\/static.africa-press.net\/cote\/sites\/43\/2025\/01\/sm_1737905304.158082.jpg\",\"datePublished\":\"2025-01-26T17:39:33+00:00\",\"author\":{\"@id\":\"https:\/\/www.africa-press.net\/cotedivoire\/#\/schema\/person\/2b1cf3cd81a31e3cd26889ca66d677f1\"},\"breadcrumb\":{\"@id\":\"https:\/\/www.africa-press.net\/cotedivoire\/politique\/football-le-logo-officiel-de-la-can-maroc-2025-devoile#breadcrumb\"},\"inLanguage\":\"fr-FR\",\"potentialAction\":[{\"@type\":\"ReadAction\",\"target\":[\"https:\/\/www.africa-press.net\/cotedivoire\/politique\/football-le-logo-officiel-de-la-can-maroc-2025-devoile\"]}]},{\"@type\":\"ImageObject\",\"inLanguage\":\"fr-FR\",\"@id\":\"https:\/\/www.africa-press.net\/cotedivoire\/politique\/football-le-logo-officiel-de-la-can-maroc-2025-devoile#primaryimage\",\"url\":\"https:\/\/static.africa-press.net\/cote\/sites\/43\/2025\/01\/sm_1737905304.158082.jpg\",\"contentUrl\":\"https:\/\/static.africa-press.net\/cote\/sites\/43\/2025\/01\/sm_1737905304.158082.jpg\",\"width\":696,\"height\":394,\"caption\":\"Football : le logo officiel de la CAN Maroc-2025 d\u00e9voil\u00e9\"},{\"@type\":\"BreadcrumbList\",\"@id\":\"https:\/\/www.africa-press.net\/cotedivoire\/politique\/football-le-logo-officiel-de-la-can-maroc-2025-devoile#breadcrumb\",\"itemListElement\":[{\"@type\":\"ListItem\",\"position\":1,\"name\":\"Accueil\",\"item\":\"https:\/\/www.africa-press.net\/cotedivoire\/\"},{\"@type\":\"ListItem\",\"position\":2,\"name\":\"Football : le logo officiel de la CAN Maroc-2025 d\u00e9voil\u00e9\"}]},{\"@type\":\"WebSite\",\"@id\":\"https:\/\/www.africa-press.net\/cotedivoire\/#website\",\"url\":\"https:\/\/www.africa-press.net\/cotedivoire\/\",\"name\":\"C\u00f4te d&#039;Ivoire\",\"description\":\"Just another Africa News Agency Sites site\",\"potentialAction\":[{\"@type\":\"SearchAction\",\"target\":{\"@type\":\"EntryPoint\",\"urlTemplate\":\"https:\/\/www.africa-press.net\/cotedivoire\/?s={search_term_string}\"},\"query-input\":{\"@type\":\"PropertyValueSpecification\",\"valueRequired\":true,\"valueName\":\"search_term_string\"}}],\"inLanguage\":\"fr-FR\"},{\"@type\":\"Person\",\"@id\":\"https:\/\/www.africa-press.net\/cotedivoire\/#\/schema\/person\/2b1cf3cd81a31e3cd26889ca66d677f1\",\"name\":\"cfeditorfr\"}]}<\/script>\n<!-- \/ Yoast SEO Premium plugin. -->","yoast_head_json":{"title":"Football : le logo officiel de la CAN Maroc-2025 d\u00e9voil\u00e9 - C\u00f4te d&#039;Ivoire","robots":{"index":"index","follow":"follow","max-snippet":"max-snippet:-1","max-image-preview":"max-image-preview:large","max-video-preview":"max-video-preview:-1"},"canonical":"https:\/\/www.africa-press.net\/cotedivoire\/politique\/football-le-logo-officiel-de-la-can-maroc-2025-devoile","og_locale":"fr_FR","og_type":"article","og_title":"Football : le logo officiel de la CAN Maroc-2025 d\u00e9voil\u00e9","og_description":"Africa-Press &#8211; C\u00f4te d&rsquo;Ivoire. Le logo de la CAN Maroc 2025 a e\u0301te\u0301 de\u0301voile\u0301 samedi soir par la Confe\u0301de\u0301ration africaine de football (CAF). A jour J-2 du tirage au sort des groupes de la 35e e\u0301dition de la CAN 2025, l\u2019instance supre\u0302me du football africain vient de de\u0301voiler le logo de la compe\u0301tition dans la [&hellip;]","og_url":"https:\/\/www.africa-press.net\/cotedivoire\/politique\/football-le-logo-officiel-de-la-can-maroc-2025-devoile","og_site_name":"C\u00f4te d&#039;Ivoire","article_published_time":"2025-01-26T17:39:33+00:00","author":"cfeditorfr","twitter_card":"summary_large_image","twitter_misc":{"\u00c9crit par":"cfeditorfr","Dur\u00e9e de lecture estim\u00e9e":"1 minute"},"schema":{"@context":"https:\/\/schema.org","@graph":[{"@type":"Article","@id":"https:\/\/www.africa-press.net\/cotedivoire\/politique\/football-le-logo-officiel-de-la-can-maroc-2025-devoile#article","isPartOf":{"@id":"https:\/\/www.africa-press.net\/cotedivoire\/politique\/football-le-logo-officiel-de-la-can-maroc-2025-devoile"},"author":{"name":"cfeditorfr","@id":"https:\/\/www.africa-press.net\/cotedivoire\/#\/schema\/person\/2b1cf3cd81a31e3cd26889ca66d677f1"},"headline":"Football : le logo officiel de la CAN Maroc-2025 d\u00e9voil\u00e9","datePublished":"2025-01-26T17:39:33+00:00","mainEntityOfPage":{"@id":"https:\/\/www.africa-press.net\/cotedivoire\/politique\/football-le-logo-officiel-de-la-can-maroc-2025-devoile"},"wordCount":147,"commentCount":0,"image":{"@id":"https:\/\/www.africa-press.net\/cotedivoire\/politique\/football-le-logo-officiel-de-la-can-maroc-2025-devoile#primaryimage"},"thumbnailUrl":"https:\/\/static.africa-press.net\/cote\/sites\/43\/2025\/01\/sm_1737905304.158082.jpg","keywords":["C\u00f4te d'Ivoire"],"articleSection":["Sports","Toutes les actualit\u00e9s"],"inLanguage":"fr-FR","potentialAction":[{"@type":"CommentAction","name":"Comment","target":["https:\/\/www.africa-press.net\/cotedivoire\/politique\/football-le-logo-officiel-de-la-can-maroc-2025-devoile#respond"]}]},{"@type":"WebPage","@id":"https:\/\/www.africa-press.net\/cotedivoire\/politique\/football-le-logo-officiel-de-la-can-maroc-2025-devoile","url":"https:\/\/www.africa-press.net\/cotedivoire\/politique\/football-le-logo-officiel-de-la-can-maroc-2025-devoile","name":"Football : le logo officiel de la CAN Maroc-2025 d\u00e9voil\u00e9 - C\u00f4te d&#039;Ivoire","isPartOf":{"@id":"https:\/\/www.africa-press.net\/cotedivoire\/#website"},"primaryImageOfPage":{"@id":"https:\/\/www.africa-press.net\/cotedivoire\/politique\/football-le-logo-officiel-de-la-can-maroc-2025-devoile#primaryimage"},"image":{"@id":"https:\/\/www.africa-press.net\/cotedivoire\/politique\/football-le-logo-officiel-de-la-can-maroc-2025-devoile#primaryimage"},"thumbnailUrl":"https:\/\/static.africa-press.net\/cote\/sites\/43\/2025\/01\/sm_1737905304.158082.jpg","datePublished":"2025-01-26T17:39:33+00:00","author":{"@id":"https:\/\/www.africa-press.net\/cotedivoire\/#\/schema\/person\/2b1cf3cd81a31e3cd26889ca66d677f1"},"breadcrumb":{"@id":"https:\/\/www.africa-press.net\/cotedivoire\/politique\/football-le-logo-officiel-de-la-can-maroc-2025-devoile#breadcrumb"},"inLanguage":"fr-FR","potentialAction":[{"@type":"ReadAction","target":["https:\/\/www.africa-press.net\/cotedivoire\/politique\/football-le-logo-officiel-de-la-can-maroc-2025-devoile"]}]},{"@type":"ImageObject","inLanguage":"fr-FR","@id":"https:\/\/www.africa-press.net\/cotedivoire\/politique\/football-le-logo-officiel-de-la-can-maroc-2025-devoile#primaryimage","url":"https:\/\/static.africa-press.net\/cote\/sites\/43\/2025\/01\/sm_1737905304.158082.jpg","contentUrl":"https:\/\/static.africa-press.net\/cote\/sites\/43\/2025\/01\/sm_1737905304.158082.jpg","width":696,"height":394,"caption":"Football : le logo officiel de la CAN Maroc-2025 d\u00e9voil\u00e9"},{"@type":"BreadcrumbList","@id":"https:\/\/www.africa-press.net\/cotedivoire\/politique\/football-le-logo-officiel-de-la-can-maroc-2025-devoile#breadcrumb","itemListElement":[{"@type":"ListItem","position":1,"name":"Accueil","item":"https:\/\/www.africa-press.net\/cotedivoire\/"},{"@type":"ListItem","position":2,"name":"Football : le logo officiel de la CAN Maroc-2025 d\u00e9voil\u00e9"}]},{"@type":"WebSite","@id":"https:\/\/www.africa-press.net\/cotedivoire\/#website","url":"https:\/\/www.africa-press.net\/cotedivoire\/","name":"C\u00f4te d&#039;Ivoire","description":"Just another Africa News Agency Sites site","potentialAction":[{"@type":"SearchAction","target":{"@type":"EntryPoint","urlTemplate":"https:\/\/www.africa-press.net\/cotedivoire\/?s={search_term_string}"},"query-input":{"@type":"PropertyValueSpecification","valueRequired":true,"valueName":"search_term_string"}}],"inLanguage":"fr-FR"},{"@type":"Person","@id":"https:\/\/www.africa-press.net\/cotedivoire\/#\/schema\/person\/2b1cf3cd81a31e3cd26889ca66d677f1","name":"cfeditorfr"}]}},"_links":{"self":[{"href":"https:\/\/www.africa-press.net\/cotedivoire\/wp-json\/wp\/v2\/posts\/94247","targetHints":{"allow":["GET"]}}],"collection":[{"href":"https:\/\/www.africa-press.net\/cotedivoire\/wp-json\/wp\/v2\/posts"}],"about":[{"href":"https:\/\/www.africa-press.net\/cotedivoire\/wp-json\/wp\/v2\/types\/post"}],"author":[{"embeddable":true,"href":"https:\/\/www.africa-press.net\/cotedivoire\/wp-json\/wp\/v2\/users\/82"}],"replies":[{"embeddable":true,"href":"https:\/\/www.africa-press.net\/cotedivoire\/wp-json\/wp\/v2\/comments?post=94247"}],"version-history":[{"count":0,"href":"https:\/\/www.africa-press.net\/cotedivoire\/wp-json\/wp\/v2\/posts\/94247\/revisions"}],"wp:featuredmedia":[{"embeddable":true,"href":"https:\/\/www.africa-press.net\/cotedivoire\/wp-json\/wp\/v2\/media\/94246"}],"wp:attachment":[{"href":"https:\/\/www.africa-press.net\/cotedivoire\/wp-json\/wp\/v2\/media?parent=94247"}],"wp:term":[{"taxonomy":"category","embeddable":true,"href":"https:\/\/www.africa-press.net\/cotedivoire\/wp-json\/wp\/v2\/categories?post=94247"},{"taxonomy":"post_tag","embeddable":true,"href":"https:\/\/www.africa-press.net\/cotedivoire\/wp-json\/wp\/v2\/tags?post=94247"}],"curies":[{"name":"wp","href":"https:\/\/api.w.org\/{rel}","templated":true}]}}