{"id":94249,"date":"2025-01-26T19:25:56","date_gmt":"2025-01-26T19:25:56","guid":{"rendered":"https:\/\/www.africa-press.net\/cotedivoire\/politique\/afrique-el-hadary-mathlouthi-et-gervinho-parmi-les-legendes-presentes-au-tirage-au-sort-de-la-can-caf-totalenergies-2025-au-maroc"},"modified":"2025-01-26T19:25:56","modified_gmt":"2025-01-26T19:25:56","slug":"afrique-el-hadary-mathlouthi-et-gervinho-parmi-les-legendes-presentes-au-tirage-au-sort-de-la-can-caf-totalenergies-2025-au-maroc","status":"publish","type":"post","link":"https:\/\/www.africa-press.net\/cotedivoire\/sports\/afrique-el-hadary-mathlouthi-et-gervinho-parmi-les-legendes-presentes-au-tirage-au-sort-de-la-can-caf-totalenergies-2025-au-maroc","title":{"rendered":"Afrique: El Hadary, Mathlouthi et Gervinho parmi les l\u00e9gendes pr\u00e9sentes au tirage au sort de la CAN CAF TotalEnergies 2025 au Maroc"},"content":{"rendered":"<p><span style=\"color: #ff6600\"><strong>Africa-Press &#8211; C\u00f4te d&rsquo;Ivoire. <\/strong><\/span>Plusieurs le\u0301gendes du football africain, telles qu&rsquo;Essam El Hadary, Patrick Mboma, Aymen Mathlouthi et Gervinho, honoreront de leur pre\u0301sence le tirage au sort de la Coupe d&rsquo;Afrique des Nations CAF TotalEnergies, Maroc 2025, pre\u0301vu au The\u0301a\u0302tre national Mohammed V a\u0300 Rabat, le lundi 27 janvier.<\/p>\n<p>Ces le\u0301gendes, ve\u0301ritables ambassadeurs de leurs nations et du football africain dans son ensemble, apporteront une aura particulie\u0300re a\u0300 cet e\u0301ve\u0301nement prestigieux qui de\u0301butera a\u0300 19h00 heure locale (18h00 GMT | 20h00 heure du Caire).<\/p>\n<p>L&rsquo;histoire riche de la CAN s&rsquo;est construite gra\u0302ce a\u0300 des performances me\u0301morables et des exploits d&rsquo;exception. Les le\u0301gendes pre\u0301sentes a\u0300 Rabat ont, sans conteste, marque\u0301 cette compe\u0301tition de leur empreinte.<\/p>\n<p><b>ESSAM EL HADARY (E\u0301GYPTE)<\/b><\/p>\n<p>Essam El Hadary, gardien de but le\u0301gendaire, est le joueur le plus a\u0302ge\u0301 a\u0300 avoir participe\u0301 a\u0300 une Coupe du Monde de la FIFA, a\u0300 l&rsquo;a\u0302ge de 45 ans et 161 jours, lors de la compe\u0301tition de 2018 en Russie. Sa carrie\u0300re avec les Pharaons, qui a dure\u0301 22 ans (de 1996 a\u0300 2018), lui a permis d&rsquo;accumuler 159 se\u0301lections en e\u0301quipe nationale.<\/p>\n<p>Il a remporte\u0301 la CAN a\u0300 quatre reprises (1998, 2006, 2008 et 2010) et s&rsquo;est e\u0301galement illustre\u0301 en club avec trois Ligues des champions de la CAF sous les couleurs d&rsquo;Al Ahly.<\/p>\n<p><b>PATRICK MBOMA (CAMEROUN)<\/b><\/p>\n<p>E\u0301lu Joueur africain de l&rsquo;anne\u0301e en 2000, Patrick Mboma a e\u0301te\u0301 un acteur cle\u0301 dans la victoire du Cameroun a\u0300 la CAN, co-organise\u0301e par le Ghana et le Nigeria cette me\u0302me anne\u0301e.<\/p>\n<p>Il a marque\u0301 lors des demi-finales et de la finale, avant de triompher a\u0300 nouveau avec les Lions Indomptables en 2002 au Mali.<\/p>\n<p>Participant a\u0300 quatre e\u0301ditions de la CAN, Mboma a inscrit un total de 11 buts. Il a e\u0301galement remporte\u0301 la me\u0301daille d&rsquo;or olympique a\u0300 Sydney en 2000 et a dispute\u0301 deux Coupes du Monde de la FIFA.<\/p>\n<p><b>MOMO SISSOKO (MALI)<\/b><\/p>\n<p>Momo Sissoko a repre\u0301sente\u0301 le Mali lors des e\u0301ditions de la CAN en 2004, 2008, 2010 et 2013, atteignant la troisie\u0300me place lors de cette dernie\u0300re.<\/p>\n<p>Il s&rsquo;est distingue\u0301 de\u0300s son premier match en 2004, marquant contre le Kenya.<\/p>\n<p>Sa carrie\u0300re en club est tout aussi remarquable, avec des passages a\u0300 Valence, Liverpool, la Juventus et le Paris Saint-Germain, ou\u0300 il a remporte\u0301 des titres en Liga et en Ligue 1.<\/p>\n<p><b>CHRISTOPHER KATONGO (ZAMBIE)<\/b><\/p>\n<p>Christopher Katongo a e\u0301te\u0301 e\u0301lu Joueur du tournoi lors de la CAN 2012, ou\u0300 il a conduit la Zambie a\u0300 son tout premier sacre continental.<\/p>\n<p>Il a marque\u0301 son empreinte en re\u0301ussissant son tir lors de la se\u0301ance de tirs au but en finale contre la Co\u0302te d&rsquo;Ivoire.<\/p>\n<p>Buteur dans quatre e\u0301ditions de la CAN (2006-2012), il a e\u0301galement e\u0301volue\u0301 avec succe\u0300s en Afrique du Sud, au Danemark et en Bundesliga allemande.<\/p>\n<p><b>AYMEN MATHLOUTHI (TUNISIE)<\/b><\/p>\n<p>Surnomme\u0301 \u00ab Balbouli \u00bb, Aymen Mathlouthi a garde\u0301 les buts de la Tunisie lors de quatre e\u0301ditions de la CAN (2010, 2012, 2015 et 2017), tout en faisant partie des effectifs en 2008 et 2013.<\/p>\n<p>Avec l&rsquo;E\u0301toile du Sahel, il a remporte\u0301 la Ligue des Champions et la Coupe de la Confe\u0301de\u0301ration de la CAF.<\/p>\n<p>Il a e\u0301galement contribue\u0301 a\u0300 la victoire tunisienne lors du Championnat d&rsquo;Afrique des Nations 2011 au Soudan et a participe\u0301 a\u0300 la Coupe du Monde de la FIFA en 2018 en Russie.<\/p>\n<p><b>GERVINHO (CO\u0302TE D&rsquo;IVOIRE)<\/b><\/p>\n<p>Gervais Yao Kouassi, surnomme\u0301 Gervinho, a marque\u0301 sa ge\u0301ne\u0301ration par son talent et sa cre\u0301ativite\u0301. Il a remporte\u0301 la CAN avec les E\u0301le\u0301phants en 2015, apre\u0300s avoir e\u0301te\u0301 finaliste en 2012.<\/p>\n<p>Il a participe\u0301 a\u0300 cinq e\u0301ditions de la CAN (2008-2015) et a repre\u0301sente\u0301 la Co\u0302te d&rsquo;Ivoire lors des Coupes du Monde 2010 et 2014, inscrivant deux buts lors de cette dernie\u0300re.<\/p>\n<p>Sur le plan des clubs, il a e\u0301te\u0301 l&rsquo;un des artisans du titre de Ligue 1 de\u0301croche\u0301 par Lille en 2011, avant de briller a\u0300 Arsenal et a\u0300 la Roma.<\/p>\n<p><strong>Pour plus d&rsquo;informations et d&rsquo;analyses sur la <span style=\"color: #ff6600\">C\u00f4te d&rsquo;Ivoire<\/span>, suivez <span style=\"color: #ff6600\">Africa-Press<span style=\"color: #ff6600\"><\/span><\/strong><\/p>\n","protected":false},"excerpt":{"rendered":"<p>Africa-Press &#8211; C\u00f4te d&rsquo;Ivoire. Plusieurs le\u0301gendes du football africain, telles qu&rsquo;Essam El Hadary, Patrick Mboma, Aymen Mathlouthi et Gervinho, honoreront de leur pre\u0301sence le tirage au sort de la Coupe d&rsquo;Afrique des Nations CAF TotalEnergies, Maroc 2025, pre\u0301vu au The\u0301a\u0302tre national Mohammed V a\u0300 Rabat, le lundi 27 janvier. Ces le\u0301gendes, ve\u0301ritables ambassadeurs de leurs [&hellip;]<\/p>\n","protected":false},"author":82,"featured_media":94248,"comment_status":"open","ping_status":"closed","sticky":false,"template":"","format":"standard","meta":{"footnotes":""},"categories":[6,10],"tags":[37],"class_list":["post-94249","post","type-post","status-publish","format-standard","has-post-thumbnail","hentry","category-sports","category-toutes-les-actualites","tag-cote-divoire-2"],"yoast_head":"<!-- This site is optimized with the Yoast SEO Premium plugin v26.1 (Yoast SEO v27.0) - https:\/\/yoast.com\/product\/yoast-seo-premium-wordpress\/ -->\n<title>Afrique: El Hadary, Mathlouthi et Gervinho parmi les l\u00e9gendes pr\u00e9sentes au tirage au sort de la CAN CAF TotalEnergies 2025 au Maroc - C\u00f4te d&#039;Ivoire<\/title>\n<meta name=\"robots\" content=\"index, follow, max-snippet:-1, max-image-preview:large, max-video-preview:-1\" \/>\n<link rel=\"canonical\" href=\"https:\/\/www.africa-press.net\/cotedivoire\/politique\/afrique-el-hadary-mathlouthi-et-gervinho-parmi-les-legendes-presentes-au-tirage-au-sort-de-la-can-caf-totalenergies-2025-au-maroc\" \/>\n<meta property=\"og:locale\" content=\"fr_FR\" \/>\n<meta property=\"og:type\" content=\"article\" \/>\n<meta property=\"og:title\" content=\"Afrique: El Hadary, Mathlouthi et Gervinho parmi les l\u00e9gendes pr\u00e9sentes au tirage au sort de la CAN CAF TotalEnergies 2025 au Maroc\" \/>\n<meta property=\"og:description\" content=\"Africa-Press &#8211; C\u00f4te d&rsquo;Ivoire. Plusieurs le\u0301gendes du football africain, telles qu&rsquo;Essam El Hadary, Patrick Mboma, Aymen Mathlouthi et Gervinho, honoreront de leur pre\u0301sence le tirage au sort de la Coupe d&rsquo;Afrique des Nations CAF TotalEnergies, Maroc 2025, pre\u0301vu au The\u0301a\u0302tre national Mohammed V a\u0300 Rabat, le lundi 27 janvier. Ces le\u0301gendes, ve\u0301ritables ambassadeurs de leurs [&hellip;]\" \/>\n<meta property=\"og:url\" content=\"https:\/\/www.africa-press.net\/cotedivoire\/politique\/afrique-el-hadary-mathlouthi-et-gervinho-parmi-les-legendes-presentes-au-tirage-au-sort-de-la-can-caf-totalenergies-2025-au-maroc\" \/>\n<meta property=\"og:site_name\" content=\"C\u00f4te d&#039;Ivoire\" \/>\n<meta property=\"article:published_time\" content=\"2025-01-26T19:25:56+00:00\" \/>\n<meta name=\"author\" content=\"cfeditorfr\" \/>\n<meta name=\"twitter:card\" content=\"summary_large_image\" \/>\n<meta name=\"twitter:label1\" content=\"\u00c9crit par\" \/>\n\t<meta name=\"twitter:data1\" content=\"cfeditorfr\" \/>\n\t<meta name=\"twitter:label2\" content=\"Dur\u00e9e de lecture estim\u00e9e\" \/>\n\t<meta name=\"twitter:data2\" content=\"3 minutes\" \/>\n<script type=\"application\/ld+json\" class=\"yoast-schema-graph\">{\"@context\":\"https:\/\/schema.org\",\"@graph\":[{\"@type\":\"Article\",\"@id\":\"https:\/\/www.africa-press.net\/cotedivoire\/politique\/afrique-el-hadary-mathlouthi-et-gervinho-parmi-les-legendes-presentes-au-tirage-au-sort-de-la-can-caf-totalenergies-2025-au-maroc#article\",\"isPartOf\":{\"@id\":\"https:\/\/www.africa-press.net\/cotedivoire\/politique\/afrique-el-hadary-mathlouthi-et-gervinho-parmi-les-legendes-presentes-au-tirage-au-sort-de-la-can-caf-totalenergies-2025-au-maroc\"},\"author\":{\"name\":\"cfeditorfr\",\"@id\":\"https:\/\/www.africa-press.net\/cotedivoire\/#\/schema\/person\/2b1cf3cd81a31e3cd26889ca66d677f1\"},\"headline\":\"Afrique: El Hadary, Mathlouthi et Gervinho parmi les l\u00e9gendes pr\u00e9sentes au tirage au sort de la CAN CAF TotalEnergies 2025 au Maroc\",\"datePublished\":\"2025-01-26T19:25:56+00:00\",\"mainEntityOfPage\":{\"@id\":\"https:\/\/www.africa-press.net\/cotedivoire\/politique\/afrique-el-hadary-mathlouthi-et-gervinho-parmi-les-legendes-presentes-au-tirage-au-sort-de-la-can-caf-totalenergies-2025-au-maroc\"},\"wordCount\":727,\"commentCount\":0,\"image\":{\"@id\":\"https:\/\/www.africa-press.net\/cotedivoire\/politique\/afrique-el-hadary-mathlouthi-et-gervinho-parmi-les-legendes-presentes-au-tirage-au-sort-de-la-can-caf-totalenergies-2025-au-maroc#primaryimage\"},\"thumbnailUrl\":\"https:\/\/static.africa-press.net\/cote\/sites\/43\/2025\/01\/sm_1737907369.982279.jpg\",\"keywords\":[\"C\u00f4te d'Ivoire\"],\"articleSection\":[\"Sports\",\"Toutes les actualit\u00e9s\"],\"inLanguage\":\"fr-FR\",\"potentialAction\":[{\"@type\":\"CommentAction\",\"name\":\"Comment\",\"target\":[\"https:\/\/www.africa-press.net\/cotedivoire\/politique\/afrique-el-hadary-mathlouthi-et-gervinho-parmi-les-legendes-presentes-au-tirage-au-sort-de-la-can-caf-totalenergies-2025-au-maroc#respond\"]}]},{\"@type\":\"WebPage\",\"@id\":\"https:\/\/www.africa-press.net\/cotedivoire\/politique\/afrique-el-hadary-mathlouthi-et-gervinho-parmi-les-legendes-presentes-au-tirage-au-sort-de-la-can-caf-totalenergies-2025-au-maroc\",\"url\":\"https:\/\/www.africa-press.net\/cotedivoire\/politique\/afrique-el-hadary-mathlouthi-et-gervinho-parmi-les-legendes-presentes-au-tirage-au-sort-de-la-can-caf-totalenergies-2025-au-maroc\",\"name\":\"Afrique: El Hadary, Mathlouthi et Gervinho parmi les l\u00e9gendes pr\u00e9sentes au tirage au sort de la CAN CAF TotalEnergies 2025 au Maroc - C\u00f4te d&#039;Ivoire\",\"isPartOf\":{\"@id\":\"https:\/\/www.africa-press.net\/cotedivoire\/#website\"},\"primaryImageOfPage\":{\"@id\":\"https:\/\/www.africa-press.net\/cotedivoire\/politique\/afrique-el-hadary-mathlouthi-et-gervinho-parmi-les-legendes-presentes-au-tirage-au-sort-de-la-can-caf-totalenergies-2025-au-maroc#primaryimage\"},\"image\":{\"@id\":\"https:\/\/www.africa-press.net\/cotedivoire\/politique\/afrique-el-hadary-mathlouthi-et-gervinho-parmi-les-legendes-presentes-au-tirage-au-sort-de-la-can-caf-totalenergies-2025-au-maroc#primaryimage\"},\"thumbnailUrl\":\"https:\/\/static.africa-press.net\/cote\/sites\/43\/2025\/01\/sm_1737907369.982279.jpg\",\"datePublished\":\"2025-01-26T19:25:56+00:00\",\"author\":{\"@id\":\"https:\/\/www.africa-press.net\/cotedivoire\/#\/schema\/person\/2b1cf3cd81a31e3cd26889ca66d677f1\"},\"breadcrumb\":{\"@id\":\"https:\/\/www.africa-press.net\/cotedivoire\/politique\/afrique-el-hadary-mathlouthi-et-gervinho-parmi-les-legendes-presentes-au-tirage-au-sort-de-la-can-caf-totalenergies-2025-au-maroc#breadcrumb\"},\"inLanguage\":\"fr-FR\",\"potentialAction\":[{\"@type\":\"ReadAction\",\"target\":[\"https:\/\/www.africa-press.net\/cotedivoire\/politique\/afrique-el-hadary-mathlouthi-et-gervinho-parmi-les-legendes-presentes-au-tirage-au-sort-de-la-can-caf-totalenergies-2025-au-maroc\"]}]},{\"@type\":\"ImageObject\",\"inLanguage\":\"fr-FR\",\"@id\":\"https:\/\/www.africa-press.net\/cotedivoire\/politique\/afrique-el-hadary-mathlouthi-et-gervinho-parmi-les-legendes-presentes-au-tirage-au-sort-de-la-can-caf-totalenergies-2025-au-maroc#primaryimage\",\"url\":\"https:\/\/static.africa-press.net\/cote\/sites\/43\/2025\/01\/sm_1737907369.982279.jpg\",\"contentUrl\":\"https:\/\/static.africa-press.net\/cote\/sites\/43\/2025\/01\/sm_1737907369.982279.jpg\",\"width\":960,\"height\":540,\"caption\":\"Afrique: El Hadary, Mathlouthi et Gervinho parmi les l\u00e9gendes pr\u00e9sentes au tirage au sort de la CAN CAF TotalEnergies 2025 au Maroc\"},{\"@type\":\"BreadcrumbList\",\"@id\":\"https:\/\/www.africa-press.net\/cotedivoire\/politique\/afrique-el-hadary-mathlouthi-et-gervinho-parmi-les-legendes-presentes-au-tirage-au-sort-de-la-can-caf-totalenergies-2025-au-maroc#breadcrumb\",\"itemListElement\":[{\"@type\":\"ListItem\",\"position\":1,\"name\":\"Accueil\",\"item\":\"https:\/\/www.africa-press.net\/cotedivoire\/\"},{\"@type\":\"ListItem\",\"position\":2,\"name\":\"Afrique: El Hadary, Mathlouthi et Gervinho parmi les l\u00e9gendes pr\u00e9sentes au tirage au sort de la CAN CAF TotalEnergies 2025 au Maroc\"}]},{\"@type\":\"WebSite\",\"@id\":\"https:\/\/www.africa-press.net\/cotedivoire\/#website\",\"url\":\"https:\/\/www.africa-press.net\/cotedivoire\/\",\"name\":\"C\u00f4te d&#039;Ivoire\",\"description\":\"Just another Africa News Agency Sites site\",\"potentialAction\":[{\"@type\":\"SearchAction\",\"target\":{\"@type\":\"EntryPoint\",\"urlTemplate\":\"https:\/\/www.africa-press.net\/cotedivoire\/?s={search_term_string}\"},\"query-input\":{\"@type\":\"PropertyValueSpecification\",\"valueRequired\":true,\"valueName\":\"search_term_string\"}}],\"inLanguage\":\"fr-FR\"},{\"@type\":\"Person\",\"@id\":\"https:\/\/www.africa-press.net\/cotedivoire\/#\/schema\/person\/2b1cf3cd81a31e3cd26889ca66d677f1\",\"name\":\"cfeditorfr\"}]}<\/script>\n<!-- \/ Yoast SEO Premium plugin. -->","yoast_head_json":{"title":"Afrique: El Hadary, Mathlouthi et Gervinho parmi les l\u00e9gendes pr\u00e9sentes au tirage au sort de la CAN CAF TotalEnergies 2025 au Maroc - C\u00f4te d&#039;Ivoire","robots":{"index":"index","follow":"follow","max-snippet":"max-snippet:-1","max-image-preview":"max-image-preview:large","max-video-preview":"max-video-preview:-1"},"canonical":"https:\/\/www.africa-press.net\/cotedivoire\/politique\/afrique-el-hadary-mathlouthi-et-gervinho-parmi-les-legendes-presentes-au-tirage-au-sort-de-la-can-caf-totalenergies-2025-au-maroc","og_locale":"fr_FR","og_type":"article","og_title":"Afrique: El Hadary, Mathlouthi et Gervinho parmi les l\u00e9gendes pr\u00e9sentes au tirage au sort de la CAN CAF TotalEnergies 2025 au Maroc","og_description":"Africa-Press &#8211; C\u00f4te d&rsquo;Ivoire. Plusieurs le\u0301gendes du football africain, telles qu&rsquo;Essam El Hadary, Patrick Mboma, Aymen Mathlouthi et Gervinho, honoreront de leur pre\u0301sence le tirage au sort de la Coupe d&rsquo;Afrique des Nations CAF TotalEnergies, Maroc 2025, pre\u0301vu au The\u0301a\u0302tre national Mohammed V a\u0300 Rabat, le lundi 27 janvier. Ces le\u0301gendes, ve\u0301ritables ambassadeurs de leurs [&hellip;]","og_url":"https:\/\/www.africa-press.net\/cotedivoire\/politique\/afrique-el-hadary-mathlouthi-et-gervinho-parmi-les-legendes-presentes-au-tirage-au-sort-de-la-can-caf-totalenergies-2025-au-maroc","og_site_name":"C\u00f4te d&#039;Ivoire","article_published_time":"2025-01-26T19:25:56+00:00","author":"cfeditorfr","twitter_card":"summary_large_image","twitter_misc":{"\u00c9crit par":"cfeditorfr","Dur\u00e9e de lecture estim\u00e9e":"3 minutes"},"schema":{"@context":"https:\/\/schema.org","@graph":[{"@type":"Article","@id":"https:\/\/www.africa-press.net\/cotedivoire\/politique\/afrique-el-hadary-mathlouthi-et-gervinho-parmi-les-legendes-presentes-au-tirage-au-sort-de-la-can-caf-totalenergies-2025-au-maroc#article","isPartOf":{"@id":"https:\/\/www.africa-press.net\/cotedivoire\/politique\/afrique-el-hadary-mathlouthi-et-gervinho-parmi-les-legendes-presentes-au-tirage-au-sort-de-la-can-caf-totalenergies-2025-au-maroc"},"author":{"name":"cfeditorfr","@id":"https:\/\/www.africa-press.net\/cotedivoire\/#\/schema\/person\/2b1cf3cd81a31e3cd26889ca66d677f1"},"headline":"Afrique: El Hadary, Mathlouthi et Gervinho parmi les l\u00e9gendes pr\u00e9sentes au tirage au sort de la CAN CAF TotalEnergies 2025 au Maroc","datePublished":"2025-01-26T19:25:56+00:00","mainEntityOfPage":{"@id":"https:\/\/www.africa-press.net\/cotedivoire\/politique\/afrique-el-hadary-mathlouthi-et-gervinho-parmi-les-legendes-presentes-au-tirage-au-sort-de-la-can-caf-totalenergies-2025-au-maroc"},"wordCount":727,"commentCount":0,"image":{"@id":"https:\/\/www.africa-press.net\/cotedivoire\/politique\/afrique-el-hadary-mathlouthi-et-gervinho-parmi-les-legendes-presentes-au-tirage-au-sort-de-la-can-caf-totalenergies-2025-au-maroc#primaryimage"},"thumbnailUrl":"https:\/\/static.africa-press.net\/cote\/sites\/43\/2025\/01\/sm_1737907369.982279.jpg","keywords":["C\u00f4te d'Ivoire"],"articleSection":["Sports","Toutes les actualit\u00e9s"],"inLanguage":"fr-FR","potentialAction":[{"@type":"CommentAction","name":"Comment","target":["https:\/\/www.africa-press.net\/cotedivoire\/politique\/afrique-el-hadary-mathlouthi-et-gervinho-parmi-les-legendes-presentes-au-tirage-au-sort-de-la-can-caf-totalenergies-2025-au-maroc#respond"]}]},{"@type":"WebPage","@id":"https:\/\/www.africa-press.net\/cotedivoire\/politique\/afrique-el-hadary-mathlouthi-et-gervinho-parmi-les-legendes-presentes-au-tirage-au-sort-de-la-can-caf-totalenergies-2025-au-maroc","url":"https:\/\/www.africa-press.net\/cotedivoire\/politique\/afrique-el-hadary-mathlouthi-et-gervinho-parmi-les-legendes-presentes-au-tirage-au-sort-de-la-can-caf-totalenergies-2025-au-maroc","name":"Afrique: El Hadary, Mathlouthi et Gervinho parmi les l\u00e9gendes pr\u00e9sentes au tirage au sort de la CAN CAF TotalEnergies 2025 au Maroc - C\u00f4te d&#039;Ivoire","isPartOf":{"@id":"https:\/\/www.africa-press.net\/cotedivoire\/#website"},"primaryImageOfPage":{"@id":"https:\/\/www.africa-press.net\/cotedivoire\/politique\/afrique-el-hadary-mathlouthi-et-gervinho-parmi-les-legendes-presentes-au-tirage-au-sort-de-la-can-caf-totalenergies-2025-au-maroc#primaryimage"},"image":{"@id":"https:\/\/www.africa-press.net\/cotedivoire\/politique\/afrique-el-hadary-mathlouthi-et-gervinho-parmi-les-legendes-presentes-au-tirage-au-sort-de-la-can-caf-totalenergies-2025-au-maroc#primaryimage"},"thumbnailUrl":"https:\/\/static.africa-press.net\/cote\/sites\/43\/2025\/01\/sm_1737907369.982279.jpg","datePublished":"2025-01-26T19:25:56+00:00","author":{"@id":"https:\/\/www.africa-press.net\/cotedivoire\/#\/schema\/person\/2b1cf3cd81a31e3cd26889ca66d677f1"},"breadcrumb":{"@id":"https:\/\/www.africa-press.net\/cotedivoire\/politique\/afrique-el-hadary-mathlouthi-et-gervinho-parmi-les-legendes-presentes-au-tirage-au-sort-de-la-can-caf-totalenergies-2025-au-maroc#breadcrumb"},"inLanguage":"fr-FR","potentialAction":[{"@type":"ReadAction","target":["https:\/\/www.africa-press.net\/cotedivoire\/politique\/afrique-el-hadary-mathlouthi-et-gervinho-parmi-les-legendes-presentes-au-tirage-au-sort-de-la-can-caf-totalenergies-2025-au-maroc"]}]},{"@type":"ImageObject","inLanguage":"fr-FR","@id":"https:\/\/www.africa-press.net\/cotedivoire\/politique\/afrique-el-hadary-mathlouthi-et-gervinho-parmi-les-legendes-presentes-au-tirage-au-sort-de-la-can-caf-totalenergies-2025-au-maroc#primaryimage","url":"https:\/\/static.africa-press.net\/cote\/sites\/43\/2025\/01\/sm_1737907369.982279.jpg","contentUrl":"https:\/\/static.africa-press.net\/cote\/sites\/43\/2025\/01\/sm_1737907369.982279.jpg","width":960,"height":540,"caption":"Afrique: El Hadary, Mathlouthi et Gervinho parmi les l\u00e9gendes pr\u00e9sentes au tirage au sort de la CAN CAF TotalEnergies 2025 au Maroc"},{"@type":"BreadcrumbList","@id":"https:\/\/www.africa-press.net\/cotedivoire\/politique\/afrique-el-hadary-mathlouthi-et-gervinho-parmi-les-legendes-presentes-au-tirage-au-sort-de-la-can-caf-totalenergies-2025-au-maroc#breadcrumb","itemListElement":[{"@type":"ListItem","position":1,"name":"Accueil","item":"https:\/\/www.africa-press.net\/cotedivoire\/"},{"@type":"ListItem","position":2,"name":"Afrique: El Hadary, Mathlouthi et Gervinho parmi les l\u00e9gendes pr\u00e9sentes au tirage au sort de la CAN CAF TotalEnergies 2025 au Maroc"}]},{"@type":"WebSite","@id":"https:\/\/www.africa-press.net\/cotedivoire\/#website","url":"https:\/\/www.africa-press.net\/cotedivoire\/","name":"C\u00f4te d&#039;Ivoire","description":"Just another Africa News Agency Sites site","potentialAction":[{"@type":"SearchAction","target":{"@type":"EntryPoint","urlTemplate":"https:\/\/www.africa-press.net\/cotedivoire\/?s={search_term_string}"},"query-input":{"@type":"PropertyValueSpecification","valueRequired":true,"valueName":"search_term_string"}}],"inLanguage":"fr-FR"},{"@type":"Person","@id":"https:\/\/www.africa-press.net\/cotedivoire\/#\/schema\/person\/2b1cf3cd81a31e3cd26889ca66d677f1","name":"cfeditorfr"}]}},"_links":{"self":[{"href":"https:\/\/www.africa-press.net\/cotedivoire\/wp-json\/wp\/v2\/posts\/94249","targetHints":{"allow":["GET"]}}],"collection":[{"href":"https:\/\/www.africa-press.net\/cotedivoire\/wp-json\/wp\/v2\/posts"}],"about":[{"href":"https:\/\/www.africa-press.net\/cotedivoire\/wp-json\/wp\/v2\/types\/post"}],"author":[{"embeddable":true,"href":"https:\/\/www.africa-press.net\/cotedivoire\/wp-json\/wp\/v2\/users\/82"}],"replies":[{"embeddable":true,"href":"https:\/\/www.africa-press.net\/cotedivoire\/wp-json\/wp\/v2\/comments?post=94249"}],"version-history":[{"count":0,"href":"https:\/\/www.africa-press.net\/cotedivoire\/wp-json\/wp\/v2\/posts\/94249\/revisions"}],"wp:featuredmedia":[{"embeddable":true,"href":"https:\/\/www.africa-press.net\/cotedivoire\/wp-json\/wp\/v2\/media\/94248"}],"wp:attachment":[{"href":"https:\/\/www.africa-press.net\/cotedivoire\/wp-json\/wp\/v2\/media?parent=94249"}],"wp:term":[{"taxonomy":"category","embeddable":true,"href":"https:\/\/www.africa-press.net\/cotedivoire\/wp-json\/wp\/v2\/categories?post=94249"},{"taxonomy":"post_tag","embeddable":true,"href":"https:\/\/www.africa-press.net\/cotedivoire\/wp-json\/wp\/v2\/tags?post=94249"}],"curies":[{"name":"wp","href":"https:\/\/api.w.org\/{rel}","templated":true}]}}