{"id":94253,"date":"2025-01-26T19:37:57","date_gmt":"2025-01-26T19:37:57","guid":{"rendered":"https:\/\/www.africa-press.net\/cotedivoire\/politique\/reforme-fonciere-urbaine-en-ci-bruno-kone-ministre-je-me-cree-des-ennemis-mais-des-chefs-atchan-dabidjan-daccord-avec-ladu"},"modified":"2025-01-26T19:37:57","modified_gmt":"2025-01-26T19:37:57","slug":"reforme-fonciere-urbaine-en-ci-bruno-kone-ministre-je-me-cree-des-ennemis-mais-des-chefs-atchan-dabidjan-daccord-avec-ladu","status":"publish","type":"post","link":"https:\/\/www.africa-press.net\/cotedivoire\/photo\/reforme-fonciere-urbaine-en-ci-bruno-kone-ministre-je-me-cree-des-ennemis-mais-des-chefs-atchan-dabidjan-daccord-avec-ladu","title":{"rendered":"R\u00e9forme fonci\u00e8re urbaine en CI \/ Bruno Kon\u00e9 (Ministre) : \u00ab Je me cr\u00e9e des ennemis mais\u2026 \u00bb \u2013 Des chefs Atchan d\u2019Abidjan d\u2019accord avec l\u2019Adu"},"content":{"rendered":"<p><span style=\"color: #ff6600\"><strong>Africa-Press &#8211; C\u00f4te d&rsquo;Ivoire. <\/strong><\/span>Dans le cadre de l\u2019obligation de rendre compte de ses actions de gouvernance qu\u2019il s\u2019impose depuis qu\u2019il occupe le strate\u0301gique ministe\u0300re de la Construction, du logement et de l\u2019Urbanisme, Bruno Nabagne\u0301 Kone\u0301 s\u2019est livre\u0301 encore une fois a\u0300 un exercice de communication, le lundi 20 janvier 2025, a\u0300 Cocody Angre\u0301, sur le \u00bbbilan des actions 2024 et les perspectives \u00bb. Un moment qui a re\u0301uni autour d\u2019un copieux de\u0301jeuner, journalistes, membres du cabinet, organisations de la socie\u0301te\u0301 civile et chefs traditionnels Atchan, la communaute\u0301 ethnique qui ge\u0300re la majeure partie des terres abidjanaises.<\/p>\n<p>Pendant plus de deux heures d\u2019horloge il a e\u0301bauche\u0301 les actions mene\u0301es, les re\u0301sultats obtenus, les programmes a\u0300 venir avant de s\u2019ouvrir aux questions de la presse. L\u2019Attestation de droit d\u2019usage coutumier (Adu) principale re\u0301forme qui captive les attentions des usagers du secteur immobilier a domine\u0301 les de\u0301bats. Le ministre a affirme\u0301 que cette re\u0301forme est passe\u0301e par toutes les e\u0301preuves allant de l\u2019adoption par le gouvernement en Conseil des ministres au Se\u0301nat en passant par l\u2019Assemble\u0301e nationale. Il assure qu\u2019a\u0300 chaque e\u0301tape, des yeux, des oreilles et critiques de spe\u0301cialistes ont amene\u0301 a\u0300 faire des amendements et que la loi adopte\u0301e ne saurait souffrir d\u2019une quelconque faiblesse. \u00ab L\u2019Adu vise uniquement a\u0300 reconnai\u0302tre les droits d\u2019usage coutumiers aux be\u0301ne\u0301ficiaires. L\u2019Adu imprime\u0301, se\u0301curise\u0301 avec code QR nous permet de savoir si l\u2019acte est original ou pas&#8230; Nous ne comprenons pas les contestations. C\u2019est une re\u0301volution extre\u0302mement positive. Les personnes qui sont contre pourront aujourd\u2019hui nous donner des arguments pour nous dire quel est le proble\u0300me sur l\u2019Adu \u00bb, a de\u0301fendu Bruno Kone\u0301. Sur ses dires, aucune voix discordante n\u2019a pu s\u2019e\u0301lever pour pester contre sa re\u0301forme.<\/p>\n<p>Des chefs traditionnels Atchan venus de diffe\u0301rents villages d\u2019Abidjan, ont pluto\u0302t adoube\u0301 la re\u0301forme. \u00ab Nous qui sommes la\u0300, sommes pour l\u2019Adu \u00bb, a coupe\u0301 court un chef traditionnel venu d\u2019Adjame\u0301. Sa pre\u0301occupation est ailleurs, plaider aupre\u0300s du ministre la prise en compte, dans le projet d\u2019adressage des rues d\u2019Abidjan, du nom oublie\u0301 de Kondroli Gbadja, un grand chef Ebrie\u0301 qui \u0153uvra pour l\u2019unite\u0301 du peuple Atchan en 1720.<\/p>\n<p>A propos de ses re\u0301formes Bruno Kone\u0301 a re\u0301ve\u0301le\u0301: \u00ab <b>Je me cre\u0301e des ennemis mais si on ne fait pas c\u0327a, on ne peut pas mettre de l\u2019ordre dans la ville d\u2019Abidjan \u00bb. <\/b>Il re\u0301pondait a\u0300 une question en lien avec l\u2019application de l\u2019Adu en ce qui concerne les plans d\u2019eau lagunaire de plus en plus remblaye\u0301s a\u0300 des fins d\u2019occupation. Il a esquive\u0301 en de\u0301clarant que tous ceux qui ont remblaye\u0301 la lagune et de\u0301tiennent des titres de proprie\u0301te\u0301 sur ces nouvelles terres, les ont eus avant son arrive\u0301e a\u0300 ce poste. Que cela n\u2019est plus vraiment possible parce que le plan d\u2019eau lagunaire fait l\u2019objet d\u2019une plus grande attention et qu\u2019en plus de ses actions, le ministe\u0300re des affaires maritimes assure la responsabilite\u0301 de la surveillance de ces plans d\u2019eau.\r\n                <style type=\"text\/css\">\r\n                    \r\n                    #td_uid_1_69eeb68d4461e  .td-doubleSlider-2 .td-item1 {\r\n                        background: url(https:\/\/static.africa-press.net\/cote\/sites\/43\/2025\/01\/sm_1737907743.787193-80x60.jpg) 0 0 no-repeat;\r\n                    }\r\n                    #td_uid_1_69eeb68d4461e  .td-doubleSlider-2 .td-item2 {\r\n                        background: url(https:\/\/static.africa-press.net\/cote\/sites\/43\/2025\/01\/sm_1737907753.9535-80x60.jpg) 0 0 no-repeat;\r\n                    }\r\n                <\/style>\r\n\r\n                <div id=\"td_uid_1_69eeb68d4461e\" class=\"td-gallery td-slide-on-2-columns\">\r\n                    <div class=\"post_td_gallery\">\r\n                        <div class=\"td-gallery-slide-top\">\r\n                           <div class=\"td-gallery-title\"><\/div>\r\n\r\n                            <div class=\"td-gallery-controls-wrapper\">\r\n                                <div class=\"td-gallery-slide-count\"><span class=\"td-gallery-slide-item-focus\">1<\/span> de 2<\/div>\r\n                                <div class=\"td-gallery-slide-prev-next-but\">\r\n                                    <i class = \"td-icon-left doubleSliderPrevButton\"><\/i>\r\n                                    <i class = \"td-icon-right doubleSliderNextButton\"><\/i>\r\n                                <\/div>\r\n                            <\/div>\r\n                        <\/div>\r\n\r\n                        <div class = \"td-doubleSlider-1 \">\r\n                            <div class = \"td-slider\">\r\n                                \r\n                    <div class = \"td-slide-item td-item1\">\r\n                        <figure class=\"td-slide-galery-figure td-slide-popup-gallery\">\r\n                            <a class=\"slide-gallery-image-link\" href=\"https:\/\/static.africa-press.net\/cote\/sites\/43\/2025\/01\/sm_1737907743.787193.jpg\" title=\"sm_1737907743.787193\"  data-caption=\"\"  data-description=\"\">\r\n                                <img decoding=\"async\" src=\"https:\/\/static.africa-press.net\/cote\/sites\/43\/2025\/01\/sm_1737907743.787193.jpg\" srcset=\"https:\/\/static.africa-press.net\/cote\/sites\/43\/2025\/01\/sm_1737907743.787193.jpg 1920w, https:\/\/static.africa-press.net\/cote\/sites\/43\/2025\/01\/sm_1737907743.787193-225x300.jpg 225w, https:\/\/static.africa-press.net\/cote\/sites\/43\/2025\/01\/sm_1737907743.787193-768x1024.jpg 768w, https:\/\/static.africa-press.net\/cote\/sites\/43\/2025\/01\/sm_1737907743.787193-1152x1536.jpg 1152w, https:\/\/static.africa-press.net\/cote\/sites\/43\/2025\/01\/sm_1737907743.787193-1536x2048.jpg 1536w\" sizes=\"(max-width: 1920px) 100vw, 1920px\" alt=\"\">\r\n                            <\/a>\r\n                            \r\n                        <\/figure>\r\n                    <\/div>\r\n                    <div class = \"td-slide-item td-item2\">\r\n                        <figure class=\"td-slide-galery-figure td-slide-popup-gallery\">\r\n                            <a class=\"slide-gallery-image-link\" href=\"https:\/\/static.africa-press.net\/cote\/sites\/43\/2025\/01\/sm_1737907753.9535.jpg\" title=\"sm_1737907753.9535\"  data-caption=\"\"  data-description=\"\">\r\n                                <img decoding=\"async\" src=\"https:\/\/static.africa-press.net\/cote\/sites\/43\/2025\/01\/sm_1737907753.9535.jpg\" srcset=\"https:\/\/static.africa-press.net\/cote\/sites\/43\/2025\/01\/sm_1737907753.9535.jpg 1024w, https:\/\/static.africa-press.net\/cote\/sites\/43\/2025\/01\/sm_1737907753.9535-300x188.jpg 300w, https:\/\/static.africa-press.net\/cote\/sites\/43\/2025\/01\/sm_1737907753.9535-768x480.jpg 768w\" sizes=\"(max-width: 1024px) 100vw, 1024px\" alt=\"\">\r\n                            <\/a>\r\n                            \r\n                        <\/figure>\r\n                    <\/div>\r\n                            <\/div>\r\n                        <\/div>\r\n\r\n                        <div class = \"td-doubleSlider-2\">\r\n                            <div class = \"td-slider\">\r\n                                \r\n                    <div class = \"td-button td-item1\">\r\n                        <div class = \"td-border\"><\/div>\r\n                    <\/div>\r\n                    <div class = \"td-button td-item2\">\r\n                        <div class = \"td-border\"><\/div>\r\n                    <\/div>\r\n                            <\/div>\r\n                        <\/div>\r\n\r\n                    <\/div>\r\n\r\n                <\/div>\r\n                <\/p>\n<p><strong>Pour plus d&rsquo;informations et d&rsquo;analyses sur la <span style=\"color: #ff6600\">C\u00f4te d&rsquo;Ivoire<\/span>, suivez <span style=\"color: #ff6600\">Africa-Press<span style=\"color: #ff6600\"><\/span><\/strong><\/p>\n","protected":false},"excerpt":{"rendered":"<p>Africa-Press &#8211; C\u00f4te d&rsquo;Ivoire. Dans le cadre de l\u2019obligation de rendre compte de ses actions de gouvernance qu\u2019il s\u2019impose depuis qu\u2019il occupe le strate\u0301gique ministe\u0300re de la Construction, du logement et de l\u2019Urbanisme, Bruno Nabagne\u0301 Kone\u0301 s\u2019est livre\u0301 encore une fois a\u0300 un exercice de communication, le lundi 20 janvier 2025, a\u0300 Cocody Angre\u0301, sur [&hellip;]<\/p>\n","protected":false},"author":82,"featured_media":94252,"comment_status":"open","ping_status":"closed","sticky":false,"template":"","format":"standard","meta":{"footnotes":""},"categories":[21,8,10],"tags":[37],"class_list":["post-94253","post","type-post","status-publish","format-standard","has-post-thumbnail","hentry","category-communaute","category-photo","category-toutes-les-actualites","tag-cote-divoire-2"],"yoast_head":"<!-- This site is optimized with the Yoast SEO Premium plugin v26.1 (Yoast SEO v27.0) - https:\/\/yoast.com\/product\/yoast-seo-premium-wordpress\/ -->\n<title>R\u00e9forme fonci\u00e8re urbaine en CI \/ Bruno Kon\u00e9 (Ministre) : \u00ab Je me cr\u00e9e des ennemis mais\u2026 \u00bb \u2013 Des chefs Atchan d\u2019Abidjan d\u2019accord avec l\u2019Adu - C\u00f4te d&#039;Ivoire<\/title>\n<meta name=\"robots\" content=\"index, follow, max-snippet:-1, max-image-preview:large, max-video-preview:-1\" \/>\n<link rel=\"canonical\" href=\"https:\/\/www.africa-press.net\/cotedivoire\/politique\/reforme-fonciere-urbaine-en-ci-bruno-kone-ministre-je-me-cree-des-ennemis-mais-des-chefs-atchan-dabidjan-daccord-avec-ladu\" \/>\n<meta property=\"og:locale\" content=\"fr_FR\" \/>\n<meta property=\"og:type\" content=\"article\" \/>\n<meta property=\"og:title\" content=\"R\u00e9forme fonci\u00e8re urbaine en CI \/ Bruno Kon\u00e9 (Ministre) : \u00ab Je me cr\u00e9e des ennemis mais\u2026 \u00bb \u2013 Des chefs Atchan d\u2019Abidjan d\u2019accord avec l\u2019Adu\" \/>\n<meta property=\"og:description\" content=\"Africa-Press &#8211; C\u00f4te d&rsquo;Ivoire. Dans le cadre de l\u2019obligation de rendre compte de ses actions de gouvernance qu\u2019il s\u2019impose depuis qu\u2019il occupe le strate\u0301gique ministe\u0300re de la Construction, du logement et de l\u2019Urbanisme, Bruno Nabagne\u0301 Kone\u0301 s\u2019est livre\u0301 encore une fois a\u0300 un exercice de communication, le lundi 20 janvier 2025, a\u0300 Cocody Angre\u0301, sur [&hellip;]\" \/>\n<meta property=\"og:url\" content=\"https:\/\/www.africa-press.net\/cotedivoire\/politique\/reforme-fonciere-urbaine-en-ci-bruno-kone-ministre-je-me-cree-des-ennemis-mais-des-chefs-atchan-dabidjan-daccord-avec-ladu\" \/>\n<meta property=\"og:site_name\" content=\"C\u00f4te d&#039;Ivoire\" \/>\n<meta property=\"article:published_time\" content=\"2025-01-26T19:37:57+00:00\" \/>\n<meta property=\"og:image\" content=\"https:\/\/static.africa-press.net\/cote\/sites\/43\/2025\/01\/sm_1737907743.787193.jpg\" \/>\n<meta name=\"author\" content=\"cfeditorfr\" \/>\n<meta name=\"twitter:card\" content=\"summary_large_image\" \/>\n<meta name=\"twitter:label1\" content=\"\u00c9crit par\" \/>\n\t<meta name=\"twitter:data1\" content=\"cfeditorfr\" \/>\n\t<meta name=\"twitter:label2\" content=\"Dur\u00e9e de lecture estim\u00e9e\" \/>\n\t<meta name=\"twitter:data2\" content=\"3 minutes\" \/>\n<script type=\"application\/ld+json\" class=\"yoast-schema-graph\">{\"@context\":\"https:\/\/schema.org\",\"@graph\":[{\"@type\":\"Article\",\"@id\":\"https:\/\/www.africa-press.net\/cotedivoire\/politique\/reforme-fonciere-urbaine-en-ci-bruno-kone-ministre-je-me-cree-des-ennemis-mais-des-chefs-atchan-dabidjan-daccord-avec-ladu#article\",\"isPartOf\":{\"@id\":\"https:\/\/www.africa-press.net\/cotedivoire\/politique\/reforme-fonciere-urbaine-en-ci-bruno-kone-ministre-je-me-cree-des-ennemis-mais-des-chefs-atchan-dabidjan-daccord-avec-ladu\"},\"author\":{\"name\":\"cfeditorfr\",\"@id\":\"https:\/\/www.africa-press.net\/cotedivoire\/#\/schema\/person\/2b1cf3cd81a31e3cd26889ca66d677f1\"},\"headline\":\"R\u00e9forme fonci\u00e8re urbaine en CI \/ Bruno Kon\u00e9 (Ministre) : \u00ab Je me cr\u00e9e des ennemis mais\u2026 \u00bb \u2013 Des chefs Atchan d\u2019Abidjan d\u2019accord avec l\u2019Adu\",\"datePublished\":\"2025-01-26T19:37:57+00:00\",\"mainEntityOfPage\":{\"@id\":\"https:\/\/www.africa-press.net\/cotedivoire\/politique\/reforme-fonciere-urbaine-en-ci-bruno-kone-ministre-je-me-cree-des-ennemis-mais-des-chefs-atchan-dabidjan-daccord-avec-ladu\"},\"wordCount\":616,\"commentCount\":0,\"image\":{\"@id\":\"https:\/\/www.africa-press.net\/cotedivoire\/politique\/reforme-fonciere-urbaine-en-ci-bruno-kone-ministre-je-me-cree-des-ennemis-mais-des-chefs-atchan-dabidjan-daccord-avec-ladu#primaryimage\"},\"thumbnailUrl\":\"https:\/\/static.africa-press.net\/cote\/sites\/43\/2025\/01\/sm_1737907758.746416.jpg\",\"keywords\":[\"C\u00f4te d'Ivoire\"],\"articleSection\":[\"Communaut\u00e9\",\"Photo\",\"Toutes les actualit\u00e9s\"],\"inLanguage\":\"fr-FR\",\"potentialAction\":[{\"@type\":\"CommentAction\",\"name\":\"Comment\",\"target\":[\"https:\/\/www.africa-press.net\/cotedivoire\/politique\/reforme-fonciere-urbaine-en-ci-bruno-kone-ministre-je-me-cree-des-ennemis-mais-des-chefs-atchan-dabidjan-daccord-avec-ladu#respond\"]}]},{\"@type\":\"WebPage\",\"@id\":\"https:\/\/www.africa-press.net\/cotedivoire\/politique\/reforme-fonciere-urbaine-en-ci-bruno-kone-ministre-je-me-cree-des-ennemis-mais-des-chefs-atchan-dabidjan-daccord-avec-ladu\",\"url\":\"https:\/\/www.africa-press.net\/cotedivoire\/politique\/reforme-fonciere-urbaine-en-ci-bruno-kone-ministre-je-me-cree-des-ennemis-mais-des-chefs-atchan-dabidjan-daccord-avec-ladu\",\"name\":\"R\u00e9forme fonci\u00e8re urbaine en CI \/ Bruno Kon\u00e9 (Ministre) : \u00ab Je me cr\u00e9e des ennemis mais\u2026 \u00bb \u2013 Des chefs Atchan d\u2019Abidjan d\u2019accord avec l\u2019Adu - C\u00f4te d&#039;Ivoire\",\"isPartOf\":{\"@id\":\"https:\/\/www.africa-press.net\/cotedivoire\/#website\"},\"primaryImageOfPage\":{\"@id\":\"https:\/\/www.africa-press.net\/cotedivoire\/politique\/reforme-fonciere-urbaine-en-ci-bruno-kone-ministre-je-me-cree-des-ennemis-mais-des-chefs-atchan-dabidjan-daccord-avec-ladu#primaryimage\"},\"image\":{\"@id\":\"https:\/\/www.africa-press.net\/cotedivoire\/politique\/reforme-fonciere-urbaine-en-ci-bruno-kone-ministre-je-me-cree-des-ennemis-mais-des-chefs-atchan-dabidjan-daccord-avec-ladu#primaryimage\"},\"thumbnailUrl\":\"https:\/\/static.africa-press.net\/cote\/sites\/43\/2025\/01\/sm_1737907758.746416.jpg\",\"datePublished\":\"2025-01-26T19:37:57+00:00\",\"author\":{\"@id\":\"https:\/\/www.africa-press.net\/cotedivoire\/#\/schema\/person\/2b1cf3cd81a31e3cd26889ca66d677f1\"},\"breadcrumb\":{\"@id\":\"https:\/\/www.africa-press.net\/cotedivoire\/politique\/reforme-fonciere-urbaine-en-ci-bruno-kone-ministre-je-me-cree-des-ennemis-mais-des-chefs-atchan-dabidjan-daccord-avec-ladu#breadcrumb\"},\"inLanguage\":\"fr-FR\",\"potentialAction\":[{\"@type\":\"ReadAction\",\"target\":[\"https:\/\/www.africa-press.net\/cotedivoire\/politique\/reforme-fonciere-urbaine-en-ci-bruno-kone-ministre-je-me-cree-des-ennemis-mais-des-chefs-atchan-dabidjan-daccord-avec-ladu\"]}]},{\"@type\":\"ImageObject\",\"inLanguage\":\"fr-FR\",\"@id\":\"https:\/\/www.africa-press.net\/cotedivoire\/politique\/reforme-fonciere-urbaine-en-ci-bruno-kone-ministre-je-me-cree-des-ennemis-mais-des-chefs-atchan-dabidjan-daccord-avec-ladu#primaryimage\",\"url\":\"https:\/\/static.africa-press.net\/cote\/sites\/43\/2025\/01\/sm_1737907758.746416.jpg\",\"contentUrl\":\"https:\/\/static.africa-press.net\/cote\/sites\/43\/2025\/01\/sm_1737907758.746416.jpg\",\"width\":1280,\"height\":720,\"caption\":\"R\u00e9forme fonci\u00e8re urbaine en CI \/ Bruno Kon\u00e9 (Ministre) : \u00ab Je me cr\u00e9e des ennemis mais\u2026 \u00bb \u2013 Des chefs Atchan d\u2019Abidjan d\u2019accord avec l\u2019Adu\"},{\"@type\":\"BreadcrumbList\",\"@id\":\"https:\/\/www.africa-press.net\/cotedivoire\/politique\/reforme-fonciere-urbaine-en-ci-bruno-kone-ministre-je-me-cree-des-ennemis-mais-des-chefs-atchan-dabidjan-daccord-avec-ladu#breadcrumb\",\"itemListElement\":[{\"@type\":\"ListItem\",\"position\":1,\"name\":\"Accueil\",\"item\":\"https:\/\/www.africa-press.net\/cotedivoire\/\"},{\"@type\":\"ListItem\",\"position\":2,\"name\":\"R\u00e9forme fonci\u00e8re urbaine en CI \/ Bruno Kon\u00e9 (Ministre) : \u00ab Je me cr\u00e9e des ennemis mais\u2026 \u00bb \u2013 Des chefs Atchan d\u2019Abidjan d\u2019accord avec l\u2019Adu\"}]},{\"@type\":\"WebSite\",\"@id\":\"https:\/\/www.africa-press.net\/cotedivoire\/#website\",\"url\":\"https:\/\/www.africa-press.net\/cotedivoire\/\",\"name\":\"C\u00f4te d&#039;Ivoire\",\"description\":\"Just another Africa News Agency Sites site\",\"potentialAction\":[{\"@type\":\"SearchAction\",\"target\":{\"@type\":\"EntryPoint\",\"urlTemplate\":\"https:\/\/www.africa-press.net\/cotedivoire\/?s={search_term_string}\"},\"query-input\":{\"@type\":\"PropertyValueSpecification\",\"valueRequired\":true,\"valueName\":\"search_term_string\"}}],\"inLanguage\":\"fr-FR\"},{\"@type\":\"Person\",\"@id\":\"https:\/\/www.africa-press.net\/cotedivoire\/#\/schema\/person\/2b1cf3cd81a31e3cd26889ca66d677f1\",\"name\":\"cfeditorfr\"}]}<\/script>\n<!-- \/ Yoast SEO Premium plugin. -->","yoast_head_json":{"title":"R\u00e9forme fonci\u00e8re urbaine en CI \/ Bruno Kon\u00e9 (Ministre) : \u00ab Je me cr\u00e9e des ennemis mais\u2026 \u00bb \u2013 Des chefs Atchan d\u2019Abidjan d\u2019accord avec l\u2019Adu - C\u00f4te d&#039;Ivoire","robots":{"index":"index","follow":"follow","max-snippet":"max-snippet:-1","max-image-preview":"max-image-preview:large","max-video-preview":"max-video-preview:-1"},"canonical":"https:\/\/www.africa-press.net\/cotedivoire\/politique\/reforme-fonciere-urbaine-en-ci-bruno-kone-ministre-je-me-cree-des-ennemis-mais-des-chefs-atchan-dabidjan-daccord-avec-ladu","og_locale":"fr_FR","og_type":"article","og_title":"R\u00e9forme fonci\u00e8re urbaine en CI \/ Bruno Kon\u00e9 (Ministre) : \u00ab Je me cr\u00e9e des ennemis mais\u2026 \u00bb \u2013 Des chefs Atchan d\u2019Abidjan d\u2019accord avec l\u2019Adu","og_description":"Africa-Press &#8211; C\u00f4te d&rsquo;Ivoire. Dans le cadre de l\u2019obligation de rendre compte de ses actions de gouvernance qu\u2019il s\u2019impose depuis qu\u2019il occupe le strate\u0301gique ministe\u0300re de la Construction, du logement et de l\u2019Urbanisme, Bruno Nabagne\u0301 Kone\u0301 s\u2019est livre\u0301 encore une fois a\u0300 un exercice de communication, le lundi 20 janvier 2025, a\u0300 Cocody Angre\u0301, sur [&hellip;]","og_url":"https:\/\/www.africa-press.net\/cotedivoire\/politique\/reforme-fonciere-urbaine-en-ci-bruno-kone-ministre-je-me-cree-des-ennemis-mais-des-chefs-atchan-dabidjan-daccord-avec-ladu","og_site_name":"C\u00f4te d&#039;Ivoire","article_published_time":"2025-01-26T19:37:57+00:00","og_image":[{"url":"https:\/\/static.africa-press.net\/cote\/sites\/43\/2025\/01\/sm_1737907743.787193.jpg","type":"","width":"","height":""}],"author":"cfeditorfr","twitter_card":"summary_large_image","twitter_misc":{"\u00c9crit par":"cfeditorfr","Dur\u00e9e de lecture estim\u00e9e":"3 minutes"},"schema":{"@context":"https:\/\/schema.org","@graph":[{"@type":"Article","@id":"https:\/\/www.africa-press.net\/cotedivoire\/politique\/reforme-fonciere-urbaine-en-ci-bruno-kone-ministre-je-me-cree-des-ennemis-mais-des-chefs-atchan-dabidjan-daccord-avec-ladu#article","isPartOf":{"@id":"https:\/\/www.africa-press.net\/cotedivoire\/politique\/reforme-fonciere-urbaine-en-ci-bruno-kone-ministre-je-me-cree-des-ennemis-mais-des-chefs-atchan-dabidjan-daccord-avec-ladu"},"author":{"name":"cfeditorfr","@id":"https:\/\/www.africa-press.net\/cotedivoire\/#\/schema\/person\/2b1cf3cd81a31e3cd26889ca66d677f1"},"headline":"R\u00e9forme fonci\u00e8re urbaine en CI \/ Bruno Kon\u00e9 (Ministre) : \u00ab Je me cr\u00e9e des ennemis mais\u2026 \u00bb \u2013 Des chefs Atchan d\u2019Abidjan d\u2019accord avec l\u2019Adu","datePublished":"2025-01-26T19:37:57+00:00","mainEntityOfPage":{"@id":"https:\/\/www.africa-press.net\/cotedivoire\/politique\/reforme-fonciere-urbaine-en-ci-bruno-kone-ministre-je-me-cree-des-ennemis-mais-des-chefs-atchan-dabidjan-daccord-avec-ladu"},"wordCount":616,"commentCount":0,"image":{"@id":"https:\/\/www.africa-press.net\/cotedivoire\/politique\/reforme-fonciere-urbaine-en-ci-bruno-kone-ministre-je-me-cree-des-ennemis-mais-des-chefs-atchan-dabidjan-daccord-avec-ladu#primaryimage"},"thumbnailUrl":"https:\/\/static.africa-press.net\/cote\/sites\/43\/2025\/01\/sm_1737907758.746416.jpg","keywords":["C\u00f4te d'Ivoire"],"articleSection":["Communaut\u00e9","Photo","Toutes les actualit\u00e9s"],"inLanguage":"fr-FR","potentialAction":[{"@type":"CommentAction","name":"Comment","target":["https:\/\/www.africa-press.net\/cotedivoire\/politique\/reforme-fonciere-urbaine-en-ci-bruno-kone-ministre-je-me-cree-des-ennemis-mais-des-chefs-atchan-dabidjan-daccord-avec-ladu#respond"]}]},{"@type":"WebPage","@id":"https:\/\/www.africa-press.net\/cotedivoire\/politique\/reforme-fonciere-urbaine-en-ci-bruno-kone-ministre-je-me-cree-des-ennemis-mais-des-chefs-atchan-dabidjan-daccord-avec-ladu","url":"https:\/\/www.africa-press.net\/cotedivoire\/politique\/reforme-fonciere-urbaine-en-ci-bruno-kone-ministre-je-me-cree-des-ennemis-mais-des-chefs-atchan-dabidjan-daccord-avec-ladu","name":"R\u00e9forme fonci\u00e8re urbaine en CI \/ Bruno Kon\u00e9 (Ministre) : \u00ab Je me cr\u00e9e des ennemis mais\u2026 \u00bb \u2013 Des chefs Atchan d\u2019Abidjan d\u2019accord avec l\u2019Adu - C\u00f4te d&#039;Ivoire","isPartOf":{"@id":"https:\/\/www.africa-press.net\/cotedivoire\/#website"},"primaryImageOfPage":{"@id":"https:\/\/www.africa-press.net\/cotedivoire\/politique\/reforme-fonciere-urbaine-en-ci-bruno-kone-ministre-je-me-cree-des-ennemis-mais-des-chefs-atchan-dabidjan-daccord-avec-ladu#primaryimage"},"image":{"@id":"https:\/\/www.africa-press.net\/cotedivoire\/politique\/reforme-fonciere-urbaine-en-ci-bruno-kone-ministre-je-me-cree-des-ennemis-mais-des-chefs-atchan-dabidjan-daccord-avec-ladu#primaryimage"},"thumbnailUrl":"https:\/\/static.africa-press.net\/cote\/sites\/43\/2025\/01\/sm_1737907758.746416.jpg","datePublished":"2025-01-26T19:37:57+00:00","author":{"@id":"https:\/\/www.africa-press.net\/cotedivoire\/#\/schema\/person\/2b1cf3cd81a31e3cd26889ca66d677f1"},"breadcrumb":{"@id":"https:\/\/www.africa-press.net\/cotedivoire\/politique\/reforme-fonciere-urbaine-en-ci-bruno-kone-ministre-je-me-cree-des-ennemis-mais-des-chefs-atchan-dabidjan-daccord-avec-ladu#breadcrumb"},"inLanguage":"fr-FR","potentialAction":[{"@type":"ReadAction","target":["https:\/\/www.africa-press.net\/cotedivoire\/politique\/reforme-fonciere-urbaine-en-ci-bruno-kone-ministre-je-me-cree-des-ennemis-mais-des-chefs-atchan-dabidjan-daccord-avec-ladu"]}]},{"@type":"ImageObject","inLanguage":"fr-FR","@id":"https:\/\/www.africa-press.net\/cotedivoire\/politique\/reforme-fonciere-urbaine-en-ci-bruno-kone-ministre-je-me-cree-des-ennemis-mais-des-chefs-atchan-dabidjan-daccord-avec-ladu#primaryimage","url":"https:\/\/static.africa-press.net\/cote\/sites\/43\/2025\/01\/sm_1737907758.746416.jpg","contentUrl":"https:\/\/static.africa-press.net\/cote\/sites\/43\/2025\/01\/sm_1737907758.746416.jpg","width":1280,"height":720,"caption":"R\u00e9forme fonci\u00e8re urbaine en CI \/ Bruno Kon\u00e9 (Ministre) : \u00ab Je me cr\u00e9e des ennemis mais\u2026 \u00bb \u2013 Des chefs Atchan d\u2019Abidjan d\u2019accord avec l\u2019Adu"},{"@type":"BreadcrumbList","@id":"https:\/\/www.africa-press.net\/cotedivoire\/politique\/reforme-fonciere-urbaine-en-ci-bruno-kone-ministre-je-me-cree-des-ennemis-mais-des-chefs-atchan-dabidjan-daccord-avec-ladu#breadcrumb","itemListElement":[{"@type":"ListItem","position":1,"name":"Accueil","item":"https:\/\/www.africa-press.net\/cotedivoire\/"},{"@type":"ListItem","position":2,"name":"R\u00e9forme fonci\u00e8re urbaine en CI \/ Bruno Kon\u00e9 (Ministre) : \u00ab Je me cr\u00e9e des ennemis mais\u2026 \u00bb \u2013 Des chefs Atchan d\u2019Abidjan d\u2019accord avec l\u2019Adu"}]},{"@type":"WebSite","@id":"https:\/\/www.africa-press.net\/cotedivoire\/#website","url":"https:\/\/www.africa-press.net\/cotedivoire\/","name":"C\u00f4te d&#039;Ivoire","description":"Just another Africa News Agency Sites site","potentialAction":[{"@type":"SearchAction","target":{"@type":"EntryPoint","urlTemplate":"https:\/\/www.africa-press.net\/cotedivoire\/?s={search_term_string}"},"query-input":{"@type":"PropertyValueSpecification","valueRequired":true,"valueName":"search_term_string"}}],"inLanguage":"fr-FR"},{"@type":"Person","@id":"https:\/\/www.africa-press.net\/cotedivoire\/#\/schema\/person\/2b1cf3cd81a31e3cd26889ca66d677f1","name":"cfeditorfr"}]}},"_links":{"self":[{"href":"https:\/\/www.africa-press.net\/cotedivoire\/wp-json\/wp\/v2\/posts\/94253","targetHints":{"allow":["GET"]}}],"collection":[{"href":"https:\/\/www.africa-press.net\/cotedivoire\/wp-json\/wp\/v2\/posts"}],"about":[{"href":"https:\/\/www.africa-press.net\/cotedivoire\/wp-json\/wp\/v2\/types\/post"}],"author":[{"embeddable":true,"href":"https:\/\/www.africa-press.net\/cotedivoire\/wp-json\/wp\/v2\/users\/82"}],"replies":[{"embeddable":true,"href":"https:\/\/www.africa-press.net\/cotedivoire\/wp-json\/wp\/v2\/comments?post=94253"}],"version-history":[{"count":0,"href":"https:\/\/www.africa-press.net\/cotedivoire\/wp-json\/wp\/v2\/posts\/94253\/revisions"}],"wp:featuredmedia":[{"embeddable":true,"href":"https:\/\/www.africa-press.net\/cotedivoire\/wp-json\/wp\/v2\/media\/94252"}],"wp:attachment":[{"href":"https:\/\/www.africa-press.net\/cotedivoire\/wp-json\/wp\/v2\/media?parent=94253"}],"wp:term":[{"taxonomy":"category","embeddable":true,"href":"https:\/\/www.africa-press.net\/cotedivoire\/wp-json\/wp\/v2\/categories?post=94253"},{"taxonomy":"post_tag","embeddable":true,"href":"https:\/\/www.africa-press.net\/cotedivoire\/wp-json\/wp\/v2\/tags?post=94253"}],"curies":[{"name":"wp","href":"https:\/\/api.w.org\/{rel}","templated":true}]}}