{"id":94255,"date":"2025-01-26T19:38:36","date_gmt":"2025-01-26T19:38:36","guid":{"rendered":"https:\/\/www.africa-press.net\/cotedivoire\/politique\/korhogo-boundiali-il-ny-a-meme-plus-de-route-un-chauffeur"},"modified":"2025-01-26T19:38:36","modified_gmt":"2025-01-26T19:38:36","slug":"korhogo-boundiali-il-ny-a-meme-plus-de-route-un-chauffeur","status":"publish","type":"post","link":"https:\/\/www.africa-press.net\/cotedivoire\/toutes-les-actualites\/korhogo-boundiali-il-ny-a-meme-plus-de-route-un-chauffeur","title":{"rendered":"Korhogo-Boundiali: \u00abIl n\u2019y a m\u00eame plus de route\u00bb (un chauffeur)"},"content":{"rendered":"<p><span style=\"color: #ff6600\"><strong>Africa-Press &#8211; C\u00f4te d&rsquo;Ivoire. <\/strong><\/span>L\u2019axe routier entre Korhogo et Boundiali, au Nord de la Co\u0302te d\u2019Ivoire, est dans un e\u0301tat de de\u0301gradation avance\u0301. \u00ab Dire que cette route est de\u0301grade\u0301e, c\u2019est cacher le mal. Il faut dire qu\u2019il n\u2019y a me\u0302me pas de route \u00bb, soutient un chauffeur a\u0300 cause des nombreux et grands nids de poule qui se sont creuse\u0301s sur le bitume.<\/p>\n<p>Vu l\u2019urgence, le gouvernement a autorise\u0301 une banque, le 22 mai 2024, a\u0300 financer les travaux de re\u0301habilitation et de renforcement dudit axe a\u0300 hauteur de 26,5 milliards de francs CFA. Cependant, depuis cette annonce, biento\u0302t dix mois, on ne voit aucun signe de de\u0301but de travaux pour soulager les usagers des calvaires de cette route non e\u0301claire\u0301e et longue de 98 kilome\u0300tres.<\/p>\n<p>E\u0301tant un passager dans deux cars diffe\u0301rents, en aller-retour sur cette voie, nous avons fait le constat. Le premier car, en aller, a fait une crevaison. Le second au retour s\u2019est fait bousiller les amortisseurs des roues, tard dans la nuit et la frai\u0302cheur. De quoi exaspe\u0301rer tout le monde. \u00ab C\u2019est difficile. La route est ga\u0302te\u0301e, il n\u2019y a pas de lumie\u0300re. Notre responsable de compagnie a plusieurs cars qu\u2019il veut mettre en circulation. Mais avec l\u2019e\u0301tat de la route, il refuse. Il a raison \u00bb, nous explique le convoyeur.<\/p>\n<p> Impact ne\u0301gatif sur le commerce et la sante\u0301<\/p>\n<p>La de\u0301gradation de cette voie qui relie les chefs lieu de re\u0301gion du Poro et de la Bagoue\u0301 dans le district des Savanes a un impact ne\u0301gatif sur le commerce et la sante\u0301. \u00ab Avant, on faisait Boudali-Korhogo en une heure. Maintenant, c\u2019est deux heures voire plus. Je partais chercher de l\u2019attie\u0301ke\u0301 a\u0300 Korhogo deux fois dans la semaine. Actuellement, une seule fois, c\u2019est complique\u0301. Si c\u2019est fini, j\u2019attends l\u2019autre semaine. Force\u0301ment, je ne fais pas de be\u0301ne\u0301fices comme auparavant. C\u2019est fatigant sans compter les courbatures et les maux de te\u0302te a\u0300 cause de l\u2019e\u0301tat de la route \u00bb, affirme Dame Coulibaly commerc\u0327ante a\u0300 Boundiali.<\/p>\n<p>Pour certains, cette de\u0301gradation s\u2019est acce\u0301le\u0301re\u0301e a\u0300 cause des ve\u0301hicules de poids lourds. \u00ab Les camions qui rallient les deux capitales ivoirienne et malienne, respectivement Abidjan et Bamako, pre\u0301fe\u0300rent passer par Korhogo-Boundiali-Tengrela, plus court, au lieu de passer par Ouangolo, plus long. Le bitume a vite ce\u0301de\u0301, car il n\u2019e\u0301tait pas adapte\u0301 aux poids lourds et a\u0300 la densite\u0301 du trafic. Je pense que le travail sera refait comme indique\u0301 par le gouvernement \u00bb, nous explique un habitant optimiste. En attendant, les usagers subissent le supplice.<\/p>\n<p><strong>Pour plus d&rsquo;informations et d&rsquo;analyses sur la <span style=\"color: #ff6600\">C\u00f4te d&rsquo;Ivoire<\/span>, suivez <span style=\"color: #ff6600\">Africa-Press<span style=\"color: #ff6600\"><\/span><\/strong><\/p>\n","protected":false},"excerpt":{"rendered":"<p>Africa-Press &#8211; C\u00f4te d&rsquo;Ivoire. L\u2019axe routier entre Korhogo et Boundiali, au Nord de la Co\u0302te d\u2019Ivoire, est dans un e\u0301tat de de\u0301gradation avance\u0301. \u00ab Dire que cette route est de\u0301grade\u0301e, c\u2019est cacher le mal. Il faut dire qu\u2019il n\u2019y a me\u0302me pas de route \u00bb, soutient un chauffeur a\u0300 cause des nombreux et grands nids [&hellip;]<\/p>\n","protected":false},"author":82,"featured_media":94254,"comment_status":"open","ping_status":"closed","sticky":false,"template":"","format":"standard","meta":{"footnotes":""},"categories":[21,10],"tags":[37],"class_list":["post-94255","post","type-post","status-publish","format-standard","has-post-thumbnail","hentry","category-communaute","category-toutes-les-actualites","tag-cote-divoire-2"],"yoast_head":"<!-- This site is optimized with the Yoast SEO Premium plugin v26.1 (Yoast SEO v27.0) - https:\/\/yoast.com\/product\/yoast-seo-premium-wordpress\/ -->\n<title>Korhogo-Boundiali: \u00abIl n\u2019y a m\u00eame plus de route\u00bb (un chauffeur) - C\u00f4te d&#039;Ivoire<\/title>\n<meta name=\"robots\" content=\"index, follow, max-snippet:-1, max-image-preview:large, max-video-preview:-1\" \/>\n<link rel=\"canonical\" href=\"https:\/\/www.africa-press.net\/cotedivoire\/politique\/korhogo-boundiali-il-ny-a-meme-plus-de-route-un-chauffeur\" \/>\n<meta property=\"og:locale\" content=\"fr_FR\" \/>\n<meta property=\"og:type\" content=\"article\" \/>\n<meta property=\"og:title\" content=\"Korhogo-Boundiali: \u00abIl n\u2019y a m\u00eame plus de route\u00bb (un chauffeur)\" \/>\n<meta property=\"og:description\" content=\"Africa-Press &#8211; C\u00f4te d&rsquo;Ivoire. L\u2019axe routier entre Korhogo et Boundiali, au Nord de la Co\u0302te d\u2019Ivoire, est dans un e\u0301tat de de\u0301gradation avance\u0301. \u00ab Dire que cette route est de\u0301grade\u0301e, c\u2019est cacher le mal. Il faut dire qu\u2019il n\u2019y a me\u0302me pas de route \u00bb, soutient un chauffeur a\u0300 cause des nombreux et grands nids [&hellip;]\" \/>\n<meta property=\"og:url\" content=\"https:\/\/www.africa-press.net\/cotedivoire\/politique\/korhogo-boundiali-il-ny-a-meme-plus-de-route-un-chauffeur\" \/>\n<meta property=\"og:site_name\" content=\"C\u00f4te d&#039;Ivoire\" \/>\n<meta property=\"article:published_time\" content=\"2025-01-26T19:38:36+00:00\" \/>\n<meta name=\"author\" content=\"cfeditorfr\" \/>\n<meta name=\"twitter:card\" content=\"summary_large_image\" \/>\n<meta name=\"twitter:label1\" content=\"\u00c9crit par\" \/>\n\t<meta name=\"twitter:data1\" content=\"cfeditorfr\" \/>\n\t<meta name=\"twitter:label2\" content=\"Dur\u00e9e de lecture estim\u00e9e\" \/>\n\t<meta name=\"twitter:data2\" content=\"2 minutes\" \/>\n<script type=\"application\/ld+json\" class=\"yoast-schema-graph\">{\"@context\":\"https:\/\/schema.org\",\"@graph\":[{\"@type\":\"Article\",\"@id\":\"https:\/\/www.africa-press.net\/cotedivoire\/politique\/korhogo-boundiali-il-ny-a-meme-plus-de-route-un-chauffeur#article\",\"isPartOf\":{\"@id\":\"https:\/\/www.africa-press.net\/cotedivoire\/politique\/korhogo-boundiali-il-ny-a-meme-plus-de-route-un-chauffeur\"},\"author\":{\"name\":\"cfeditorfr\",\"@id\":\"https:\/\/www.africa-press.net\/cotedivoire\/#\/schema\/person\/2b1cf3cd81a31e3cd26889ca66d677f1\"},\"headline\":\"Korhogo-Boundiali: \u00abIl n\u2019y a m\u00eame plus de route\u00bb (un chauffeur)\",\"datePublished\":\"2025-01-26T19:38:36+00:00\",\"mainEntityOfPage\":{\"@id\":\"https:\/\/www.africa-press.net\/cotedivoire\/politique\/korhogo-boundiali-il-ny-a-meme-plus-de-route-un-chauffeur\"},\"wordCount\":496,\"commentCount\":0,\"image\":{\"@id\":\"https:\/\/www.africa-press.net\/cotedivoire\/politique\/korhogo-boundiali-il-ny-a-meme-plus-de-route-un-chauffeur#primaryimage\"},\"thumbnailUrl\":\"https:\/\/static.africa-press.net\/cote\/sites\/43\/2025\/01\/sm_1737907770.869655.jpg\",\"keywords\":[\"C\u00f4te d'Ivoire\"],\"articleSection\":[\"Communaut\u00e9\",\"Toutes les actualit\u00e9s\"],\"inLanguage\":\"fr-FR\",\"potentialAction\":[{\"@type\":\"CommentAction\",\"name\":\"Comment\",\"target\":[\"https:\/\/www.africa-press.net\/cotedivoire\/politique\/korhogo-boundiali-il-ny-a-meme-plus-de-route-un-chauffeur#respond\"]}]},{\"@type\":\"WebPage\",\"@id\":\"https:\/\/www.africa-press.net\/cotedivoire\/politique\/korhogo-boundiali-il-ny-a-meme-plus-de-route-un-chauffeur\",\"url\":\"https:\/\/www.africa-press.net\/cotedivoire\/politique\/korhogo-boundiali-il-ny-a-meme-plus-de-route-un-chauffeur\",\"name\":\"Korhogo-Boundiali: \u00abIl n\u2019y a m\u00eame plus de route\u00bb (un chauffeur) - C\u00f4te d&#039;Ivoire\",\"isPartOf\":{\"@id\":\"https:\/\/www.africa-press.net\/cotedivoire\/#website\"},\"primaryImageOfPage\":{\"@id\":\"https:\/\/www.africa-press.net\/cotedivoire\/politique\/korhogo-boundiali-il-ny-a-meme-plus-de-route-un-chauffeur#primaryimage\"},\"image\":{\"@id\":\"https:\/\/www.africa-press.net\/cotedivoire\/politique\/korhogo-boundiali-il-ny-a-meme-plus-de-route-un-chauffeur#primaryimage\"},\"thumbnailUrl\":\"https:\/\/static.africa-press.net\/cote\/sites\/43\/2025\/01\/sm_1737907770.869655.jpg\",\"datePublished\":\"2025-01-26T19:38:36+00:00\",\"author\":{\"@id\":\"https:\/\/www.africa-press.net\/cotedivoire\/#\/schema\/person\/2b1cf3cd81a31e3cd26889ca66d677f1\"},\"breadcrumb\":{\"@id\":\"https:\/\/www.africa-press.net\/cotedivoire\/politique\/korhogo-boundiali-il-ny-a-meme-plus-de-route-un-chauffeur#breadcrumb\"},\"inLanguage\":\"fr-FR\",\"potentialAction\":[{\"@type\":\"ReadAction\",\"target\":[\"https:\/\/www.africa-press.net\/cotedivoire\/politique\/korhogo-boundiali-il-ny-a-meme-plus-de-route-un-chauffeur\"]}]},{\"@type\":\"ImageObject\",\"inLanguage\":\"fr-FR\",\"@id\":\"https:\/\/www.africa-press.net\/cotedivoire\/politique\/korhogo-boundiali-il-ny-a-meme-plus-de-route-un-chauffeur#primaryimage\",\"url\":\"https:\/\/static.africa-press.net\/cote\/sites\/43\/2025\/01\/sm_1737907770.869655.jpg\",\"contentUrl\":\"https:\/\/static.africa-press.net\/cote\/sites\/43\/2025\/01\/sm_1737907770.869655.jpg\",\"width\":720,\"height\":480,\"caption\":\"Korhogo-Boundiali: \u00abIl n\u2019y a m\u00eame plus de route\u00bb (un chauffeur)\"},{\"@type\":\"BreadcrumbList\",\"@id\":\"https:\/\/www.africa-press.net\/cotedivoire\/politique\/korhogo-boundiali-il-ny-a-meme-plus-de-route-un-chauffeur#breadcrumb\",\"itemListElement\":[{\"@type\":\"ListItem\",\"position\":1,\"name\":\"Accueil\",\"item\":\"https:\/\/www.africa-press.net\/cotedivoire\/\"},{\"@type\":\"ListItem\",\"position\":2,\"name\":\"Korhogo-Boundiali: \u00abIl n\u2019y a m\u00eame plus de route\u00bb (un chauffeur)\"}]},{\"@type\":\"WebSite\",\"@id\":\"https:\/\/www.africa-press.net\/cotedivoire\/#website\",\"url\":\"https:\/\/www.africa-press.net\/cotedivoire\/\",\"name\":\"C\u00f4te d&#039;Ivoire\",\"description\":\"Just another Africa News Agency Sites site\",\"potentialAction\":[{\"@type\":\"SearchAction\",\"target\":{\"@type\":\"EntryPoint\",\"urlTemplate\":\"https:\/\/www.africa-press.net\/cotedivoire\/?s={search_term_string}\"},\"query-input\":{\"@type\":\"PropertyValueSpecification\",\"valueRequired\":true,\"valueName\":\"search_term_string\"}}],\"inLanguage\":\"fr-FR\"},{\"@type\":\"Person\",\"@id\":\"https:\/\/www.africa-press.net\/cotedivoire\/#\/schema\/person\/2b1cf3cd81a31e3cd26889ca66d677f1\",\"name\":\"cfeditorfr\"}]}<\/script>\n<!-- \/ Yoast SEO Premium plugin. -->","yoast_head_json":{"title":"Korhogo-Boundiali: \u00abIl n\u2019y a m\u00eame plus de route\u00bb (un chauffeur) - C\u00f4te d&#039;Ivoire","robots":{"index":"index","follow":"follow","max-snippet":"max-snippet:-1","max-image-preview":"max-image-preview:large","max-video-preview":"max-video-preview:-1"},"canonical":"https:\/\/www.africa-press.net\/cotedivoire\/politique\/korhogo-boundiali-il-ny-a-meme-plus-de-route-un-chauffeur","og_locale":"fr_FR","og_type":"article","og_title":"Korhogo-Boundiali: \u00abIl n\u2019y a m\u00eame plus de route\u00bb (un chauffeur)","og_description":"Africa-Press &#8211; C\u00f4te d&rsquo;Ivoire. L\u2019axe routier entre Korhogo et Boundiali, au Nord de la Co\u0302te d\u2019Ivoire, est dans un e\u0301tat de de\u0301gradation avance\u0301. \u00ab Dire que cette route est de\u0301grade\u0301e, c\u2019est cacher le mal. Il faut dire qu\u2019il n\u2019y a me\u0302me pas de route \u00bb, soutient un chauffeur a\u0300 cause des nombreux et grands nids [&hellip;]","og_url":"https:\/\/www.africa-press.net\/cotedivoire\/politique\/korhogo-boundiali-il-ny-a-meme-plus-de-route-un-chauffeur","og_site_name":"C\u00f4te d&#039;Ivoire","article_published_time":"2025-01-26T19:38:36+00:00","author":"cfeditorfr","twitter_card":"summary_large_image","twitter_misc":{"\u00c9crit par":"cfeditorfr","Dur\u00e9e de lecture estim\u00e9e":"2 minutes"},"schema":{"@context":"https:\/\/schema.org","@graph":[{"@type":"Article","@id":"https:\/\/www.africa-press.net\/cotedivoire\/politique\/korhogo-boundiali-il-ny-a-meme-plus-de-route-un-chauffeur#article","isPartOf":{"@id":"https:\/\/www.africa-press.net\/cotedivoire\/politique\/korhogo-boundiali-il-ny-a-meme-plus-de-route-un-chauffeur"},"author":{"name":"cfeditorfr","@id":"https:\/\/www.africa-press.net\/cotedivoire\/#\/schema\/person\/2b1cf3cd81a31e3cd26889ca66d677f1"},"headline":"Korhogo-Boundiali: \u00abIl n\u2019y a m\u00eame plus de route\u00bb (un chauffeur)","datePublished":"2025-01-26T19:38:36+00:00","mainEntityOfPage":{"@id":"https:\/\/www.africa-press.net\/cotedivoire\/politique\/korhogo-boundiali-il-ny-a-meme-plus-de-route-un-chauffeur"},"wordCount":496,"commentCount":0,"image":{"@id":"https:\/\/www.africa-press.net\/cotedivoire\/politique\/korhogo-boundiali-il-ny-a-meme-plus-de-route-un-chauffeur#primaryimage"},"thumbnailUrl":"https:\/\/static.africa-press.net\/cote\/sites\/43\/2025\/01\/sm_1737907770.869655.jpg","keywords":["C\u00f4te d'Ivoire"],"articleSection":["Communaut\u00e9","Toutes les actualit\u00e9s"],"inLanguage":"fr-FR","potentialAction":[{"@type":"CommentAction","name":"Comment","target":["https:\/\/www.africa-press.net\/cotedivoire\/politique\/korhogo-boundiali-il-ny-a-meme-plus-de-route-un-chauffeur#respond"]}]},{"@type":"WebPage","@id":"https:\/\/www.africa-press.net\/cotedivoire\/politique\/korhogo-boundiali-il-ny-a-meme-plus-de-route-un-chauffeur","url":"https:\/\/www.africa-press.net\/cotedivoire\/politique\/korhogo-boundiali-il-ny-a-meme-plus-de-route-un-chauffeur","name":"Korhogo-Boundiali: \u00abIl n\u2019y a m\u00eame plus de route\u00bb (un chauffeur) - C\u00f4te d&#039;Ivoire","isPartOf":{"@id":"https:\/\/www.africa-press.net\/cotedivoire\/#website"},"primaryImageOfPage":{"@id":"https:\/\/www.africa-press.net\/cotedivoire\/politique\/korhogo-boundiali-il-ny-a-meme-plus-de-route-un-chauffeur#primaryimage"},"image":{"@id":"https:\/\/www.africa-press.net\/cotedivoire\/politique\/korhogo-boundiali-il-ny-a-meme-plus-de-route-un-chauffeur#primaryimage"},"thumbnailUrl":"https:\/\/static.africa-press.net\/cote\/sites\/43\/2025\/01\/sm_1737907770.869655.jpg","datePublished":"2025-01-26T19:38:36+00:00","author":{"@id":"https:\/\/www.africa-press.net\/cotedivoire\/#\/schema\/person\/2b1cf3cd81a31e3cd26889ca66d677f1"},"breadcrumb":{"@id":"https:\/\/www.africa-press.net\/cotedivoire\/politique\/korhogo-boundiali-il-ny-a-meme-plus-de-route-un-chauffeur#breadcrumb"},"inLanguage":"fr-FR","potentialAction":[{"@type":"ReadAction","target":["https:\/\/www.africa-press.net\/cotedivoire\/politique\/korhogo-boundiali-il-ny-a-meme-plus-de-route-un-chauffeur"]}]},{"@type":"ImageObject","inLanguage":"fr-FR","@id":"https:\/\/www.africa-press.net\/cotedivoire\/politique\/korhogo-boundiali-il-ny-a-meme-plus-de-route-un-chauffeur#primaryimage","url":"https:\/\/static.africa-press.net\/cote\/sites\/43\/2025\/01\/sm_1737907770.869655.jpg","contentUrl":"https:\/\/static.africa-press.net\/cote\/sites\/43\/2025\/01\/sm_1737907770.869655.jpg","width":720,"height":480,"caption":"Korhogo-Boundiali: \u00abIl n\u2019y a m\u00eame plus de route\u00bb (un chauffeur)"},{"@type":"BreadcrumbList","@id":"https:\/\/www.africa-press.net\/cotedivoire\/politique\/korhogo-boundiali-il-ny-a-meme-plus-de-route-un-chauffeur#breadcrumb","itemListElement":[{"@type":"ListItem","position":1,"name":"Accueil","item":"https:\/\/www.africa-press.net\/cotedivoire\/"},{"@type":"ListItem","position":2,"name":"Korhogo-Boundiali: \u00abIl n\u2019y a m\u00eame plus de route\u00bb (un chauffeur)"}]},{"@type":"WebSite","@id":"https:\/\/www.africa-press.net\/cotedivoire\/#website","url":"https:\/\/www.africa-press.net\/cotedivoire\/","name":"C\u00f4te d&#039;Ivoire","description":"Just another Africa News Agency Sites site","potentialAction":[{"@type":"SearchAction","target":{"@type":"EntryPoint","urlTemplate":"https:\/\/www.africa-press.net\/cotedivoire\/?s={search_term_string}"},"query-input":{"@type":"PropertyValueSpecification","valueRequired":true,"valueName":"search_term_string"}}],"inLanguage":"fr-FR"},{"@type":"Person","@id":"https:\/\/www.africa-press.net\/cotedivoire\/#\/schema\/person\/2b1cf3cd81a31e3cd26889ca66d677f1","name":"cfeditorfr"}]}},"_links":{"self":[{"href":"https:\/\/www.africa-press.net\/cotedivoire\/wp-json\/wp\/v2\/posts\/94255","targetHints":{"allow":["GET"]}}],"collection":[{"href":"https:\/\/www.africa-press.net\/cotedivoire\/wp-json\/wp\/v2\/posts"}],"about":[{"href":"https:\/\/www.africa-press.net\/cotedivoire\/wp-json\/wp\/v2\/types\/post"}],"author":[{"embeddable":true,"href":"https:\/\/www.africa-press.net\/cotedivoire\/wp-json\/wp\/v2\/users\/82"}],"replies":[{"embeddable":true,"href":"https:\/\/www.africa-press.net\/cotedivoire\/wp-json\/wp\/v2\/comments?post=94255"}],"version-history":[{"count":0,"href":"https:\/\/www.africa-press.net\/cotedivoire\/wp-json\/wp\/v2\/posts\/94255\/revisions"}],"wp:featuredmedia":[{"embeddable":true,"href":"https:\/\/www.africa-press.net\/cotedivoire\/wp-json\/wp\/v2\/media\/94254"}],"wp:attachment":[{"href":"https:\/\/www.africa-press.net\/cotedivoire\/wp-json\/wp\/v2\/media?parent=94255"}],"wp:term":[{"taxonomy":"category","embeddable":true,"href":"https:\/\/www.africa-press.net\/cotedivoire\/wp-json\/wp\/v2\/categories?post=94255"},{"taxonomy":"post_tag","embeddable":true,"href":"https:\/\/www.africa-press.net\/cotedivoire\/wp-json\/wp\/v2\/tags?post=94255"}],"curies":[{"name":"wp","href":"https:\/\/api.w.org\/{rel}","templated":true}]}}