{"id":94269,"date":"2025-01-27T16:30:06","date_gmt":"2025-01-27T16:30:06","guid":{"rendered":"https:\/\/www.africa-press.net\/cotedivoire\/politique\/bouake-amadou-kone-pose-la-premiere-pierre-de-lusine-beta-veg-oil-et-invite-les-responsables-du-chantier-a-travailler-avec-les-jeunes-de-la-region-2"},"modified":"2025-01-27T16:30:06","modified_gmt":"2025-01-27T16:30:06","slug":"bouake-amadou-kone-pose-la-premiere-pierre-de-lusine-beta-veg-oil-et-invite-les-responsables-du-chantier-a-travailler-avec-les-jeunes-de-la-region-2","status":"publish","type":"post","link":"https:\/\/www.africa-press.net\/cotedivoire\/economie\/bouake-amadou-kone-pose-la-premiere-pierre-de-lusine-beta-veg-oil-et-invite-les-responsables-du-chantier-a-travailler-avec-les-jeunes-de-la-region-2","title":{"rendered":"Bouak\u00e9, Amadou Kon\u00e9 pose la premi\u00e8re pierre de l&rsquo;usine BETA VEG OIL et invite les responsables du chantier \u00e0 travailler avec les jeunes de la r\u00e9gion"},"content":{"rendered":"<p><span style=\"color: #ff6600\"><strong>Africa-Press &#8211; C\u00f4te d&rsquo;Ivoire. <\/strong><\/span>Apre\u0300s sa prise de fonction comme premier magistrat de la commune de Bouake\u0301, le Maire Amadou Kone\u0301, dans la mise en \u0153uvre de son programme de\u0301nomme\u0301 \u00ab\u00a0Bouake\u0301 Nouveau\u00a0\u00bb et gra\u0302ce aux acquis du Forum \u00ab\u00a0Invest In Bouake\u0301\u00a0\u00bb tenu en marge de la CAN 2023, impulse une nouvelle dynamique au de\u0301veloppement local. Le samedi 25 janvier 2025, la ce\u0301re\u0301monie de pose de la premie\u0300re pierre de l&rsquo;usine BETA VEG OIL, une unite\u0301 industrielle de premie\u0300re transformation de karite\u0301 et de soja, a eu lieu a\u0300 Kongode\u0301kro, un quartier village de Bouake\u0301 situe\u0301 la nationale A3 en direction d&rsquo;Abidjan.<\/p>\n<p>Cette ce\u0301re\u0301monie s&rsquo;est tenue en pre\u0301sence du repre\u0301sentant du pre\u0301sident de ladite ce\u0301re\u0301monie, M. Kobenan Kouassi Adjoumani, Ministre d&rsquo;E\u0301tat, Ministre de l&rsquo;Agriculture et du De\u0301veloppement Rural, du repre\u0301sentant du Haut Parrain M. Souleymane Diarrassouba, Ministre du Commerce et de l&rsquo;Industrie et du Ministre Amadou Kone\u0301, Maire de la commune de Bouake\u0301, e\u0301galement haut Parrain de cette ce\u0301re\u0301monie ainsi qu&rsquo;un parterre de personnalite\u0301s.<\/p>\n<p>Ce projet, issu du Forum Invest In Bouake\u0301 tenu les 25 et 26 janvier 2024 pour attirer les investissements dans le Bouake\u0301 Nouveau, permettra a\u0300 la commune de Bouake\u0301 d&#8217;embrasser une nouvelle e\u0300re industrielle. Pour un investissement a\u0300 terme de pre\u0300s de 10 milliards de fcfa, cette usine qui sera construite sur une superficie de 5 hectares, va ge\u0301ne\u0301rer des centaines d&#8217;emplois directs et indirects dans la re\u0301gion et des centaines de milliers d&#8217;emplois dans plusieurs re\u0301gions.<\/p>\n<p>Dans son allocution, Amadou Kone\u0301 s&rsquo;est re\u0301joui du choix de sa ville pour la construction de cette usine. Il a fe\u0301licite\u0301 l&rsquo;ensemble du Conseil Municipal et l&rsquo;Administration de la Mairie de Bouake\u0301 pour l&rsquo;excellent travail qu&rsquo;ils ne cessent d&rsquo;abattre. Selon le concepteur de Bouake\u0301 Nouveau, c&rsquo;est ce travail qui a permis a\u0300 sa ville d&rsquo;obtenir le lundi 20 janvier 2025 dans la Capitale E\u0301conomique, une Notation Financie\u0300re de sa Commune.<\/p>\n<p>\u00ab Cette Notation nous permet d&rsquo;acce\u0301le\u0301rer la leve\u0301e de fonds pour la re\u0301alisation des projets qui tiennent a\u0300 c\u0153ur aux populations&#8230;\u00bb a-t-il pre\u0301cise\u0301. Attache\u0301 et pre\u0301occupe\u0301 par la question d&#8217;emploi des jeunes de sa re\u0301gion et de sa commune, le Maire Amadou Kone\u0301 a demande\u0301 aux responsables du chantier qu&rsquo;au niveau de la se\u0301lection des ouvriers, de mettre la priorite\u0301 en ge\u0301ne\u0301ral sur les jeunes de la re\u0301gion et plus particulie\u0300rement sur ceux de la commune de Bouake\u0301.<\/p>\n<p>Les Ministres Kobenan Kouassi Adjoumani et Souleymane Diarrassouba ont e\u0301te\u0301 remercie\u0301 par le Maire Amadou Kone\u0301 pour leur soutien. Le premier magistrat de la commune a donne\u0301 rendez-vous aux populations pour l&rsquo;inauguration de la future usine avant la fin de l&rsquo;anne\u0301e 2025. C&rsquo;est dans la joie et la ferveur que cette ce\u0301re\u0301monie s&rsquo;est acheve\u0301e avec la prestation remarque\u0301e de plusieurs danses du terroir et d&rsquo;un magnifique tour de chant de Didier Bile\u0301, l&rsquo;ico\u0302ne du Zouglou Ivoirien.<\/p>\n<p><strong>Pour plus d&rsquo;informations et d&rsquo;analyses sur la <span style=\"color: #ff6600\">C\u00f4te d&rsquo;Ivoire<\/span>, suivez <span style=\"color: #ff6600\">Africa-Press<span style=\"color: #ff6600\"><\/span><\/strong><\/p>\n","protected":false},"excerpt":{"rendered":"<p>Africa-Press &#8211; C\u00f4te d&rsquo;Ivoire. Apre\u0300s sa prise de fonction comme premier magistrat de la commune de Bouake\u0301, le Maire Amadou Kone\u0301, dans la mise en \u0153uvre de son programme de\u0301nomme\u0301 \u00ab\u00a0Bouake\u0301 Nouveau\u00a0\u00bb et gra\u0302ce aux acquis du Forum \u00ab\u00a0Invest In Bouake\u0301\u00a0\u00bb tenu en marge de la CAN 2023, impulse une nouvelle dynamique au de\u0301veloppement local. [&hellip;]<\/p>\n","protected":false},"author":82,"featured_media":94268,"comment_status":"open","ping_status":"closed","sticky":false,"template":"","format":"standard","meta":{"footnotes":""},"categories":[3,10],"tags":[16500,366,37,16499,1208],"class_list":["post-94269","post","type-post","status-publish","format-standard","has-post-thumbnail","hentry","category-economie","category-toutes-les-actualites","tag-beta-veg-oil","tag-bouake","tag-cote-divoire-2","tag-invest-in-bouake","tag-jeunes"],"yoast_head":"<!-- This site is optimized with the Yoast SEO Premium plugin v26.1 (Yoast SEO v27.0) - https:\/\/yoast.com\/product\/yoast-seo-premium-wordpress\/ -->\n<title>Bouak\u00e9, Amadou Kon\u00e9 pose la premi\u00e8re pierre de l&#039;usine BETA VEG OIL et invite les responsables du chantier \u00e0 travailler avec les jeunes de la r\u00e9gion - C\u00f4te d&#039;Ivoire<\/title>\n<meta name=\"robots\" content=\"index, follow, max-snippet:-1, max-image-preview:large, max-video-preview:-1\" \/>\n<link rel=\"canonical\" href=\"https:\/\/www.africa-press.net\/cotedivoire\/politique\/bouake-amadou-kone-pose-la-premiere-pierre-de-lusine-beta-veg-oil-et-invite-les-responsables-du-chantier-a-travailler-avec-les-jeunes-de-la-region-2\" \/>\n<meta property=\"og:locale\" content=\"fr_FR\" \/>\n<meta property=\"og:type\" content=\"article\" \/>\n<meta property=\"og:title\" content=\"Bouak\u00e9, Amadou Kon\u00e9 pose la premi\u00e8re pierre de l&#039;usine BETA VEG OIL et invite les responsables du chantier \u00e0 travailler avec les jeunes de la r\u00e9gion\" \/>\n<meta property=\"og:description\" content=\"Africa-Press &#8211; C\u00f4te d&rsquo;Ivoire. Apre\u0300s sa prise de fonction comme premier magistrat de la commune de Bouake\u0301, le Maire Amadou Kone\u0301, dans la mise en \u0153uvre de son programme de\u0301nomme\u0301 \u00ab\u00a0Bouake\u0301 Nouveau\u00a0\u00bb et gra\u0302ce aux acquis du Forum \u00ab\u00a0Invest In Bouake\u0301\u00a0\u00bb tenu en marge de la CAN 2023, impulse une nouvelle dynamique au de\u0301veloppement local. [&hellip;]\" \/>\n<meta property=\"og:url\" content=\"https:\/\/www.africa-press.net\/cotedivoire\/politique\/bouake-amadou-kone-pose-la-premiere-pierre-de-lusine-beta-veg-oil-et-invite-les-responsables-du-chantier-a-travailler-avec-les-jeunes-de-la-region-2\" \/>\n<meta property=\"og:site_name\" content=\"C\u00f4te d&#039;Ivoire\" \/>\n<meta property=\"article:published_time\" content=\"2025-01-27T16:30:06+00:00\" \/>\n<meta name=\"author\" content=\"cfeditorfr\" \/>\n<meta name=\"twitter:card\" content=\"summary_large_image\" \/>\n<meta name=\"twitter:label1\" content=\"\u00c9crit par\" \/>\n\t<meta name=\"twitter:data1\" content=\"cfeditorfr\" \/>\n\t<meta name=\"twitter:label2\" content=\"Dur\u00e9e de lecture estim\u00e9e\" \/>\n\t<meta name=\"twitter:data2\" content=\"3 minutes\" \/>\n<script type=\"application\/ld+json\" class=\"yoast-schema-graph\">{\"@context\":\"https:\/\/schema.org\",\"@graph\":[{\"@type\":\"Article\",\"@id\":\"https:\/\/www.africa-press.net\/cotedivoire\/politique\/bouake-amadou-kone-pose-la-premiere-pierre-de-lusine-beta-veg-oil-et-invite-les-responsables-du-chantier-a-travailler-avec-les-jeunes-de-la-region-2#article\",\"isPartOf\":{\"@id\":\"https:\/\/www.africa-press.net\/cotedivoire\/politique\/bouake-amadou-kone-pose-la-premiere-pierre-de-lusine-beta-veg-oil-et-invite-les-responsables-du-chantier-a-travailler-avec-les-jeunes-de-la-region-2\"},\"author\":{\"name\":\"cfeditorfr\",\"@id\":\"https:\/\/www.africa-press.net\/cotedivoire\/#\/schema\/person\/2b1cf3cd81a31e3cd26889ca66d677f1\"},\"headline\":\"Bouak\u00e9, Amadou Kon\u00e9 pose la premi\u00e8re pierre de l&rsquo;usine BETA VEG OIL et invite les responsables du chantier \u00e0 travailler avec les jeunes de la r\u00e9gion\",\"datePublished\":\"2025-01-27T16:30:06+00:00\",\"mainEntityOfPage\":{\"@id\":\"https:\/\/www.africa-press.net\/cotedivoire\/politique\/bouake-amadou-kone-pose-la-premiere-pierre-de-lusine-beta-veg-oil-et-invite-les-responsables-du-chantier-a-travailler-avec-les-jeunes-de-la-region-2\"},\"wordCount\":577,\"commentCount\":0,\"image\":{\"@id\":\"https:\/\/www.africa-press.net\/cotedivoire\/politique\/bouake-amadou-kone-pose-la-premiere-pierre-de-lusine-beta-veg-oil-et-invite-les-responsables-du-chantier-a-travailler-avec-les-jeunes-de-la-region-2#primaryimage\"},\"thumbnailUrl\":\"https:\/\/static.africa-press.net\/cote\/sites\/43\/2025\/01\/sm_1737983012.944267.jpg\",\"keywords\":[\"BETA VEG OIL\",\"Bouak\u00e9\",\"C\u00f4te d'Ivoire\",\"Invest In Bouak\u00e9\",\"jeunes\"],\"articleSection\":[\"\u00c9conomie\",\"Toutes les actualit\u00e9s\"],\"inLanguage\":\"fr-FR\",\"potentialAction\":[{\"@type\":\"CommentAction\",\"name\":\"Comment\",\"target\":[\"https:\/\/www.africa-press.net\/cotedivoire\/politique\/bouake-amadou-kone-pose-la-premiere-pierre-de-lusine-beta-veg-oil-et-invite-les-responsables-du-chantier-a-travailler-avec-les-jeunes-de-la-region-2#respond\"]}]},{\"@type\":\"WebPage\",\"@id\":\"https:\/\/www.africa-press.net\/cotedivoire\/politique\/bouake-amadou-kone-pose-la-premiere-pierre-de-lusine-beta-veg-oil-et-invite-les-responsables-du-chantier-a-travailler-avec-les-jeunes-de-la-region-2\",\"url\":\"https:\/\/www.africa-press.net\/cotedivoire\/politique\/bouake-amadou-kone-pose-la-premiere-pierre-de-lusine-beta-veg-oil-et-invite-les-responsables-du-chantier-a-travailler-avec-les-jeunes-de-la-region-2\",\"name\":\"Bouak\u00e9, Amadou Kon\u00e9 pose la premi\u00e8re pierre de l'usine BETA VEG OIL et invite les responsables du chantier \u00e0 travailler avec les jeunes de la r\u00e9gion - C\u00f4te d&#039;Ivoire\",\"isPartOf\":{\"@id\":\"https:\/\/www.africa-press.net\/cotedivoire\/#website\"},\"primaryImageOfPage\":{\"@id\":\"https:\/\/www.africa-press.net\/cotedivoire\/politique\/bouake-amadou-kone-pose-la-premiere-pierre-de-lusine-beta-veg-oil-et-invite-les-responsables-du-chantier-a-travailler-avec-les-jeunes-de-la-region-2#primaryimage\"},\"image\":{\"@id\":\"https:\/\/www.africa-press.net\/cotedivoire\/politique\/bouake-amadou-kone-pose-la-premiere-pierre-de-lusine-beta-veg-oil-et-invite-les-responsables-du-chantier-a-travailler-avec-les-jeunes-de-la-region-2#primaryimage\"},\"thumbnailUrl\":\"https:\/\/static.africa-press.net\/cote\/sites\/43\/2025\/01\/sm_1737983012.944267.jpg\",\"datePublished\":\"2025-01-27T16:30:06+00:00\",\"author\":{\"@id\":\"https:\/\/www.africa-press.net\/cotedivoire\/#\/schema\/person\/2b1cf3cd81a31e3cd26889ca66d677f1\"},\"breadcrumb\":{\"@id\":\"https:\/\/www.africa-press.net\/cotedivoire\/politique\/bouake-amadou-kone-pose-la-premiere-pierre-de-lusine-beta-veg-oil-et-invite-les-responsables-du-chantier-a-travailler-avec-les-jeunes-de-la-region-2#breadcrumb\"},\"inLanguage\":\"fr-FR\",\"potentialAction\":[{\"@type\":\"ReadAction\",\"target\":[\"https:\/\/www.africa-press.net\/cotedivoire\/politique\/bouake-amadou-kone-pose-la-premiere-pierre-de-lusine-beta-veg-oil-et-invite-les-responsables-du-chantier-a-travailler-avec-les-jeunes-de-la-region-2\"]}]},{\"@type\":\"ImageObject\",\"inLanguage\":\"fr-FR\",\"@id\":\"https:\/\/www.africa-press.net\/cotedivoire\/politique\/bouake-amadou-kone-pose-la-premiere-pierre-de-lusine-beta-veg-oil-et-invite-les-responsables-du-chantier-a-travailler-avec-les-jeunes-de-la-region-2#primaryimage\",\"url\":\"https:\/\/static.africa-press.net\/cote\/sites\/43\/2025\/01\/sm_1737983012.944267.jpg\",\"contentUrl\":\"https:\/\/static.africa-press.net\/cote\/sites\/43\/2025\/01\/sm_1737983012.944267.jpg\",\"width\":720,\"height\":382,\"caption\":\"Bouak\u00e9, Amadou Kon\u00e9 pose la premi\u00e8re pierre de l'usine BETA VEG OIL et invite les responsables du chantier \u00e0 travailler avec les jeunes de la r\u00e9gion\"},{\"@type\":\"BreadcrumbList\",\"@id\":\"https:\/\/www.africa-press.net\/cotedivoire\/politique\/bouake-amadou-kone-pose-la-premiere-pierre-de-lusine-beta-veg-oil-et-invite-les-responsables-du-chantier-a-travailler-avec-les-jeunes-de-la-region-2#breadcrumb\",\"itemListElement\":[{\"@type\":\"ListItem\",\"position\":1,\"name\":\"Accueil\",\"item\":\"https:\/\/www.africa-press.net\/cotedivoire\/\"},{\"@type\":\"ListItem\",\"position\":2,\"name\":\"Bouak\u00e9, Amadou Kon\u00e9 pose la premi\u00e8re pierre de l&rsquo;usine BETA VEG OIL et invite les responsables du chantier \u00e0 travailler avec les jeunes de la r\u00e9gion\"}]},{\"@type\":\"WebSite\",\"@id\":\"https:\/\/www.africa-press.net\/cotedivoire\/#website\",\"url\":\"https:\/\/www.africa-press.net\/cotedivoire\/\",\"name\":\"C\u00f4te d&#039;Ivoire\",\"description\":\"Just another Africa News Agency Sites site\",\"potentialAction\":[{\"@type\":\"SearchAction\",\"target\":{\"@type\":\"EntryPoint\",\"urlTemplate\":\"https:\/\/www.africa-press.net\/cotedivoire\/?s={search_term_string}\"},\"query-input\":{\"@type\":\"PropertyValueSpecification\",\"valueRequired\":true,\"valueName\":\"search_term_string\"}}],\"inLanguage\":\"fr-FR\"},{\"@type\":\"Person\",\"@id\":\"https:\/\/www.africa-press.net\/cotedivoire\/#\/schema\/person\/2b1cf3cd81a31e3cd26889ca66d677f1\",\"name\":\"cfeditorfr\"}]}<\/script>\n<!-- \/ Yoast SEO Premium plugin. -->","yoast_head_json":{"title":"Bouak\u00e9, Amadou Kon\u00e9 pose la premi\u00e8re pierre de l'usine BETA VEG OIL et invite les responsables du chantier \u00e0 travailler avec les jeunes de la r\u00e9gion - C\u00f4te d&#039;Ivoire","robots":{"index":"index","follow":"follow","max-snippet":"max-snippet:-1","max-image-preview":"max-image-preview:large","max-video-preview":"max-video-preview:-1"},"canonical":"https:\/\/www.africa-press.net\/cotedivoire\/politique\/bouake-amadou-kone-pose-la-premiere-pierre-de-lusine-beta-veg-oil-et-invite-les-responsables-du-chantier-a-travailler-avec-les-jeunes-de-la-region-2","og_locale":"fr_FR","og_type":"article","og_title":"Bouak\u00e9, Amadou Kon\u00e9 pose la premi\u00e8re pierre de l'usine BETA VEG OIL et invite les responsables du chantier \u00e0 travailler avec les jeunes de la r\u00e9gion","og_description":"Africa-Press &#8211; C\u00f4te d&rsquo;Ivoire. Apre\u0300s sa prise de fonction comme premier magistrat de la commune de Bouake\u0301, le Maire Amadou Kone\u0301, dans la mise en \u0153uvre de son programme de\u0301nomme\u0301 \u00ab\u00a0Bouake\u0301 Nouveau\u00a0\u00bb et gra\u0302ce aux acquis du Forum \u00ab\u00a0Invest In Bouake\u0301\u00a0\u00bb tenu en marge de la CAN 2023, impulse une nouvelle dynamique au de\u0301veloppement local. [&hellip;]","og_url":"https:\/\/www.africa-press.net\/cotedivoire\/politique\/bouake-amadou-kone-pose-la-premiere-pierre-de-lusine-beta-veg-oil-et-invite-les-responsables-du-chantier-a-travailler-avec-les-jeunes-de-la-region-2","og_site_name":"C\u00f4te d&#039;Ivoire","article_published_time":"2025-01-27T16:30:06+00:00","author":"cfeditorfr","twitter_card":"summary_large_image","twitter_misc":{"\u00c9crit par":"cfeditorfr","Dur\u00e9e de lecture estim\u00e9e":"3 minutes"},"schema":{"@context":"https:\/\/schema.org","@graph":[{"@type":"Article","@id":"https:\/\/www.africa-press.net\/cotedivoire\/politique\/bouake-amadou-kone-pose-la-premiere-pierre-de-lusine-beta-veg-oil-et-invite-les-responsables-du-chantier-a-travailler-avec-les-jeunes-de-la-region-2#article","isPartOf":{"@id":"https:\/\/www.africa-press.net\/cotedivoire\/politique\/bouake-amadou-kone-pose-la-premiere-pierre-de-lusine-beta-veg-oil-et-invite-les-responsables-du-chantier-a-travailler-avec-les-jeunes-de-la-region-2"},"author":{"name":"cfeditorfr","@id":"https:\/\/www.africa-press.net\/cotedivoire\/#\/schema\/person\/2b1cf3cd81a31e3cd26889ca66d677f1"},"headline":"Bouak\u00e9, Amadou Kon\u00e9 pose la premi\u00e8re pierre de l&rsquo;usine BETA VEG OIL et invite les responsables du chantier \u00e0 travailler avec les jeunes de la r\u00e9gion","datePublished":"2025-01-27T16:30:06+00:00","mainEntityOfPage":{"@id":"https:\/\/www.africa-press.net\/cotedivoire\/politique\/bouake-amadou-kone-pose-la-premiere-pierre-de-lusine-beta-veg-oil-et-invite-les-responsables-du-chantier-a-travailler-avec-les-jeunes-de-la-region-2"},"wordCount":577,"commentCount":0,"image":{"@id":"https:\/\/www.africa-press.net\/cotedivoire\/politique\/bouake-amadou-kone-pose-la-premiere-pierre-de-lusine-beta-veg-oil-et-invite-les-responsables-du-chantier-a-travailler-avec-les-jeunes-de-la-region-2#primaryimage"},"thumbnailUrl":"https:\/\/static.africa-press.net\/cote\/sites\/43\/2025\/01\/sm_1737983012.944267.jpg","keywords":["BETA VEG OIL","Bouak\u00e9","C\u00f4te d'Ivoire","Invest In Bouak\u00e9","jeunes"],"articleSection":["\u00c9conomie","Toutes les actualit\u00e9s"],"inLanguage":"fr-FR","potentialAction":[{"@type":"CommentAction","name":"Comment","target":["https:\/\/www.africa-press.net\/cotedivoire\/politique\/bouake-amadou-kone-pose-la-premiere-pierre-de-lusine-beta-veg-oil-et-invite-les-responsables-du-chantier-a-travailler-avec-les-jeunes-de-la-region-2#respond"]}]},{"@type":"WebPage","@id":"https:\/\/www.africa-press.net\/cotedivoire\/politique\/bouake-amadou-kone-pose-la-premiere-pierre-de-lusine-beta-veg-oil-et-invite-les-responsables-du-chantier-a-travailler-avec-les-jeunes-de-la-region-2","url":"https:\/\/www.africa-press.net\/cotedivoire\/politique\/bouake-amadou-kone-pose-la-premiere-pierre-de-lusine-beta-veg-oil-et-invite-les-responsables-du-chantier-a-travailler-avec-les-jeunes-de-la-region-2","name":"Bouak\u00e9, Amadou Kon\u00e9 pose la premi\u00e8re pierre de l'usine BETA VEG OIL et invite les responsables du chantier \u00e0 travailler avec les jeunes de la r\u00e9gion - C\u00f4te d&#039;Ivoire","isPartOf":{"@id":"https:\/\/www.africa-press.net\/cotedivoire\/#website"},"primaryImageOfPage":{"@id":"https:\/\/www.africa-press.net\/cotedivoire\/politique\/bouake-amadou-kone-pose-la-premiere-pierre-de-lusine-beta-veg-oil-et-invite-les-responsables-du-chantier-a-travailler-avec-les-jeunes-de-la-region-2#primaryimage"},"image":{"@id":"https:\/\/www.africa-press.net\/cotedivoire\/politique\/bouake-amadou-kone-pose-la-premiere-pierre-de-lusine-beta-veg-oil-et-invite-les-responsables-du-chantier-a-travailler-avec-les-jeunes-de-la-region-2#primaryimage"},"thumbnailUrl":"https:\/\/static.africa-press.net\/cote\/sites\/43\/2025\/01\/sm_1737983012.944267.jpg","datePublished":"2025-01-27T16:30:06+00:00","author":{"@id":"https:\/\/www.africa-press.net\/cotedivoire\/#\/schema\/person\/2b1cf3cd81a31e3cd26889ca66d677f1"},"breadcrumb":{"@id":"https:\/\/www.africa-press.net\/cotedivoire\/politique\/bouake-amadou-kone-pose-la-premiere-pierre-de-lusine-beta-veg-oil-et-invite-les-responsables-du-chantier-a-travailler-avec-les-jeunes-de-la-region-2#breadcrumb"},"inLanguage":"fr-FR","potentialAction":[{"@type":"ReadAction","target":["https:\/\/www.africa-press.net\/cotedivoire\/politique\/bouake-amadou-kone-pose-la-premiere-pierre-de-lusine-beta-veg-oil-et-invite-les-responsables-du-chantier-a-travailler-avec-les-jeunes-de-la-region-2"]}]},{"@type":"ImageObject","inLanguage":"fr-FR","@id":"https:\/\/www.africa-press.net\/cotedivoire\/politique\/bouake-amadou-kone-pose-la-premiere-pierre-de-lusine-beta-veg-oil-et-invite-les-responsables-du-chantier-a-travailler-avec-les-jeunes-de-la-region-2#primaryimage","url":"https:\/\/static.africa-press.net\/cote\/sites\/43\/2025\/01\/sm_1737983012.944267.jpg","contentUrl":"https:\/\/static.africa-press.net\/cote\/sites\/43\/2025\/01\/sm_1737983012.944267.jpg","width":720,"height":382,"caption":"Bouak\u00e9, Amadou Kon\u00e9 pose la premi\u00e8re pierre de l'usine BETA VEG OIL et invite les responsables du chantier \u00e0 travailler avec les jeunes de la r\u00e9gion"},{"@type":"BreadcrumbList","@id":"https:\/\/www.africa-press.net\/cotedivoire\/politique\/bouake-amadou-kone-pose-la-premiere-pierre-de-lusine-beta-veg-oil-et-invite-les-responsables-du-chantier-a-travailler-avec-les-jeunes-de-la-region-2#breadcrumb","itemListElement":[{"@type":"ListItem","position":1,"name":"Accueil","item":"https:\/\/www.africa-press.net\/cotedivoire\/"},{"@type":"ListItem","position":2,"name":"Bouak\u00e9, Amadou Kon\u00e9 pose la premi\u00e8re pierre de l&rsquo;usine BETA VEG OIL et invite les responsables du chantier \u00e0 travailler avec les jeunes de la r\u00e9gion"}]},{"@type":"WebSite","@id":"https:\/\/www.africa-press.net\/cotedivoire\/#website","url":"https:\/\/www.africa-press.net\/cotedivoire\/","name":"C\u00f4te d&#039;Ivoire","description":"Just another Africa News Agency Sites site","potentialAction":[{"@type":"SearchAction","target":{"@type":"EntryPoint","urlTemplate":"https:\/\/www.africa-press.net\/cotedivoire\/?s={search_term_string}"},"query-input":{"@type":"PropertyValueSpecification","valueRequired":true,"valueName":"search_term_string"}}],"inLanguage":"fr-FR"},{"@type":"Person","@id":"https:\/\/www.africa-press.net\/cotedivoire\/#\/schema\/person\/2b1cf3cd81a31e3cd26889ca66d677f1","name":"cfeditorfr"}]}},"_links":{"self":[{"href":"https:\/\/www.africa-press.net\/cotedivoire\/wp-json\/wp\/v2\/posts\/94269","targetHints":{"allow":["GET"]}}],"collection":[{"href":"https:\/\/www.africa-press.net\/cotedivoire\/wp-json\/wp\/v2\/posts"}],"about":[{"href":"https:\/\/www.africa-press.net\/cotedivoire\/wp-json\/wp\/v2\/types\/post"}],"author":[{"embeddable":true,"href":"https:\/\/www.africa-press.net\/cotedivoire\/wp-json\/wp\/v2\/users\/82"}],"replies":[{"embeddable":true,"href":"https:\/\/www.africa-press.net\/cotedivoire\/wp-json\/wp\/v2\/comments?post=94269"}],"version-history":[{"count":0,"href":"https:\/\/www.africa-press.net\/cotedivoire\/wp-json\/wp\/v2\/posts\/94269\/revisions"}],"wp:featuredmedia":[{"embeddable":true,"href":"https:\/\/www.africa-press.net\/cotedivoire\/wp-json\/wp\/v2\/media\/94268"}],"wp:attachment":[{"href":"https:\/\/www.africa-press.net\/cotedivoire\/wp-json\/wp\/v2\/media?parent=94269"}],"wp:term":[{"taxonomy":"category","embeddable":true,"href":"https:\/\/www.africa-press.net\/cotedivoire\/wp-json\/wp\/v2\/categories?post=94269"},{"taxonomy":"post_tag","embeddable":true,"href":"https:\/\/www.africa-press.net\/cotedivoire\/wp-json\/wp\/v2\/tags?post=94269"}],"curies":[{"name":"wp","href":"https:\/\/api.w.org\/{rel}","templated":true}]}}