{"id":9429,"date":"2021-06-25T16:14:20","date_gmt":"2021-06-25T16:14:20","guid":{"rendered":"https:\/\/www.africa-press.net\/cotedivoire\/?p=9429"},"modified":"2021-06-25T16:19:09","modified_gmt":"2021-06-25T16:19:09","slug":"en-cote-divoire-les-fausses-promesses-de-reconciliation","status":"publish","type":"post","link":"https:\/\/www.africa-press.net\/cotedivoire\/dossiers\/en-cote-divoire-les-fausses-promesses-de-reconciliation","title":{"rendered":"les fausses promesses de r\u00e9conciliation"},"content":{"rendered":"<p><span style=\"color: #ff6600\"><strong><a href=\"https:\/\/www.africa-press.net\/\">Africa-Press<\/a> &#8211; <a href=\"https:\/\/www.africa-press.net\/cotedivoire\">C\u00f4te d&rsquo;Ivoire<\/a>. <\/strong><\/span>R\u00e9conciliation, le mot est aujourd\u2019hui sur les l\u00e8vres de tous les responsables politiques ivoiriens, dirigeants comme opposants. Alassane Ouattara, Laurent Gbagbo et Henri Konan B\u00e9di\u00e9, qui depuis pr\u00e8s de trente ans recuisent inlassablement leur haine pour le plus grand malheur de leur pays, en ont partag\u00e9 la promesse, mais avec quelle sinc\u00e9rit\u00e9, quelles intentions profondes ?<\/p>\n<p>Le pr\u00e9sident Ouattara dit avoir accept\u00e9 en son nom le retour en C\u00f4te d\u2019Ivoire de Laurent Gbagbo, devenu effectif le 17 juin. Mais apr\u00e8s que la Cour p\u00e9nale internationale (CPI) a acquitt\u00e9 son pr\u00e9d\u00e9cesseur des accusations de crimes de guerre et de crimes contre l\u2019humanit\u00e9, le 31 mars, le chef de l\u2019Etat n\u2019avait d\u2019autre choix que de consentir \u00e0 ce rapatriement qu\u2019il esp\u00e9rait ne jamais voir se r\u00e9aliser.<\/p>\n<p>A d\u00e9faut de pouvoir emp\u00eacher Laurent Gbagbo, pr\u00eat \u00e0 braver les menaces d\u2019arrestation \u00e0 son arriv\u00e9e, de revenir sur sa terre natale, Alassane Ouattara s\u2019est donc r\u00e9solu \u00e0 encadrer au maximum son retour et \u00e0 faire en sorte qu\u2019il se d\u00e9roule selon son calendrier. De la d\u00e9livrance des passeports de l\u2019ancien chef d\u2019Etat \u00e0 son accueil \u00e0 Abidjan o\u00f9 la foule de ses partisans a \u00e9t\u00e9 consciencieusement emp\u00each\u00e9e de venir saluer son champion, le pouvoir a d\u00e9montr\u00e9 qu\u2019il ne ferait aucun cadeau au plus mobilisateur de ses adversaires.<\/p>\n<p><b>Ruptures sentimentale et politique<\/b><\/p>\n<p>Alassane Ouattara, 79 ans, a vu, en octobre 2020, son aura ternie par son \u00e9lection \u00e0 un troisi\u00e8me mandat \u00e0 la l\u00e9gitimit\u00e9 contest\u00e9e et entach\u00e9e de violences, \u00ab mais il ne laissera personne entraver son projet pour la C\u00f4te d\u2019Ivoire. Pour lui, l\u2019ordre et la s\u00e9curit\u00e9 pr\u00e9c\u00e8dent le d\u00e9veloppement \u00e9conomique \u00bb, pr\u00e9vient l\u2019un de ses proches, rappelant que \u00ab s\u2019il a ouvert le jeu politique lors des l\u00e9gislatives [en mars], puis avec le retour de Laurent Gbagbo, il a encore pour lui la justice, la police, l\u2019arm\u00e9e et le soutien de la communaut\u00e9 internationale \u00bb. Autant d\u2019instruments qu\u2019il n\u2019h\u00e9site pas \u00e0 utiliser au besoin.<\/p>\n<p>Guillaume Soro vient d\u2019en faire l\u2019am\u00e8re exp\u00e9rience. Pour avoir voulu s\u2019\u00e9manciper trop vite de celui pour lequel il avait combattu en tant que chef rebelle avant d\u2019appeler ouvertement \u00e0 son renversement lors de la pr\u00e9sidentielle d\u2019octobre 2020, le tribunal criminel d\u2019Abidjan l\u2019a condamn\u00e9 par contumace, le 23 juin, \u00e0 la prison \u00e0 vie pour tentative d\u2019atteinte \u00e0 l\u2019autorit\u00e9 de l\u2019Etat.<\/p>\n<p>Alassane Ouattara usera-t-il \u00e9galement de la menace judiciaire pour tenter d\u2019\u00e9teindre les ambitions politiques de Laurent Gbagbo ? La tentation est l\u00e0, alors qu\u2019une condamnation \u00e0 vingt ans de r\u00e9clusion a d\u00e9j\u00e0 \u00e9t\u00e9 prononc\u00e9e contre l\u2019ancien pr\u00e9sident. Mais sa mise \u00e0 ex\u00e9cution ou sa simple utilisation pour le disqualifier d\u2019une joute \u00e9lectorale est un pari \u00e0 tr\u00e8s haut risque.<\/p>\n<p>Depuis son retour, Laurent Gbagbo n\u2019a rien dit de ses volont\u00e9s mais il a de fait repris l\u2019initiative. A 76 ans, le \u00ab woody \u00bb \u2013 le \u00ab gar\u00e7on vaillant \u00bb en b\u00e9t\u00e9, la langue de sa communaut\u00e9 \u2013 s\u2019est tout d\u2019abord consacr\u00e9 \u00e0 d\u00e9buter une proc\u00e9dure de divorce d\u2019avec son \u00e9pouse Simone. La s\u00e9paration sentimentale de ce couple forg\u00e9 dans la duret\u00e9 de la lutte pour le pouvoir et la violence pour sa conservation est act\u00e9e depuis longtemps, mais la rupture est aussi politique avec celle qui incarnait la tendance la plus irr\u00e9ductible de son r\u00e9gime, m\u00e9lange de mysticisme \u00e9vang\u00e9liste et d\u2019ultranationalisme. A tous ses proches, Laurent Gbagbo confie qu\u2019il n\u2019est pas dans la ranc\u0153ur, la vengeance personnelle, mais que son combat n\u2019est pas achev\u00e9. \u00ab Il a la d\u00e9mangeaison permanente de la politique. Elle est son repas quotidien \u00bb, souffle l\u2019un de ses amis depuis leurs ann\u00e9es universitaires.<\/p>\n<p><b>\u00ab R\u00e9conciliation dans l\u2019impunit\u00e9 \u00bb<\/b><\/p>\n<p><b>\u00ab Pour lui, le prix de la r\u00e9conciliation est l\u2019alternance \u00bb,<\/b><\/p>\n<p>ajoute l\u2019un de ses confidents. Mais, pour y parvenir, encore faudra-t-il \u00e9prouver la solidit\u00e9 de sa nouvelle alliance avec l\u2019ex-pr\u00e9sident Henri Konan B\u00e9di\u00e9 (1993-1999). A 87 ans, lui non plus n\u2019a pas renonc\u00e9 \u00e0 reconqu\u00e9rir le fauteuil qu\u2019il avait abandonn\u00e9 lors du putsch du 24 d\u00e9cembre 1999.<\/p>\n<p>Depuis cette date, la vie politique locale tient sur une r\u00e9flexion simple et improductive : celle que la chute du pouvoir en place offrira les conditions n\u00e9cessaires \u00e0 la r\u00e9conciliation des Ivoiriens. Si toutes les unions ont d\u00e9j\u00e0 \u00e9t\u00e9 \u00e9prouv\u00e9es entre ces trois hommes, qui agr\u00e8gent sur eux les votes venus principalement de leurs fiefs r\u00e9gionaux et communautaires, aucun n\u2019a jusqu\u2019ici os\u00e9 franchir le pas d\u2019une demande de pardon \u00e0 l\u2019ensemble de la nation. \u00ab On nous a men\u00e9s depuis le d\u00e9but une guerre injuste. Il y a eu des rat\u00e9s dans la gestion du pouvoir mais nous sommes les victimes. On ne peut consid\u00e9rer que nous sommes au m\u00eame niveau de responsabilit\u00e9 et de culpabilit\u00e9 que ceux qui sont all\u00e9s arm\u00e9s aux \u00e9lections en 2010 \u00bb, clame ainsi Justin Kon\u00e9 Katinan, le porte-parole de Laurent Gbagbo.<\/p>\n<p><b>\u00ab Depuis la crise post-\u00e9lectorale de 2010-2011<\/b><\/p>\n<p>\u2013 dont le bilan officiel est de plus de 3 200 morts \u2013, jamais n\u2019a \u00e9t\u00e9 pos\u00e9e la question : \u201cComment en sommes-nous arriv\u00e9s l\u00e0 ?\u201d Chacun se dit victime en d\u00e9victimisant l\u2019autre, les imaginaires de la crise sont rest\u00e9s intacts. On dit \u201cplus jamais \u00e7a\u201d, mais aucun des camps ne questionne quel est ce \u201c\u00e7a\u201d, d\u00e9crypte le sociologue Francis Akind\u00e8s. Au final, nous faisons l\u2019exp\u00e9rience d\u2019une r\u00e9conciliation dans l\u2019impunit\u00e9, une normalisation sans comprendre ce qui nous est arriv\u00e9. \u00bb<\/p>\n<p>La lassitude des Ivoiriens est aujourd\u2019hui devenue le meilleur garant de la paix, mais le potentiel de violence est toujours l\u00e0. Le \u00ab boycott actif \u00bb de la derni\u00e8re \u00e9lection pr\u00e9sidentielle et les 87 morts qui l\u2019ont accompagn\u00e9 en ont \u00e9t\u00e9 le plus r\u00e9cent r\u00e9v\u00e9lateur. Les racines profondes de la crise n\u2019ont pas \u00e9t\u00e9 trait\u00e9es, en premier lieu celles sur l\u2019identit\u00e9 dans un pays o\u00f9 le quart de la population est natif d\u2019autres Etats de la r\u00e9gion. La guerre, les changements climatiques, l\u2019absence de perspectives dans les pays du Sahel continuent d\u2019alimenter le flux migratoire vers la nation environnante la plus prosp\u00e8re.<\/p>\n<p>Aimant r\u00e9gional, la C\u00f4te d\u2019Ivoire doit d\u00e9sormais faire face \u00e0 une menace djihadiste qui n\u2019est plus cantonn\u00e9e aux fronti\u00e8res mais s\u2019est install\u00e9e en son sein. Dans la r\u00e9gion du Bounkani, au nord-est du pays, les forces arm\u00e9es ont subi quatre attaques en deux mois. Un test brutal pour la capacit\u00e9 de r\u00e9action de la C\u00f4te d\u2019Ivoire, mais aussi une mise \u00e0 l\u2019\u00e9preuve de ses trois leaders, tous octog\u00e9naires ou presque, qui continuent de penser \u00e0 leur avenir politique.<\/p>\n","protected":false},"excerpt":{"rendered":"<p>Africa-Press &#8211; C\u00f4te d&rsquo;Ivoire. R\u00e9conciliation, le mot est aujourd\u2019hui sur les l\u00e8vres de tous les responsables politiques ivoiriens, dirigeants comme opposants. Alassane Ouattara, Laurent Gbagbo et Henri Konan B\u00e9di\u00e9, qui depuis pr\u00e8s de trente ans recuisent inlassablement leur haine pour le plus grand malheur de leur pays, en ont partag\u00e9 la promesse, mais avec quelle [&hellip;]<\/p>\n","protected":false},"author":82,"featured_media":9428,"comment_status":"open","ping_status":"closed","sticky":false,"template":"","format":"standard","meta":{"footnotes":""},"categories":[7,11,20,10],"tags":[56,63,29],"class_list":["post-9429","post","type-post","status-publish","format-standard","has-post-thumbnail","hentry","category-dossiers","category-homepage-french","category-top-nouvelles","category-toutes-les-actualites","tag-africa-press","tag-africa-press-cote-divoire","tag-cote-divoire"],"yoast_head":"<!-- This site is optimized with the Yoast SEO Premium plugin v26.1 (Yoast SEO v27.0) - https:\/\/yoast.com\/product\/yoast-seo-premium-wordpress\/ -->\n<title>les fausses promesses de r\u00e9conciliation - C\u00f4te d&#039;Ivoire<\/title>\n<meta name=\"description\" content=\"R\u00e9conciliation, le mot est aujourd\u2019hui sur les l\u00e8vres de tous les responsables politiques ivoiriens, dirigeants comme op ...\" \/>\n<meta name=\"robots\" content=\"index, follow, max-snippet:-1, max-image-preview:large, max-video-preview:-1\" \/>\n<link rel=\"canonical\" href=\"https:\/\/www.africa-press.net\/cotedivoire\/dossiers\/en-cote-divoire-les-fausses-promesses-de-reconciliation\" \/>\n<meta property=\"og:locale\" content=\"fr_FR\" \/>\n<meta property=\"og:type\" content=\"article\" \/>\n<meta property=\"og:title\" content=\"les fausses promesses de r\u00e9conciliation\" \/>\n<meta property=\"og:description\" content=\"R\u00e9conciliation, le mot est aujourd\u2019hui sur les l\u00e8vres de tous les responsables politiques ivoiriens, dirigeants comme op ...\" \/>\n<meta property=\"og:url\" content=\"https:\/\/www.africa-press.net\/cotedivoire\/dossiers\/en-cote-divoire-les-fausses-promesses-de-reconciliation\" \/>\n<meta property=\"og:site_name\" content=\"C\u00f4te d&#039;Ivoire\" \/>\n<meta property=\"article:published_time\" content=\"2021-06-25T16:14:20+00:00\" \/>\n<meta property=\"article:modified_time\" content=\"2021-06-25T16:19:09+00:00\" \/>\n<meta property=\"og:image\" content=\"https:\/\/static.africa-press.net\/cote\/sites\/43\/2021\/06\/img-60d5ffa061fdd.jpg\" \/>\n\t<meta property=\"og:image:width\" content=\"1440\" \/>\n\t<meta property=\"og:image:height\" content=\"720\" \/>\n\t<meta property=\"og:image:type\" content=\"image\/jpeg\" \/>\n<meta name=\"author\" content=\"cfeditorfr\" \/>\n<meta name=\"twitter:card\" content=\"summary_large_image\" \/>\n<meta name=\"twitter:label1\" content=\"\u00c9crit par\" \/>\n\t<meta name=\"twitter:data1\" content=\"cfeditorfr\" \/>\n\t<meta name=\"twitter:label2\" content=\"Dur\u00e9e de lecture estim\u00e9e\" \/>\n\t<meta name=\"twitter:data2\" content=\"6 minutes\" \/>\n<script type=\"application\/ld+json\" class=\"yoast-schema-graph\">{\"@context\":\"https:\/\/schema.org\",\"@graph\":[{\"@type\":\"Article\",\"@id\":\"https:\/\/www.africa-press.net\/cotedivoire\/dossiers\/en-cote-divoire-les-fausses-promesses-de-reconciliation#article\",\"isPartOf\":{\"@id\":\"https:\/\/www.africa-press.net\/cotedivoire\/dossiers\/en-cote-divoire-les-fausses-promesses-de-reconciliation\"},\"author\":{\"name\":\"cfeditorfr\",\"@id\":\"https:\/\/www.africa-press.net\/cotedivoire\/#\/schema\/person\/2b1cf3cd81a31e3cd26889ca66d677f1\"},\"headline\":\"les fausses promesses de r\u00e9conciliation\",\"datePublished\":\"2021-06-25T16:14:20+00:00\",\"dateModified\":\"2021-06-25T16:19:09+00:00\",\"mainEntityOfPage\":{\"@id\":\"https:\/\/www.africa-press.net\/cotedivoire\/dossiers\/en-cote-divoire-les-fausses-promesses-de-reconciliation\"},\"wordCount\":1180,\"commentCount\":0,\"image\":{\"@id\":\"https:\/\/www.africa-press.net\/cotedivoire\/dossiers\/en-cote-divoire-les-fausses-promesses-de-reconciliation#primaryimage\"},\"thumbnailUrl\":\"https:\/\/static.africa-press.net\/cote\/sites\/43\/2021\/06\/img-60d5ffa061fdd.jpg\",\"keywords\":[\"Africa Press\",\"Africa Press-C\u00f4te d'Ivoire\",\"C\u00d4TE D'IVOIRE\"],\"articleSection\":[\"Dossiers\",\"homepage-french\",\"Top Nouvelles\",\"Toutes les actualit\u00e9s\"],\"inLanguage\":\"fr-FR\",\"potentialAction\":[{\"@type\":\"CommentAction\",\"name\":\"Comment\",\"target\":[\"https:\/\/www.africa-press.net\/cotedivoire\/dossiers\/en-cote-divoire-les-fausses-promesses-de-reconciliation#respond\"]}]},{\"@type\":\"WebPage\",\"@id\":\"https:\/\/www.africa-press.net\/cotedivoire\/dossiers\/en-cote-divoire-les-fausses-promesses-de-reconciliation\",\"url\":\"https:\/\/www.africa-press.net\/cotedivoire\/dossiers\/en-cote-divoire-les-fausses-promesses-de-reconciliation\",\"name\":\"les fausses promesses de r\u00e9conciliation - C\u00f4te d&#039;Ivoire\",\"isPartOf\":{\"@id\":\"https:\/\/www.africa-press.net\/cotedivoire\/#website\"},\"primaryImageOfPage\":{\"@id\":\"https:\/\/www.africa-press.net\/cotedivoire\/dossiers\/en-cote-divoire-les-fausses-promesses-de-reconciliation#primaryimage\"},\"image\":{\"@id\":\"https:\/\/www.africa-press.net\/cotedivoire\/dossiers\/en-cote-divoire-les-fausses-promesses-de-reconciliation#primaryimage\"},\"thumbnailUrl\":\"https:\/\/static.africa-press.net\/cote\/sites\/43\/2021\/06\/img-60d5ffa061fdd.jpg\",\"datePublished\":\"2021-06-25T16:14:20+00:00\",\"dateModified\":\"2021-06-25T16:19:09+00:00\",\"author\":{\"@id\":\"https:\/\/www.africa-press.net\/cotedivoire\/#\/schema\/person\/2b1cf3cd81a31e3cd26889ca66d677f1\"},\"description\":\"R\u00e9conciliation, le mot est aujourd\u2019hui sur les l\u00e8vres de tous les responsables politiques ivoiriens, dirigeants comme op ...\",\"breadcrumb\":{\"@id\":\"https:\/\/www.africa-press.net\/cotedivoire\/dossiers\/en-cote-divoire-les-fausses-promesses-de-reconciliation#breadcrumb\"},\"inLanguage\":\"fr-FR\",\"potentialAction\":[{\"@type\":\"ReadAction\",\"target\":[\"https:\/\/www.africa-press.net\/cotedivoire\/dossiers\/en-cote-divoire-les-fausses-promesses-de-reconciliation\"]}]},{\"@type\":\"ImageObject\",\"inLanguage\":\"fr-FR\",\"@id\":\"https:\/\/www.africa-press.net\/cotedivoire\/dossiers\/en-cote-divoire-les-fausses-promesses-de-reconciliation#primaryimage\",\"url\":\"https:\/\/static.africa-press.net\/cote\/sites\/43\/2021\/06\/img-60d5ffa061fdd.jpg\",\"contentUrl\":\"https:\/\/static.africa-press.net\/cote\/sites\/43\/2021\/06\/img-60d5ffa061fdd.jpg\",\"width\":1440,\"height\":720,\"caption\":\"En C\u00f4te d\u2019Ivoire, les fausses promesses de r\u00e9conciliation\"},{\"@type\":\"BreadcrumbList\",\"@id\":\"https:\/\/www.africa-press.net\/cotedivoire\/dossiers\/en-cote-divoire-les-fausses-promesses-de-reconciliation#breadcrumb\",\"itemListElement\":[{\"@type\":\"ListItem\",\"position\":1,\"name\":\"Accueil\",\"item\":\"https:\/\/www.africa-press.net\/cotedivoire\/\"},{\"@type\":\"ListItem\",\"position\":2,\"name\":\"les fausses promesses de r\u00e9conciliation\"}]},{\"@type\":\"WebSite\",\"@id\":\"https:\/\/www.africa-press.net\/cotedivoire\/#website\",\"url\":\"https:\/\/www.africa-press.net\/cotedivoire\/\",\"name\":\"C\u00f4te d&#039;Ivoire\",\"description\":\"Just another Africa News Agency Sites site\",\"potentialAction\":[{\"@type\":\"SearchAction\",\"target\":{\"@type\":\"EntryPoint\",\"urlTemplate\":\"https:\/\/www.africa-press.net\/cotedivoire\/?s={search_term_string}\"},\"query-input\":{\"@type\":\"PropertyValueSpecification\",\"valueRequired\":true,\"valueName\":\"search_term_string\"}}],\"inLanguage\":\"fr-FR\"},{\"@type\":\"Person\",\"@id\":\"https:\/\/www.africa-press.net\/cotedivoire\/#\/schema\/person\/2b1cf3cd81a31e3cd26889ca66d677f1\",\"name\":\"cfeditorfr\"}]}<\/script>\n<!-- \/ Yoast SEO Premium plugin. -->","yoast_head_json":{"title":"les fausses promesses de r\u00e9conciliation - C\u00f4te d&#039;Ivoire","description":"R\u00e9conciliation, le mot est aujourd\u2019hui sur les l\u00e8vres de tous les responsables politiques ivoiriens, dirigeants comme op ...","robots":{"index":"index","follow":"follow","max-snippet":"max-snippet:-1","max-image-preview":"max-image-preview:large","max-video-preview":"max-video-preview:-1"},"canonical":"https:\/\/www.africa-press.net\/cotedivoire\/dossiers\/en-cote-divoire-les-fausses-promesses-de-reconciliation","og_locale":"fr_FR","og_type":"article","og_title":"les fausses promesses de r\u00e9conciliation","og_description":"R\u00e9conciliation, le mot est aujourd\u2019hui sur les l\u00e8vres de tous les responsables politiques ivoiriens, dirigeants comme op ...","og_url":"https:\/\/www.africa-press.net\/cotedivoire\/dossiers\/en-cote-divoire-les-fausses-promesses-de-reconciliation","og_site_name":"C\u00f4te d&#039;Ivoire","article_published_time":"2021-06-25T16:14:20+00:00","article_modified_time":"2021-06-25T16:19:09+00:00","og_image":[{"width":1440,"height":720,"url":"https:\/\/static.africa-press.net\/cote\/sites\/43\/2021\/06\/img-60d5ffa061fdd.jpg","type":"image\/jpeg"}],"author":"cfeditorfr","twitter_card":"summary_large_image","twitter_misc":{"\u00c9crit par":"cfeditorfr","Dur\u00e9e de lecture estim\u00e9e":"6 minutes"},"schema":{"@context":"https:\/\/schema.org","@graph":[{"@type":"Article","@id":"https:\/\/www.africa-press.net\/cotedivoire\/dossiers\/en-cote-divoire-les-fausses-promesses-de-reconciliation#article","isPartOf":{"@id":"https:\/\/www.africa-press.net\/cotedivoire\/dossiers\/en-cote-divoire-les-fausses-promesses-de-reconciliation"},"author":{"name":"cfeditorfr","@id":"https:\/\/www.africa-press.net\/cotedivoire\/#\/schema\/person\/2b1cf3cd81a31e3cd26889ca66d677f1"},"headline":"les fausses promesses de r\u00e9conciliation","datePublished":"2021-06-25T16:14:20+00:00","dateModified":"2021-06-25T16:19:09+00:00","mainEntityOfPage":{"@id":"https:\/\/www.africa-press.net\/cotedivoire\/dossiers\/en-cote-divoire-les-fausses-promesses-de-reconciliation"},"wordCount":1180,"commentCount":0,"image":{"@id":"https:\/\/www.africa-press.net\/cotedivoire\/dossiers\/en-cote-divoire-les-fausses-promesses-de-reconciliation#primaryimage"},"thumbnailUrl":"https:\/\/static.africa-press.net\/cote\/sites\/43\/2021\/06\/img-60d5ffa061fdd.jpg","keywords":["Africa Press","Africa Press-C\u00f4te d'Ivoire","C\u00d4TE D'IVOIRE"],"articleSection":["Dossiers","homepage-french","Top Nouvelles","Toutes les actualit\u00e9s"],"inLanguage":"fr-FR","potentialAction":[{"@type":"CommentAction","name":"Comment","target":["https:\/\/www.africa-press.net\/cotedivoire\/dossiers\/en-cote-divoire-les-fausses-promesses-de-reconciliation#respond"]}]},{"@type":"WebPage","@id":"https:\/\/www.africa-press.net\/cotedivoire\/dossiers\/en-cote-divoire-les-fausses-promesses-de-reconciliation","url":"https:\/\/www.africa-press.net\/cotedivoire\/dossiers\/en-cote-divoire-les-fausses-promesses-de-reconciliation","name":"les fausses promesses de r\u00e9conciliation - C\u00f4te d&#039;Ivoire","isPartOf":{"@id":"https:\/\/www.africa-press.net\/cotedivoire\/#website"},"primaryImageOfPage":{"@id":"https:\/\/www.africa-press.net\/cotedivoire\/dossiers\/en-cote-divoire-les-fausses-promesses-de-reconciliation#primaryimage"},"image":{"@id":"https:\/\/www.africa-press.net\/cotedivoire\/dossiers\/en-cote-divoire-les-fausses-promesses-de-reconciliation#primaryimage"},"thumbnailUrl":"https:\/\/static.africa-press.net\/cote\/sites\/43\/2021\/06\/img-60d5ffa061fdd.jpg","datePublished":"2021-06-25T16:14:20+00:00","dateModified":"2021-06-25T16:19:09+00:00","author":{"@id":"https:\/\/www.africa-press.net\/cotedivoire\/#\/schema\/person\/2b1cf3cd81a31e3cd26889ca66d677f1"},"description":"R\u00e9conciliation, le mot est aujourd\u2019hui sur les l\u00e8vres de tous les responsables politiques ivoiriens, dirigeants comme op ...","breadcrumb":{"@id":"https:\/\/www.africa-press.net\/cotedivoire\/dossiers\/en-cote-divoire-les-fausses-promesses-de-reconciliation#breadcrumb"},"inLanguage":"fr-FR","potentialAction":[{"@type":"ReadAction","target":["https:\/\/www.africa-press.net\/cotedivoire\/dossiers\/en-cote-divoire-les-fausses-promesses-de-reconciliation"]}]},{"@type":"ImageObject","inLanguage":"fr-FR","@id":"https:\/\/www.africa-press.net\/cotedivoire\/dossiers\/en-cote-divoire-les-fausses-promesses-de-reconciliation#primaryimage","url":"https:\/\/static.africa-press.net\/cote\/sites\/43\/2021\/06\/img-60d5ffa061fdd.jpg","contentUrl":"https:\/\/static.africa-press.net\/cote\/sites\/43\/2021\/06\/img-60d5ffa061fdd.jpg","width":1440,"height":720,"caption":"En C\u00f4te d\u2019Ivoire, les fausses promesses de r\u00e9conciliation"},{"@type":"BreadcrumbList","@id":"https:\/\/www.africa-press.net\/cotedivoire\/dossiers\/en-cote-divoire-les-fausses-promesses-de-reconciliation#breadcrumb","itemListElement":[{"@type":"ListItem","position":1,"name":"Accueil","item":"https:\/\/www.africa-press.net\/cotedivoire\/"},{"@type":"ListItem","position":2,"name":"les fausses promesses de r\u00e9conciliation"}]},{"@type":"WebSite","@id":"https:\/\/www.africa-press.net\/cotedivoire\/#website","url":"https:\/\/www.africa-press.net\/cotedivoire\/","name":"C\u00f4te d&#039;Ivoire","description":"Just another Africa News Agency Sites site","potentialAction":[{"@type":"SearchAction","target":{"@type":"EntryPoint","urlTemplate":"https:\/\/www.africa-press.net\/cotedivoire\/?s={search_term_string}"},"query-input":{"@type":"PropertyValueSpecification","valueRequired":true,"valueName":"search_term_string"}}],"inLanguage":"fr-FR"},{"@type":"Person","@id":"https:\/\/www.africa-press.net\/cotedivoire\/#\/schema\/person\/2b1cf3cd81a31e3cd26889ca66d677f1","name":"cfeditorfr"}]}},"_links":{"self":[{"href":"https:\/\/www.africa-press.net\/cotedivoire\/wp-json\/wp\/v2\/posts\/9429","targetHints":{"allow":["GET"]}}],"collection":[{"href":"https:\/\/www.africa-press.net\/cotedivoire\/wp-json\/wp\/v2\/posts"}],"about":[{"href":"https:\/\/www.africa-press.net\/cotedivoire\/wp-json\/wp\/v2\/types\/post"}],"author":[{"embeddable":true,"href":"https:\/\/www.africa-press.net\/cotedivoire\/wp-json\/wp\/v2\/users\/82"}],"replies":[{"embeddable":true,"href":"https:\/\/www.africa-press.net\/cotedivoire\/wp-json\/wp\/v2\/comments?post=9429"}],"version-history":[{"count":0,"href":"https:\/\/www.africa-press.net\/cotedivoire\/wp-json\/wp\/v2\/posts\/9429\/revisions"}],"wp:featuredmedia":[{"embeddable":true,"href":"https:\/\/www.africa-press.net\/cotedivoire\/wp-json\/wp\/v2\/media\/9428"}],"wp:attachment":[{"href":"https:\/\/www.africa-press.net\/cotedivoire\/wp-json\/wp\/v2\/media?parent=9429"}],"wp:term":[{"taxonomy":"category","embeddable":true,"href":"https:\/\/www.africa-press.net\/cotedivoire\/wp-json\/wp\/v2\/categories?post=9429"},{"taxonomy":"post_tag","embeddable":true,"href":"https:\/\/www.africa-press.net\/cotedivoire\/wp-json\/wp\/v2\/tags?post=9429"}],"curies":[{"name":"wp","href":"https:\/\/api.w.org\/{rel}","templated":true}]}}