{"id":94298,"date":"2025-01-28T15:40:31","date_gmt":"2025-01-28T15:40:31","guid":{"rendered":"https:\/\/www.africa-press.net\/cotedivoire\/politique\/apres-le-tirage-au-sort-de-la-can-2025-reactions-demerse-fae-et-idriss-diallo"},"modified":"2025-01-28T15:40:31","modified_gmt":"2025-01-28T15:40:31","slug":"apres-le-tirage-au-sort-de-la-can-2025-reactions-demerse-fae-et-idriss-diallo","status":"publish","type":"post","link":"https:\/\/www.africa-press.net\/cotedivoire\/sports\/apres-le-tirage-au-sort-de-la-can-2025-reactions-demerse-fae-et-idriss-diallo","title":{"rendered":"Apr\u00e8s le tirage au sort de la CAN 2025, r\u00e9actions d&rsquo;Emerse Fa\u00e9 et Idriss Diallo"},"content":{"rendered":"<p><span style=\"color: #ff6600\"><strong>Africa-Press &#8211; C\u00f4te d&rsquo;Ivoire. <\/strong><\/span>Emerse Fae\u0301 et Idriss Diallo devront de\u0301fendre leur titre a\u0300 la CAN 2025 (DR)<\/p>\n<p>Le tirage au sort de la 35e\u0300 e\u0301dition de la CAN a eu lieu le lundi 27 janvier 2025 au Maroc. La Co\u0302te d\u2019Ivoire a he\u0301rite\u0301 le groupe F dans lequel se retrouve le Cameroun, le Gabon et le Mozambique.<\/p>\n<p>Apre\u0300s le tirage au sort, le Pre\u0301sident de la Fe\u0301de\u0301ration Ivoirienne de Football (FIF) Yacine Idriss Diallo et le Se\u0301lectionneur des Ele\u0301phants, Emerse Fae\u0301, ont re\u0301agi.<\/p>\n<p>Pour le premier responsable du football ivoirien, il faut respecter toutes ces e\u0301quipes sans en craindre aucune.<\/p>\n<p>\u00ab Nous sommes satisfaits du tirage au sort. De toute fac\u0327on, il n\u2019y a plus de petites e\u0301quipes. Quel que soit l\u2019adversaire qu\u2019on rencontre, on doit se pre\u0301parer pour pouvoir avancer. C\u2019est un tirage au sort avec de tre\u0300s bonnes e\u0301quipes dans notre poule. Nous devons e\u0302tre concentre\u0301s applique\u0301s et nous devons respecter toutes ces e\u0301quipes sans en craindre aucune pour que nous puissions arriver au meilleur re\u0301sultat \u00bb, a de\u0301clare\u0301 le locataire de la maison de verre de Treichville.<\/p>\n<p>Quant au se\u0301lectionneur des e\u0301le\u0301phants, il a de\u0301clare\u0301 qu\u2019il faudra jouer tous les matchs pour les gagner sans aucun calcul.<\/p>\n<p>\u00ab Quand on a vu les chapeaux, on savait qu\u2019on allait avoir un groupe difficile. C\u2019est vrai que c\u2019est le Cameroun, le Gabon et le Mozambique. On va se pre\u0301parer pour e\u0302tre pre\u0302t et jouer tous les matchs pour les gagner et se qualifier pour les tours suivants \u00bb, a indique\u0301 Emerse Fae\u0301.<\/p>\n<p>Pour son premier match, la Co\u0302te d&rsquo;Ivoire affrontera certainement le Mozambique avant de croiser le fer avec le Cameroun pour terminer face au Gabon en matches de groupe.<\/p>\n<p>Les e\u0301quipes ont e\u0301te\u0301 re\u0301parties en six groupes contenant chacun quatre nations pour le tournoi final pre\u0301vu du 21 de\u0301cembre 2025 au 18 janvier 2026 dans six villes ho\u0302tes et neuf (09) stades au Maroc ou\u0300 les meilleurs d&rsquo;Afrique se disputeront le trophe\u0301e le plus convoite\u0301 du continent.<\/p>\n<p><strong>Pour plus d&rsquo;informations et d&rsquo;analyses sur la <span style=\"color: #ff6600\">C\u00f4te d&rsquo;Ivoire<\/span>, suivez <span style=\"color: #ff6600\">Africa-Press<span style=\"color: #ff6600\"><\/span><\/strong><\/p>\n","protected":false},"excerpt":{"rendered":"<p>Africa-Press &#8211; C\u00f4te d&rsquo;Ivoire. Emerse Fae\u0301 et Idriss Diallo devront de\u0301fendre leur titre a\u0300 la CAN 2025 (DR) Le tirage au sort de la 35e\u0300 e\u0301dition de la CAN a eu lieu le lundi 27 janvier 2025 au Maroc. La Co\u0302te d\u2019Ivoire a he\u0301rite\u0301 le groupe F dans lequel se retrouve le Cameroun, le Gabon [&hellip;]<\/p>\n","protected":false},"author":82,"featured_media":94297,"comment_status":"open","ping_status":"closed","sticky":false,"template":"","format":"standard","meta":{"footnotes":""},"categories":[6,10],"tags":[13587,37,12497,1356,10683],"class_list":["post-94298","post","type-post","status-publish","format-standard","has-post-thumbnail","hentry","category-sports","category-toutes-les-actualites","tag-can-2025","tag-cote-divoire-2","tag-emerse-fae-2","tag-idriss-diallo","tag-tirage-au-sort"],"yoast_head":"<!-- This site is optimized with the Yoast SEO Premium plugin v26.1 (Yoast SEO v27.0) - https:\/\/yoast.com\/product\/yoast-seo-premium-wordpress\/ -->\n<title>Apr\u00e8s le tirage au sort de la CAN 2025, r\u00e9actions d&#039;Emerse Fa\u00e9 et Idriss Diallo - C\u00f4te d&#039;Ivoire<\/title>\n<meta name=\"robots\" content=\"index, follow, max-snippet:-1, max-image-preview:large, max-video-preview:-1\" \/>\n<link rel=\"canonical\" href=\"https:\/\/www.africa-press.net\/cotedivoire\/politique\/apres-le-tirage-au-sort-de-la-can-2025-reactions-demerse-fae-et-idriss-diallo\" \/>\n<meta property=\"og:locale\" content=\"fr_FR\" \/>\n<meta property=\"og:type\" content=\"article\" \/>\n<meta property=\"og:title\" content=\"Apr\u00e8s le tirage au sort de la CAN 2025, r\u00e9actions d&#039;Emerse Fa\u00e9 et Idriss Diallo\" \/>\n<meta property=\"og:description\" content=\"Africa-Press &#8211; C\u00f4te d&rsquo;Ivoire. Emerse Fae\u0301 et Idriss Diallo devront de\u0301fendre leur titre a\u0300 la CAN 2025 (DR) Le tirage au sort de la 35e\u0300 e\u0301dition de la CAN a eu lieu le lundi 27 janvier 2025 au Maroc. La Co\u0302te d\u2019Ivoire a he\u0301rite\u0301 le groupe F dans lequel se retrouve le Cameroun, le Gabon [&hellip;]\" \/>\n<meta property=\"og:url\" content=\"https:\/\/www.africa-press.net\/cotedivoire\/politique\/apres-le-tirage-au-sort-de-la-can-2025-reactions-demerse-fae-et-idriss-diallo\" \/>\n<meta property=\"og:site_name\" content=\"C\u00f4te d&#039;Ivoire\" \/>\n<meta property=\"article:published_time\" content=\"2025-01-28T15:40:31+00:00\" \/>\n<meta name=\"author\" content=\"cfeditorfr\" \/>\n<meta name=\"twitter:card\" content=\"summary_large_image\" \/>\n<meta name=\"twitter:label1\" content=\"\u00c9crit par\" \/>\n\t<meta name=\"twitter:data1\" content=\"cfeditorfr\" \/>\n\t<meta name=\"twitter:label2\" content=\"Dur\u00e9e de lecture estim\u00e9e\" \/>\n\t<meta name=\"twitter:data2\" content=\"2 minutes\" \/>\n<script type=\"application\/ld+json\" class=\"yoast-schema-graph\">{\"@context\":\"https:\/\/schema.org\",\"@graph\":[{\"@type\":\"Article\",\"@id\":\"https:\/\/www.africa-press.net\/cotedivoire\/politique\/apres-le-tirage-au-sort-de-la-can-2025-reactions-demerse-fae-et-idriss-diallo#article\",\"isPartOf\":{\"@id\":\"https:\/\/www.africa-press.net\/cotedivoire\/politique\/apres-le-tirage-au-sort-de-la-can-2025-reactions-demerse-fae-et-idriss-diallo\"},\"author\":{\"name\":\"cfeditorfr\",\"@id\":\"https:\/\/www.africa-press.net\/cotedivoire\/#\/schema\/person\/2b1cf3cd81a31e3cd26889ca66d677f1\"},\"headline\":\"Apr\u00e8s le tirage au sort de la CAN 2025, r\u00e9actions d&rsquo;Emerse Fa\u00e9 et Idriss Diallo\",\"datePublished\":\"2025-01-28T15:40:31+00:00\",\"mainEntityOfPage\":{\"@id\":\"https:\/\/www.africa-press.net\/cotedivoire\/politique\/apres-le-tirage-au-sort-de-la-can-2025-reactions-demerse-fae-et-idriss-diallo\"},\"wordCount\":401,\"commentCount\":0,\"image\":{\"@id\":\"https:\/\/www.africa-press.net\/cotedivoire\/politique\/apres-le-tirage-au-sort-de-la-can-2025-reactions-demerse-fae-et-idriss-diallo#primaryimage\"},\"thumbnailUrl\":\"https:\/\/static.africa-press.net\/cote\/sites\/43\/2025\/01\/sm_1738066609.012825.jpg\",\"keywords\":[\"CAN 2025\",\"C\u00f4te d'Ivoire\",\"Emerse Fa\u00e9\",\"Idriss Diallo\",\"Tirage au sort\"],\"articleSection\":[\"Sports\",\"Toutes les actualit\u00e9s\"],\"inLanguage\":\"fr-FR\",\"potentialAction\":[{\"@type\":\"CommentAction\",\"name\":\"Comment\",\"target\":[\"https:\/\/www.africa-press.net\/cotedivoire\/politique\/apres-le-tirage-au-sort-de-la-can-2025-reactions-demerse-fae-et-idriss-diallo#respond\"]}]},{\"@type\":\"WebPage\",\"@id\":\"https:\/\/www.africa-press.net\/cotedivoire\/politique\/apres-le-tirage-au-sort-de-la-can-2025-reactions-demerse-fae-et-idriss-diallo\",\"url\":\"https:\/\/www.africa-press.net\/cotedivoire\/politique\/apres-le-tirage-au-sort-de-la-can-2025-reactions-demerse-fae-et-idriss-diallo\",\"name\":\"Apr\u00e8s le tirage au sort de la CAN 2025, r\u00e9actions d'Emerse Fa\u00e9 et Idriss Diallo - C\u00f4te d&#039;Ivoire\",\"isPartOf\":{\"@id\":\"https:\/\/www.africa-press.net\/cotedivoire\/#website\"},\"primaryImageOfPage\":{\"@id\":\"https:\/\/www.africa-press.net\/cotedivoire\/politique\/apres-le-tirage-au-sort-de-la-can-2025-reactions-demerse-fae-et-idriss-diallo#primaryimage\"},\"image\":{\"@id\":\"https:\/\/www.africa-press.net\/cotedivoire\/politique\/apres-le-tirage-au-sort-de-la-can-2025-reactions-demerse-fae-et-idriss-diallo#primaryimage\"},\"thumbnailUrl\":\"https:\/\/static.africa-press.net\/cote\/sites\/43\/2025\/01\/sm_1738066609.012825.jpg\",\"datePublished\":\"2025-01-28T15:40:31+00:00\",\"author\":{\"@id\":\"https:\/\/www.africa-press.net\/cotedivoire\/#\/schema\/person\/2b1cf3cd81a31e3cd26889ca66d677f1\"},\"breadcrumb\":{\"@id\":\"https:\/\/www.africa-press.net\/cotedivoire\/politique\/apres-le-tirage-au-sort-de-la-can-2025-reactions-demerse-fae-et-idriss-diallo#breadcrumb\"},\"inLanguage\":\"fr-FR\",\"potentialAction\":[{\"@type\":\"ReadAction\",\"target\":[\"https:\/\/www.africa-press.net\/cotedivoire\/politique\/apres-le-tirage-au-sort-de-la-can-2025-reactions-demerse-fae-et-idriss-diallo\"]}]},{\"@type\":\"ImageObject\",\"inLanguage\":\"fr-FR\",\"@id\":\"https:\/\/www.africa-press.net\/cotedivoire\/politique\/apres-le-tirage-au-sort-de-la-can-2025-reactions-demerse-fae-et-idriss-diallo#primaryimage\",\"url\":\"https:\/\/static.africa-press.net\/cote\/sites\/43\/2025\/01\/sm_1738066609.012825.jpg\",\"contentUrl\":\"https:\/\/static.africa-press.net\/cote\/sites\/43\/2025\/01\/sm_1738066609.012825.jpg\",\"width\":720,\"height\":460,\"caption\":\"Apr\u00e8s le tirage au sort de la CAN 2025, r\u00e9actions d'Emerse Fa\u00e9 et Idriss Diallo\"},{\"@type\":\"BreadcrumbList\",\"@id\":\"https:\/\/www.africa-press.net\/cotedivoire\/politique\/apres-le-tirage-au-sort-de-la-can-2025-reactions-demerse-fae-et-idriss-diallo#breadcrumb\",\"itemListElement\":[{\"@type\":\"ListItem\",\"position\":1,\"name\":\"Accueil\",\"item\":\"https:\/\/www.africa-press.net\/cotedivoire\/\"},{\"@type\":\"ListItem\",\"position\":2,\"name\":\"Apr\u00e8s le tirage au sort de la CAN 2025, r\u00e9actions d&rsquo;Emerse Fa\u00e9 et Idriss Diallo\"}]},{\"@type\":\"WebSite\",\"@id\":\"https:\/\/www.africa-press.net\/cotedivoire\/#website\",\"url\":\"https:\/\/www.africa-press.net\/cotedivoire\/\",\"name\":\"C\u00f4te d&#039;Ivoire\",\"description\":\"Just another Africa News Agency Sites site\",\"potentialAction\":[{\"@type\":\"SearchAction\",\"target\":{\"@type\":\"EntryPoint\",\"urlTemplate\":\"https:\/\/www.africa-press.net\/cotedivoire\/?s={search_term_string}\"},\"query-input\":{\"@type\":\"PropertyValueSpecification\",\"valueRequired\":true,\"valueName\":\"search_term_string\"}}],\"inLanguage\":\"fr-FR\"},{\"@type\":\"Person\",\"@id\":\"https:\/\/www.africa-press.net\/cotedivoire\/#\/schema\/person\/2b1cf3cd81a31e3cd26889ca66d677f1\",\"name\":\"cfeditorfr\"}]}<\/script>\n<!-- \/ Yoast SEO Premium plugin. -->","yoast_head_json":{"title":"Apr\u00e8s le tirage au sort de la CAN 2025, r\u00e9actions d'Emerse Fa\u00e9 et Idriss Diallo - C\u00f4te d&#039;Ivoire","robots":{"index":"index","follow":"follow","max-snippet":"max-snippet:-1","max-image-preview":"max-image-preview:large","max-video-preview":"max-video-preview:-1"},"canonical":"https:\/\/www.africa-press.net\/cotedivoire\/politique\/apres-le-tirage-au-sort-de-la-can-2025-reactions-demerse-fae-et-idriss-diallo","og_locale":"fr_FR","og_type":"article","og_title":"Apr\u00e8s le tirage au sort de la CAN 2025, r\u00e9actions d'Emerse Fa\u00e9 et Idriss Diallo","og_description":"Africa-Press &#8211; C\u00f4te d&rsquo;Ivoire. Emerse Fae\u0301 et Idriss Diallo devront de\u0301fendre leur titre a\u0300 la CAN 2025 (DR) Le tirage au sort de la 35e\u0300 e\u0301dition de la CAN a eu lieu le lundi 27 janvier 2025 au Maroc. La Co\u0302te d\u2019Ivoire a he\u0301rite\u0301 le groupe F dans lequel se retrouve le Cameroun, le Gabon [&hellip;]","og_url":"https:\/\/www.africa-press.net\/cotedivoire\/politique\/apres-le-tirage-au-sort-de-la-can-2025-reactions-demerse-fae-et-idriss-diallo","og_site_name":"C\u00f4te d&#039;Ivoire","article_published_time":"2025-01-28T15:40:31+00:00","author":"cfeditorfr","twitter_card":"summary_large_image","twitter_misc":{"\u00c9crit par":"cfeditorfr","Dur\u00e9e de lecture estim\u00e9e":"2 minutes"},"schema":{"@context":"https:\/\/schema.org","@graph":[{"@type":"Article","@id":"https:\/\/www.africa-press.net\/cotedivoire\/politique\/apres-le-tirage-au-sort-de-la-can-2025-reactions-demerse-fae-et-idriss-diallo#article","isPartOf":{"@id":"https:\/\/www.africa-press.net\/cotedivoire\/politique\/apres-le-tirage-au-sort-de-la-can-2025-reactions-demerse-fae-et-idriss-diallo"},"author":{"name":"cfeditorfr","@id":"https:\/\/www.africa-press.net\/cotedivoire\/#\/schema\/person\/2b1cf3cd81a31e3cd26889ca66d677f1"},"headline":"Apr\u00e8s le tirage au sort de la CAN 2025, r\u00e9actions d&rsquo;Emerse Fa\u00e9 et Idriss Diallo","datePublished":"2025-01-28T15:40:31+00:00","mainEntityOfPage":{"@id":"https:\/\/www.africa-press.net\/cotedivoire\/politique\/apres-le-tirage-au-sort-de-la-can-2025-reactions-demerse-fae-et-idriss-diallo"},"wordCount":401,"commentCount":0,"image":{"@id":"https:\/\/www.africa-press.net\/cotedivoire\/politique\/apres-le-tirage-au-sort-de-la-can-2025-reactions-demerse-fae-et-idriss-diallo#primaryimage"},"thumbnailUrl":"https:\/\/static.africa-press.net\/cote\/sites\/43\/2025\/01\/sm_1738066609.012825.jpg","keywords":["CAN 2025","C\u00f4te d'Ivoire","Emerse Fa\u00e9","Idriss Diallo","Tirage au sort"],"articleSection":["Sports","Toutes les actualit\u00e9s"],"inLanguage":"fr-FR","potentialAction":[{"@type":"CommentAction","name":"Comment","target":["https:\/\/www.africa-press.net\/cotedivoire\/politique\/apres-le-tirage-au-sort-de-la-can-2025-reactions-demerse-fae-et-idriss-diallo#respond"]}]},{"@type":"WebPage","@id":"https:\/\/www.africa-press.net\/cotedivoire\/politique\/apres-le-tirage-au-sort-de-la-can-2025-reactions-demerse-fae-et-idriss-diallo","url":"https:\/\/www.africa-press.net\/cotedivoire\/politique\/apres-le-tirage-au-sort-de-la-can-2025-reactions-demerse-fae-et-idriss-diallo","name":"Apr\u00e8s le tirage au sort de la CAN 2025, r\u00e9actions d'Emerse Fa\u00e9 et Idriss Diallo - C\u00f4te d&#039;Ivoire","isPartOf":{"@id":"https:\/\/www.africa-press.net\/cotedivoire\/#website"},"primaryImageOfPage":{"@id":"https:\/\/www.africa-press.net\/cotedivoire\/politique\/apres-le-tirage-au-sort-de-la-can-2025-reactions-demerse-fae-et-idriss-diallo#primaryimage"},"image":{"@id":"https:\/\/www.africa-press.net\/cotedivoire\/politique\/apres-le-tirage-au-sort-de-la-can-2025-reactions-demerse-fae-et-idriss-diallo#primaryimage"},"thumbnailUrl":"https:\/\/static.africa-press.net\/cote\/sites\/43\/2025\/01\/sm_1738066609.012825.jpg","datePublished":"2025-01-28T15:40:31+00:00","author":{"@id":"https:\/\/www.africa-press.net\/cotedivoire\/#\/schema\/person\/2b1cf3cd81a31e3cd26889ca66d677f1"},"breadcrumb":{"@id":"https:\/\/www.africa-press.net\/cotedivoire\/politique\/apres-le-tirage-au-sort-de-la-can-2025-reactions-demerse-fae-et-idriss-diallo#breadcrumb"},"inLanguage":"fr-FR","potentialAction":[{"@type":"ReadAction","target":["https:\/\/www.africa-press.net\/cotedivoire\/politique\/apres-le-tirage-au-sort-de-la-can-2025-reactions-demerse-fae-et-idriss-diallo"]}]},{"@type":"ImageObject","inLanguage":"fr-FR","@id":"https:\/\/www.africa-press.net\/cotedivoire\/politique\/apres-le-tirage-au-sort-de-la-can-2025-reactions-demerse-fae-et-idriss-diallo#primaryimage","url":"https:\/\/static.africa-press.net\/cote\/sites\/43\/2025\/01\/sm_1738066609.012825.jpg","contentUrl":"https:\/\/static.africa-press.net\/cote\/sites\/43\/2025\/01\/sm_1738066609.012825.jpg","width":720,"height":460,"caption":"Apr\u00e8s le tirage au sort de la CAN 2025, r\u00e9actions d'Emerse Fa\u00e9 et Idriss Diallo"},{"@type":"BreadcrumbList","@id":"https:\/\/www.africa-press.net\/cotedivoire\/politique\/apres-le-tirage-au-sort-de-la-can-2025-reactions-demerse-fae-et-idriss-diallo#breadcrumb","itemListElement":[{"@type":"ListItem","position":1,"name":"Accueil","item":"https:\/\/www.africa-press.net\/cotedivoire\/"},{"@type":"ListItem","position":2,"name":"Apr\u00e8s le tirage au sort de la CAN 2025, r\u00e9actions d&rsquo;Emerse Fa\u00e9 et Idriss Diallo"}]},{"@type":"WebSite","@id":"https:\/\/www.africa-press.net\/cotedivoire\/#website","url":"https:\/\/www.africa-press.net\/cotedivoire\/","name":"C\u00f4te d&#039;Ivoire","description":"Just another Africa News Agency Sites site","potentialAction":[{"@type":"SearchAction","target":{"@type":"EntryPoint","urlTemplate":"https:\/\/www.africa-press.net\/cotedivoire\/?s={search_term_string}"},"query-input":{"@type":"PropertyValueSpecification","valueRequired":true,"valueName":"search_term_string"}}],"inLanguage":"fr-FR"},{"@type":"Person","@id":"https:\/\/www.africa-press.net\/cotedivoire\/#\/schema\/person\/2b1cf3cd81a31e3cd26889ca66d677f1","name":"cfeditorfr"}]}},"_links":{"self":[{"href":"https:\/\/www.africa-press.net\/cotedivoire\/wp-json\/wp\/v2\/posts\/94298","targetHints":{"allow":["GET"]}}],"collection":[{"href":"https:\/\/www.africa-press.net\/cotedivoire\/wp-json\/wp\/v2\/posts"}],"about":[{"href":"https:\/\/www.africa-press.net\/cotedivoire\/wp-json\/wp\/v2\/types\/post"}],"author":[{"embeddable":true,"href":"https:\/\/www.africa-press.net\/cotedivoire\/wp-json\/wp\/v2\/users\/82"}],"replies":[{"embeddable":true,"href":"https:\/\/www.africa-press.net\/cotedivoire\/wp-json\/wp\/v2\/comments?post=94298"}],"version-history":[{"count":0,"href":"https:\/\/www.africa-press.net\/cotedivoire\/wp-json\/wp\/v2\/posts\/94298\/revisions"}],"wp:featuredmedia":[{"embeddable":true,"href":"https:\/\/www.africa-press.net\/cotedivoire\/wp-json\/wp\/v2\/media\/94297"}],"wp:attachment":[{"href":"https:\/\/www.africa-press.net\/cotedivoire\/wp-json\/wp\/v2\/media?parent=94298"}],"wp:term":[{"taxonomy":"category","embeddable":true,"href":"https:\/\/www.africa-press.net\/cotedivoire\/wp-json\/wp\/v2\/categories?post=94298"},{"taxonomy":"post_tag","embeddable":true,"href":"https:\/\/www.africa-press.net\/cotedivoire\/wp-json\/wp\/v2\/tags?post=94298"}],"curies":[{"name":"wp","href":"https:\/\/api.w.org\/{rel}","templated":true}]}}