{"id":9432,"date":"2021-06-25T16:18:18","date_gmt":"2021-06-25T16:18:18","guid":{"rendered":"https:\/\/www.africa-press.net\/cotedivoire\/?p=9432"},"modified":"2021-06-25T16:19:24","modified_gmt":"2021-06-25T16:19:24","slug":"en-attendant-gbagbo-gbagbo-est-arrive","status":"publish","type":"post","link":"https:\/\/www.africa-press.net\/cotedivoire\/politique\/en-attendant-gbagbo-gbagbo-est-arrive","title":{"rendered":"En attendant Gbagbo, Gbagbo est arriv\u00e9"},"content":{"rendered":"<p><span style=\"color: #ff6600\"><strong><a href=\"https:\/\/www.africa-press.net\/\">Africa-Press<\/a> &#8211; <a href=\"https:\/\/www.africa-press.net\/cotedivoire\">C\u00f4te d&rsquo;Ivoire<\/a>.\u00a0 <\/strong><\/span>Il y a quelques ann\u00e9es, j\u2019avais \u00e9crit un article qui s\u2019intitule \u00ab En attendant Gbagbo \u00bb. C\u2019\u00e9tait un titre inspir\u00e9 par la m\u00e9lancolie, par des d\u00e9ceptions mais surtout qui invitait \u00e0 l\u2019exhortation et \u00e0 l\u2019esp\u00e9rance. Ce titre me paraissait encore \u00eatre d\u2019actualit\u00e9 au moment o\u00f9 j\u2019\u00e9cris aujourd\u2019hui cet autre versant de l\u2019article. Mais il m\u2019est \u00e9galement venu de titrer \u00ab Gbagbo est arriv\u00e9 \u00bb qui inspire de l\u2019espoir et du soulagement. D\u2019o\u00f9 ce couplage dans le titre.<\/p>\n<p>Laurent Gbagbo a foul\u00e9 le sol ivoirien, \u00e0 la satisfaction du peuple, surtout du pays profond mais \u00e9galement de l\u2019Afrique toute enti\u00e8re. Il s\u2019agit d\u2019un homme qui a battu l\u2019imp\u00e9rialisme qui garde encore la peau dure dans nos pays.<\/p>\n<p>Tous les pas que pose cet homme devenu une ic\u00f4ne, sont tr\u00e8s suivis. Cela invite chacun et chacune \u00e0 int\u00e9grer que le monde entier regarde la C\u00f4te d\u2019Ivoire ; ce monde nous regarde et il regarde le FPI. En effet, apr\u00e8s des privations, apr\u00e8s des sacrifices, apr\u00e8s des humiliations et des frustrations mais surtout apr\u00e8s des mobilisations sans rel\u00e2che, l\u2019attente est tr\u00e8s forte.<\/p>\n<p>Laurent Gbagbo et Simone Ehivet-Gbagbo sont deux \u00ab symboles \u00bb politiques qui plus est, sont des co-fondateurs du Front Populaire Ivoirien. Les partisans que nous sommes ne devront rien faire pour qu\u2019il y ait une c\u00e9sure, pour qu\u2019il y ait de nouveaux fronts ouverts contre l\u2019indispensable recollage \u00ab des morceaux \u00bb du parti. Un parti ne gagne jamais contre ses militants et ses sympathisants. Car ce sont ces derniers qui vont \u00e0 la recherche des \u00e9lecteurs.<\/p>\n<p>La question du divorce qui est certes une affaire priv\u00e9e doit \u00eatre contenue pour que des fixations ne s\u00e9cr\u00e8tent pas des passions qui peuvent \u00e0 leur tour g\u00e9n\u00e9rer de la haine. Une haine dont les ressorts peuvent avoir un retentissement sur la vie du FPI. Ce dont le FPI n\u2019a pas besoin aujourd\u2019hui plus qu\u2019hier.<\/p>\n<p>Le sort a fait qu\u2019Emile Boga Doudou et Aboudramane Sangar\u00e9 ne sont plus. Eux deux pouvaient parler au pr\u00e9sident pour que les choses ne s\u2019expriment pas comme aujourd\u2019hui d\u2019une fa\u00e7on qui a appel\u00e9 beaucoup de commentaires.<\/p>\n<p>Laurent Gbagbo est un homme qui a beaucoup \u00e9cout\u00e9 \u00e0 La Haye et \u00e0 Bruxelles. Ils sont nombreux qui attendent donc de le voir poser des actes forts pour le pays. En fait, le FPI est un parti qui porte l\u2019espoir des Ivoiriens. Les intrigues qui ont contribu\u00e9 \u00e0 la perte du pouvoir doivent \u00eatre comprises dans les \u00e9l\u00e9ments d\u2019observations qui am\u00e8nent \u00e0 un aggiornamento.<\/p>\n<p>L\u2019\u00e9motion l\u00e9gitime a fait droit \u00e0 des commentaires jusqu\u2019aux plus os\u00e9s. Il nous semble qu\u2019il faut accorder quelques semaines encore \u00e0 Laurent Gbagbo qui vient de La Haye. Simone Ehivet-Gbagbo, elle avait d\u00e9j\u00e0 pos\u00e9 des marques au service du parti depuis sa lib\u00e9ration. Sur le plan sentimental, nous n\u2019avons aucun pouvoir quand bien m\u00eame on peut \u00eatre \u00e9treint par la peine que certains actes ont transpir\u00e9e. Mais sur le plan politique, nous devons tout faire pour avoir les deux en m\u00eame temps. On a besoin de leurs richesses jumel\u00e9es.<\/p>\n<p>Deux anecdotes sont marquantes et caract\u00e9ristiques pour qu\u2019on les cite. La premi\u00e8re est le commentaire d\u2019un militant bien connu, qui dit \u00e0 propos d\u2019une grande dame de surcro\u00eet de 72 ans : \u00ab Est-ce que l\u2019amour-l\u00e0 m\u00eame, c\u2019est forc\u00e9 ? \u00bb On a l\u00e0 le raisonnement d\u2019une personne qui se croit dans l\u2019absolu et c\u2019est dommage. \u00ab Who knows tomorrow ? \u00bb<\/p>\n<p>La deuxi\u00e8me anecdote concerne une dame qui m\u2019a interpell\u00e9 d\u00e8s que je suis arriv\u00e9 le samedi 19 juin 2021 dernier \u00e0 la veill\u00e9e des obs\u00e8ques de Mah\u00e9ly Ba. La dame me dit : \u00ab je vais te parler \u00bb. Je lui promets de revenir. Je pars dans la salle de la c\u00e9r\u00e9monie avec des amis. Et apr\u00e8s notre installation, je quitte la salle pour aller voir la dame. Elle me raconte : \u00ab Mon mari a d\u00e9pos\u00e9 une plainte contre moi \u00e0 la police, soutenant que j\u2019\u00e9tais tout le temps dans les manifestations et j\u2019abandonnais les enfants. Il voulait donc avoir la garde des enfants en me quittant. Aujourd\u2019hui, mon mari est parti et je suis seule avec mes quatre enfants\u2026 J\u2019ai \u00e9t\u00e9 arr\u00eat\u00e9 plusieurs fois pendant les manifestations pour Gbagbo [\u2026] On nous a humili\u00e9es \u00bb. Cette dame a fondu en larmes. Et je l\u2019ai consol\u00e9e, lui promettant qu\u2019on allait se retrouver pour parler.<\/p>\n<p>Sur le court terme, du z\u00e8le et l\u2019excitation sont inutilement ostentatoires. Mais pour le moyen et le long termes, aucun de nous (d\u00e9mocrates) n\u2019a int\u00e9r\u00eat \u00e0 ce que des blessures s\u2019approfondissent au point de cr\u00e9er des camps et des clans. Ni le FPI, ni le pays n\u2019en ont besoin. Quelles que soient les douleurs entendables dans leur nature, Il faut que la subtilit\u00e9 nous habite et donc faire plut\u00f4t en sorte que politiquement, les grands maillons (Laurent Gbagbo et Simone Ehivet Gbagbo) de la cha\u00eene FPI soient ensemble au b\u00e9n\u00e9fice esp\u00e9r\u00e9 de toutes et de tous. Il importe de noter que chez les Gbagbo, Laurent a beaucoup d\u2019atouts ; Simone \u00e9galement en a. Il doit alors nous plaire que nous soyons arros\u00e9s par leurs exp\u00e9riences et leurs richesses respectives. N\u2019oublions jamais que ce qui a motiv\u00e9 d\u00e8s le 11 avril 2011 notre mobilisation, ce n\u2019est pas seulement des violences contre des personnalit\u00e9s du pouvoir, c\u2019est aussi et surtout le braquage contre des valeurs. A gauche, les valeurs principales sont la solidarit\u00e9, la tol\u00e9rance et le partage. Vouloir ruser avec ces valeurs qui fondent nos convictions ne sera pas acceptable.<\/p>\n<p>En fait, quelle que soit l\u2019origine de l\u2019incendie, le FPI doit trouver les ressources n\u00e9cessaires pour \u00e9teindre tout feu qui point et poursuivre son processus de reconstruction. Laurent et Simone Gbagbo \u00e9tant des personnalit\u00e9s publiques, et deux personnages forts du FPI mais \u00e9galement du pays, il serait ind\u00e9cent de regarder avec indiff\u00e9rence tout ce qui pourrait les fragiliser. Cet homme et cette femme sont nos ciments. Nous devons entourer les deux. Rappelons-nous toujours que m\u00eame si nous nous sommes lev\u00e9s pour nous battre contre l\u2019injustice du coup d\u2019\u00e9tat, c\u2019est aussi l\u2019humiliation, leur humiliation qui a amplifi\u00e9 la r\u00e9volte. Autrement dit, les deux personnages ont \u00e9t\u00e9 arr\u00eat\u00e9s ensemble. Et en plus de la nature m\u00eame de la violence du coup d\u2019\u00e9tat du 11 avril 2011, c\u2019est la laideur des images d\u2019une humiliation pr\u00e9m\u00e9dit\u00e9e que les patriotes et leurs alli\u00e9s n\u2019ont pas<\/p>\n<p>voulu accepter. Il y a donc un symbole \u00e0 pr\u00e9server vis \u00e0 vis de la C\u00f4te d\u2019Ivoire et de l\u2019Afrique.<\/p>\n<p>C\u2019est le lieu de dire qu\u2019il est un peu trop rapide d\u2019affirmer qu\u2019il s\u2019agit d\u2019une affaire de couple qui ne regarde qu\u2019eux deux. Ce qui se passe l\u00e0 sous nos yeux, peut poser probl\u00e8me au FPI et au pays tout entier si l\u2019on ne se ressaisit pas dans sa gestion. L\u00e0, nous sommes en Afrique ; mais pas en Afrique du Sud. Nous sommes en C\u00f4te d\u2019Ivoire, avec ses caract\u00e9ristiques, toutes ses caract\u00e9ristiques.<\/p>\n<p>Don Mello dit : \u00ab \u2026 Nous ne voulons plus diviser mais rassembler c\u2019est pour \u00e7a que le FPI a autant besoin de toi que de Laurent. [\u2026] Je terminerai en contextualisant l\u2019hymne de l\u2019empire du Wassoulou : Laurent, le peuple te fait confiance parce que tu incarnes ses vertus d\u00e9mocratiques ; Simone pour vaincre l\u2019ennemi l\u00e8ve-toi et prends ton sabre de guerre qu\u2019est ta parole d\u2019honneur pour nous indiquer le chemin de l\u2019honneur \u00bb. Il faut soutenir et appuyer ces propos. Parce que la furie de la violence politique et le d\u00e9ferlement de haine que notre pays a connus, n\u2019ont pas pu \u00ab vider le FPI de sa substance \u00bb. Ainsi, quelle que soit la nature du foyer qui voudrait br\u00fbler le FPI, il faudra tout faire pour rena\u00eetre des cendres.<\/p>\n<p>A la crois\u00e9e des chemins, le FPI doit absolument trouver des ressorts n\u00e9cessaires pour rebondir et se projeter l\u00e0 o\u00f9 ses partisans et le peuple endurcis l\u2019attendent. Aussi, devons-nous retenir qu\u2019apr\u00e8s dix ann\u00e9es, dix longues ann\u00e9es \u00e9prouvantes dans des laideurs, rien ne pourra plus \u00eatre comme avant. L\u2019\u00e9motion est juste et l\u00e9gitime. Mais au vu des sacrifices qui ont \u00e9t\u00e9 \u00e9normes, trop lourds \u00e0 divers \u00e9gards, les partisans du FPI ne doivent pas se perdre dans des intrigues. Parce que nous sommes tous et toutes conscients que la perfection n\u2019est pas de ce monde, nous devons observer l\u2019humilit\u00e9 pour faire l\u2019autocritique n\u00e9cessaire. Car reconnaissons-le, il n\u2019y a pas eu que la voracit\u00e9 et la gourmandise de l\u2019imp\u00e9rialisme pour vouloir nous d\u00e9vorer. Nous devrons reconna\u00eetre notre part de responsabilit\u00e9, avec nos certitudes, des assurances infond\u00e9es teint\u00e9es souvent d\u2019ang\u00e9lisme et d\u2019une na\u00efvet\u00e9 m\u00e9thodique, pour s\u2019ouvrir et \u00e9voluer collectivement en toute objectivit\u00e9.<\/p>\n<p>Au total, nous retiendrons que c\u2019est derri\u00e8re Laurent et Simone Gbagbo et\/ou \u00e0 leurs c\u00f4t\u00e9s que nous poursuivrons la lutte pour une C\u00f4te d\u2019Ivoire souveraine qui comprend n\u00e9cessairement un changement de paradigme. On ne gagnera pas si on laisse des gens activer la cr\u00e9ation de camps retranch\u00e9s qui, selon leurs souhaits, joueront les uns contre les autres, on ne sait pour quelle satisfaction. Ceux-l\u00e0 veulent ind\u00e9finiment rest\u00e9s dans le pass\u00e9. En revanche, on gagnera dans un espace d\u00e9mocratique, ouvert et tol\u00e9rant et tous ensemble. Par cons\u00e9quent, il faudra identifier les bonnes urgences qui vont dans le sens de l\u2019union et de l\u2019int\u00e9r\u00eat du pays.<\/p>\n<p>En tout cas, il est attendu que Laurent Gbagbo qui a beaucoup \u00e9cout\u00e9 \u00e0 La Haye, qui est rest\u00e9 sto\u00efque \u00ab Pour la V\u00e9rit\u00e9 et la Justice\u2026 \u00bb, qui a eu le c\u0153ur gros, trop gros parfois parce qu\u2019il ne pouvait pas agir \u00e0 distance, s\u2019impr\u00e8gne des r\u00e9alit\u00e9s, de toutes les r\u00e9alit\u00e9s pour sonner la fin de la r\u00e9cr\u00e9ation dans l\u2019int\u00e9r\u00eat du FPI mais surtout dans celui de la C\u00f4te d\u2019Ivoire toute enti\u00e8re avec tous ceux qui attendaient Gbagbo. Car Gbagbo est arriv\u00e9. Il se trouve avec nous devant des enjeux colossaux et la contradiction principale de notre pays.<\/p>\n","protected":false},"excerpt":{"rendered":"<p>Africa-Press &#8211; C\u00f4te d&rsquo;Ivoire.\u00a0 Il y a quelques ann\u00e9es, j\u2019avais \u00e9crit un article qui s\u2019intitule \u00ab En attendant Gbagbo \u00bb. C\u2019\u00e9tait un titre inspir\u00e9 par la m\u00e9lancolie, par des d\u00e9ceptions mais surtout qui invitait \u00e0 l\u2019exhortation et \u00e0 l\u2019esp\u00e9rance. Ce titre me paraissait encore \u00eatre d\u2019actualit\u00e9 au moment o\u00f9 j\u2019\u00e9cris aujourd\u2019hui cet autre versant de [&hellip;]<\/p>\n","protected":false},"author":82,"featured_media":9431,"comment_status":"open","ping_status":"closed","sticky":false,"template":"","format":"standard","meta":{"footnotes":""},"categories":[11,2,20,10],"tags":[56,63,29],"class_list":["post-9432","post","type-post","status-publish","format-standard","has-post-thumbnail","hentry","category-homepage-french","category-politique","category-top-nouvelles","category-toutes-les-actualites","tag-africa-press","tag-africa-press-cote-divoire","tag-cote-divoire"],"yoast_head":"<!-- This site is optimized with the Yoast SEO Premium plugin v26.1 (Yoast SEO v27.0) - https:\/\/yoast.com\/product\/yoast-seo-premium-wordpress\/ -->\n<title>En attendant Gbagbo, Gbagbo est arriv\u00e9 - C\u00f4te d&#039;Ivoire<\/title>\n<meta name=\"description\" content=\"Par Claude KOUDOU Il y a quelques ann\u00e9es, j\u2019avais \u00e9crit un article qui s\u2019intitule \u00ab En attendant Gbagbo \u00bb. C\u2019\u00e9tait un t ...\" \/>\n<meta name=\"robots\" content=\"index, follow, max-snippet:-1, max-image-preview:large, max-video-preview:-1\" \/>\n<link rel=\"canonical\" href=\"https:\/\/www.africa-press.net\/cotedivoire\/politique\/en-attendant-gbagbo-gbagbo-est-arrive\" \/>\n<meta property=\"og:locale\" content=\"fr_FR\" \/>\n<meta property=\"og:type\" content=\"article\" \/>\n<meta property=\"og:title\" content=\"En attendant Gbagbo, Gbagbo est arriv\u00e9\" \/>\n<meta property=\"og:description\" content=\"Par Claude KOUDOU Il y a quelques ann\u00e9es, j\u2019avais \u00e9crit un article qui s\u2019intitule \u00ab En attendant Gbagbo \u00bb. C\u2019\u00e9tait un t ...\" \/>\n<meta property=\"og:url\" content=\"https:\/\/www.africa-press.net\/cotedivoire\/politique\/en-attendant-gbagbo-gbagbo-est-arrive\" \/>\n<meta property=\"og:site_name\" content=\"C\u00f4te d&#039;Ivoire\" \/>\n<meta property=\"article:published_time\" content=\"2021-06-25T16:18:18+00:00\" \/>\n<meta property=\"article:modified_time\" content=\"2021-06-25T16:19:24+00:00\" \/>\n<meta property=\"og:image\" content=\"https:\/\/static.africa-press.net\/cote\/sites\/43\/2021\/06\/img-60d5ffd7ed21f.jpg\" \/>\n\t<meta property=\"og:image:width\" content=\"720\" \/>\n\t<meta property=\"og:image:height\" content=\"402\" \/>\n\t<meta property=\"og:image:type\" content=\"image\/jpeg\" \/>\n<meta name=\"author\" content=\"cfeditorfr\" \/>\n<meta name=\"twitter:card\" content=\"summary_large_image\" \/>\n<meta name=\"twitter:label1\" content=\"\u00c9crit par\" \/>\n\t<meta name=\"twitter:data1\" content=\"cfeditorfr\" \/>\n\t<meta name=\"twitter:label2\" content=\"Dur\u00e9e de lecture estim\u00e9e\" \/>\n\t<meta name=\"twitter:data2\" content=\"9 minutes\" \/>\n<script type=\"application\/ld+json\" class=\"yoast-schema-graph\">{\"@context\":\"https:\/\/schema.org\",\"@graph\":[{\"@type\":\"Article\",\"@id\":\"https:\/\/www.africa-press.net\/cotedivoire\/politique\/en-attendant-gbagbo-gbagbo-est-arrive#article\",\"isPartOf\":{\"@id\":\"https:\/\/www.africa-press.net\/cotedivoire\/politique\/en-attendant-gbagbo-gbagbo-est-arrive\"},\"author\":{\"name\":\"cfeditorfr\",\"@id\":\"https:\/\/www.africa-press.net\/cotedivoire\/#\/schema\/person\/2b1cf3cd81a31e3cd26889ca66d677f1\"},\"headline\":\"En attendant Gbagbo, Gbagbo est arriv\u00e9\",\"datePublished\":\"2021-06-25T16:18:18+00:00\",\"dateModified\":\"2021-06-25T16:19:24+00:00\",\"mainEntityOfPage\":{\"@id\":\"https:\/\/www.africa-press.net\/cotedivoire\/politique\/en-attendant-gbagbo-gbagbo-est-arrive\"},\"wordCount\":1809,\"commentCount\":0,\"image\":{\"@id\":\"https:\/\/www.africa-press.net\/cotedivoire\/politique\/en-attendant-gbagbo-gbagbo-est-arrive#primaryimage\"},\"thumbnailUrl\":\"https:\/\/static.africa-press.net\/cote\/sites\/43\/2021\/06\/img-60d5ffd7ed21f.jpg\",\"keywords\":[\"Africa Press\",\"Africa Press-C\u00f4te d'Ivoire\",\"C\u00d4TE D'IVOIRE\"],\"articleSection\":[\"homepage-french\",\"Politique\",\"Top Nouvelles\",\"Toutes les actualit\u00e9s\"],\"inLanguage\":\"fr-FR\",\"potentialAction\":[{\"@type\":\"CommentAction\",\"name\":\"Comment\",\"target\":[\"https:\/\/www.africa-press.net\/cotedivoire\/politique\/en-attendant-gbagbo-gbagbo-est-arrive#respond\"]}]},{\"@type\":\"WebPage\",\"@id\":\"https:\/\/www.africa-press.net\/cotedivoire\/politique\/en-attendant-gbagbo-gbagbo-est-arrive\",\"url\":\"https:\/\/www.africa-press.net\/cotedivoire\/politique\/en-attendant-gbagbo-gbagbo-est-arrive\",\"name\":\"En attendant Gbagbo, Gbagbo est arriv\u00e9 - C\u00f4te d&#039;Ivoire\",\"isPartOf\":{\"@id\":\"https:\/\/www.africa-press.net\/cotedivoire\/#website\"},\"primaryImageOfPage\":{\"@id\":\"https:\/\/www.africa-press.net\/cotedivoire\/politique\/en-attendant-gbagbo-gbagbo-est-arrive#primaryimage\"},\"image\":{\"@id\":\"https:\/\/www.africa-press.net\/cotedivoire\/politique\/en-attendant-gbagbo-gbagbo-est-arrive#primaryimage\"},\"thumbnailUrl\":\"https:\/\/static.africa-press.net\/cote\/sites\/43\/2021\/06\/img-60d5ffd7ed21f.jpg\",\"datePublished\":\"2021-06-25T16:18:18+00:00\",\"dateModified\":\"2021-06-25T16:19:24+00:00\",\"author\":{\"@id\":\"https:\/\/www.africa-press.net\/cotedivoire\/#\/schema\/person\/2b1cf3cd81a31e3cd26889ca66d677f1\"},\"description\":\"Par Claude KOUDOU Il y a quelques ann\u00e9es, j\u2019avais \u00e9crit un article qui s\u2019intitule \u00ab En attendant Gbagbo \u00bb. C\u2019\u00e9tait un t ...\",\"breadcrumb\":{\"@id\":\"https:\/\/www.africa-press.net\/cotedivoire\/politique\/en-attendant-gbagbo-gbagbo-est-arrive#breadcrumb\"},\"inLanguage\":\"fr-FR\",\"potentialAction\":[{\"@type\":\"ReadAction\",\"target\":[\"https:\/\/www.africa-press.net\/cotedivoire\/politique\/en-attendant-gbagbo-gbagbo-est-arrive\"]}]},{\"@type\":\"ImageObject\",\"inLanguage\":\"fr-FR\",\"@id\":\"https:\/\/www.africa-press.net\/cotedivoire\/politique\/en-attendant-gbagbo-gbagbo-est-arrive#primaryimage\",\"url\":\"https:\/\/static.africa-press.net\/cote\/sites\/43\/2021\/06\/img-60d5ffd7ed21f.jpg\",\"contentUrl\":\"https:\/\/static.africa-press.net\/cote\/sites\/43\/2021\/06\/img-60d5ffd7ed21f.jpg\",\"width\":720,\"height\":402,\"caption\":\"En attendant Gbagbo, Gbagbo est arriv\u00e9\"},{\"@type\":\"BreadcrumbList\",\"@id\":\"https:\/\/www.africa-press.net\/cotedivoire\/politique\/en-attendant-gbagbo-gbagbo-est-arrive#breadcrumb\",\"itemListElement\":[{\"@type\":\"ListItem\",\"position\":1,\"name\":\"Accueil\",\"item\":\"https:\/\/www.africa-press.net\/cotedivoire\/\"},{\"@type\":\"ListItem\",\"position\":2,\"name\":\"En attendant Gbagbo, Gbagbo est arriv\u00e9\"}]},{\"@type\":\"WebSite\",\"@id\":\"https:\/\/www.africa-press.net\/cotedivoire\/#website\",\"url\":\"https:\/\/www.africa-press.net\/cotedivoire\/\",\"name\":\"C\u00f4te d&#039;Ivoire\",\"description\":\"Just another Africa News Agency Sites site\",\"potentialAction\":[{\"@type\":\"SearchAction\",\"target\":{\"@type\":\"EntryPoint\",\"urlTemplate\":\"https:\/\/www.africa-press.net\/cotedivoire\/?s={search_term_string}\"},\"query-input\":{\"@type\":\"PropertyValueSpecification\",\"valueRequired\":true,\"valueName\":\"search_term_string\"}}],\"inLanguage\":\"fr-FR\"},{\"@type\":\"Person\",\"@id\":\"https:\/\/www.africa-press.net\/cotedivoire\/#\/schema\/person\/2b1cf3cd81a31e3cd26889ca66d677f1\",\"name\":\"cfeditorfr\"}]}<\/script>\n<!-- \/ Yoast SEO Premium plugin. -->","yoast_head_json":{"title":"En attendant Gbagbo, Gbagbo est arriv\u00e9 - C\u00f4te d&#039;Ivoire","description":"Par Claude KOUDOU Il y a quelques ann\u00e9es, j\u2019avais \u00e9crit un article qui s\u2019intitule \u00ab En attendant Gbagbo \u00bb. C\u2019\u00e9tait un t ...","robots":{"index":"index","follow":"follow","max-snippet":"max-snippet:-1","max-image-preview":"max-image-preview:large","max-video-preview":"max-video-preview:-1"},"canonical":"https:\/\/www.africa-press.net\/cotedivoire\/politique\/en-attendant-gbagbo-gbagbo-est-arrive","og_locale":"fr_FR","og_type":"article","og_title":"En attendant Gbagbo, Gbagbo est arriv\u00e9","og_description":"Par Claude KOUDOU Il y a quelques ann\u00e9es, j\u2019avais \u00e9crit un article qui s\u2019intitule \u00ab En attendant Gbagbo \u00bb. C\u2019\u00e9tait un t ...","og_url":"https:\/\/www.africa-press.net\/cotedivoire\/politique\/en-attendant-gbagbo-gbagbo-est-arrive","og_site_name":"C\u00f4te d&#039;Ivoire","article_published_time":"2021-06-25T16:18:18+00:00","article_modified_time":"2021-06-25T16:19:24+00:00","og_image":[{"width":720,"height":402,"url":"https:\/\/static.africa-press.net\/cote\/sites\/43\/2021\/06\/img-60d5ffd7ed21f.jpg","type":"image\/jpeg"}],"author":"cfeditorfr","twitter_card":"summary_large_image","twitter_misc":{"\u00c9crit par":"cfeditorfr","Dur\u00e9e de lecture estim\u00e9e":"9 minutes"},"schema":{"@context":"https:\/\/schema.org","@graph":[{"@type":"Article","@id":"https:\/\/www.africa-press.net\/cotedivoire\/politique\/en-attendant-gbagbo-gbagbo-est-arrive#article","isPartOf":{"@id":"https:\/\/www.africa-press.net\/cotedivoire\/politique\/en-attendant-gbagbo-gbagbo-est-arrive"},"author":{"name":"cfeditorfr","@id":"https:\/\/www.africa-press.net\/cotedivoire\/#\/schema\/person\/2b1cf3cd81a31e3cd26889ca66d677f1"},"headline":"En attendant Gbagbo, Gbagbo est arriv\u00e9","datePublished":"2021-06-25T16:18:18+00:00","dateModified":"2021-06-25T16:19:24+00:00","mainEntityOfPage":{"@id":"https:\/\/www.africa-press.net\/cotedivoire\/politique\/en-attendant-gbagbo-gbagbo-est-arrive"},"wordCount":1809,"commentCount":0,"image":{"@id":"https:\/\/www.africa-press.net\/cotedivoire\/politique\/en-attendant-gbagbo-gbagbo-est-arrive#primaryimage"},"thumbnailUrl":"https:\/\/static.africa-press.net\/cote\/sites\/43\/2021\/06\/img-60d5ffd7ed21f.jpg","keywords":["Africa Press","Africa Press-C\u00f4te d'Ivoire","C\u00d4TE D'IVOIRE"],"articleSection":["homepage-french","Politique","Top Nouvelles","Toutes les actualit\u00e9s"],"inLanguage":"fr-FR","potentialAction":[{"@type":"CommentAction","name":"Comment","target":["https:\/\/www.africa-press.net\/cotedivoire\/politique\/en-attendant-gbagbo-gbagbo-est-arrive#respond"]}]},{"@type":"WebPage","@id":"https:\/\/www.africa-press.net\/cotedivoire\/politique\/en-attendant-gbagbo-gbagbo-est-arrive","url":"https:\/\/www.africa-press.net\/cotedivoire\/politique\/en-attendant-gbagbo-gbagbo-est-arrive","name":"En attendant Gbagbo, Gbagbo est arriv\u00e9 - C\u00f4te d&#039;Ivoire","isPartOf":{"@id":"https:\/\/www.africa-press.net\/cotedivoire\/#website"},"primaryImageOfPage":{"@id":"https:\/\/www.africa-press.net\/cotedivoire\/politique\/en-attendant-gbagbo-gbagbo-est-arrive#primaryimage"},"image":{"@id":"https:\/\/www.africa-press.net\/cotedivoire\/politique\/en-attendant-gbagbo-gbagbo-est-arrive#primaryimage"},"thumbnailUrl":"https:\/\/static.africa-press.net\/cote\/sites\/43\/2021\/06\/img-60d5ffd7ed21f.jpg","datePublished":"2021-06-25T16:18:18+00:00","dateModified":"2021-06-25T16:19:24+00:00","author":{"@id":"https:\/\/www.africa-press.net\/cotedivoire\/#\/schema\/person\/2b1cf3cd81a31e3cd26889ca66d677f1"},"description":"Par Claude KOUDOU Il y a quelques ann\u00e9es, j\u2019avais \u00e9crit un article qui s\u2019intitule \u00ab En attendant Gbagbo \u00bb. C\u2019\u00e9tait un t ...","breadcrumb":{"@id":"https:\/\/www.africa-press.net\/cotedivoire\/politique\/en-attendant-gbagbo-gbagbo-est-arrive#breadcrumb"},"inLanguage":"fr-FR","potentialAction":[{"@type":"ReadAction","target":["https:\/\/www.africa-press.net\/cotedivoire\/politique\/en-attendant-gbagbo-gbagbo-est-arrive"]}]},{"@type":"ImageObject","inLanguage":"fr-FR","@id":"https:\/\/www.africa-press.net\/cotedivoire\/politique\/en-attendant-gbagbo-gbagbo-est-arrive#primaryimage","url":"https:\/\/static.africa-press.net\/cote\/sites\/43\/2021\/06\/img-60d5ffd7ed21f.jpg","contentUrl":"https:\/\/static.africa-press.net\/cote\/sites\/43\/2021\/06\/img-60d5ffd7ed21f.jpg","width":720,"height":402,"caption":"En attendant Gbagbo, Gbagbo est arriv\u00e9"},{"@type":"BreadcrumbList","@id":"https:\/\/www.africa-press.net\/cotedivoire\/politique\/en-attendant-gbagbo-gbagbo-est-arrive#breadcrumb","itemListElement":[{"@type":"ListItem","position":1,"name":"Accueil","item":"https:\/\/www.africa-press.net\/cotedivoire\/"},{"@type":"ListItem","position":2,"name":"En attendant Gbagbo, Gbagbo est arriv\u00e9"}]},{"@type":"WebSite","@id":"https:\/\/www.africa-press.net\/cotedivoire\/#website","url":"https:\/\/www.africa-press.net\/cotedivoire\/","name":"C\u00f4te d&#039;Ivoire","description":"Just another Africa News Agency Sites site","potentialAction":[{"@type":"SearchAction","target":{"@type":"EntryPoint","urlTemplate":"https:\/\/www.africa-press.net\/cotedivoire\/?s={search_term_string}"},"query-input":{"@type":"PropertyValueSpecification","valueRequired":true,"valueName":"search_term_string"}}],"inLanguage":"fr-FR"},{"@type":"Person","@id":"https:\/\/www.africa-press.net\/cotedivoire\/#\/schema\/person\/2b1cf3cd81a31e3cd26889ca66d677f1","name":"cfeditorfr"}]}},"_links":{"self":[{"href":"https:\/\/www.africa-press.net\/cotedivoire\/wp-json\/wp\/v2\/posts\/9432","targetHints":{"allow":["GET"]}}],"collection":[{"href":"https:\/\/www.africa-press.net\/cotedivoire\/wp-json\/wp\/v2\/posts"}],"about":[{"href":"https:\/\/www.africa-press.net\/cotedivoire\/wp-json\/wp\/v2\/types\/post"}],"author":[{"embeddable":true,"href":"https:\/\/www.africa-press.net\/cotedivoire\/wp-json\/wp\/v2\/users\/82"}],"replies":[{"embeddable":true,"href":"https:\/\/www.africa-press.net\/cotedivoire\/wp-json\/wp\/v2\/comments?post=9432"}],"version-history":[{"count":0,"href":"https:\/\/www.africa-press.net\/cotedivoire\/wp-json\/wp\/v2\/posts\/9432\/revisions"}],"wp:featuredmedia":[{"embeddable":true,"href":"https:\/\/www.africa-press.net\/cotedivoire\/wp-json\/wp\/v2\/media\/9431"}],"wp:attachment":[{"href":"https:\/\/www.africa-press.net\/cotedivoire\/wp-json\/wp\/v2\/media?parent=9432"}],"wp:term":[{"taxonomy":"category","embeddable":true,"href":"https:\/\/www.africa-press.net\/cotedivoire\/wp-json\/wp\/v2\/categories?post=9432"},{"taxonomy":"post_tag","embeddable":true,"href":"https:\/\/www.africa-press.net\/cotedivoire\/wp-json\/wp\/v2\/tags?post=9432"}],"curies":[{"name":"wp","href":"https:\/\/api.w.org\/{rel}","templated":true}]}}