{"id":94325,"date":"2025-01-29T12:43:29","date_gmt":"2025-01-29T12:43:29","guid":{"rendered":"https:\/\/www.africa-press.net\/cotedivoire\/politique\/le-fonds-africain-de-garantie-lance-une-garantie-de-5-milliards-pour-lenergie-en-afrique"},"modified":"2025-01-29T12:43:29","modified_gmt":"2025-01-29T12:43:29","slug":"le-fonds-africain-de-garantie-lance-une-garantie-de-5-milliards-pour-lenergie-en-afrique","status":"publish","type":"post","link":"https:\/\/www.africa-press.net\/cotedivoire\/economie\/le-fonds-africain-de-garantie-lance-une-garantie-de-5-milliards-pour-lenergie-en-afrique","title":{"rendered":"Le Fonds africain de garantie lance une garantie de 5 milliards $ pour l\u2019\u00e9nergie en Afrique"},"content":{"rendered":"<p><b>Chamberline Moko<\/b><\/p>\n<p><span style=\"color: #ff6600\"><strong>Africa-Press &#8211; C\u00f4te d&rsquo;Ivoire. <\/strong><\/span>Face au de\u0301fi e\u0301nerge\u0301tique majeur du continent, le Fonds africain de garantie s\u2019engage a\u0300 mobiliser d\u2019importants capitaux publics et prive\u0301s pour acce\u0301le\u0301rer la transition vers une e\u0301nergie durable.<\/p>\n<p>Le Fonds africain de garantie (AGF) a de\u0301voile\u0301 le mardi 28 janvier 2025, un me\u0301canisme de garantie en monnaies locales de 5 milliards $ pour stimuler le financement des projets d\u2019acce\u0300s a\u0300 l\u2019e\u0301nergie sur le continent.<\/p>\n<p>Cette annonce est intervenue pendant le Sommet africain de l\u2019e\u0301nergie \u00ab Mission 300 \u00bb en Tanzanie, qui a re\u0301uni chefs d\u2019Etat africains, bailleurs de fonds et acteurs cle\u0301s du secteur de l\u2019e\u0301nergie. Porte\u0301e par la Banque africaine de de\u0301veloppement (BAD) et le Groupe de la Banque mondiale, l\u2019initiative vise a\u0300 raccorder 300 millions d\u2019Africains a\u0300 l\u2019e\u0301lectricite\u0301 d\u2019ici 2030.<\/p>\n<p><b>Un levier puissant pour l\u2019essor des e\u0301nergies renouvelables<\/b><\/p>\n<p>L\u2019initiative de l\u2019AGF vise a\u0300 renforcer les financements en faveur des PME du secteur des e\u0301nergies renouvelables distribue\u0301es (ERD) en Afrique. En facilitant les partenariats public-prive\u0301, l\u2019organisation mobilisera les gouvernements, les banques locales et les institutions financie\u0300res de de\u0301veloppement afin d\u2019injecter des capitaux dans un secteur cle\u0301 pour l\u2019avenir du continent. \u00ab En comblant les de\u0301ficits de financement et en favorisant les partenariats public-prive\u0301, AGF joue un ro\u0302le crucial dans la mise en place de solutions e\u0301nerge\u0301tiques inclusives, l&rsquo;acce\u0301le\u0301ration de la transition e\u0301nerge\u0301tique et la re\u0301duction des e\u0301missions de carbone a\u0300 travers le continent \u00bb, a de\u0301clare\u0301 Jules Ngankam (photo), PDG du groupe AGF.<\/p>\n<p><b>Un engagement pour l\u2019innovation et la finance verte<\/b><\/p>\n<p>Fort de son succe\u0300s avec le me\u0301canisme de garantie verte, qui a favorise\u0301 l\u2019essor des projets d\u2019e\u0301nergie verte et renouvelable en Afrique, l\u2019AGF mise sur des solutions de garantie innovantes et adapte\u0301es aux re\u0301alite\u0301s locales afin d\u2019attirer des financements majeurs. Ces solutions contribueront a\u0300 re\u0301duire les risques lie\u0301s aux portefeuilles de pre\u0302ts, a\u0300 encourager les institutions financie\u0300res a\u0300 accorder davantage de cre\u0301dits aux PME du secteur, et a\u0300 lutter contre les obstacles financiers, tels que les exigences e\u0301leve\u0301es en matie\u0300re de garanties, l&rsquo;asyme\u0301trie de devises et le manque de financement a\u0300 long terme. La garantie verte a \u00ab facilite\u0301 les progre\u0300s vers les engagements nationaux dans le cadre de la De\u0301claration sur l&rsquo;e\u0301nergie en Afrique, de la Vision 2063 de l&rsquo;Union africaine et des Objectifs de de\u0301veloppement durable mondiaux, en favorisant la croissance inclusive et la re\u0301silience climatique. \u00bb, a rappele\u0301 le PDG d\u2019AGF.<\/p>\n<p>Avec un besoin estime\u0301 a\u0300 25 milliards $ par an pour un acce\u0300s universel a\u0300 l\u2019e\u0301nergie en Afrique, cette garantie de 5 milliards $ ouvre la voie a\u0300 une mobilisation des ressources pour transformer durablement le paysage e\u0301nerge\u0301tique africain.<\/p>\n<p><strong>Pour plus d&rsquo;informations et d&rsquo;analyses sur la <span style=\"color: #ff6600\">C\u00f4te d&rsquo;Ivoire<\/span>, suivez <span style=\"color: #ff6600\">Africa-Press<span style=\"color: #ff6600\"><\/span><\/strong><\/p>\n","protected":false},"excerpt":{"rendered":"<p>Chamberline Moko Africa-Press &#8211; C\u00f4te d&rsquo;Ivoire. Face au de\u0301fi e\u0301nerge\u0301tique majeur du continent, le Fonds africain de garantie s\u2019engage a\u0300 mobiliser d\u2019importants capitaux publics et prive\u0301s pour acce\u0301le\u0301rer la transition vers une e\u0301nergie durable. Le Fonds africain de garantie (AGF) a de\u0301voile\u0301 le mardi 28 janvier 2025, un me\u0301canisme de garantie en monnaies locales de [&hellip;]<\/p>\n","protected":false},"author":82,"featured_media":94324,"comment_status":"open","ping_status":"closed","sticky":false,"template":"","format":"standard","meta":{"footnotes":""},"categories":[3,10],"tags":[37],"class_list":["post-94325","post","type-post","status-publish","format-standard","has-post-thumbnail","hentry","category-economie","category-toutes-les-actualites","tag-cote-divoire-2"],"yoast_head":"<!-- This site is optimized with the Yoast SEO Premium plugin v26.1 (Yoast SEO v27.0) - https:\/\/yoast.com\/product\/yoast-seo-premium-wordpress\/ -->\n<title>Le Fonds africain de garantie lance une garantie de 5 milliards $ pour l\u2019\u00e9nergie en Afrique - C\u00f4te d&#039;Ivoire<\/title>\n<meta name=\"robots\" content=\"index, follow, max-snippet:-1, max-image-preview:large, max-video-preview:-1\" \/>\n<link rel=\"canonical\" href=\"https:\/\/www.africa-press.net\/cotedivoire\/politique\/le-fonds-africain-de-garantie-lance-une-garantie-de-5-milliards-pour-lenergie-en-afrique\" \/>\n<meta property=\"og:locale\" content=\"fr_FR\" \/>\n<meta property=\"og:type\" content=\"article\" \/>\n<meta property=\"og:title\" content=\"Le Fonds africain de garantie lance une garantie de 5 milliards $ pour l\u2019\u00e9nergie en Afrique\" \/>\n<meta property=\"og:description\" content=\"Chamberline Moko Africa-Press &#8211; C\u00f4te d&rsquo;Ivoire. Face au de\u0301fi e\u0301nerge\u0301tique majeur du continent, le Fonds africain de garantie s\u2019engage a\u0300 mobiliser d\u2019importants capitaux publics et prive\u0301s pour acce\u0301le\u0301rer la transition vers une e\u0301nergie durable. Le Fonds africain de garantie (AGF) a de\u0301voile\u0301 le mardi 28 janvier 2025, un me\u0301canisme de garantie en monnaies locales de [&hellip;]\" \/>\n<meta property=\"og:url\" content=\"https:\/\/www.africa-press.net\/cotedivoire\/politique\/le-fonds-africain-de-garantie-lance-une-garantie-de-5-milliards-pour-lenergie-en-afrique\" \/>\n<meta property=\"og:site_name\" content=\"C\u00f4te d&#039;Ivoire\" \/>\n<meta property=\"article:published_time\" content=\"2025-01-29T12:43:29+00:00\" \/>\n<meta name=\"author\" content=\"cfeditorfr\" \/>\n<meta name=\"twitter:card\" content=\"summary_large_image\" \/>\n<meta name=\"twitter:label1\" content=\"\u00c9crit par\" \/>\n\t<meta name=\"twitter:data1\" content=\"cfeditorfr\" \/>\n\t<meta name=\"twitter:label2\" content=\"Dur\u00e9e de lecture estim\u00e9e\" \/>\n\t<meta name=\"twitter:data2\" content=\"3 minutes\" \/>\n<script type=\"application\/ld+json\" class=\"yoast-schema-graph\">{\"@context\":\"https:\/\/schema.org\",\"@graph\":[{\"@type\":\"Article\",\"@id\":\"https:\/\/www.africa-press.net\/cotedivoire\/politique\/le-fonds-africain-de-garantie-lance-une-garantie-de-5-milliards-pour-lenergie-en-afrique#article\",\"isPartOf\":{\"@id\":\"https:\/\/www.africa-press.net\/cotedivoire\/politique\/le-fonds-africain-de-garantie-lance-une-garantie-de-5-milliards-pour-lenergie-en-afrique\"},\"author\":{\"name\":\"cfeditorfr\",\"@id\":\"https:\/\/www.africa-press.net\/cotedivoire\/#\/schema\/person\/2b1cf3cd81a31e3cd26889ca66d677f1\"},\"headline\":\"Le Fonds africain de garantie lance une garantie de 5 milliards $ pour l\u2019\u00e9nergie en Afrique\",\"datePublished\":\"2025-01-29T12:43:29+00:00\",\"mainEntityOfPage\":{\"@id\":\"https:\/\/www.africa-press.net\/cotedivoire\/politique\/le-fonds-africain-de-garantie-lance-une-garantie-de-5-milliards-pour-lenergie-en-afrique\"},\"wordCount\":531,\"commentCount\":0,\"image\":{\"@id\":\"https:\/\/www.africa-press.net\/cotedivoire\/politique\/le-fonds-africain-de-garantie-lance-une-garantie-de-5-milliards-pour-lenergie-en-afrique#primaryimage\"},\"thumbnailUrl\":\"https:\/\/static.africa-press.net\/cote\/sites\/43\/2025\/01\/sm_1738142716.332582.jpg\",\"keywords\":[\"C\u00f4te d'Ivoire\"],\"articleSection\":[\"\u00c9conomie\",\"Toutes les actualit\u00e9s\"],\"inLanguage\":\"fr-FR\",\"potentialAction\":[{\"@type\":\"CommentAction\",\"name\":\"Comment\",\"target\":[\"https:\/\/www.africa-press.net\/cotedivoire\/politique\/le-fonds-africain-de-garantie-lance-une-garantie-de-5-milliards-pour-lenergie-en-afrique#respond\"]}]},{\"@type\":\"WebPage\",\"@id\":\"https:\/\/www.africa-press.net\/cotedivoire\/politique\/le-fonds-africain-de-garantie-lance-une-garantie-de-5-milliards-pour-lenergie-en-afrique\",\"url\":\"https:\/\/www.africa-press.net\/cotedivoire\/politique\/le-fonds-africain-de-garantie-lance-une-garantie-de-5-milliards-pour-lenergie-en-afrique\",\"name\":\"Le Fonds africain de garantie lance une garantie de 5 milliards $ pour l\u2019\u00e9nergie en Afrique - C\u00f4te d&#039;Ivoire\",\"isPartOf\":{\"@id\":\"https:\/\/www.africa-press.net\/cotedivoire\/#website\"},\"primaryImageOfPage\":{\"@id\":\"https:\/\/www.africa-press.net\/cotedivoire\/politique\/le-fonds-africain-de-garantie-lance-une-garantie-de-5-milliards-pour-lenergie-en-afrique#primaryimage\"},\"image\":{\"@id\":\"https:\/\/www.africa-press.net\/cotedivoire\/politique\/le-fonds-africain-de-garantie-lance-une-garantie-de-5-milliards-pour-lenergie-en-afrique#primaryimage\"},\"thumbnailUrl\":\"https:\/\/static.africa-press.net\/cote\/sites\/43\/2025\/01\/sm_1738142716.332582.jpg\",\"datePublished\":\"2025-01-29T12:43:29+00:00\",\"author\":{\"@id\":\"https:\/\/www.africa-press.net\/cotedivoire\/#\/schema\/person\/2b1cf3cd81a31e3cd26889ca66d677f1\"},\"breadcrumb\":{\"@id\":\"https:\/\/www.africa-press.net\/cotedivoire\/politique\/le-fonds-africain-de-garantie-lance-une-garantie-de-5-milliards-pour-lenergie-en-afrique#breadcrumb\"},\"inLanguage\":\"fr-FR\",\"potentialAction\":[{\"@type\":\"ReadAction\",\"target\":[\"https:\/\/www.africa-press.net\/cotedivoire\/politique\/le-fonds-africain-de-garantie-lance-une-garantie-de-5-milliards-pour-lenergie-en-afrique\"]}]},{\"@type\":\"ImageObject\",\"inLanguage\":\"fr-FR\",\"@id\":\"https:\/\/www.africa-press.net\/cotedivoire\/politique\/le-fonds-africain-de-garantie-lance-une-garantie-de-5-milliards-pour-lenergie-en-afrique#primaryimage\",\"url\":\"https:\/\/static.africa-press.net\/cote\/sites\/43\/2025\/01\/sm_1738142716.332582.jpg\",\"contentUrl\":\"https:\/\/static.africa-press.net\/cote\/sites\/43\/2025\/01\/sm_1738142716.332582.jpg\",\"width\":450,\"height\":279,\"caption\":\"Le Fonds africain de garantie lance une garantie de 5 milliards $ pour l\u2019\u00e9nergie en Afrique\"},{\"@type\":\"BreadcrumbList\",\"@id\":\"https:\/\/www.africa-press.net\/cotedivoire\/politique\/le-fonds-africain-de-garantie-lance-une-garantie-de-5-milliards-pour-lenergie-en-afrique#breadcrumb\",\"itemListElement\":[{\"@type\":\"ListItem\",\"position\":1,\"name\":\"Accueil\",\"item\":\"https:\/\/www.africa-press.net\/cotedivoire\/\"},{\"@type\":\"ListItem\",\"position\":2,\"name\":\"Le Fonds africain de garantie lance une garantie de 5 milliards $ pour l\u2019\u00e9nergie en Afrique\"}]},{\"@type\":\"WebSite\",\"@id\":\"https:\/\/www.africa-press.net\/cotedivoire\/#website\",\"url\":\"https:\/\/www.africa-press.net\/cotedivoire\/\",\"name\":\"C\u00f4te d&#039;Ivoire\",\"description\":\"Just another Africa News Agency Sites site\",\"potentialAction\":[{\"@type\":\"SearchAction\",\"target\":{\"@type\":\"EntryPoint\",\"urlTemplate\":\"https:\/\/www.africa-press.net\/cotedivoire\/?s={search_term_string}\"},\"query-input\":{\"@type\":\"PropertyValueSpecification\",\"valueRequired\":true,\"valueName\":\"search_term_string\"}}],\"inLanguage\":\"fr-FR\"},{\"@type\":\"Person\",\"@id\":\"https:\/\/www.africa-press.net\/cotedivoire\/#\/schema\/person\/2b1cf3cd81a31e3cd26889ca66d677f1\",\"name\":\"cfeditorfr\"}]}<\/script>\n<!-- \/ Yoast SEO Premium plugin. -->","yoast_head_json":{"title":"Le Fonds africain de garantie lance une garantie de 5 milliards $ pour l\u2019\u00e9nergie en Afrique - C\u00f4te d&#039;Ivoire","robots":{"index":"index","follow":"follow","max-snippet":"max-snippet:-1","max-image-preview":"max-image-preview:large","max-video-preview":"max-video-preview:-1"},"canonical":"https:\/\/www.africa-press.net\/cotedivoire\/politique\/le-fonds-africain-de-garantie-lance-une-garantie-de-5-milliards-pour-lenergie-en-afrique","og_locale":"fr_FR","og_type":"article","og_title":"Le Fonds africain de garantie lance une garantie de 5 milliards $ pour l\u2019\u00e9nergie en Afrique","og_description":"Chamberline Moko Africa-Press &#8211; C\u00f4te d&rsquo;Ivoire. Face au de\u0301fi e\u0301nerge\u0301tique majeur du continent, le Fonds africain de garantie s\u2019engage a\u0300 mobiliser d\u2019importants capitaux publics et prive\u0301s pour acce\u0301le\u0301rer la transition vers une e\u0301nergie durable. Le Fonds africain de garantie (AGF) a de\u0301voile\u0301 le mardi 28 janvier 2025, un me\u0301canisme de garantie en monnaies locales de [&hellip;]","og_url":"https:\/\/www.africa-press.net\/cotedivoire\/politique\/le-fonds-africain-de-garantie-lance-une-garantie-de-5-milliards-pour-lenergie-en-afrique","og_site_name":"C\u00f4te d&#039;Ivoire","article_published_time":"2025-01-29T12:43:29+00:00","author":"cfeditorfr","twitter_card":"summary_large_image","twitter_misc":{"\u00c9crit par":"cfeditorfr","Dur\u00e9e de lecture estim\u00e9e":"3 minutes"},"schema":{"@context":"https:\/\/schema.org","@graph":[{"@type":"Article","@id":"https:\/\/www.africa-press.net\/cotedivoire\/politique\/le-fonds-africain-de-garantie-lance-une-garantie-de-5-milliards-pour-lenergie-en-afrique#article","isPartOf":{"@id":"https:\/\/www.africa-press.net\/cotedivoire\/politique\/le-fonds-africain-de-garantie-lance-une-garantie-de-5-milliards-pour-lenergie-en-afrique"},"author":{"name":"cfeditorfr","@id":"https:\/\/www.africa-press.net\/cotedivoire\/#\/schema\/person\/2b1cf3cd81a31e3cd26889ca66d677f1"},"headline":"Le Fonds africain de garantie lance une garantie de 5 milliards $ pour l\u2019\u00e9nergie en Afrique","datePublished":"2025-01-29T12:43:29+00:00","mainEntityOfPage":{"@id":"https:\/\/www.africa-press.net\/cotedivoire\/politique\/le-fonds-africain-de-garantie-lance-une-garantie-de-5-milliards-pour-lenergie-en-afrique"},"wordCount":531,"commentCount":0,"image":{"@id":"https:\/\/www.africa-press.net\/cotedivoire\/politique\/le-fonds-africain-de-garantie-lance-une-garantie-de-5-milliards-pour-lenergie-en-afrique#primaryimage"},"thumbnailUrl":"https:\/\/static.africa-press.net\/cote\/sites\/43\/2025\/01\/sm_1738142716.332582.jpg","keywords":["C\u00f4te d'Ivoire"],"articleSection":["\u00c9conomie","Toutes les actualit\u00e9s"],"inLanguage":"fr-FR","potentialAction":[{"@type":"CommentAction","name":"Comment","target":["https:\/\/www.africa-press.net\/cotedivoire\/politique\/le-fonds-africain-de-garantie-lance-une-garantie-de-5-milliards-pour-lenergie-en-afrique#respond"]}]},{"@type":"WebPage","@id":"https:\/\/www.africa-press.net\/cotedivoire\/politique\/le-fonds-africain-de-garantie-lance-une-garantie-de-5-milliards-pour-lenergie-en-afrique","url":"https:\/\/www.africa-press.net\/cotedivoire\/politique\/le-fonds-africain-de-garantie-lance-une-garantie-de-5-milliards-pour-lenergie-en-afrique","name":"Le Fonds africain de garantie lance une garantie de 5 milliards $ pour l\u2019\u00e9nergie en Afrique - C\u00f4te d&#039;Ivoire","isPartOf":{"@id":"https:\/\/www.africa-press.net\/cotedivoire\/#website"},"primaryImageOfPage":{"@id":"https:\/\/www.africa-press.net\/cotedivoire\/politique\/le-fonds-africain-de-garantie-lance-une-garantie-de-5-milliards-pour-lenergie-en-afrique#primaryimage"},"image":{"@id":"https:\/\/www.africa-press.net\/cotedivoire\/politique\/le-fonds-africain-de-garantie-lance-une-garantie-de-5-milliards-pour-lenergie-en-afrique#primaryimage"},"thumbnailUrl":"https:\/\/static.africa-press.net\/cote\/sites\/43\/2025\/01\/sm_1738142716.332582.jpg","datePublished":"2025-01-29T12:43:29+00:00","author":{"@id":"https:\/\/www.africa-press.net\/cotedivoire\/#\/schema\/person\/2b1cf3cd81a31e3cd26889ca66d677f1"},"breadcrumb":{"@id":"https:\/\/www.africa-press.net\/cotedivoire\/politique\/le-fonds-africain-de-garantie-lance-une-garantie-de-5-milliards-pour-lenergie-en-afrique#breadcrumb"},"inLanguage":"fr-FR","potentialAction":[{"@type":"ReadAction","target":["https:\/\/www.africa-press.net\/cotedivoire\/politique\/le-fonds-africain-de-garantie-lance-une-garantie-de-5-milliards-pour-lenergie-en-afrique"]}]},{"@type":"ImageObject","inLanguage":"fr-FR","@id":"https:\/\/www.africa-press.net\/cotedivoire\/politique\/le-fonds-africain-de-garantie-lance-une-garantie-de-5-milliards-pour-lenergie-en-afrique#primaryimage","url":"https:\/\/static.africa-press.net\/cote\/sites\/43\/2025\/01\/sm_1738142716.332582.jpg","contentUrl":"https:\/\/static.africa-press.net\/cote\/sites\/43\/2025\/01\/sm_1738142716.332582.jpg","width":450,"height":279,"caption":"Le Fonds africain de garantie lance une garantie de 5 milliards $ pour l\u2019\u00e9nergie en Afrique"},{"@type":"BreadcrumbList","@id":"https:\/\/www.africa-press.net\/cotedivoire\/politique\/le-fonds-africain-de-garantie-lance-une-garantie-de-5-milliards-pour-lenergie-en-afrique#breadcrumb","itemListElement":[{"@type":"ListItem","position":1,"name":"Accueil","item":"https:\/\/www.africa-press.net\/cotedivoire\/"},{"@type":"ListItem","position":2,"name":"Le Fonds africain de garantie lance une garantie de 5 milliards $ pour l\u2019\u00e9nergie en Afrique"}]},{"@type":"WebSite","@id":"https:\/\/www.africa-press.net\/cotedivoire\/#website","url":"https:\/\/www.africa-press.net\/cotedivoire\/","name":"C\u00f4te d&#039;Ivoire","description":"Just another Africa News Agency Sites site","potentialAction":[{"@type":"SearchAction","target":{"@type":"EntryPoint","urlTemplate":"https:\/\/www.africa-press.net\/cotedivoire\/?s={search_term_string}"},"query-input":{"@type":"PropertyValueSpecification","valueRequired":true,"valueName":"search_term_string"}}],"inLanguage":"fr-FR"},{"@type":"Person","@id":"https:\/\/www.africa-press.net\/cotedivoire\/#\/schema\/person\/2b1cf3cd81a31e3cd26889ca66d677f1","name":"cfeditorfr"}]}},"_links":{"self":[{"href":"https:\/\/www.africa-press.net\/cotedivoire\/wp-json\/wp\/v2\/posts\/94325","targetHints":{"allow":["GET"]}}],"collection":[{"href":"https:\/\/www.africa-press.net\/cotedivoire\/wp-json\/wp\/v2\/posts"}],"about":[{"href":"https:\/\/www.africa-press.net\/cotedivoire\/wp-json\/wp\/v2\/types\/post"}],"author":[{"embeddable":true,"href":"https:\/\/www.africa-press.net\/cotedivoire\/wp-json\/wp\/v2\/users\/82"}],"replies":[{"embeddable":true,"href":"https:\/\/www.africa-press.net\/cotedivoire\/wp-json\/wp\/v2\/comments?post=94325"}],"version-history":[{"count":0,"href":"https:\/\/www.africa-press.net\/cotedivoire\/wp-json\/wp\/v2\/posts\/94325\/revisions"}],"wp:featuredmedia":[{"embeddable":true,"href":"https:\/\/www.africa-press.net\/cotedivoire\/wp-json\/wp\/v2\/media\/94324"}],"wp:attachment":[{"href":"https:\/\/www.africa-press.net\/cotedivoire\/wp-json\/wp\/v2\/media?parent=94325"}],"wp:term":[{"taxonomy":"category","embeddable":true,"href":"https:\/\/www.africa-press.net\/cotedivoire\/wp-json\/wp\/v2\/categories?post=94325"},{"taxonomy":"post_tag","embeddable":true,"href":"https:\/\/www.africa-press.net\/cotedivoire\/wp-json\/wp\/v2\/tags?post=94325"}],"curies":[{"name":"wp","href":"https:\/\/api.w.org\/{rel}","templated":true}]}}