{"id":9438,"date":"2021-06-25T16:35:16","date_gmt":"2021-06-25T16:35:16","guid":{"rendered":"https:\/\/www.africa-press.net\/cotedivoire\/?p=9438"},"modified":"2021-06-25T16:19:45","modified_gmt":"2021-06-25T16:19:45","slug":"les-problemes-de-lafrique-cest-lafrique","status":"publish","type":"post","link":"https:\/\/www.africa-press.net\/cotedivoire\/dossiers\/les-problemes-de-lafrique-cest-lafrique","title":{"rendered":"Les probl\u00e8mes de l\u2019Afrique, c\u2019est l\u2019Afrique"},"content":{"rendered":"<p><span style=\"color: #ff6600\"><strong><a href=\"https:\/\/www.africa-press.net\/\">Africa-Press<\/a> &#8211; <a href=\"https:\/\/www.africa-press.net\/cotedivoire\">C\u00f4te d&rsquo;Ivoire<\/a>. <\/strong><\/span>La r\u00e9ponse \u00e0 toutes ces questions r\u00e9side dans la fa\u00e7on dont nous voyons le d\u00e9veloppement en Afrique. Pour un Africain, quel que soit son niveau d\u2019\u00e9ducation ou son rang social, le d\u00e9veloppement c\u2019est quand lui m\u00eame il est suffisamment riche et qu\u2019il peut bien s\u2019occuper de ses enfants, de ses parents, et de son entourage. Les autres eux voient le d\u00e9veloppement en terme de syst\u00e8me en mettre en place pour le bonheur de tous (sant\u00e9, \u00e9ducation, agriculture, politique, \u00e9conomie, infrastructure routi\u00e8re, energie, services sociaux, mine, etc, etc.). Alors pourquoi ne pas les comparer \u00e0 nous pour en tirer le meilleur profit ?<\/p>\n<p>La grande majorit\u00e9 des Africains me r\u00e9pondra que justement ce sont eux qui nous emp\u00eachent de nous d\u00e9velopper en pillant nos ressources naturelles. Soit. Mais que faisons-nous du peu qu\u2019ils nous laissent? Que faisons-nous des pr\u00eats qu\u2019ils nous accordent? Eux c\u2019est avec ces m\u00eames pr\u00eats qu\u2019ils se sont d\u00e9velopp\u00e9s ou qu\u2019ils se d\u00e9veloppent. Alors pourquoi pas nous? Si tu ne te respectes pas, qui va te respecter ? A mon avis, notre mal est plus profond que cette accusation que je respecte d\u2019ailleurs. Notre fa\u00e7on de concevoir le d\u00e9veloppement porte les germes de nos probl\u00e8mes de corruption, de coup d\u2019\u00c9tat, d\u2019injustice, de r\u00e9bellions, de guerres, de d\u00e9c\u00e8s, de malnutrition, etc. L\u2019Afrique est le continent le plus riche mais paradoxalement c\u2019est le continent qu\u2019on indexe qu\u2019on parle de pauvret\u00e9, de d\u00e9c\u00e8s, de guerres.<\/p>\n<p>Il faut avant tout revoir nos syst\u00e8mes de gouvernance politique. C\u2019est le mal de nos pays africains. Tout le monde est focus\u00e9 sur le pouvoir politique. Mais alors pourquoi tant d\u2019engouement pour le pouvoir politique ? Le pouvoir politique procure beaucoup: prestige, confort, beaucoup d\u2019argent, possibilit\u00e9 de nommer qui et comment sans passer par le s\u00e9nat qui lui-m\u00eame est nomm\u00e9 par le pr\u00e9sident, pas de contr\u00f4le dans la gestion des deniers publiques, les partis d\u2019opposition n\u2019existent que sur papier, la justice , l\u2019assembl\u00e9e nationale, le s\u00e9nat, la chambre des comptes, etc sont \u00e0 votre merci, vous n\u2019avez pas de salaire, vous prenez combien et comment vous voulez sans en rendre compte \u00e0 qui que ce soit. Certains partis politiques sont d\u2019ailleurs cr\u00e9\u00e9s pour faire le lit du pouvoir en place, juste pour \u00eatre cas\u00e9s. Les structures de contr\u00f4le existent mais elles sont sous le contr\u00f4le de l\u2019ex\u00e9cutif et donc ne peuvent pas travailler en toute ind\u00e9pendance. Voil\u00e0 pourquoi tout le monde court apr\u00e8s le pouvoir en Afrique.<\/p>\n<p>Si c\u2019est le d\u00e9veloppement et le bien \u00eatre de toute la population qu\u2019on recherche, pourquoi on refuse de se parler et de faire des concessions de part et d\u2019autre? Pourquoi ne pas s\u2019asseoir pour \u00e9crire nos constitutions que personne ne doit changer aux yeux de ses int\u00e9r\u00eats personnels? Pourquoi dans ces constitutions, on ne limite pas les pouvoirs des pr\u00e9sidents de la r\u00e9publique de fa\u00e7on claire, sans ambigu\u00eft\u00e9 ? Pourquoi on n\u2019y pr\u00e9cise pas le salaire et les quelques avantages auxquels il a droit ? Pourquoi on ne supprime pas les budgets de souverainet\u00e9 ?<\/p>\n<p>Pourquoi on ne mentionne pas les noms et le nombre de minist\u00e8res dans le pays ? Le pr\u00e9sident \u00e0 venir ne devrait pas avoir la possibilit\u00e9 de manipuler ces constitutions. Pourquoi ne pas pr\u00e9ciser clairement le nombre de mandat pr\u00e9sidentiels sans arri\u00e8re-pens\u00e9e ? En un mot pourquoi ne pas \u00e9quilibrer comme les autres le font chez eux les pouvoirs de nos institutions d\u2019Etat? Les pouvoirs des chefs d\u2019Etats en Afrique sont trop exorbitants. Tout le monde cherche \u00e0 \u00eatre pr\u00e9sident de la r\u00e9publique. \u00c0 d\u00e9faut, on veut absolument que son homme soit pr\u00e9sident car le pr\u00e9sident en Afrique est vu comme le propri\u00e9taire du pays. Ce qui est grave comme perception. Personne ne peut contredire le pr\u00e9sident de peur d\u2019\u00eatre vir\u00e9.<\/p>\n<p>En r\u00e9duisant ces pouvoirs, on ferait l\u2019\u00e9conomie des guerres, de l\u2019injustice, de la corruption et autres en Afrique. Les Africains doivent amener leur chef d\u2019\u00c9tat \u00e0 revoir leur syst\u00e8me politique dans ce sens. Tr\u00e8s souvent ces hommes politiques n\u2019ont m\u00eame pas un projet de d\u00e9veloppement du pays mais ils sont suivis \u00e0 cause de l\u2019ethnie, la religion ou l\u2019appartenance r\u00e9gionale. Tous les citoyens doivent \u00eatre \u00e0 l\u2019abri du syst\u00e8me sans forc\u00e9ment conna\u00eetre quelqu\u2019un pour une aide en tant que citoyen, c\u2019est cela un pays de d\u00e9mocratie, de libert\u00e9, et de droit. Les probl\u00e8mes de l\u2019Afrique c\u2019est l\u2019Afrique elle-m\u00eame.<\/p>\n<p>Dr. Charles Koudou, Administrateur de la sant\u00e9, consultant en sant\u00e9 et d\u00e9veloppement, USA. koudoucharles@gmail.com<\/p>\n<p>Si en Afrique nous voulons r\u00e9ellement la paix, la r\u00e9conciliation, l\u2019amour entre nous, le d\u00e9veloppement de nos pays, et le bien \u00eatre de nos populations, nous devrions nous poser les questions suivantes : Pourquoi sommes nous en retard en mati\u00e8re de d\u00e9veloppement? Pourquoi nous nous entre-d\u00e9chirons ? Pourquoi les guerres, les rebellions, les coups d\u2019\u00e9tats ? Pourquoi les autres sont d\u00e9velopp\u00e9s ou se d\u00e9veloppent et pas nous ?<\/p>\n<p>La r\u00e9ponse \u00e0 toutes ces questions r\u00e9side dans la fa\u00e7on dont nous voyons le d\u00e9veloppement en Afrique. Pour un Africain, quel que soit son niveau d\u2019\u00e9ducation ou son rang social, le d\u00e9veloppement c\u2019est quand lui m\u00eame il est suffisamment riche et qu\u2019il peut bien s\u2019occuper de ses enfants, de ses parents, et de son entourage. Les autres eux voient le d\u00e9veloppement en terme de syst\u00e8me en mettre en place pour le bonheur de tous (sant\u00e9, \u00e9ducation, agriculture, politique, \u00e9conomie, infrastructure routi\u00e8re, energie, services sociaux, mine, etc, etc.). Alors pourquoi ne pas les comparer \u00e0 nous pour en tirer le meilleur profit ?<\/p>\n<p>La grande majorit\u00e9 des Africains me r\u00e9pondra que justement ce sont eux qui nous emp\u00eachent de nous d\u00e9velopper en pillant nos ressources naturelles. Soit. Mais que faisons-nous du peu qu\u2019ils nous laissent? Que faisons-nous des pr\u00eats qu\u2019ils nous accordent? Eux c\u2019est avec ces m\u00eames pr\u00eats qu\u2019ils se sont d\u00e9velopp\u00e9s ou qu\u2019ils se d\u00e9veloppent. Alors pourquoi pas nous? Si tu ne te respectes pas, qui va te respecter ? A mon avis, notre mal est plus profond que cette accusation que je respecte d\u2019ailleurs. Notre fa\u00e7on de concevoir le d\u00e9veloppement porte les germes de nos probl\u00e8mes de corruption, de coup d\u2019\u00c9tat, d\u2019injustice, de r\u00e9bellions, de guerres, de d\u00e9c\u00e8s, de malnutrition, etc. L\u2019Afrique est le continent le plus riche mais paradoxalement c\u2019est le continent qu\u2019on indexe qu\u2019on parle de pauvret\u00e9, de d\u00e9c\u00e8s, de guerres.<\/p>\n<p>Il faut avant tout revoir nos syst\u00e8mes de gouvernance politique. C\u2019est le mal de nos pays africains. Tout le monde est \u2018focus\u00e9\u2019 sur le pouvoir politique. Mais alors pourquoi tant d\u2019engouement pour le pouvoir politique ? Le pouvoir politique procure beaucoup: prestige, confort, beaucoup d\u2019argent, possibilit\u00e9 de nommer qui et comment sans passer par le s\u00e9nat qui lui-m\u00eame est nomm\u00e9 par le pr\u00e9sident, pas de contr\u00f4le dans la gestion des deniers publiques, les partis d\u2019opposition n\u2019existent que sur papier, la justice , l\u2019assembl\u00e9e nationale, le s\u00e9nat, la chambre des comptes, etc sont \u00e0 votre merci, vous n\u2019avez pas de salaire, vous prenez combien et comment vous voulez sans en rendre compte \u00e0 qui que ce soit. Certains partis politiques sont d\u2019ailleurs cr\u00e9\u00e9s pour faire le lit du pouvoir en place, juste pour \u00eatre cas\u00e9s. Les structures de contr\u00f4le existent mais elles sont sous le contr\u00f4le de l\u2019ex\u00e9cutif et donc ne peuvent pas travailler en toute ind\u00e9pendance. Voil\u00e0 pourquoi tout le monde court apr\u00e8s le pouvoir en Afrique.<\/p>\n<p>Si c\u2019est le d\u00e9veloppement et le bien \u00eatre de toute la population qu\u2019on recherche, pourquoi on refuse de se parler et de faire des concessions de part et d\u2019autre? Pourquoi ne pas s\u2019asseoir pour \u00e9crire nos constitutions que personne ne doit changer aux yeux de ses int\u00e9r\u00eats personnels? Pourquoi dans ces constitutions, on ne limite pas les pouvoirs des pr\u00e9sidents de la r\u00e9publique de fa\u00e7on claire, sans ambigu\u00eft\u00e9 ? Pourquoi on n\u2019y pr\u00e9cise pas le salaire et les quelques avantages auxquels il a droit ? Pourquoi on ne supprime pas les budgets de souverainet\u00e9 ?<\/p>\n<p>Pourquoi on ne mentionne pas les noms et le nombre de minist\u00e8res dans le pays ? Le pr\u00e9sident \u00e0 venir ne devrait pas avoir la possibilit\u00e9 de manipuler ces constitutions. Pourquoi ne pas pr\u00e9ciser clairement le nombre de mandat pr\u00e9sidentiels sans arri\u00e8re-pens\u00e9e ? En un mot pourquoi ne pas \u00e9quilibrer comme les autres le font chez eux les pouvoirs de nos institutions d\u2019Etat? Les pouvoirs des chefs d\u2019Etats en Afrique sont trop exorbitants. Tout le monde cherche \u00e0 \u00eatre pr\u00e9sident de la r\u00e9publique. \u00c0 d\u00e9faut, on veut absolument que son homme soit pr\u00e9sident car le pr\u00e9sident en Afrique est vu comme le propri\u00e9taire du pays. Ce qui est grave comme perception. Personne ne peut contredire le pr\u00e9sident de peur d\u2019\u00eatre vir\u00e9.<\/p>\n<p>En r\u00e9duisant ces pouvoirs, on ferait l\u2019\u00e9conomie des guerres, de l\u2019injustice, de la corruption et autres en Afrique. Les Africains doivent amener leur chef d\u2019\u00c9tat \u00e0 revoir leur syst\u00e8me politique dans ce sens. Tr\u00e8s souvent ces hommes politiques n\u2019ont m\u00eame pas un projet de d\u00e9veloppement du pays mais ils sont suivis \u00e0 cause de l\u2019ethnie, la religion ou l\u2019appartenance r\u00e9gionale. Tous les citoyens doivent \u00eatre \u00e0 l\u2019abri du syst\u00e8me sans forc\u00e9ment conna\u00eetre quelqu\u2019un pour une aide en tant que citoyen, c\u2019est cela un pays de d\u00e9mocratie, de libert\u00e9, et de droit. Les probl\u00e8mes de l\u2019Afrique c\u2019est l\u2019Afrique elle-m\u00eame.<\/p>\n<p>Dr. Charles Koudou, Administrateur de la sant\u00e9, consultant en sant\u00e9 et d\u00e9veloppement, USA. koudoucharles@gmail.com<\/p>\n","protected":false},"excerpt":{"rendered":"<p>Africa-Press &#8211; C\u00f4te d&rsquo;Ivoire. La r\u00e9ponse \u00e0 toutes ces questions r\u00e9side dans la fa\u00e7on dont nous voyons le d\u00e9veloppement en Afrique. Pour un Africain, quel que soit son niveau d\u2019\u00e9ducation ou son rang social, le d\u00e9veloppement c\u2019est quand lui m\u00eame il est suffisamment riche et qu\u2019il peut bien s\u2019occuper de ses enfants, de ses parents, [&hellip;]<\/p>\n","protected":false},"author":82,"featured_media":9437,"comment_status":"open","ping_status":"closed","sticky":false,"template":"","format":"standard","meta":{"footnotes":""},"categories":[7,11,10],"tags":[56,63,29],"class_list":["post-9438","post","type-post","status-publish","format-standard","has-post-thumbnail","hentry","category-dossiers","category-homepage-french","category-toutes-les-actualites","tag-africa-press","tag-africa-press-cote-divoire","tag-cote-divoire"],"yoast_head":"<!-- This site is optimized with the Yoast SEO Premium plugin v26.1 (Yoast SEO v27.0) - https:\/\/yoast.com\/product\/yoast-seo-premium-wordpress\/ -->\n<title>Les probl\u00e8mes de l\u2019Afrique, c\u2019est l\u2019Afrique - C\u00f4te d&#039;Ivoire<\/title>\n<meta name=\"description\" content=\"La r\u00e9ponse \u00e0 toutes ces questions r\u00e9side dans la fa\u00e7on dont nous voyons le d\u00e9veloppement en Afrique. Pour un Africain, q ...\" \/>\n<meta name=\"robots\" content=\"index, follow, max-snippet:-1, max-image-preview:large, max-video-preview:-1\" \/>\n<link rel=\"canonical\" href=\"https:\/\/www.africa-press.net\/cotedivoire\/dossiers\/les-problemes-de-lafrique-cest-lafrique\" \/>\n<meta property=\"og:locale\" content=\"fr_FR\" \/>\n<meta property=\"og:type\" content=\"article\" \/>\n<meta property=\"og:title\" content=\"Les probl\u00e8mes de l\u2019Afrique, c\u2019est l\u2019Afrique\" \/>\n<meta property=\"og:description\" content=\"La r\u00e9ponse \u00e0 toutes ces questions r\u00e9side dans la fa\u00e7on dont nous voyons le d\u00e9veloppement en Afrique. Pour un Africain, q ...\" \/>\n<meta property=\"og:url\" content=\"https:\/\/www.africa-press.net\/cotedivoire\/dossiers\/les-problemes-de-lafrique-cest-lafrique\" \/>\n<meta property=\"og:site_name\" content=\"C\u00f4te d&#039;Ivoire\" \/>\n<meta property=\"article:published_time\" content=\"2021-06-25T16:35:16+00:00\" \/>\n<meta property=\"og:image\" content=\"https:\/\/static.africa-press.net\/cote\/sites\/43\/2021\/06\/img-60d6005036c3b.jpg\" \/>\n\t<meta property=\"og:image:width\" content=\"720\" \/>\n\t<meta property=\"og:image:height\" content=\"503\" \/>\n\t<meta property=\"og:image:type\" content=\"image\/jpeg\" \/>\n<meta name=\"author\" content=\"cfeditorfr\" \/>\n<meta name=\"twitter:card\" content=\"summary_large_image\" \/>\n<meta name=\"twitter:label1\" content=\"\u00c9crit par\" \/>\n\t<meta name=\"twitter:data1\" content=\"cfeditorfr\" \/>\n\t<meta name=\"twitter:label2\" content=\"Dur\u00e9e de lecture estim\u00e9e\" \/>\n\t<meta name=\"twitter:data2\" content=\"9 minutes\" \/>\n<script type=\"application\/ld+json\" class=\"yoast-schema-graph\">{\"@context\":\"https:\/\/schema.org\",\"@graph\":[{\"@type\":\"Article\",\"@id\":\"https:\/\/www.africa-press.net\/cotedivoire\/dossiers\/les-problemes-de-lafrique-cest-lafrique#article\",\"isPartOf\":{\"@id\":\"https:\/\/www.africa-press.net\/cotedivoire\/dossiers\/les-problemes-de-lafrique-cest-lafrique\"},\"author\":{\"name\":\"cfeditorfr\",\"@id\":\"https:\/\/www.africa-press.net\/cotedivoire\/#\/schema\/person\/2b1cf3cd81a31e3cd26889ca66d677f1\"},\"headline\":\"Les probl\u00e8mes de l\u2019Afrique, c\u2019est l\u2019Afrique\",\"datePublished\":\"2021-06-25T16:35:16+00:00\",\"mainEntityOfPage\":{\"@id\":\"https:\/\/www.africa-press.net\/cotedivoire\/dossiers\/les-problemes-de-lafrique-cest-lafrique\"},\"wordCount\":1753,\"commentCount\":0,\"image\":{\"@id\":\"https:\/\/www.africa-press.net\/cotedivoire\/dossiers\/les-problemes-de-lafrique-cest-lafrique#primaryimage\"},\"thumbnailUrl\":\"https:\/\/static.africa-press.net\/cote\/sites\/43\/2021\/06\/img-60d6005036c3b.jpg\",\"keywords\":[\"Africa Press\",\"Africa Press-C\u00f4te d'Ivoire\",\"C\u00d4TE D'IVOIRE\"],\"articleSection\":[\"Dossiers\",\"homepage-french\",\"Toutes les actualit\u00e9s\"],\"inLanguage\":\"fr-FR\",\"potentialAction\":[{\"@type\":\"CommentAction\",\"name\":\"Comment\",\"target\":[\"https:\/\/www.africa-press.net\/cotedivoire\/dossiers\/les-problemes-de-lafrique-cest-lafrique#respond\"]}]},{\"@type\":\"WebPage\",\"@id\":\"https:\/\/www.africa-press.net\/cotedivoire\/dossiers\/les-problemes-de-lafrique-cest-lafrique\",\"url\":\"https:\/\/www.africa-press.net\/cotedivoire\/dossiers\/les-problemes-de-lafrique-cest-lafrique\",\"name\":\"Les probl\u00e8mes de l\u2019Afrique, c\u2019est l\u2019Afrique - C\u00f4te d&#039;Ivoire\",\"isPartOf\":{\"@id\":\"https:\/\/www.africa-press.net\/cotedivoire\/#website\"},\"primaryImageOfPage\":{\"@id\":\"https:\/\/www.africa-press.net\/cotedivoire\/dossiers\/les-problemes-de-lafrique-cest-lafrique#primaryimage\"},\"image\":{\"@id\":\"https:\/\/www.africa-press.net\/cotedivoire\/dossiers\/les-problemes-de-lafrique-cest-lafrique#primaryimage\"},\"thumbnailUrl\":\"https:\/\/static.africa-press.net\/cote\/sites\/43\/2021\/06\/img-60d6005036c3b.jpg\",\"datePublished\":\"2021-06-25T16:35:16+00:00\",\"author\":{\"@id\":\"https:\/\/www.africa-press.net\/cotedivoire\/#\/schema\/person\/2b1cf3cd81a31e3cd26889ca66d677f1\"},\"description\":\"La r\u00e9ponse \u00e0 toutes ces questions r\u00e9side dans la fa\u00e7on dont nous voyons le d\u00e9veloppement en Afrique. Pour un Africain, q ...\",\"breadcrumb\":{\"@id\":\"https:\/\/www.africa-press.net\/cotedivoire\/dossiers\/les-problemes-de-lafrique-cest-lafrique#breadcrumb\"},\"inLanguage\":\"fr-FR\",\"potentialAction\":[{\"@type\":\"ReadAction\",\"target\":[\"https:\/\/www.africa-press.net\/cotedivoire\/dossiers\/les-problemes-de-lafrique-cest-lafrique\"]}]},{\"@type\":\"ImageObject\",\"inLanguage\":\"fr-FR\",\"@id\":\"https:\/\/www.africa-press.net\/cotedivoire\/dossiers\/les-problemes-de-lafrique-cest-lafrique#primaryimage\",\"url\":\"https:\/\/static.africa-press.net\/cote\/sites\/43\/2021\/06\/img-60d6005036c3b.jpg\",\"contentUrl\":\"https:\/\/static.africa-press.net\/cote\/sites\/43\/2021\/06\/img-60d6005036c3b.jpg\",\"width\":720,\"height\":503,\"caption\":\"Les probl\u00e8mes de l\u2019Afrique, c\u2019est l\u2019Afrique\"},{\"@type\":\"BreadcrumbList\",\"@id\":\"https:\/\/www.africa-press.net\/cotedivoire\/dossiers\/les-problemes-de-lafrique-cest-lafrique#breadcrumb\",\"itemListElement\":[{\"@type\":\"ListItem\",\"position\":1,\"name\":\"Accueil\",\"item\":\"https:\/\/www.africa-press.net\/cotedivoire\/\"},{\"@type\":\"ListItem\",\"position\":2,\"name\":\"Les probl\u00e8mes de l\u2019Afrique, c\u2019est l\u2019Afrique\"}]},{\"@type\":\"WebSite\",\"@id\":\"https:\/\/www.africa-press.net\/cotedivoire\/#website\",\"url\":\"https:\/\/www.africa-press.net\/cotedivoire\/\",\"name\":\"C\u00f4te d&#039;Ivoire\",\"description\":\"Just another Africa News Agency Sites site\",\"potentialAction\":[{\"@type\":\"SearchAction\",\"target\":{\"@type\":\"EntryPoint\",\"urlTemplate\":\"https:\/\/www.africa-press.net\/cotedivoire\/?s={search_term_string}\"},\"query-input\":{\"@type\":\"PropertyValueSpecification\",\"valueRequired\":true,\"valueName\":\"search_term_string\"}}],\"inLanguage\":\"fr-FR\"},{\"@type\":\"Person\",\"@id\":\"https:\/\/www.africa-press.net\/cotedivoire\/#\/schema\/person\/2b1cf3cd81a31e3cd26889ca66d677f1\",\"name\":\"cfeditorfr\"}]}<\/script>\n<!-- \/ Yoast SEO Premium plugin. -->","yoast_head_json":{"title":"Les probl\u00e8mes de l\u2019Afrique, c\u2019est l\u2019Afrique - C\u00f4te d&#039;Ivoire","description":"La r\u00e9ponse \u00e0 toutes ces questions r\u00e9side dans la fa\u00e7on dont nous voyons le d\u00e9veloppement en Afrique. Pour un Africain, q ...","robots":{"index":"index","follow":"follow","max-snippet":"max-snippet:-1","max-image-preview":"max-image-preview:large","max-video-preview":"max-video-preview:-1"},"canonical":"https:\/\/www.africa-press.net\/cotedivoire\/dossiers\/les-problemes-de-lafrique-cest-lafrique","og_locale":"fr_FR","og_type":"article","og_title":"Les probl\u00e8mes de l\u2019Afrique, c\u2019est l\u2019Afrique","og_description":"La r\u00e9ponse \u00e0 toutes ces questions r\u00e9side dans la fa\u00e7on dont nous voyons le d\u00e9veloppement en Afrique. Pour un Africain, q ...","og_url":"https:\/\/www.africa-press.net\/cotedivoire\/dossiers\/les-problemes-de-lafrique-cest-lafrique","og_site_name":"C\u00f4te d&#039;Ivoire","article_published_time":"2021-06-25T16:35:16+00:00","og_image":[{"width":720,"height":503,"url":"https:\/\/static.africa-press.net\/cote\/sites\/43\/2021\/06\/img-60d6005036c3b.jpg","type":"image\/jpeg"}],"author":"cfeditorfr","twitter_card":"summary_large_image","twitter_misc":{"\u00c9crit par":"cfeditorfr","Dur\u00e9e de lecture estim\u00e9e":"9 minutes"},"schema":{"@context":"https:\/\/schema.org","@graph":[{"@type":"Article","@id":"https:\/\/www.africa-press.net\/cotedivoire\/dossiers\/les-problemes-de-lafrique-cest-lafrique#article","isPartOf":{"@id":"https:\/\/www.africa-press.net\/cotedivoire\/dossiers\/les-problemes-de-lafrique-cest-lafrique"},"author":{"name":"cfeditorfr","@id":"https:\/\/www.africa-press.net\/cotedivoire\/#\/schema\/person\/2b1cf3cd81a31e3cd26889ca66d677f1"},"headline":"Les probl\u00e8mes de l\u2019Afrique, c\u2019est l\u2019Afrique","datePublished":"2021-06-25T16:35:16+00:00","mainEntityOfPage":{"@id":"https:\/\/www.africa-press.net\/cotedivoire\/dossiers\/les-problemes-de-lafrique-cest-lafrique"},"wordCount":1753,"commentCount":0,"image":{"@id":"https:\/\/www.africa-press.net\/cotedivoire\/dossiers\/les-problemes-de-lafrique-cest-lafrique#primaryimage"},"thumbnailUrl":"https:\/\/static.africa-press.net\/cote\/sites\/43\/2021\/06\/img-60d6005036c3b.jpg","keywords":["Africa Press","Africa Press-C\u00f4te d'Ivoire","C\u00d4TE D'IVOIRE"],"articleSection":["Dossiers","homepage-french","Toutes les actualit\u00e9s"],"inLanguage":"fr-FR","potentialAction":[{"@type":"CommentAction","name":"Comment","target":["https:\/\/www.africa-press.net\/cotedivoire\/dossiers\/les-problemes-de-lafrique-cest-lafrique#respond"]}]},{"@type":"WebPage","@id":"https:\/\/www.africa-press.net\/cotedivoire\/dossiers\/les-problemes-de-lafrique-cest-lafrique","url":"https:\/\/www.africa-press.net\/cotedivoire\/dossiers\/les-problemes-de-lafrique-cest-lafrique","name":"Les probl\u00e8mes de l\u2019Afrique, c\u2019est l\u2019Afrique - C\u00f4te d&#039;Ivoire","isPartOf":{"@id":"https:\/\/www.africa-press.net\/cotedivoire\/#website"},"primaryImageOfPage":{"@id":"https:\/\/www.africa-press.net\/cotedivoire\/dossiers\/les-problemes-de-lafrique-cest-lafrique#primaryimage"},"image":{"@id":"https:\/\/www.africa-press.net\/cotedivoire\/dossiers\/les-problemes-de-lafrique-cest-lafrique#primaryimage"},"thumbnailUrl":"https:\/\/static.africa-press.net\/cote\/sites\/43\/2021\/06\/img-60d6005036c3b.jpg","datePublished":"2021-06-25T16:35:16+00:00","author":{"@id":"https:\/\/www.africa-press.net\/cotedivoire\/#\/schema\/person\/2b1cf3cd81a31e3cd26889ca66d677f1"},"description":"La r\u00e9ponse \u00e0 toutes ces questions r\u00e9side dans la fa\u00e7on dont nous voyons le d\u00e9veloppement en Afrique. Pour un Africain, q ...","breadcrumb":{"@id":"https:\/\/www.africa-press.net\/cotedivoire\/dossiers\/les-problemes-de-lafrique-cest-lafrique#breadcrumb"},"inLanguage":"fr-FR","potentialAction":[{"@type":"ReadAction","target":["https:\/\/www.africa-press.net\/cotedivoire\/dossiers\/les-problemes-de-lafrique-cest-lafrique"]}]},{"@type":"ImageObject","inLanguage":"fr-FR","@id":"https:\/\/www.africa-press.net\/cotedivoire\/dossiers\/les-problemes-de-lafrique-cest-lafrique#primaryimage","url":"https:\/\/static.africa-press.net\/cote\/sites\/43\/2021\/06\/img-60d6005036c3b.jpg","contentUrl":"https:\/\/static.africa-press.net\/cote\/sites\/43\/2021\/06\/img-60d6005036c3b.jpg","width":720,"height":503,"caption":"Les probl\u00e8mes de l\u2019Afrique, c\u2019est l\u2019Afrique"},{"@type":"BreadcrumbList","@id":"https:\/\/www.africa-press.net\/cotedivoire\/dossiers\/les-problemes-de-lafrique-cest-lafrique#breadcrumb","itemListElement":[{"@type":"ListItem","position":1,"name":"Accueil","item":"https:\/\/www.africa-press.net\/cotedivoire\/"},{"@type":"ListItem","position":2,"name":"Les probl\u00e8mes de l\u2019Afrique, c\u2019est l\u2019Afrique"}]},{"@type":"WebSite","@id":"https:\/\/www.africa-press.net\/cotedivoire\/#website","url":"https:\/\/www.africa-press.net\/cotedivoire\/","name":"C\u00f4te d&#039;Ivoire","description":"Just another Africa News Agency Sites site","potentialAction":[{"@type":"SearchAction","target":{"@type":"EntryPoint","urlTemplate":"https:\/\/www.africa-press.net\/cotedivoire\/?s={search_term_string}"},"query-input":{"@type":"PropertyValueSpecification","valueRequired":true,"valueName":"search_term_string"}}],"inLanguage":"fr-FR"},{"@type":"Person","@id":"https:\/\/www.africa-press.net\/cotedivoire\/#\/schema\/person\/2b1cf3cd81a31e3cd26889ca66d677f1","name":"cfeditorfr"}]}},"_links":{"self":[{"href":"https:\/\/www.africa-press.net\/cotedivoire\/wp-json\/wp\/v2\/posts\/9438","targetHints":{"allow":["GET"]}}],"collection":[{"href":"https:\/\/www.africa-press.net\/cotedivoire\/wp-json\/wp\/v2\/posts"}],"about":[{"href":"https:\/\/www.africa-press.net\/cotedivoire\/wp-json\/wp\/v2\/types\/post"}],"author":[{"embeddable":true,"href":"https:\/\/www.africa-press.net\/cotedivoire\/wp-json\/wp\/v2\/users\/82"}],"replies":[{"embeddable":true,"href":"https:\/\/www.africa-press.net\/cotedivoire\/wp-json\/wp\/v2\/comments?post=9438"}],"version-history":[{"count":0,"href":"https:\/\/www.africa-press.net\/cotedivoire\/wp-json\/wp\/v2\/posts\/9438\/revisions"}],"wp:featuredmedia":[{"embeddable":true,"href":"https:\/\/www.africa-press.net\/cotedivoire\/wp-json\/wp\/v2\/media\/9437"}],"wp:attachment":[{"href":"https:\/\/www.africa-press.net\/cotedivoire\/wp-json\/wp\/v2\/media?parent=9438"}],"wp:term":[{"taxonomy":"category","embeddable":true,"href":"https:\/\/www.africa-press.net\/cotedivoire\/wp-json\/wp\/v2\/categories?post=9438"},{"taxonomy":"post_tag","embeddable":true,"href":"https:\/\/www.africa-press.net\/cotedivoire\/wp-json\/wp\/v2\/tags?post=9438"}],"curies":[{"name":"wp","href":"https:\/\/api.w.org\/{rel}","templated":true}]}}