{"id":94384,"date":"2025-01-29T17:20:06","date_gmt":"2025-01-29T17:20:06","guid":{"rendered":"https:\/\/www.africa-press.net\/cotedivoire\/politique\/est-il-vrai-que-la-foret-amazonienne-a-besoin-du-sahara-pour-survivre"},"modified":"2025-01-29T17:20:06","modified_gmt":"2025-01-29T17:20:06","slug":"est-il-vrai-que-la-foret-amazonienne-a-besoin-du-sahara-pour-survivre","status":"publish","type":"post","link":"https:\/\/www.africa-press.net\/cotedivoire\/toutes-les-actualites\/est-il-vrai-que-la-foret-amazonienne-a-besoin-du-sahara-pour-survivre","title":{"rendered":"Est-il vrai que la for\u00eat amazonienne a besoin du Sahara pour survivre ?"},"content":{"rendered":"<p><span style=\"color: #ff6600\"><strong>Africa-Press &#8211; C\u00f4te d&rsquo;Ivoire. <\/strong><\/span>Est-il vrai que les poussie\u0300res du Sahara africain traversent l&rsquo;Atlantique pour couvrir la terre du Bre\u0301sil ?\u00a0\u00bb, nous demande Makv Makala sur notre page Facebook. C&rsquo;est notre Question de la semaine. Merci a\u0300 toutes et tous pour votre participation.<\/p>\n<p>Le Sahara nourrirait l&rsquo;Amazonie, alors qu&rsquo;une distance d&rsquo;environ 5 000 kilome\u0300tres les se\u0301pare<b> <\/b>? Bien que cela semble surprenant, c&rsquo;est tout a\u0300 fait exact, comme nous le racontions dans notre pre\u0301ce\u0301dent article \u00ab\u00a0<b>Comment le Sahara nourrit l&rsquo;Amazonie<\/b>\u00a0\u00bb publie\u0301 en mars 2015.<\/p>\n<p><b>Des millions de tonnes de sable chaque anne\u0301e partent du Sahara vers l&rsquo;Amazonie<\/b><\/p>\n<p>Il y a 10.000 ans, tout le centre du Sahara e\u0301tait recouvert par un lac poissonneux immense. Les changements climatiques, re\u0301gionaux et globaux, ont peu a\u0300 peu re\u0301duit cette e\u0301tendue d\u2019eau douce aux limites actuelles du lac Tchad, soit moins de 1500 km2. A la place s\u2019e\u0301tend la de\u0301pression du Bode\u0301le\u0301, une zone de\u0301sertique traverse\u0301e par des vents violents. Au point que la moitie\u0301 des poussie\u0300res du Sahara partant dans l\u2019atmosphe\u0300re provient de cette re\u0301gion qui reste la premie\u0300re au monde pour l\u2019e\u0301rosion e\u0301olienne. Or des chercheurs britanniques ont re\u0301ve\u0301le\u0301 en 2014 que ces poussie\u0300res s&rsquo;ave\u0300rent e\u0302tre un excellent fertilisant pour le massif amazonien.<\/p>\n<p>En 2015, des chercheurs ame\u0301ricains ont estime\u0301 la quantite\u0301 de sable ainsi de\u0301place\u0301e par les vents de l&rsquo;Afrique du Nord vers l&rsquo;Ame\u0301rique du Sud: 27,7 millions de tonnes de sable par an (sur les 182 millions de tonnes de poussie\u0300re environ qui quittent le Sahara chaque anne\u0301e) !<\/p>\n<p>Cette poussie\u0300re apporterait environ 22.000 tonnes de nutriments chaque anne\u0301e a\u0300 l&rsquo;Amazonie. Ils permettraient d&rsquo;e\u0301quilibrer les pertes de nutriments dues au ruissellement des pluies sur les sols. Mais ces apports seraient tre\u0300s ine\u0301gaux d&rsquo;une anne\u0301e a\u0300 l&rsquo;autre. \u00ab\u00a0Il y a 86% de variation entre l&rsquo;anne\u0301e 2007, ou\u0300 la quantite\u0301 de sable transporte\u0301e e\u0301tait la plus importante, et l&rsquo;anne\u0301e 2011, ou\u0300 il y en a eu le moins\u00a0\u00bb, estiment les chercheurs.<\/p>\n<p>En 2020, une e\u0301tude ame\u0301ricaine publie\u0301e dans la revue Global Biogeochemical Cycles a effectue\u0301 une estimation plus pre\u0301cise du de\u0301po\u0302t annuel de poussie\u0300re saharienne en Amazonie et a ainsi revu le chiffre a\u0300 la baisse: entre 8 et 10 millions de tonnes (au lieu des 27,7 millions estime\u0301s par l&rsquo;e\u0301tude publie\u0301e en 2015). Ces chercheurs ont aussi mis en lumie\u0300re une corre\u0301lation forte entre ce transport et la pluviome\u0301trie nord-africaine, les anne\u0301es humides e\u0301tant associe\u0301es a\u0300 un transport re\u0301duit, et inversement. Ainsi, en affectant les re\u0301gimes de pluies, le re\u0301chauffement climatique pourrait impacter ce processus naturel de fertilisation de l&rsquo;Amazonie.<\/p>\n<p><b>Dans le sable du Sahara, du phosphate essentiel aux ve\u0301ge\u0301taux<\/b><\/p>\n<p>Une question persiste: que sont ces nutriments transporte\u0301s par le vent sur des milliers de kilome\u0300tres ? D&rsquo;apre\u0300s les chercheurs, ce sont des e\u0301le\u0301ments arrache\u0301s aux squelettes des poissons qui ont habite\u0301 pendant des mille\u0301naires les eaux du me\u0301ga lac. Ces re\u0301sidus sont constitue\u0301s d\u2019apatite, des compose\u0301s phosphore\u0301s. Tre\u0300s le\u0301gers, une partie de ces ae\u0301rosols traversent l\u2019Oce\u0301an Atlantique pour se de\u0301poser sur le massif amazonien.<\/p>\n<p>Or, ce phosphore d\u2019origine biologique est aise\u0301ment assimilable par les plantes, lesquelles rec\u0327oivent du ciel une matie\u0300re organique ne\u0301cessaire a\u0300 leur croissance. Tre\u0300s rare dans la plupart des sols (95% des gisements de phosphate mine\u0301ral sont situe\u0301s dans la seule re\u0301gion du sud marocain et du Sahara espagnol), le phosphate n\u2019en est pas moins essentiel pour le de\u0301veloppement des ve\u0301ge\u0301taux.<\/p>\n<p>Les racines ne peuvent de\u0301grader qu\u2019une infime partie des e\u0301le\u0301ments pre\u0301sents dans le sol car le phosphore mine\u0301ral n\u2019est pas mobile et il leur faut l\u2019aide des champignons pour que les arbres et herbes puissent capter les quantite\u0301s qui leur sont ne\u0301cessaires pour croi\u0302tre et se multiplier.<br \/>\nPour l&rsquo;instant, nul n\u2019est en mesure de calculer la quantit\u00e9 de phosphore pr\u00e9sent dans la d\u00e9pression du Bod\u00e9l\u00e9.<\/p>\n<p><img loading=\"lazy\" decoding=\"async\" width=\"645\" height=\"600\" class=\"alignnone wp-image-94382 size-full\" src=\"https:\/\/static.africa-press.net\/cote\/sites\/43\/2025\/01\/sm_1738163361.044868.jpg\" srcset=\"https:\/\/static.africa-press.net\/cote\/sites\/43\/2025\/01\/sm_1738163361.044868.jpg 645w, https:\/\/static.africa-press.net\/cote\/sites\/43\/2025\/01\/sm_1738163361.044868-300x279.jpg 300w\" sizes=\"auto, (max-width: 645px) 100vw, 645px\" \/><\/p>\n<p><strong>Pour plus d&rsquo;informations et d&rsquo;analyses sur la <span style=\"color: #ff6600\">C\u00f4te d&rsquo;Ivoire<\/span>, suivez <span style=\"color: #ff6600\">Africa-Press<span style=\"color: #ff6600\"><\/span><\/strong><\/p>\n","protected":false},"excerpt":{"rendered":"<p>Africa-Press &#8211; C\u00f4te d&rsquo;Ivoire. Est-il vrai que les poussie\u0300res du Sahara africain traversent l&rsquo;Atlantique pour couvrir la terre du Bre\u0301sil ?\u00a0\u00bb, nous demande Makv Makala sur notre page Facebook. C&rsquo;est notre Question de la semaine. Merci a\u0300 toutes et tous pour votre participation. Le Sahara nourrirait l&rsquo;Amazonie, alors qu&rsquo;une distance d&rsquo;environ 5 000 kilome\u0300tres les [&hellip;]<\/p>\n","protected":false},"author":82,"featured_media":94383,"comment_status":"open","ping_status":"closed","sticky":false,"template":"","format":"standard","meta":{"footnotes":""},"categories":[22,10],"tags":[37],"class_list":["post-94384","post","type-post","status-publish","format-standard","has-post-thumbnail","hentry","category-divers","category-toutes-les-actualites","tag-cote-divoire-2"],"yoast_head":"<!-- This site is optimized with the Yoast SEO Premium plugin v26.1 (Yoast SEO v27.0) - https:\/\/yoast.com\/product\/yoast-seo-premium-wordpress\/ -->\n<title>Est-il vrai que la for\u00eat amazonienne a besoin du Sahara pour survivre ? - C\u00f4te d&#039;Ivoire<\/title>\n<meta name=\"robots\" content=\"index, follow, max-snippet:-1, max-image-preview:large, max-video-preview:-1\" \/>\n<link rel=\"canonical\" href=\"https:\/\/www.africa-press.net\/cotedivoire\/politique\/est-il-vrai-que-la-foret-amazonienne-a-besoin-du-sahara-pour-survivre\" \/>\n<meta property=\"og:locale\" content=\"fr_FR\" \/>\n<meta property=\"og:type\" content=\"article\" \/>\n<meta property=\"og:title\" content=\"Est-il vrai que la for\u00eat amazonienne a besoin du Sahara pour survivre ?\" \/>\n<meta property=\"og:description\" content=\"Africa-Press &#8211; C\u00f4te d&rsquo;Ivoire. Est-il vrai que les poussie\u0300res du Sahara africain traversent l&rsquo;Atlantique pour couvrir la terre du Bre\u0301sil ?\u00a0\u00bb, nous demande Makv Makala sur notre page Facebook. C&rsquo;est notre Question de la semaine. Merci a\u0300 toutes et tous pour votre participation. Le Sahara nourrirait l&rsquo;Amazonie, alors qu&rsquo;une distance d&rsquo;environ 5 000 kilome\u0300tres les [&hellip;]\" \/>\n<meta property=\"og:url\" content=\"https:\/\/www.africa-press.net\/cotedivoire\/politique\/est-il-vrai-que-la-foret-amazonienne-a-besoin-du-sahara-pour-survivre\" \/>\n<meta property=\"og:site_name\" content=\"C\u00f4te d&#039;Ivoire\" \/>\n<meta property=\"article:published_time\" content=\"2025-01-29T17:20:06+00:00\" \/>\n<meta property=\"og:image\" content=\"https:\/\/static.africa-press.net\/cote\/sites\/43\/2025\/01\/sm_1738163361.044868.jpg\" \/>\n\t<meta property=\"og:image:width\" content=\"645\" \/>\n\t<meta property=\"og:image:height\" content=\"600\" \/>\n\t<meta property=\"og:image:type\" content=\"image\/jpeg\" \/>\n<meta name=\"author\" content=\"cfeditorfr\" \/>\n<meta name=\"twitter:card\" content=\"summary_large_image\" \/>\n<meta name=\"twitter:label1\" content=\"\u00c9crit par\" \/>\n\t<meta name=\"twitter:data1\" content=\"cfeditorfr\" \/>\n\t<meta name=\"twitter:label2\" content=\"Dur\u00e9e de lecture estim\u00e9e\" \/>\n\t<meta name=\"twitter:data2\" content=\"4 minutes\" \/>\n<script type=\"application\/ld+json\" class=\"yoast-schema-graph\">{\"@context\":\"https:\/\/schema.org\",\"@graph\":[{\"@type\":\"Article\",\"@id\":\"https:\/\/www.africa-press.net\/cotedivoire\/politique\/est-il-vrai-que-la-foret-amazonienne-a-besoin-du-sahara-pour-survivre#article\",\"isPartOf\":{\"@id\":\"https:\/\/www.africa-press.net\/cotedivoire\/politique\/est-il-vrai-que-la-foret-amazonienne-a-besoin-du-sahara-pour-survivre\"},\"author\":{\"name\":\"cfeditorfr\",\"@id\":\"https:\/\/www.africa-press.net\/cotedivoire\/#\/schema\/person\/2b1cf3cd81a31e3cd26889ca66d677f1\"},\"headline\":\"Est-il vrai que la for\u00eat amazonienne a besoin du Sahara pour survivre ?\",\"datePublished\":\"2025-01-29T17:20:06+00:00\",\"mainEntityOfPage\":{\"@id\":\"https:\/\/www.africa-press.net\/cotedivoire\/politique\/est-il-vrai-que-la-foret-amazonienne-a-besoin-du-sahara-pour-survivre\"},\"wordCount\":762,\"commentCount\":0,\"image\":{\"@id\":\"https:\/\/www.africa-press.net\/cotedivoire\/politique\/est-il-vrai-que-la-foret-amazonienne-a-besoin-du-sahara-pour-survivre#primaryimage\"},\"thumbnailUrl\":\"https:\/\/static.africa-press.net\/cote\/sites\/43\/2025\/01\/sm_1738163364.016783.jpg\",\"keywords\":[\"C\u00f4te d'Ivoire\"],\"articleSection\":[\"Divers\",\"Toutes les actualit\u00e9s\"],\"inLanguage\":\"fr-FR\",\"potentialAction\":[{\"@type\":\"CommentAction\",\"name\":\"Comment\",\"target\":[\"https:\/\/www.africa-press.net\/cotedivoire\/politique\/est-il-vrai-que-la-foret-amazonienne-a-besoin-du-sahara-pour-survivre#respond\"]}]},{\"@type\":\"WebPage\",\"@id\":\"https:\/\/www.africa-press.net\/cotedivoire\/politique\/est-il-vrai-que-la-foret-amazonienne-a-besoin-du-sahara-pour-survivre\",\"url\":\"https:\/\/www.africa-press.net\/cotedivoire\/politique\/est-il-vrai-que-la-foret-amazonienne-a-besoin-du-sahara-pour-survivre\",\"name\":\"Est-il vrai que la for\u00eat amazonienne a besoin du Sahara pour survivre ? - C\u00f4te d&#039;Ivoire\",\"isPartOf\":{\"@id\":\"https:\/\/www.africa-press.net\/cotedivoire\/#website\"},\"primaryImageOfPage\":{\"@id\":\"https:\/\/www.africa-press.net\/cotedivoire\/politique\/est-il-vrai-que-la-foret-amazonienne-a-besoin-du-sahara-pour-survivre#primaryimage\"},\"image\":{\"@id\":\"https:\/\/www.africa-press.net\/cotedivoire\/politique\/est-il-vrai-que-la-foret-amazonienne-a-besoin-du-sahara-pour-survivre#primaryimage\"},\"thumbnailUrl\":\"https:\/\/static.africa-press.net\/cote\/sites\/43\/2025\/01\/sm_1738163364.016783.jpg\",\"datePublished\":\"2025-01-29T17:20:06+00:00\",\"author\":{\"@id\":\"https:\/\/www.africa-press.net\/cotedivoire\/#\/schema\/person\/2b1cf3cd81a31e3cd26889ca66d677f1\"},\"breadcrumb\":{\"@id\":\"https:\/\/www.africa-press.net\/cotedivoire\/politique\/est-il-vrai-que-la-foret-amazonienne-a-besoin-du-sahara-pour-survivre#breadcrumb\"},\"inLanguage\":\"fr-FR\",\"potentialAction\":[{\"@type\":\"ReadAction\",\"target\":[\"https:\/\/www.africa-press.net\/cotedivoire\/politique\/est-il-vrai-que-la-foret-amazonienne-a-besoin-du-sahara-pour-survivre\"]}]},{\"@type\":\"ImageObject\",\"inLanguage\":\"fr-FR\",\"@id\":\"https:\/\/www.africa-press.net\/cotedivoire\/politique\/est-il-vrai-que-la-foret-amazonienne-a-besoin-du-sahara-pour-survivre#primaryimage\",\"url\":\"https:\/\/static.africa-press.net\/cote\/sites\/43\/2025\/01\/sm_1738163364.016783.jpg\",\"contentUrl\":\"https:\/\/static.africa-press.net\/cote\/sites\/43\/2025\/01\/sm_1738163364.016783.jpg\",\"width\":1200,\"height\":899,\"caption\":\"Est-il vrai que la for\u00eat amazonienne a besoin du Sahara pour survivre ?\"},{\"@type\":\"BreadcrumbList\",\"@id\":\"https:\/\/www.africa-press.net\/cotedivoire\/politique\/est-il-vrai-que-la-foret-amazonienne-a-besoin-du-sahara-pour-survivre#breadcrumb\",\"itemListElement\":[{\"@type\":\"ListItem\",\"position\":1,\"name\":\"Accueil\",\"item\":\"https:\/\/www.africa-press.net\/cotedivoire\/\"},{\"@type\":\"ListItem\",\"position\":2,\"name\":\"Est-il vrai que la for\u00eat amazonienne a besoin du Sahara pour survivre ?\"}]},{\"@type\":\"WebSite\",\"@id\":\"https:\/\/www.africa-press.net\/cotedivoire\/#website\",\"url\":\"https:\/\/www.africa-press.net\/cotedivoire\/\",\"name\":\"C\u00f4te d&#039;Ivoire\",\"description\":\"Just another Africa News Agency Sites site\",\"potentialAction\":[{\"@type\":\"SearchAction\",\"target\":{\"@type\":\"EntryPoint\",\"urlTemplate\":\"https:\/\/www.africa-press.net\/cotedivoire\/?s={search_term_string}\"},\"query-input\":{\"@type\":\"PropertyValueSpecification\",\"valueRequired\":true,\"valueName\":\"search_term_string\"}}],\"inLanguage\":\"fr-FR\"},{\"@type\":\"Person\",\"@id\":\"https:\/\/www.africa-press.net\/cotedivoire\/#\/schema\/person\/2b1cf3cd81a31e3cd26889ca66d677f1\",\"name\":\"cfeditorfr\"}]}<\/script>\n<!-- \/ Yoast SEO Premium plugin. -->","yoast_head_json":{"title":"Est-il vrai que la for\u00eat amazonienne a besoin du Sahara pour survivre ? - C\u00f4te d&#039;Ivoire","robots":{"index":"index","follow":"follow","max-snippet":"max-snippet:-1","max-image-preview":"max-image-preview:large","max-video-preview":"max-video-preview:-1"},"canonical":"https:\/\/www.africa-press.net\/cotedivoire\/politique\/est-il-vrai-que-la-foret-amazonienne-a-besoin-du-sahara-pour-survivre","og_locale":"fr_FR","og_type":"article","og_title":"Est-il vrai que la for\u00eat amazonienne a besoin du Sahara pour survivre ?","og_description":"Africa-Press &#8211; C\u00f4te d&rsquo;Ivoire. Est-il vrai que les poussie\u0300res du Sahara africain traversent l&rsquo;Atlantique pour couvrir la terre du Bre\u0301sil ?\u00a0\u00bb, nous demande Makv Makala sur notre page Facebook. C&rsquo;est notre Question de la semaine. Merci a\u0300 toutes et tous pour votre participation. Le Sahara nourrirait l&rsquo;Amazonie, alors qu&rsquo;une distance d&rsquo;environ 5 000 kilome\u0300tres les [&hellip;]","og_url":"https:\/\/www.africa-press.net\/cotedivoire\/politique\/est-il-vrai-que-la-foret-amazonienne-a-besoin-du-sahara-pour-survivre","og_site_name":"C\u00f4te d&#039;Ivoire","article_published_time":"2025-01-29T17:20:06+00:00","og_image":[{"width":645,"height":600,"url":"https:\/\/static.africa-press.net\/cote\/sites\/43\/2025\/01\/sm_1738163361.044868.jpg","type":"image\/jpeg"}],"author":"cfeditorfr","twitter_card":"summary_large_image","twitter_misc":{"\u00c9crit par":"cfeditorfr","Dur\u00e9e de lecture estim\u00e9e":"4 minutes"},"schema":{"@context":"https:\/\/schema.org","@graph":[{"@type":"Article","@id":"https:\/\/www.africa-press.net\/cotedivoire\/politique\/est-il-vrai-que-la-foret-amazonienne-a-besoin-du-sahara-pour-survivre#article","isPartOf":{"@id":"https:\/\/www.africa-press.net\/cotedivoire\/politique\/est-il-vrai-que-la-foret-amazonienne-a-besoin-du-sahara-pour-survivre"},"author":{"name":"cfeditorfr","@id":"https:\/\/www.africa-press.net\/cotedivoire\/#\/schema\/person\/2b1cf3cd81a31e3cd26889ca66d677f1"},"headline":"Est-il vrai que la for\u00eat amazonienne a besoin du Sahara pour survivre ?","datePublished":"2025-01-29T17:20:06+00:00","mainEntityOfPage":{"@id":"https:\/\/www.africa-press.net\/cotedivoire\/politique\/est-il-vrai-que-la-foret-amazonienne-a-besoin-du-sahara-pour-survivre"},"wordCount":762,"commentCount":0,"image":{"@id":"https:\/\/www.africa-press.net\/cotedivoire\/politique\/est-il-vrai-que-la-foret-amazonienne-a-besoin-du-sahara-pour-survivre#primaryimage"},"thumbnailUrl":"https:\/\/static.africa-press.net\/cote\/sites\/43\/2025\/01\/sm_1738163364.016783.jpg","keywords":["C\u00f4te d'Ivoire"],"articleSection":["Divers","Toutes les actualit\u00e9s"],"inLanguage":"fr-FR","potentialAction":[{"@type":"CommentAction","name":"Comment","target":["https:\/\/www.africa-press.net\/cotedivoire\/politique\/est-il-vrai-que-la-foret-amazonienne-a-besoin-du-sahara-pour-survivre#respond"]}]},{"@type":"WebPage","@id":"https:\/\/www.africa-press.net\/cotedivoire\/politique\/est-il-vrai-que-la-foret-amazonienne-a-besoin-du-sahara-pour-survivre","url":"https:\/\/www.africa-press.net\/cotedivoire\/politique\/est-il-vrai-que-la-foret-amazonienne-a-besoin-du-sahara-pour-survivre","name":"Est-il vrai que la for\u00eat amazonienne a besoin du Sahara pour survivre ? - C\u00f4te d&#039;Ivoire","isPartOf":{"@id":"https:\/\/www.africa-press.net\/cotedivoire\/#website"},"primaryImageOfPage":{"@id":"https:\/\/www.africa-press.net\/cotedivoire\/politique\/est-il-vrai-que-la-foret-amazonienne-a-besoin-du-sahara-pour-survivre#primaryimage"},"image":{"@id":"https:\/\/www.africa-press.net\/cotedivoire\/politique\/est-il-vrai-que-la-foret-amazonienne-a-besoin-du-sahara-pour-survivre#primaryimage"},"thumbnailUrl":"https:\/\/static.africa-press.net\/cote\/sites\/43\/2025\/01\/sm_1738163364.016783.jpg","datePublished":"2025-01-29T17:20:06+00:00","author":{"@id":"https:\/\/www.africa-press.net\/cotedivoire\/#\/schema\/person\/2b1cf3cd81a31e3cd26889ca66d677f1"},"breadcrumb":{"@id":"https:\/\/www.africa-press.net\/cotedivoire\/politique\/est-il-vrai-que-la-foret-amazonienne-a-besoin-du-sahara-pour-survivre#breadcrumb"},"inLanguage":"fr-FR","potentialAction":[{"@type":"ReadAction","target":["https:\/\/www.africa-press.net\/cotedivoire\/politique\/est-il-vrai-que-la-foret-amazonienne-a-besoin-du-sahara-pour-survivre"]}]},{"@type":"ImageObject","inLanguage":"fr-FR","@id":"https:\/\/www.africa-press.net\/cotedivoire\/politique\/est-il-vrai-que-la-foret-amazonienne-a-besoin-du-sahara-pour-survivre#primaryimage","url":"https:\/\/static.africa-press.net\/cote\/sites\/43\/2025\/01\/sm_1738163364.016783.jpg","contentUrl":"https:\/\/static.africa-press.net\/cote\/sites\/43\/2025\/01\/sm_1738163364.016783.jpg","width":1200,"height":899,"caption":"Est-il vrai que la for\u00eat amazonienne a besoin du Sahara pour survivre ?"},{"@type":"BreadcrumbList","@id":"https:\/\/www.africa-press.net\/cotedivoire\/politique\/est-il-vrai-que-la-foret-amazonienne-a-besoin-du-sahara-pour-survivre#breadcrumb","itemListElement":[{"@type":"ListItem","position":1,"name":"Accueil","item":"https:\/\/www.africa-press.net\/cotedivoire\/"},{"@type":"ListItem","position":2,"name":"Est-il vrai que la for\u00eat amazonienne a besoin du Sahara pour survivre ?"}]},{"@type":"WebSite","@id":"https:\/\/www.africa-press.net\/cotedivoire\/#website","url":"https:\/\/www.africa-press.net\/cotedivoire\/","name":"C\u00f4te d&#039;Ivoire","description":"Just another Africa News Agency Sites site","potentialAction":[{"@type":"SearchAction","target":{"@type":"EntryPoint","urlTemplate":"https:\/\/www.africa-press.net\/cotedivoire\/?s={search_term_string}"},"query-input":{"@type":"PropertyValueSpecification","valueRequired":true,"valueName":"search_term_string"}}],"inLanguage":"fr-FR"},{"@type":"Person","@id":"https:\/\/www.africa-press.net\/cotedivoire\/#\/schema\/person\/2b1cf3cd81a31e3cd26889ca66d677f1","name":"cfeditorfr"}]}},"_links":{"self":[{"href":"https:\/\/www.africa-press.net\/cotedivoire\/wp-json\/wp\/v2\/posts\/94384","targetHints":{"allow":["GET"]}}],"collection":[{"href":"https:\/\/www.africa-press.net\/cotedivoire\/wp-json\/wp\/v2\/posts"}],"about":[{"href":"https:\/\/www.africa-press.net\/cotedivoire\/wp-json\/wp\/v2\/types\/post"}],"author":[{"embeddable":true,"href":"https:\/\/www.africa-press.net\/cotedivoire\/wp-json\/wp\/v2\/users\/82"}],"replies":[{"embeddable":true,"href":"https:\/\/www.africa-press.net\/cotedivoire\/wp-json\/wp\/v2\/comments?post=94384"}],"version-history":[{"count":0,"href":"https:\/\/www.africa-press.net\/cotedivoire\/wp-json\/wp\/v2\/posts\/94384\/revisions"}],"wp:featuredmedia":[{"embeddable":true,"href":"https:\/\/www.africa-press.net\/cotedivoire\/wp-json\/wp\/v2\/media\/94383"}],"wp:attachment":[{"href":"https:\/\/www.africa-press.net\/cotedivoire\/wp-json\/wp\/v2\/media?parent=94384"}],"wp:term":[{"taxonomy":"category","embeddable":true,"href":"https:\/\/www.africa-press.net\/cotedivoire\/wp-json\/wp\/v2\/categories?post=94384"},{"taxonomy":"post_tag","embeddable":true,"href":"https:\/\/www.africa-press.net\/cotedivoire\/wp-json\/wp\/v2\/tags?post=94384"}],"curies":[{"name":"wp","href":"https:\/\/api.w.org\/{rel}","templated":true}]}}