{"id":94390,"date":"2025-01-29T19:19:56","date_gmt":"2025-01-29T19:19:56","guid":{"rendered":"https:\/\/www.africa-press.net\/cotedivoire\/politique\/en-cote-divoire-retour-surprise-de-philippe-serey-eiffel-a-la-presidence"},"modified":"2025-01-29T19:19:56","modified_gmt":"2025-01-29T19:19:56","slug":"en-cote-divoire-retour-surprise-de-philippe-serey-eiffel-a-la-presidence","status":"publish","type":"post","link":"https:\/\/www.africa-press.net\/cotedivoire\/dossiers\/en-cote-divoire-retour-surprise-de-philippe-serey-eiffel-a-la-presidence","title":{"rendered":"En C\u00f4te d\u2019Ivoire, retour surprise de Philippe Serey-Eiffel \u00e0 la pr\u00e9sidence"},"content":{"rendered":"<p><span style=\"color: #ff6600\"><strong>Africa-Press &#8211; C\u00f4te d&rsquo;Ivoire. <\/strong><\/span>A\u0300 l\u2019approche de la pre\u0301sidentielle d\u2019octobre, le chef de l\u2019E\u0301tat ivoirien, Alassane Ouattara, continue de restructurer son e\u0301quipe et de proce\u0301der a\u0300 des nominations strate\u0301giques.<\/p>\n<p>Ces dernie\u0300res anne\u0301es, on l\u2019avait totalement perdu de vue. Selon nos informations, Philippe Serey-Eiffel fait son retour dans le giron pre\u0301sidentiel, quelques semaines apre\u0300s celui de l\u2019ancien Premier ministre <b>Patrick Achi.<\/b> Le Franco-Ivoirien avait pris ses distances d\u2019avec <b>Alassane Ouattara<\/b> depuis plusieurs anne\u0301es, apre\u0300s son de\u0301part de la primature en 2020.<\/p>\n<p>Il avait quitte\u0301 les sphe\u0300res du pouvoir a\u0300 la suite du de\u0301ce\u0300s de son ami <b>Amadou Gon Coulibaly<\/b>, dont il fut le puissant directeur de cabinet, puis le conseiller spe\u0301cial, toujours avec rang de ministre. Depuis son vignoble bordelais, dans lequel il s\u2019e\u0301tait replie\u0301, il multipliait les tentatives de rapprochement avec le chef de l\u2019E\u0301tat.<\/p>\n<p><b>Proposition de\u0301cline\u0301e<\/b><\/p>\n<p>Dans un premier temps, Alassane Ouattara avait souhaite\u0301 que Philippe Serey-Eiffel rejoigne les e\u0301quipes du vice-pre\u0301sident <b>Tie\u0301moko Meyliet Kone\u0301, <\/b>ce que l\u2019inte\u0301resse\u0301 a refuse\u0301, pre\u0301fe\u0301rant e\u0302tre rattache\u0301 directement au pre\u0301sident. Une de\u0301cision qui a agace\u0301 ce dernier. De\u0301cide\u0301 a\u0300 jouer un ro\u0302le, cet ancien patron de la Direction et contro\u0302le des grands travaux (DCGTx) a e\u0301galement tente\u0301 d\u2019approcher <b>Tidjane Thiam,<\/b> le patron du Parti de\u0301mocratique de Co\u0302te d\u2019Ivoire (PDCI), dont il fut le collaborateur au Bureau national d\u2019e\u0301tudes techniques et de de\u0301veloppement (BNETD).<\/p>\n<p>Apre\u0300s avoir accepte\u0301 de re\u0301inte\u0301grer Philippe Serey-Eiffel dans ses effectifs, lequel fut e\u0301galement le secre\u0301taire ge\u0301ne\u0301ral de\u0301le\u0301gue\u0301 de la pre\u0301sidence de 2012 a\u0300 2017, Alassane Ouattara doit le recevoir en France, ou\u0300 il se\u0301journe actuellement en se\u0301jour prive\u0301, pour de\u0301finir plus pre\u0301cise\u0301ment les contours de leur nouvelle collaboration.<\/p>\n<p><b>Abdourahmane Cisse\u0301 toujours a\u0300 Londres<\/b><\/p>\n<p>Philippe Serey-Eiffel a e\u0301galement, durant un temps, travaille\u0301 avec <b>Abdourahmane Cisse\u0301,<\/b> lorsque celui-ci occupait le poste de ministre du Pe\u0301trole, de l\u2019E\u0301nergie et des E\u0301nergies renouvelables. Ce dernier, qui a quitte\u0301 ses fonctions de secre\u0301taire ge\u0301ne\u0301ral de la pre\u0301sidence en novembre 2023, est de\u0301sormais installe\u0301 a\u0300 Londres.<\/p>\n<p>Ces dernie\u0300res anne\u0301es, Alassane Ouattara a ramene\u0301 aupre\u0300s de lui nombre de ses proches qui s\u2019e\u0301taient e\u0301loigne\u0301s, comme l\u2019ancien ministre des Affaires e\u0301trange\u0300res <b>Marcel Amon-Tanoh<\/b>, ou encore le pre\u0301de\u0301cesseur de celui-ci, <b>Albert Mabri Toikeusse.<\/b><\/p>\n<p><b>Source: JeuneAfrique<\/b><\/p>\n<p><strong>Pour plus d&rsquo;informations et d&rsquo;analyses sur la <span style=\"color: #ff6600\">C\u00f4te d&rsquo;Ivoire<\/span>, suivez <span style=\"color: #ff6600\">Africa-Press<span style=\"color: #ff6600\"><\/span><\/strong><\/p>\n","protected":false},"excerpt":{"rendered":"<p>Africa-Press &#8211; C\u00f4te d&rsquo;Ivoire. A\u0300 l\u2019approche de la pre\u0301sidentielle d\u2019octobre, le chef de l\u2019E\u0301tat ivoirien, Alassane Ouattara, continue de restructurer son e\u0301quipe et de proce\u0301der a\u0300 des nominations strate\u0301giques. Ces dernie\u0300res anne\u0301es, on l\u2019avait totalement perdu de vue. Selon nos informations, Philippe Serey-Eiffel fait son retour dans le giron pre\u0301sidentiel, quelques semaines apre\u0300s celui de [&hellip;]<\/p>\n","protected":false},"author":82,"featured_media":94389,"comment_status":"open","ping_status":"closed","sticky":false,"template":"","format":"standard","meta":{"footnotes":""},"categories":[7,10],"tags":[37],"class_list":["post-94390","post","type-post","status-publish","format-standard","has-post-thumbnail","hentry","category-dossiers","category-toutes-les-actualites","tag-cote-divoire-2"],"yoast_head":"<!-- This site is optimized with the Yoast SEO Premium plugin v26.1 (Yoast SEO v27.0) - https:\/\/yoast.com\/product\/yoast-seo-premium-wordpress\/ -->\n<title>En C\u00f4te d\u2019Ivoire, retour surprise de Philippe Serey-Eiffel \u00e0 la pr\u00e9sidence - C\u00f4te d&#039;Ivoire<\/title>\n<meta name=\"robots\" content=\"index, follow, max-snippet:-1, max-image-preview:large, max-video-preview:-1\" \/>\n<link rel=\"canonical\" href=\"https:\/\/www.africa-press.net\/cotedivoire\/politique\/en-cote-divoire-retour-surprise-de-philippe-serey-eiffel-a-la-presidence\" \/>\n<meta property=\"og:locale\" content=\"fr_FR\" \/>\n<meta property=\"og:type\" content=\"article\" \/>\n<meta property=\"og:title\" content=\"En C\u00f4te d\u2019Ivoire, retour surprise de Philippe Serey-Eiffel \u00e0 la pr\u00e9sidence\" \/>\n<meta property=\"og:description\" content=\"Africa-Press &#8211; C\u00f4te d&rsquo;Ivoire. A\u0300 l\u2019approche de la pre\u0301sidentielle d\u2019octobre, le chef de l\u2019E\u0301tat ivoirien, Alassane Ouattara, continue de restructurer son e\u0301quipe et de proce\u0301der a\u0300 des nominations strate\u0301giques. Ces dernie\u0300res anne\u0301es, on l\u2019avait totalement perdu de vue. Selon nos informations, Philippe Serey-Eiffel fait son retour dans le giron pre\u0301sidentiel, quelques semaines apre\u0300s celui de [&hellip;]\" \/>\n<meta property=\"og:url\" content=\"https:\/\/www.africa-press.net\/cotedivoire\/politique\/en-cote-divoire-retour-surprise-de-philippe-serey-eiffel-a-la-presidence\" \/>\n<meta property=\"og:site_name\" content=\"C\u00f4te d&#039;Ivoire\" \/>\n<meta property=\"article:published_time\" content=\"2025-01-29T19:19:56+00:00\" \/>\n<meta name=\"author\" content=\"cfeditorfr\" \/>\n<meta name=\"twitter:card\" content=\"summary_large_image\" \/>\n<meta name=\"twitter:label1\" content=\"\u00c9crit par\" \/>\n\t<meta name=\"twitter:data1\" content=\"cfeditorfr\" \/>\n\t<meta name=\"twitter:label2\" content=\"Dur\u00e9e de lecture estim\u00e9e\" \/>\n\t<meta name=\"twitter:data2\" content=\"2 minutes\" \/>\n<script type=\"application\/ld+json\" class=\"yoast-schema-graph\">{\"@context\":\"https:\/\/schema.org\",\"@graph\":[{\"@type\":\"Article\",\"@id\":\"https:\/\/www.africa-press.net\/cotedivoire\/politique\/en-cote-divoire-retour-surprise-de-philippe-serey-eiffel-a-la-presidence#article\",\"isPartOf\":{\"@id\":\"https:\/\/www.africa-press.net\/cotedivoire\/politique\/en-cote-divoire-retour-surprise-de-philippe-serey-eiffel-a-la-presidence\"},\"author\":{\"name\":\"cfeditorfr\",\"@id\":\"https:\/\/www.africa-press.net\/cotedivoire\/#\/schema\/person\/2b1cf3cd81a31e3cd26889ca66d677f1\"},\"headline\":\"En C\u00f4te d\u2019Ivoire, retour surprise de Philippe Serey-Eiffel \u00e0 la pr\u00e9sidence\",\"datePublished\":\"2025-01-29T19:19:56+00:00\",\"mainEntityOfPage\":{\"@id\":\"https:\/\/www.africa-press.net\/cotedivoire\/politique\/en-cote-divoire-retour-surprise-de-philippe-serey-eiffel-a-la-presidence\"},\"wordCount\":468,\"commentCount\":0,\"image\":{\"@id\":\"https:\/\/www.africa-press.net\/cotedivoire\/politique\/en-cote-divoire-retour-surprise-de-philippe-serey-eiffel-a-la-presidence#primaryimage\"},\"thumbnailUrl\":\"https:\/\/static.africa-press.net\/cote\/sites\/43\/2025\/01\/sm_1738165994.452261.jpg\",\"keywords\":[\"C\u00f4te d'Ivoire\"],\"articleSection\":[\"Dossiers\",\"Toutes les actualit\u00e9s\"],\"inLanguage\":\"fr-FR\",\"potentialAction\":[{\"@type\":\"CommentAction\",\"name\":\"Comment\",\"target\":[\"https:\/\/www.africa-press.net\/cotedivoire\/politique\/en-cote-divoire-retour-surprise-de-philippe-serey-eiffel-a-la-presidence#respond\"]}]},{\"@type\":\"WebPage\",\"@id\":\"https:\/\/www.africa-press.net\/cotedivoire\/politique\/en-cote-divoire-retour-surprise-de-philippe-serey-eiffel-a-la-presidence\",\"url\":\"https:\/\/www.africa-press.net\/cotedivoire\/politique\/en-cote-divoire-retour-surprise-de-philippe-serey-eiffel-a-la-presidence\",\"name\":\"En C\u00f4te d\u2019Ivoire, retour surprise de Philippe Serey-Eiffel \u00e0 la pr\u00e9sidence - C\u00f4te d&#039;Ivoire\",\"isPartOf\":{\"@id\":\"https:\/\/www.africa-press.net\/cotedivoire\/#website\"},\"primaryImageOfPage\":{\"@id\":\"https:\/\/www.africa-press.net\/cotedivoire\/politique\/en-cote-divoire-retour-surprise-de-philippe-serey-eiffel-a-la-presidence#primaryimage\"},\"image\":{\"@id\":\"https:\/\/www.africa-press.net\/cotedivoire\/politique\/en-cote-divoire-retour-surprise-de-philippe-serey-eiffel-a-la-presidence#primaryimage\"},\"thumbnailUrl\":\"https:\/\/static.africa-press.net\/cote\/sites\/43\/2025\/01\/sm_1738165994.452261.jpg\",\"datePublished\":\"2025-01-29T19:19:56+00:00\",\"author\":{\"@id\":\"https:\/\/www.africa-press.net\/cotedivoire\/#\/schema\/person\/2b1cf3cd81a31e3cd26889ca66d677f1\"},\"breadcrumb\":{\"@id\":\"https:\/\/www.africa-press.net\/cotedivoire\/politique\/en-cote-divoire-retour-surprise-de-philippe-serey-eiffel-a-la-presidence#breadcrumb\"},\"inLanguage\":\"fr-FR\",\"potentialAction\":[{\"@type\":\"ReadAction\",\"target\":[\"https:\/\/www.africa-press.net\/cotedivoire\/politique\/en-cote-divoire-retour-surprise-de-philippe-serey-eiffel-a-la-presidence\"]}]},{\"@type\":\"ImageObject\",\"inLanguage\":\"fr-FR\",\"@id\":\"https:\/\/www.africa-press.net\/cotedivoire\/politique\/en-cote-divoire-retour-surprise-de-philippe-serey-eiffel-a-la-presidence#primaryimage\",\"url\":\"https:\/\/static.africa-press.net\/cote\/sites\/43\/2025\/01\/sm_1738165994.452261.jpg\",\"contentUrl\":\"https:\/\/static.africa-press.net\/cote\/sites\/43\/2025\/01\/sm_1738165994.452261.jpg\",\"width\":1280,\"height\":720,\"caption\":\"En C\u00f4te d\u2019Ivoire, retour surprise de Philippe Serey-Eiffel \u00e0 la pr\u00e9sidence\"},{\"@type\":\"BreadcrumbList\",\"@id\":\"https:\/\/www.africa-press.net\/cotedivoire\/politique\/en-cote-divoire-retour-surprise-de-philippe-serey-eiffel-a-la-presidence#breadcrumb\",\"itemListElement\":[{\"@type\":\"ListItem\",\"position\":1,\"name\":\"Accueil\",\"item\":\"https:\/\/www.africa-press.net\/cotedivoire\/\"},{\"@type\":\"ListItem\",\"position\":2,\"name\":\"En C\u00f4te d\u2019Ivoire, retour surprise de Philippe Serey-Eiffel \u00e0 la pr\u00e9sidence\"}]},{\"@type\":\"WebSite\",\"@id\":\"https:\/\/www.africa-press.net\/cotedivoire\/#website\",\"url\":\"https:\/\/www.africa-press.net\/cotedivoire\/\",\"name\":\"C\u00f4te d&#039;Ivoire\",\"description\":\"Just another Africa News Agency Sites site\",\"potentialAction\":[{\"@type\":\"SearchAction\",\"target\":{\"@type\":\"EntryPoint\",\"urlTemplate\":\"https:\/\/www.africa-press.net\/cotedivoire\/?s={search_term_string}\"},\"query-input\":{\"@type\":\"PropertyValueSpecification\",\"valueRequired\":true,\"valueName\":\"search_term_string\"}}],\"inLanguage\":\"fr-FR\"},{\"@type\":\"Person\",\"@id\":\"https:\/\/www.africa-press.net\/cotedivoire\/#\/schema\/person\/2b1cf3cd81a31e3cd26889ca66d677f1\",\"name\":\"cfeditorfr\"}]}<\/script>\n<!-- \/ Yoast SEO Premium plugin. -->","yoast_head_json":{"title":"En C\u00f4te d\u2019Ivoire, retour surprise de Philippe Serey-Eiffel \u00e0 la pr\u00e9sidence - C\u00f4te d&#039;Ivoire","robots":{"index":"index","follow":"follow","max-snippet":"max-snippet:-1","max-image-preview":"max-image-preview:large","max-video-preview":"max-video-preview:-1"},"canonical":"https:\/\/www.africa-press.net\/cotedivoire\/politique\/en-cote-divoire-retour-surprise-de-philippe-serey-eiffel-a-la-presidence","og_locale":"fr_FR","og_type":"article","og_title":"En C\u00f4te d\u2019Ivoire, retour surprise de Philippe Serey-Eiffel \u00e0 la pr\u00e9sidence","og_description":"Africa-Press &#8211; C\u00f4te d&rsquo;Ivoire. A\u0300 l\u2019approche de la pre\u0301sidentielle d\u2019octobre, le chef de l\u2019E\u0301tat ivoirien, Alassane Ouattara, continue de restructurer son e\u0301quipe et de proce\u0301der a\u0300 des nominations strate\u0301giques. Ces dernie\u0300res anne\u0301es, on l\u2019avait totalement perdu de vue. Selon nos informations, Philippe Serey-Eiffel fait son retour dans le giron pre\u0301sidentiel, quelques semaines apre\u0300s celui de [&hellip;]","og_url":"https:\/\/www.africa-press.net\/cotedivoire\/politique\/en-cote-divoire-retour-surprise-de-philippe-serey-eiffel-a-la-presidence","og_site_name":"C\u00f4te d&#039;Ivoire","article_published_time":"2025-01-29T19:19:56+00:00","author":"cfeditorfr","twitter_card":"summary_large_image","twitter_misc":{"\u00c9crit par":"cfeditorfr","Dur\u00e9e de lecture estim\u00e9e":"2 minutes"},"schema":{"@context":"https:\/\/schema.org","@graph":[{"@type":"Article","@id":"https:\/\/www.africa-press.net\/cotedivoire\/politique\/en-cote-divoire-retour-surprise-de-philippe-serey-eiffel-a-la-presidence#article","isPartOf":{"@id":"https:\/\/www.africa-press.net\/cotedivoire\/politique\/en-cote-divoire-retour-surprise-de-philippe-serey-eiffel-a-la-presidence"},"author":{"name":"cfeditorfr","@id":"https:\/\/www.africa-press.net\/cotedivoire\/#\/schema\/person\/2b1cf3cd81a31e3cd26889ca66d677f1"},"headline":"En C\u00f4te d\u2019Ivoire, retour surprise de Philippe Serey-Eiffel \u00e0 la pr\u00e9sidence","datePublished":"2025-01-29T19:19:56+00:00","mainEntityOfPage":{"@id":"https:\/\/www.africa-press.net\/cotedivoire\/politique\/en-cote-divoire-retour-surprise-de-philippe-serey-eiffel-a-la-presidence"},"wordCount":468,"commentCount":0,"image":{"@id":"https:\/\/www.africa-press.net\/cotedivoire\/politique\/en-cote-divoire-retour-surprise-de-philippe-serey-eiffel-a-la-presidence#primaryimage"},"thumbnailUrl":"https:\/\/static.africa-press.net\/cote\/sites\/43\/2025\/01\/sm_1738165994.452261.jpg","keywords":["C\u00f4te d'Ivoire"],"articleSection":["Dossiers","Toutes les actualit\u00e9s"],"inLanguage":"fr-FR","potentialAction":[{"@type":"CommentAction","name":"Comment","target":["https:\/\/www.africa-press.net\/cotedivoire\/politique\/en-cote-divoire-retour-surprise-de-philippe-serey-eiffel-a-la-presidence#respond"]}]},{"@type":"WebPage","@id":"https:\/\/www.africa-press.net\/cotedivoire\/politique\/en-cote-divoire-retour-surprise-de-philippe-serey-eiffel-a-la-presidence","url":"https:\/\/www.africa-press.net\/cotedivoire\/politique\/en-cote-divoire-retour-surprise-de-philippe-serey-eiffel-a-la-presidence","name":"En C\u00f4te d\u2019Ivoire, retour surprise de Philippe Serey-Eiffel \u00e0 la pr\u00e9sidence - C\u00f4te d&#039;Ivoire","isPartOf":{"@id":"https:\/\/www.africa-press.net\/cotedivoire\/#website"},"primaryImageOfPage":{"@id":"https:\/\/www.africa-press.net\/cotedivoire\/politique\/en-cote-divoire-retour-surprise-de-philippe-serey-eiffel-a-la-presidence#primaryimage"},"image":{"@id":"https:\/\/www.africa-press.net\/cotedivoire\/politique\/en-cote-divoire-retour-surprise-de-philippe-serey-eiffel-a-la-presidence#primaryimage"},"thumbnailUrl":"https:\/\/static.africa-press.net\/cote\/sites\/43\/2025\/01\/sm_1738165994.452261.jpg","datePublished":"2025-01-29T19:19:56+00:00","author":{"@id":"https:\/\/www.africa-press.net\/cotedivoire\/#\/schema\/person\/2b1cf3cd81a31e3cd26889ca66d677f1"},"breadcrumb":{"@id":"https:\/\/www.africa-press.net\/cotedivoire\/politique\/en-cote-divoire-retour-surprise-de-philippe-serey-eiffel-a-la-presidence#breadcrumb"},"inLanguage":"fr-FR","potentialAction":[{"@type":"ReadAction","target":["https:\/\/www.africa-press.net\/cotedivoire\/politique\/en-cote-divoire-retour-surprise-de-philippe-serey-eiffel-a-la-presidence"]}]},{"@type":"ImageObject","inLanguage":"fr-FR","@id":"https:\/\/www.africa-press.net\/cotedivoire\/politique\/en-cote-divoire-retour-surprise-de-philippe-serey-eiffel-a-la-presidence#primaryimage","url":"https:\/\/static.africa-press.net\/cote\/sites\/43\/2025\/01\/sm_1738165994.452261.jpg","contentUrl":"https:\/\/static.africa-press.net\/cote\/sites\/43\/2025\/01\/sm_1738165994.452261.jpg","width":1280,"height":720,"caption":"En C\u00f4te d\u2019Ivoire, retour surprise de Philippe Serey-Eiffel \u00e0 la pr\u00e9sidence"},{"@type":"BreadcrumbList","@id":"https:\/\/www.africa-press.net\/cotedivoire\/politique\/en-cote-divoire-retour-surprise-de-philippe-serey-eiffel-a-la-presidence#breadcrumb","itemListElement":[{"@type":"ListItem","position":1,"name":"Accueil","item":"https:\/\/www.africa-press.net\/cotedivoire\/"},{"@type":"ListItem","position":2,"name":"En C\u00f4te d\u2019Ivoire, retour surprise de Philippe Serey-Eiffel \u00e0 la pr\u00e9sidence"}]},{"@type":"WebSite","@id":"https:\/\/www.africa-press.net\/cotedivoire\/#website","url":"https:\/\/www.africa-press.net\/cotedivoire\/","name":"C\u00f4te d&#039;Ivoire","description":"Just another Africa News Agency Sites site","potentialAction":[{"@type":"SearchAction","target":{"@type":"EntryPoint","urlTemplate":"https:\/\/www.africa-press.net\/cotedivoire\/?s={search_term_string}"},"query-input":{"@type":"PropertyValueSpecification","valueRequired":true,"valueName":"search_term_string"}}],"inLanguage":"fr-FR"},{"@type":"Person","@id":"https:\/\/www.africa-press.net\/cotedivoire\/#\/schema\/person\/2b1cf3cd81a31e3cd26889ca66d677f1","name":"cfeditorfr"}]}},"_links":{"self":[{"href":"https:\/\/www.africa-press.net\/cotedivoire\/wp-json\/wp\/v2\/posts\/94390","targetHints":{"allow":["GET"]}}],"collection":[{"href":"https:\/\/www.africa-press.net\/cotedivoire\/wp-json\/wp\/v2\/posts"}],"about":[{"href":"https:\/\/www.africa-press.net\/cotedivoire\/wp-json\/wp\/v2\/types\/post"}],"author":[{"embeddable":true,"href":"https:\/\/www.africa-press.net\/cotedivoire\/wp-json\/wp\/v2\/users\/82"}],"replies":[{"embeddable":true,"href":"https:\/\/www.africa-press.net\/cotedivoire\/wp-json\/wp\/v2\/comments?post=94390"}],"version-history":[{"count":0,"href":"https:\/\/www.africa-press.net\/cotedivoire\/wp-json\/wp\/v2\/posts\/94390\/revisions"}],"wp:featuredmedia":[{"embeddable":true,"href":"https:\/\/www.africa-press.net\/cotedivoire\/wp-json\/wp\/v2\/media\/94389"}],"wp:attachment":[{"href":"https:\/\/www.africa-press.net\/cotedivoire\/wp-json\/wp\/v2\/media?parent=94390"}],"wp:term":[{"taxonomy":"category","embeddable":true,"href":"https:\/\/www.africa-press.net\/cotedivoire\/wp-json\/wp\/v2\/categories?post=94390"},{"taxonomy":"post_tag","embeddable":true,"href":"https:\/\/www.africa-press.net\/cotedivoire\/wp-json\/wp\/v2\/tags?post=94390"}],"curies":[{"name":"wp","href":"https:\/\/api.w.org\/{rel}","templated":true}]}}