{"id":9444,"date":"2021-06-25T16:53:17","date_gmt":"2021-06-25T16:53:17","guid":{"rendered":"https:\/\/www.africa-press.net\/cotedivoire\/?p=9444"},"modified":"2021-06-25T16:20:13","modified_gmt":"2021-06-25T16:20:13","slug":"libere-apres-549-jours-de-prison-lex-ministre-des-sports-lobognon-veut-rapprocher-ouattara-et-soro","status":"publish","type":"post","link":"https:\/\/www.africa-press.net\/cotedivoire\/sports\/libere-apres-549-jours-de-prison-lex-ministre-des-sports-lobognon-veut-rapprocher-ouattara-et-soro","title":{"rendered":"Lib\u00e9r\u00e9 apr\u00e8s 549 jours de prison, l\u2019ex ministre des Sports, Lobognon veut \u00ab\u00a0rapprocher Ouattara et Soro\u00a0\u00bb"},"content":{"rendered":"<p><span style=\"color: #ff6600\"><strong><a href=\"https:\/\/www.africa-press.net\/\">Africa-Press<\/a> &#8211; <a href=\"https:\/\/www.africa-press.net\/cotedivoire\">C\u00f4te d&rsquo;Ivoire<\/a>.\u00a0 <\/strong><\/span>Apre\u0300s 549 jours de de\u0301tention, le Minstre Alain Lobognon a recouvre\u0301 la liberte\u0301 au terme d\u2019un long proce\u0300s marque\u0301 par la condamnation a\u0300 vie du Pre\u0301sident Guillaume Soro et l\u2019emprisonnement a\u0300 20 ans de Kone\u0301 Karamate Souleymane et des Militaires affecte\u0301s a\u0300 la se\u0301curite\u0301 rapproche\u0301e de l\u2019ancien Pre\u0301sident du Parlement de notre Pays.<\/p>\n<p>Le Ministre Alain Lobognon apporte son soutien a\u0300 tous ses compagnons avec lesquels il a e\u0301te\u0301 juge\u0301.<\/p>\n<p>Le Ministre Alain Lobognon tient a\u0300 remercier tous ceux qui l\u2019ont soutenu tout au long des 18 mois de de\u0301tention.<\/p>\n<p>Le Ministre Alain Lobognon note que la fin de ce proce\u0300s ouvre de nouvelles perspectives dans le but de donner a\u0300 la Paix sociale et politique en Co\u0302te d\u2019Ivoire, une chance, et invite la classe politique a\u0300 une catharsis nationale en vue de garantir aux prochaines ge\u0301ne\u0301rations une Nation forte et engage\u0301e vers le de\u0301veloppement et la prospe\u0301rite\u0301. Plus que jamais la Co\u0302te d\u2019Ivoire a besoin de tous ses enfants pour faire face aux grands de\u0301fis et risques qui menacent son harmonie.<\/p>\n<p>A\u0300 ce titre, pour une Re\u0301conciliation nationale since\u0300re et durable, il invite tous les acteurs politiques a\u0300 privile\u0301gier le dialogue direct afin de re\u0301gler tous les proble\u0300mes qui nous assaillent depuis la mort du Pre\u0301sident Fe\u0301lix Houphouet Boigny.<\/p>\n<p>C\u2019est dans ce cadre que de\u0300s la semaine prochaine, il entend s\u2019engager re\u0301solument pour faire baisser les tensions et mettre fin aux de\u0301saccords entre le Chef de l\u2019Etat-Pre\u0301sident de la Re\u0301publique,Monsieur Alassane Ouattara et Monsieur Guillaume Soro,ancien Pre\u0301sident de l\u2019Assemble\u0301e nationale de Co\u0302te d\u2019Ivoire,son Fils.<\/p>\n<p>&nbsp;<\/p>\n","protected":false},"excerpt":{"rendered":"<p>Africa-Press &#8211; C\u00f4te d&rsquo;Ivoire.\u00a0 Apre\u0300s 549 jours de de\u0301tention, le Minstre Alain Lobognon a recouvre\u0301 la liberte\u0301 au terme d\u2019un long proce\u0300s marque\u0301 par la condamnation a\u0300 vie du Pre\u0301sident Guillaume Soro et l\u2019emprisonnement a\u0300 20 ans de Kone\u0301 Karamate Souleymane et des Militaires affecte\u0301s a\u0300 la se\u0301curite\u0301 rapproche\u0301e de l\u2019ancien Pre\u0301sident du Parlement de [&hellip;]<\/p>\n","protected":false},"author":82,"featured_media":9443,"comment_status":"open","ping_status":"closed","sticky":false,"template":"","format":"standard","meta":{"footnotes":""},"categories":[11,6,10],"tags":[56,63,29],"class_list":["post-9444","post","type-post","status-publish","format-standard","has-post-thumbnail","hentry","category-homepage-french","category-sports","category-toutes-les-actualites","tag-africa-press","tag-africa-press-cote-divoire","tag-cote-divoire"],"yoast_head":"<!-- This site is optimized with the Yoast SEO Premium plugin v26.1 (Yoast SEO v27.0) - https:\/\/yoast.com\/product\/yoast-seo-premium-wordpress\/ -->\n<title>Lib\u00e9r\u00e9 apr\u00e8s 549 jours de prison, l\u2019ex ministre des Sports, Lobognon veut \u00ab\u00a0rapprocher Ouattara et Soro\u00a0\u00bb - C\u00f4te d&#039;Ivoire<\/title>\n<meta name=\"description\" content=\"De\u0301claration du vendredi 25 juin 2021 Apre\u0300s 549 jours de de\u0301tention, le Minstre Alain Lobognon a recouvre\u0301 la liberte\u0301 ...\" \/>\n<meta name=\"robots\" content=\"index, follow, max-snippet:-1, max-image-preview:large, max-video-preview:-1\" \/>\n<link rel=\"canonical\" href=\"https:\/\/www.africa-press.net\/cotedivoire\/sports\/libere-apres-549-jours-de-prison-lex-ministre-des-sports-lobognon-veut-rapprocher-ouattara-et-soro\" \/>\n<meta property=\"og:locale\" content=\"fr_FR\" \/>\n<meta property=\"og:type\" content=\"article\" \/>\n<meta property=\"og:title\" content=\"Lib\u00e9r\u00e9 apr\u00e8s 549 jours de prison, l\u2019ex ministre des Sports, Lobognon veut \u00ab\u00a0rapprocher Ouattara et Soro\u00a0\u00bb\" \/>\n<meta property=\"og:description\" content=\"De\u0301claration du vendredi 25 juin 2021 Apre\u0300s 549 jours de de\u0301tention, le Minstre Alain Lobognon a recouvre\u0301 la liberte\u0301 ...\" \/>\n<meta property=\"og:url\" content=\"https:\/\/www.africa-press.net\/cotedivoire\/sports\/libere-apres-549-jours-de-prison-lex-ministre-des-sports-lobognon-veut-rapprocher-ouattara-et-soro\" \/>\n<meta property=\"og:site_name\" content=\"C\u00f4te d&#039;Ivoire\" \/>\n<meta property=\"article:published_time\" content=\"2021-06-25T16:53:17+00:00\" \/>\n<meta property=\"og:image\" content=\"https:\/\/static.africa-press.net\/cote\/sites\/43\/2021\/06\/img-60d600c3d6797.jpg\" \/>\n\t<meta property=\"og:image:width\" content=\"720\" \/>\n\t<meta property=\"og:image:height\" content=\"628\" \/>\n\t<meta property=\"og:image:type\" content=\"image\/jpeg\" \/>\n<meta name=\"author\" content=\"cfeditorfr\" \/>\n<meta name=\"twitter:card\" content=\"summary_large_image\" \/>\n<meta name=\"twitter:label1\" content=\"\u00c9crit par\" \/>\n\t<meta name=\"twitter:data1\" content=\"cfeditorfr\" \/>\n\t<meta name=\"twitter:label2\" content=\"Dur\u00e9e de lecture estim\u00e9e\" \/>\n\t<meta name=\"twitter:data2\" content=\"2 minutes\" \/>\n<script type=\"application\/ld+json\" class=\"yoast-schema-graph\">{\"@context\":\"https:\/\/schema.org\",\"@graph\":[{\"@type\":\"Article\",\"@id\":\"https:\/\/www.africa-press.net\/cotedivoire\/sports\/libere-apres-549-jours-de-prison-lex-ministre-des-sports-lobognon-veut-rapprocher-ouattara-et-soro#article\",\"isPartOf\":{\"@id\":\"https:\/\/www.africa-press.net\/cotedivoire\/sports\/libere-apres-549-jours-de-prison-lex-ministre-des-sports-lobognon-veut-rapprocher-ouattara-et-soro\"},\"author\":{\"name\":\"cfeditorfr\",\"@id\":\"https:\/\/www.africa-press.net\/cotedivoire\/#\/schema\/person\/2b1cf3cd81a31e3cd26889ca66d677f1\"},\"headline\":\"Lib\u00e9r\u00e9 apr\u00e8s 549 jours de prison, l\u2019ex ministre des Sports, Lobognon veut \u00ab\u00a0rapprocher Ouattara et Soro\u00a0\u00bb\",\"datePublished\":\"2021-06-25T16:53:17+00:00\",\"mainEntityOfPage\":{\"@id\":\"https:\/\/www.africa-press.net\/cotedivoire\/sports\/libere-apres-549-jours-de-prison-lex-ministre-des-sports-lobognon-veut-rapprocher-ouattara-et-soro\"},\"wordCount\":325,\"commentCount\":0,\"image\":{\"@id\":\"https:\/\/www.africa-press.net\/cotedivoire\/sports\/libere-apres-549-jours-de-prison-lex-ministre-des-sports-lobognon-veut-rapprocher-ouattara-et-soro#primaryimage\"},\"thumbnailUrl\":\"https:\/\/static.africa-press.net\/cote\/sites\/43\/2021\/06\/img-60d600c3d6797.jpg\",\"keywords\":[\"Africa Press\",\"Africa Press-C\u00f4te d'Ivoire\",\"C\u00d4TE D'IVOIRE\"],\"articleSection\":[\"homepage-french\",\"Sports\",\"Toutes les actualit\u00e9s\"],\"inLanguage\":\"fr-FR\",\"potentialAction\":[{\"@type\":\"CommentAction\",\"name\":\"Comment\",\"target\":[\"https:\/\/www.africa-press.net\/cotedivoire\/sports\/libere-apres-549-jours-de-prison-lex-ministre-des-sports-lobognon-veut-rapprocher-ouattara-et-soro#respond\"]}]},{\"@type\":\"WebPage\",\"@id\":\"https:\/\/www.africa-press.net\/cotedivoire\/sports\/libere-apres-549-jours-de-prison-lex-ministre-des-sports-lobognon-veut-rapprocher-ouattara-et-soro\",\"url\":\"https:\/\/www.africa-press.net\/cotedivoire\/sports\/libere-apres-549-jours-de-prison-lex-ministre-des-sports-lobognon-veut-rapprocher-ouattara-et-soro\",\"name\":\"Lib\u00e9r\u00e9 apr\u00e8s 549 jours de prison, l\u2019ex ministre des Sports, Lobognon veut \u00ab\u00a0rapprocher Ouattara et Soro\u00a0\u00bb - C\u00f4te d&#039;Ivoire\",\"isPartOf\":{\"@id\":\"https:\/\/www.africa-press.net\/cotedivoire\/#website\"},\"primaryImageOfPage\":{\"@id\":\"https:\/\/www.africa-press.net\/cotedivoire\/sports\/libere-apres-549-jours-de-prison-lex-ministre-des-sports-lobognon-veut-rapprocher-ouattara-et-soro#primaryimage\"},\"image\":{\"@id\":\"https:\/\/www.africa-press.net\/cotedivoire\/sports\/libere-apres-549-jours-de-prison-lex-ministre-des-sports-lobognon-veut-rapprocher-ouattara-et-soro#primaryimage\"},\"thumbnailUrl\":\"https:\/\/static.africa-press.net\/cote\/sites\/43\/2021\/06\/img-60d600c3d6797.jpg\",\"datePublished\":\"2021-06-25T16:53:17+00:00\",\"author\":{\"@id\":\"https:\/\/www.africa-press.net\/cotedivoire\/#\/schema\/person\/2b1cf3cd81a31e3cd26889ca66d677f1\"},\"description\":\"De\u0301claration du vendredi 25 juin 2021 Apre\u0300s 549 jours de de\u0301tention, le Minstre Alain Lobognon a recouvre\u0301 la liberte\u0301 ...\",\"breadcrumb\":{\"@id\":\"https:\/\/www.africa-press.net\/cotedivoire\/sports\/libere-apres-549-jours-de-prison-lex-ministre-des-sports-lobognon-veut-rapprocher-ouattara-et-soro#breadcrumb\"},\"inLanguage\":\"fr-FR\",\"potentialAction\":[{\"@type\":\"ReadAction\",\"target\":[\"https:\/\/www.africa-press.net\/cotedivoire\/sports\/libere-apres-549-jours-de-prison-lex-ministre-des-sports-lobognon-veut-rapprocher-ouattara-et-soro\"]}]},{\"@type\":\"ImageObject\",\"inLanguage\":\"fr-FR\",\"@id\":\"https:\/\/www.africa-press.net\/cotedivoire\/sports\/libere-apres-549-jours-de-prison-lex-ministre-des-sports-lobognon-veut-rapprocher-ouattara-et-soro#primaryimage\",\"url\":\"https:\/\/static.africa-press.net\/cote\/sites\/43\/2021\/06\/img-60d600c3d6797.jpg\",\"contentUrl\":\"https:\/\/static.africa-press.net\/cote\/sites\/43\/2021\/06\/img-60d600c3d6797.jpg\",\"width\":720,\"height\":628,\"caption\":\"Lib\u00e9r\u00e9 apr\u00e8s 549 jours de prison, l\u2019ex ministre des Sports, Lobognon veut \u00ab\u00a0rapprocher Ouattara et Soro\u00a0\u00bb\"},{\"@type\":\"BreadcrumbList\",\"@id\":\"https:\/\/www.africa-press.net\/cotedivoire\/sports\/libere-apres-549-jours-de-prison-lex-ministre-des-sports-lobognon-veut-rapprocher-ouattara-et-soro#breadcrumb\",\"itemListElement\":[{\"@type\":\"ListItem\",\"position\":1,\"name\":\"Accueil\",\"item\":\"https:\/\/www.africa-press.net\/cotedivoire\/\"},{\"@type\":\"ListItem\",\"position\":2,\"name\":\"Lib\u00e9r\u00e9 apr\u00e8s 549 jours de prison, l\u2019ex ministre des Sports, Lobognon veut \u00ab\u00a0rapprocher Ouattara et Soro\u00a0\u00bb\"}]},{\"@type\":\"WebSite\",\"@id\":\"https:\/\/www.africa-press.net\/cotedivoire\/#website\",\"url\":\"https:\/\/www.africa-press.net\/cotedivoire\/\",\"name\":\"C\u00f4te d&#039;Ivoire\",\"description\":\"Just another Africa News Agency Sites site\",\"potentialAction\":[{\"@type\":\"SearchAction\",\"target\":{\"@type\":\"EntryPoint\",\"urlTemplate\":\"https:\/\/www.africa-press.net\/cotedivoire\/?s={search_term_string}\"},\"query-input\":{\"@type\":\"PropertyValueSpecification\",\"valueRequired\":true,\"valueName\":\"search_term_string\"}}],\"inLanguage\":\"fr-FR\"},{\"@type\":\"Person\",\"@id\":\"https:\/\/www.africa-press.net\/cotedivoire\/#\/schema\/person\/2b1cf3cd81a31e3cd26889ca66d677f1\",\"name\":\"cfeditorfr\"}]}<\/script>\n<!-- \/ Yoast SEO Premium plugin. -->","yoast_head_json":{"title":"Lib\u00e9r\u00e9 apr\u00e8s 549 jours de prison, l\u2019ex ministre des Sports, Lobognon veut \u00ab\u00a0rapprocher Ouattara et Soro\u00a0\u00bb - C\u00f4te d&#039;Ivoire","description":"De\u0301claration du vendredi 25 juin 2021 Apre\u0300s 549 jours de de\u0301tention, le Minstre Alain Lobognon a recouvre\u0301 la liberte\u0301 ...","robots":{"index":"index","follow":"follow","max-snippet":"max-snippet:-1","max-image-preview":"max-image-preview:large","max-video-preview":"max-video-preview:-1"},"canonical":"https:\/\/www.africa-press.net\/cotedivoire\/sports\/libere-apres-549-jours-de-prison-lex-ministre-des-sports-lobognon-veut-rapprocher-ouattara-et-soro","og_locale":"fr_FR","og_type":"article","og_title":"Lib\u00e9r\u00e9 apr\u00e8s 549 jours de prison, l\u2019ex ministre des Sports, Lobognon veut \u00ab\u00a0rapprocher Ouattara et Soro\u00a0\u00bb","og_description":"De\u0301claration du vendredi 25 juin 2021 Apre\u0300s 549 jours de de\u0301tention, le Minstre Alain Lobognon a recouvre\u0301 la liberte\u0301 ...","og_url":"https:\/\/www.africa-press.net\/cotedivoire\/sports\/libere-apres-549-jours-de-prison-lex-ministre-des-sports-lobognon-veut-rapprocher-ouattara-et-soro","og_site_name":"C\u00f4te d&#039;Ivoire","article_published_time":"2021-06-25T16:53:17+00:00","og_image":[{"width":720,"height":628,"url":"https:\/\/static.africa-press.net\/cote\/sites\/43\/2021\/06\/img-60d600c3d6797.jpg","type":"image\/jpeg"}],"author":"cfeditorfr","twitter_card":"summary_large_image","twitter_misc":{"\u00c9crit par":"cfeditorfr","Dur\u00e9e de lecture estim\u00e9e":"2 minutes"},"schema":{"@context":"https:\/\/schema.org","@graph":[{"@type":"Article","@id":"https:\/\/www.africa-press.net\/cotedivoire\/sports\/libere-apres-549-jours-de-prison-lex-ministre-des-sports-lobognon-veut-rapprocher-ouattara-et-soro#article","isPartOf":{"@id":"https:\/\/www.africa-press.net\/cotedivoire\/sports\/libere-apres-549-jours-de-prison-lex-ministre-des-sports-lobognon-veut-rapprocher-ouattara-et-soro"},"author":{"name":"cfeditorfr","@id":"https:\/\/www.africa-press.net\/cotedivoire\/#\/schema\/person\/2b1cf3cd81a31e3cd26889ca66d677f1"},"headline":"Lib\u00e9r\u00e9 apr\u00e8s 549 jours de prison, l\u2019ex ministre des Sports, Lobognon veut \u00ab\u00a0rapprocher Ouattara et Soro\u00a0\u00bb","datePublished":"2021-06-25T16:53:17+00:00","mainEntityOfPage":{"@id":"https:\/\/www.africa-press.net\/cotedivoire\/sports\/libere-apres-549-jours-de-prison-lex-ministre-des-sports-lobognon-veut-rapprocher-ouattara-et-soro"},"wordCount":325,"commentCount":0,"image":{"@id":"https:\/\/www.africa-press.net\/cotedivoire\/sports\/libere-apres-549-jours-de-prison-lex-ministre-des-sports-lobognon-veut-rapprocher-ouattara-et-soro#primaryimage"},"thumbnailUrl":"https:\/\/static.africa-press.net\/cote\/sites\/43\/2021\/06\/img-60d600c3d6797.jpg","keywords":["Africa Press","Africa Press-C\u00f4te d'Ivoire","C\u00d4TE D'IVOIRE"],"articleSection":["homepage-french","Sports","Toutes les actualit\u00e9s"],"inLanguage":"fr-FR","potentialAction":[{"@type":"CommentAction","name":"Comment","target":["https:\/\/www.africa-press.net\/cotedivoire\/sports\/libere-apres-549-jours-de-prison-lex-ministre-des-sports-lobognon-veut-rapprocher-ouattara-et-soro#respond"]}]},{"@type":"WebPage","@id":"https:\/\/www.africa-press.net\/cotedivoire\/sports\/libere-apres-549-jours-de-prison-lex-ministre-des-sports-lobognon-veut-rapprocher-ouattara-et-soro","url":"https:\/\/www.africa-press.net\/cotedivoire\/sports\/libere-apres-549-jours-de-prison-lex-ministre-des-sports-lobognon-veut-rapprocher-ouattara-et-soro","name":"Lib\u00e9r\u00e9 apr\u00e8s 549 jours de prison, l\u2019ex ministre des Sports, Lobognon veut \u00ab\u00a0rapprocher Ouattara et Soro\u00a0\u00bb - C\u00f4te d&#039;Ivoire","isPartOf":{"@id":"https:\/\/www.africa-press.net\/cotedivoire\/#website"},"primaryImageOfPage":{"@id":"https:\/\/www.africa-press.net\/cotedivoire\/sports\/libere-apres-549-jours-de-prison-lex-ministre-des-sports-lobognon-veut-rapprocher-ouattara-et-soro#primaryimage"},"image":{"@id":"https:\/\/www.africa-press.net\/cotedivoire\/sports\/libere-apres-549-jours-de-prison-lex-ministre-des-sports-lobognon-veut-rapprocher-ouattara-et-soro#primaryimage"},"thumbnailUrl":"https:\/\/static.africa-press.net\/cote\/sites\/43\/2021\/06\/img-60d600c3d6797.jpg","datePublished":"2021-06-25T16:53:17+00:00","author":{"@id":"https:\/\/www.africa-press.net\/cotedivoire\/#\/schema\/person\/2b1cf3cd81a31e3cd26889ca66d677f1"},"description":"De\u0301claration du vendredi 25 juin 2021 Apre\u0300s 549 jours de de\u0301tention, le Minstre Alain Lobognon a recouvre\u0301 la liberte\u0301 ...","breadcrumb":{"@id":"https:\/\/www.africa-press.net\/cotedivoire\/sports\/libere-apres-549-jours-de-prison-lex-ministre-des-sports-lobognon-veut-rapprocher-ouattara-et-soro#breadcrumb"},"inLanguage":"fr-FR","potentialAction":[{"@type":"ReadAction","target":["https:\/\/www.africa-press.net\/cotedivoire\/sports\/libere-apres-549-jours-de-prison-lex-ministre-des-sports-lobognon-veut-rapprocher-ouattara-et-soro"]}]},{"@type":"ImageObject","inLanguage":"fr-FR","@id":"https:\/\/www.africa-press.net\/cotedivoire\/sports\/libere-apres-549-jours-de-prison-lex-ministre-des-sports-lobognon-veut-rapprocher-ouattara-et-soro#primaryimage","url":"https:\/\/static.africa-press.net\/cote\/sites\/43\/2021\/06\/img-60d600c3d6797.jpg","contentUrl":"https:\/\/static.africa-press.net\/cote\/sites\/43\/2021\/06\/img-60d600c3d6797.jpg","width":720,"height":628,"caption":"Lib\u00e9r\u00e9 apr\u00e8s 549 jours de prison, l\u2019ex ministre des Sports, Lobognon veut \u00ab\u00a0rapprocher Ouattara et Soro\u00a0\u00bb"},{"@type":"BreadcrumbList","@id":"https:\/\/www.africa-press.net\/cotedivoire\/sports\/libere-apres-549-jours-de-prison-lex-ministre-des-sports-lobognon-veut-rapprocher-ouattara-et-soro#breadcrumb","itemListElement":[{"@type":"ListItem","position":1,"name":"Accueil","item":"https:\/\/www.africa-press.net\/cotedivoire\/"},{"@type":"ListItem","position":2,"name":"Lib\u00e9r\u00e9 apr\u00e8s 549 jours de prison, l\u2019ex ministre des Sports, Lobognon veut \u00ab\u00a0rapprocher Ouattara et Soro\u00a0\u00bb"}]},{"@type":"WebSite","@id":"https:\/\/www.africa-press.net\/cotedivoire\/#website","url":"https:\/\/www.africa-press.net\/cotedivoire\/","name":"C\u00f4te d&#039;Ivoire","description":"Just another Africa News Agency Sites site","potentialAction":[{"@type":"SearchAction","target":{"@type":"EntryPoint","urlTemplate":"https:\/\/www.africa-press.net\/cotedivoire\/?s={search_term_string}"},"query-input":{"@type":"PropertyValueSpecification","valueRequired":true,"valueName":"search_term_string"}}],"inLanguage":"fr-FR"},{"@type":"Person","@id":"https:\/\/www.africa-press.net\/cotedivoire\/#\/schema\/person\/2b1cf3cd81a31e3cd26889ca66d677f1","name":"cfeditorfr"}]}},"_links":{"self":[{"href":"https:\/\/www.africa-press.net\/cotedivoire\/wp-json\/wp\/v2\/posts\/9444","targetHints":{"allow":["GET"]}}],"collection":[{"href":"https:\/\/www.africa-press.net\/cotedivoire\/wp-json\/wp\/v2\/posts"}],"about":[{"href":"https:\/\/www.africa-press.net\/cotedivoire\/wp-json\/wp\/v2\/types\/post"}],"author":[{"embeddable":true,"href":"https:\/\/www.africa-press.net\/cotedivoire\/wp-json\/wp\/v2\/users\/82"}],"replies":[{"embeddable":true,"href":"https:\/\/www.africa-press.net\/cotedivoire\/wp-json\/wp\/v2\/comments?post=9444"}],"version-history":[{"count":0,"href":"https:\/\/www.africa-press.net\/cotedivoire\/wp-json\/wp\/v2\/posts\/9444\/revisions"}],"wp:featuredmedia":[{"embeddable":true,"href":"https:\/\/www.africa-press.net\/cotedivoire\/wp-json\/wp\/v2\/media\/9443"}],"wp:attachment":[{"href":"https:\/\/www.africa-press.net\/cotedivoire\/wp-json\/wp\/v2\/media?parent=9444"}],"wp:term":[{"taxonomy":"category","embeddable":true,"href":"https:\/\/www.africa-press.net\/cotedivoire\/wp-json\/wp\/v2\/categories?post=9444"},{"taxonomy":"post_tag","embeddable":true,"href":"https:\/\/www.africa-press.net\/cotedivoire\/wp-json\/wp\/v2\/tags?post=9444"}],"curies":[{"name":"wp","href":"https:\/\/api.w.org\/{rel}","templated":true}]}}