{"id":9447,"date":"2021-06-25T16:58:10","date_gmt":"2021-06-25T16:58:10","guid":{"rendered":"https:\/\/www.africa-press.net\/cotedivoire\/?p=9447"},"modified":"2021-06-25T16:20:35","modified_gmt":"2021-06-25T16:20:35","slug":"100-milliards-fcfa-debloques-pour-les-collectivites-territoriales-en-cote-divoire-la-dgi-etait-le-probleme","status":"publish","type":"post","link":"https:\/\/www.africa-press.net\/cotedivoire\/economie\/100-milliards-fcfa-debloques-pour-les-collectivites-territoriales-en-cote-divoire-la-dgi-etait-le-probleme","title":{"rendered":"100 milliards fcfa d\u00e9bloqu\u00e9s pour les collectivit\u00e9s territoriales en C\u00f4te d\u2019Ivoire, la DGI \u00e9tait le probl\u00e8me"},"content":{"rendered":"<p><span style=\"color: #ff6600\"><strong><a href=\"https:\/\/www.africa-press.net\/\">Africa-Press<\/a> &#8211; <a href=\"https:\/\/www.africa-press.net\/cotedivoire\">C\u00f4te d&rsquo;Ivoire<\/a>. <\/strong><\/span>Plus de 100 milliards Fcfa vont \u00eatre d\u00e9bloqu\u00e9s \u00e0 partir du lundi 28 juin 2021 par l\u2019\u00c9tat de C\u00f4te d\u2019Ivoire en faveur des collectivit\u00e9s territoriales du pays.<\/p>\n<p>Victoire pour les collectivit\u00e9s locales et territoriales ! Victoire pour le maire de Tiassal\u00e9, Assal\u00e9 Tiemoko, avec les paiements qui seront effectu\u00e9s \u00e0 partir de lundi 28 juin 2021.<\/p>\n<p>On se souvient que c\u2019est le maire Assal\u00e9 Ti\u00e9moko avait port\u00e9 \u00e0 l\u2019attention de l\u2019opinion publique , les difficult\u00e9s que vivaient les collectivit\u00e9s locales , en cette ann\u00e9e 2021.<\/p>\n<p>C\u2019est \u00e9galement un soulagement pour les gouverneurs de Districts, les maires et les pr\u00e9sident de conseils r\u00e9gionaux qui souffraient, et dont les administr\u00e9s et partenaires souffraient \u00e9galement, pour d\u00e9faut de reversement des parts qui leur \u00e9taient dues par le Tr\u00e9sor.<\/p>\n<p>En effet, depuis plusieurs semaines, les mairies, les conseils r\u00e9gionaux et les Districts \u00e9taient priv\u00e9s de leurs ressources parce qu\u2019au niveau des imports, des acteurs g\u00e9rant la remise des \u00e9tats financiers avaient arr\u00eat\u00e9 le processus.<\/p>\n<p>[ Le probl\u00e8me venait de la DGI ]<\/p>\n<p>Au niveau de la recette principale des imp\u00f4ts qui centralise 95 % des imp\u00f4ts et recettes, la responsable avait \u00e9mis des r\u00e9serves sur la certification des \u00e9tats de 2020. Ayant \u00e9t\u00e9 nomm\u00e9e en juillet 2020, la dame avait refus\u00e9 de valider le bilan de 2020, au m\u00e9pris des r\u00e8gles de comptabilit\u00e9 et des usages faisant \u00e9tat de ce que sa responsabilit\u00e9 personnelle n\u2019est pas engag\u00e9e. En effet sa responsabilit\u00e9 n\u2019est engag\u00e9e que pour la p\u00e9riode courant \u00e0 partir de sa nomination.<\/p>\n<p>[ Soup\u00e7ons de z\u00e8le et d\u2019insubordination ]<\/p>\n<p>Malgr\u00e9 les instructions du DG des imp\u00f4ts et celles du DG du Tr\u00e9sor, la responsable en question, n\u2019a pas obtemp\u00e9r\u00e9. Face \u00e0 cette attitude per\u00e7ue comme une insubordination mettant \u00e0 mal le fonctionnement des collectivit\u00e9s locales, et pouvant m\u00eame conduire \u00e0 une paralysie totale de la politique de d\u00e9centralisation de l\u2019\u00c9tat, des mesures conservatoires ont \u00e9t\u00e9 prises.<\/p>\n<p>Ainsi les mairies, les conseils r\u00e9gionaux et les Districts seront pay\u00e9s \u00e0 compter de lundi.<\/p>\n<p>[ Menaces de plaintes ]<\/p>\n<p>Toutefois en cette p\u00e9riode de transparence et de bonne gouvernance pr\u00f4n\u00e9e par le gouvernement , des \u00e9lus locaux n\u2019excluent pas de porter plainte contre X aux fins de dommages et int\u00e9r\u00eats et surtout d\u2019\u00e9lucidation de la cha\u00eene de responsabilit\u00e9s.<\/p>\n<p>En effet, ces \u00e9lus souhaitent une enqu\u00eate administrative et m\u00eame p\u00e9nale sur la question , qui constitue selon eux, au-del\u00e0 du simple dysfonctionnement, un acte de sabotage et de troubles \u00e0 l\u2019ordre public.<\/p>\n<p>&nbsp;<\/p>\n","protected":false},"excerpt":{"rendered":"<p>Africa-Press &#8211; C\u00f4te d&rsquo;Ivoire. Plus de 100 milliards Fcfa vont \u00eatre d\u00e9bloqu\u00e9s \u00e0 partir du lundi 28 juin 2021 par l\u2019\u00c9tat de C\u00f4te d\u2019Ivoire en faveur des collectivit\u00e9s territoriales du pays. Victoire pour les collectivit\u00e9s locales et territoriales ! Victoire pour le maire de Tiassal\u00e9, Assal\u00e9 Tiemoko, avec les paiements qui seront effectu\u00e9s \u00e0 partir [&hellip;]<\/p>\n","protected":false},"author":82,"featured_media":9446,"comment_status":"open","ping_status":"closed","sticky":false,"template":"","format":"standard","meta":{"footnotes":""},"categories":[3,11,10],"tags":[56,63,29],"class_list":["post-9447","post","type-post","status-publish","format-standard","has-post-thumbnail","hentry","category-economie","category-homepage-french","category-toutes-les-actualites","tag-africa-press","tag-africa-press-cote-divoire","tag-cote-divoire"],"yoast_head":"<!-- This site is optimized with the Yoast SEO Premium plugin v26.1 (Yoast SEO v27.0) - https:\/\/yoast.com\/product\/yoast-seo-premium-wordpress\/ -->\n<title>100 milliards fcfa d\u00e9bloqu\u00e9s pour les collectivit\u00e9s territoriales en C\u00f4te d\u2019Ivoire, la DGI \u00e9tait le probl\u00e8me - C\u00f4te d&#039;Ivoire<\/title>\n<meta name=\"description\" content=\"Plus de 100 milliards Fcfa vont \u00eatre d\u00e9bloqu\u00e9s \u00e0 partir du lundi 28 juin 2021 par l\u2019\u00c9tat de C\u00f4te d\u2019Ivoire en faveur des ...\" \/>\n<meta name=\"robots\" content=\"index, follow, max-snippet:-1, max-image-preview:large, max-video-preview:-1\" \/>\n<link rel=\"canonical\" href=\"https:\/\/www.africa-press.net\/cotedivoire\/economie\/100-milliards-fcfa-debloques-pour-les-collectivites-territoriales-en-cote-divoire-la-dgi-etait-le-probleme\" \/>\n<meta property=\"og:locale\" content=\"fr_FR\" \/>\n<meta property=\"og:type\" content=\"article\" \/>\n<meta property=\"og:title\" content=\"100 milliards fcfa d\u00e9bloqu\u00e9s pour les collectivit\u00e9s territoriales en C\u00f4te d\u2019Ivoire, la DGI \u00e9tait le probl\u00e8me\" \/>\n<meta property=\"og:description\" content=\"Plus de 100 milliards Fcfa vont \u00eatre d\u00e9bloqu\u00e9s \u00e0 partir du lundi 28 juin 2021 par l\u2019\u00c9tat de C\u00f4te d\u2019Ivoire en faveur des ...\" \/>\n<meta property=\"og:url\" content=\"https:\/\/www.africa-press.net\/cotedivoire\/economie\/100-milliards-fcfa-debloques-pour-les-collectivites-territoriales-en-cote-divoire-la-dgi-etait-le-probleme\" \/>\n<meta property=\"og:site_name\" content=\"C\u00f4te d&#039;Ivoire\" \/>\n<meta property=\"article:published_time\" content=\"2021-06-25T16:58:10+00:00\" \/>\n<meta property=\"og:image\" content=\"https:\/\/static.africa-press.net\/cote\/sites\/43\/2021\/06\/img-60d600fdb378a.jpg\" \/>\n\t<meta property=\"og:image:width\" content=\"720\" \/>\n\t<meta property=\"og:image:height\" content=\"480\" \/>\n\t<meta property=\"og:image:type\" content=\"image\/jpeg\" \/>\n<meta name=\"author\" content=\"cfeditorfr\" \/>\n<meta name=\"twitter:card\" content=\"summary_large_image\" \/>\n<meta name=\"twitter:label1\" content=\"\u00c9crit par\" \/>\n\t<meta name=\"twitter:data1\" content=\"cfeditorfr\" \/>\n\t<meta name=\"twitter:label2\" content=\"Dur\u00e9e de lecture estim\u00e9e\" \/>\n\t<meta name=\"twitter:data2\" content=\"2 minutes\" \/>\n<script type=\"application\/ld+json\" class=\"yoast-schema-graph\">{\"@context\":\"https:\/\/schema.org\",\"@graph\":[{\"@type\":\"Article\",\"@id\":\"https:\/\/www.africa-press.net\/cotedivoire\/economie\/100-milliards-fcfa-debloques-pour-les-collectivites-territoriales-en-cote-divoire-la-dgi-etait-le-probleme#article\",\"isPartOf\":{\"@id\":\"https:\/\/www.africa-press.net\/cotedivoire\/economie\/100-milliards-fcfa-debloques-pour-les-collectivites-territoriales-en-cote-divoire-la-dgi-etait-le-probleme\"},\"author\":{\"name\":\"cfeditorfr\",\"@id\":\"https:\/\/www.africa-press.net\/cotedivoire\/#\/schema\/person\/2b1cf3cd81a31e3cd26889ca66d677f1\"},\"headline\":\"100 milliards fcfa d\u00e9bloqu\u00e9s pour les collectivit\u00e9s territoriales en C\u00f4te d\u2019Ivoire, la DGI \u00e9tait le probl\u00e8me\",\"datePublished\":\"2021-06-25T16:58:10+00:00\",\"mainEntityOfPage\":{\"@id\":\"https:\/\/www.africa-press.net\/cotedivoire\/economie\/100-milliards-fcfa-debloques-pour-les-collectivites-territoriales-en-cote-divoire-la-dgi-etait-le-probleme\"},\"wordCount\":467,\"commentCount\":0,\"image\":{\"@id\":\"https:\/\/www.africa-press.net\/cotedivoire\/economie\/100-milliards-fcfa-debloques-pour-les-collectivites-territoriales-en-cote-divoire-la-dgi-etait-le-probleme#primaryimage\"},\"thumbnailUrl\":\"https:\/\/static.africa-press.net\/cote\/sites\/43\/2021\/06\/img-60d600fdb378a.jpg\",\"keywords\":[\"Africa Press\",\"Africa Press-C\u00f4te d'Ivoire\",\"C\u00d4TE D'IVOIRE\"],\"articleSection\":[\"\u00c9conomie\",\"homepage-french\",\"Toutes les actualit\u00e9s\"],\"inLanguage\":\"fr-FR\",\"potentialAction\":[{\"@type\":\"CommentAction\",\"name\":\"Comment\",\"target\":[\"https:\/\/www.africa-press.net\/cotedivoire\/economie\/100-milliards-fcfa-debloques-pour-les-collectivites-territoriales-en-cote-divoire-la-dgi-etait-le-probleme#respond\"]}]},{\"@type\":\"WebPage\",\"@id\":\"https:\/\/www.africa-press.net\/cotedivoire\/economie\/100-milliards-fcfa-debloques-pour-les-collectivites-territoriales-en-cote-divoire-la-dgi-etait-le-probleme\",\"url\":\"https:\/\/www.africa-press.net\/cotedivoire\/economie\/100-milliards-fcfa-debloques-pour-les-collectivites-territoriales-en-cote-divoire-la-dgi-etait-le-probleme\",\"name\":\"100 milliards fcfa d\u00e9bloqu\u00e9s pour les collectivit\u00e9s territoriales en C\u00f4te d\u2019Ivoire, la DGI \u00e9tait le probl\u00e8me - C\u00f4te d&#039;Ivoire\",\"isPartOf\":{\"@id\":\"https:\/\/www.africa-press.net\/cotedivoire\/#website\"},\"primaryImageOfPage\":{\"@id\":\"https:\/\/www.africa-press.net\/cotedivoire\/economie\/100-milliards-fcfa-debloques-pour-les-collectivites-territoriales-en-cote-divoire-la-dgi-etait-le-probleme#primaryimage\"},\"image\":{\"@id\":\"https:\/\/www.africa-press.net\/cotedivoire\/economie\/100-milliards-fcfa-debloques-pour-les-collectivites-territoriales-en-cote-divoire-la-dgi-etait-le-probleme#primaryimage\"},\"thumbnailUrl\":\"https:\/\/static.africa-press.net\/cote\/sites\/43\/2021\/06\/img-60d600fdb378a.jpg\",\"datePublished\":\"2021-06-25T16:58:10+00:00\",\"author\":{\"@id\":\"https:\/\/www.africa-press.net\/cotedivoire\/#\/schema\/person\/2b1cf3cd81a31e3cd26889ca66d677f1\"},\"description\":\"Plus de 100 milliards Fcfa vont \u00eatre d\u00e9bloqu\u00e9s \u00e0 partir du lundi 28 juin 2021 par l\u2019\u00c9tat de C\u00f4te d\u2019Ivoire en faveur des ...\",\"breadcrumb\":{\"@id\":\"https:\/\/www.africa-press.net\/cotedivoire\/economie\/100-milliards-fcfa-debloques-pour-les-collectivites-territoriales-en-cote-divoire-la-dgi-etait-le-probleme#breadcrumb\"},\"inLanguage\":\"fr-FR\",\"potentialAction\":[{\"@type\":\"ReadAction\",\"target\":[\"https:\/\/www.africa-press.net\/cotedivoire\/economie\/100-milliards-fcfa-debloques-pour-les-collectivites-territoriales-en-cote-divoire-la-dgi-etait-le-probleme\"]}]},{\"@type\":\"ImageObject\",\"inLanguage\":\"fr-FR\",\"@id\":\"https:\/\/www.africa-press.net\/cotedivoire\/economie\/100-milliards-fcfa-debloques-pour-les-collectivites-territoriales-en-cote-divoire-la-dgi-etait-le-probleme#primaryimage\",\"url\":\"https:\/\/static.africa-press.net\/cote\/sites\/43\/2021\/06\/img-60d600fdb378a.jpg\",\"contentUrl\":\"https:\/\/static.africa-press.net\/cote\/sites\/43\/2021\/06\/img-60d600fdb378a.jpg\",\"width\":720,\"height\":480,\"caption\":\"100 milliards fcfa d\u00e9bloqu\u00e9s pour les collectivit\u00e9s territoriales en C\u00f4te d\u2019Ivoire, la DGI \u00e9tait le probl\u00e8me\"},{\"@type\":\"BreadcrumbList\",\"@id\":\"https:\/\/www.africa-press.net\/cotedivoire\/economie\/100-milliards-fcfa-debloques-pour-les-collectivites-territoriales-en-cote-divoire-la-dgi-etait-le-probleme#breadcrumb\",\"itemListElement\":[{\"@type\":\"ListItem\",\"position\":1,\"name\":\"Accueil\",\"item\":\"https:\/\/www.africa-press.net\/cotedivoire\/\"},{\"@type\":\"ListItem\",\"position\":2,\"name\":\"100 milliards fcfa d\u00e9bloqu\u00e9s pour les collectivit\u00e9s territoriales en C\u00f4te d\u2019Ivoire, la DGI \u00e9tait le probl\u00e8me\"}]},{\"@type\":\"WebSite\",\"@id\":\"https:\/\/www.africa-press.net\/cotedivoire\/#website\",\"url\":\"https:\/\/www.africa-press.net\/cotedivoire\/\",\"name\":\"C\u00f4te d&#039;Ivoire\",\"description\":\"Just another Africa News Agency Sites site\",\"potentialAction\":[{\"@type\":\"SearchAction\",\"target\":{\"@type\":\"EntryPoint\",\"urlTemplate\":\"https:\/\/www.africa-press.net\/cotedivoire\/?s={search_term_string}\"},\"query-input\":{\"@type\":\"PropertyValueSpecification\",\"valueRequired\":true,\"valueName\":\"search_term_string\"}}],\"inLanguage\":\"fr-FR\"},{\"@type\":\"Person\",\"@id\":\"https:\/\/www.africa-press.net\/cotedivoire\/#\/schema\/person\/2b1cf3cd81a31e3cd26889ca66d677f1\",\"name\":\"cfeditorfr\"}]}<\/script>\n<!-- \/ Yoast SEO Premium plugin. -->","yoast_head_json":{"title":"100 milliards fcfa d\u00e9bloqu\u00e9s pour les collectivit\u00e9s territoriales en C\u00f4te d\u2019Ivoire, la DGI \u00e9tait le probl\u00e8me - C\u00f4te d&#039;Ivoire","description":"Plus de 100 milliards Fcfa vont \u00eatre d\u00e9bloqu\u00e9s \u00e0 partir du lundi 28 juin 2021 par l\u2019\u00c9tat de C\u00f4te d\u2019Ivoire en faveur des ...","robots":{"index":"index","follow":"follow","max-snippet":"max-snippet:-1","max-image-preview":"max-image-preview:large","max-video-preview":"max-video-preview:-1"},"canonical":"https:\/\/www.africa-press.net\/cotedivoire\/economie\/100-milliards-fcfa-debloques-pour-les-collectivites-territoriales-en-cote-divoire-la-dgi-etait-le-probleme","og_locale":"fr_FR","og_type":"article","og_title":"100 milliards fcfa d\u00e9bloqu\u00e9s pour les collectivit\u00e9s territoriales en C\u00f4te d\u2019Ivoire, la DGI \u00e9tait le probl\u00e8me","og_description":"Plus de 100 milliards Fcfa vont \u00eatre d\u00e9bloqu\u00e9s \u00e0 partir du lundi 28 juin 2021 par l\u2019\u00c9tat de C\u00f4te d\u2019Ivoire en faveur des ...","og_url":"https:\/\/www.africa-press.net\/cotedivoire\/economie\/100-milliards-fcfa-debloques-pour-les-collectivites-territoriales-en-cote-divoire-la-dgi-etait-le-probleme","og_site_name":"C\u00f4te d&#039;Ivoire","article_published_time":"2021-06-25T16:58:10+00:00","og_image":[{"width":720,"height":480,"url":"https:\/\/static.africa-press.net\/cote\/sites\/43\/2021\/06\/img-60d600fdb378a.jpg","type":"image\/jpeg"}],"author":"cfeditorfr","twitter_card":"summary_large_image","twitter_misc":{"\u00c9crit par":"cfeditorfr","Dur\u00e9e de lecture estim\u00e9e":"2 minutes"},"schema":{"@context":"https:\/\/schema.org","@graph":[{"@type":"Article","@id":"https:\/\/www.africa-press.net\/cotedivoire\/economie\/100-milliards-fcfa-debloques-pour-les-collectivites-territoriales-en-cote-divoire-la-dgi-etait-le-probleme#article","isPartOf":{"@id":"https:\/\/www.africa-press.net\/cotedivoire\/economie\/100-milliards-fcfa-debloques-pour-les-collectivites-territoriales-en-cote-divoire-la-dgi-etait-le-probleme"},"author":{"name":"cfeditorfr","@id":"https:\/\/www.africa-press.net\/cotedivoire\/#\/schema\/person\/2b1cf3cd81a31e3cd26889ca66d677f1"},"headline":"100 milliards fcfa d\u00e9bloqu\u00e9s pour les collectivit\u00e9s territoriales en C\u00f4te d\u2019Ivoire, la DGI \u00e9tait le probl\u00e8me","datePublished":"2021-06-25T16:58:10+00:00","mainEntityOfPage":{"@id":"https:\/\/www.africa-press.net\/cotedivoire\/economie\/100-milliards-fcfa-debloques-pour-les-collectivites-territoriales-en-cote-divoire-la-dgi-etait-le-probleme"},"wordCount":467,"commentCount":0,"image":{"@id":"https:\/\/www.africa-press.net\/cotedivoire\/economie\/100-milliards-fcfa-debloques-pour-les-collectivites-territoriales-en-cote-divoire-la-dgi-etait-le-probleme#primaryimage"},"thumbnailUrl":"https:\/\/static.africa-press.net\/cote\/sites\/43\/2021\/06\/img-60d600fdb378a.jpg","keywords":["Africa Press","Africa Press-C\u00f4te d'Ivoire","C\u00d4TE D'IVOIRE"],"articleSection":["\u00c9conomie","homepage-french","Toutes les actualit\u00e9s"],"inLanguage":"fr-FR","potentialAction":[{"@type":"CommentAction","name":"Comment","target":["https:\/\/www.africa-press.net\/cotedivoire\/economie\/100-milliards-fcfa-debloques-pour-les-collectivites-territoriales-en-cote-divoire-la-dgi-etait-le-probleme#respond"]}]},{"@type":"WebPage","@id":"https:\/\/www.africa-press.net\/cotedivoire\/economie\/100-milliards-fcfa-debloques-pour-les-collectivites-territoriales-en-cote-divoire-la-dgi-etait-le-probleme","url":"https:\/\/www.africa-press.net\/cotedivoire\/economie\/100-milliards-fcfa-debloques-pour-les-collectivites-territoriales-en-cote-divoire-la-dgi-etait-le-probleme","name":"100 milliards fcfa d\u00e9bloqu\u00e9s pour les collectivit\u00e9s territoriales en C\u00f4te d\u2019Ivoire, la DGI \u00e9tait le probl\u00e8me - C\u00f4te d&#039;Ivoire","isPartOf":{"@id":"https:\/\/www.africa-press.net\/cotedivoire\/#website"},"primaryImageOfPage":{"@id":"https:\/\/www.africa-press.net\/cotedivoire\/economie\/100-milliards-fcfa-debloques-pour-les-collectivites-territoriales-en-cote-divoire-la-dgi-etait-le-probleme#primaryimage"},"image":{"@id":"https:\/\/www.africa-press.net\/cotedivoire\/economie\/100-milliards-fcfa-debloques-pour-les-collectivites-territoriales-en-cote-divoire-la-dgi-etait-le-probleme#primaryimage"},"thumbnailUrl":"https:\/\/static.africa-press.net\/cote\/sites\/43\/2021\/06\/img-60d600fdb378a.jpg","datePublished":"2021-06-25T16:58:10+00:00","author":{"@id":"https:\/\/www.africa-press.net\/cotedivoire\/#\/schema\/person\/2b1cf3cd81a31e3cd26889ca66d677f1"},"description":"Plus de 100 milliards Fcfa vont \u00eatre d\u00e9bloqu\u00e9s \u00e0 partir du lundi 28 juin 2021 par l\u2019\u00c9tat de C\u00f4te d\u2019Ivoire en faveur des ...","breadcrumb":{"@id":"https:\/\/www.africa-press.net\/cotedivoire\/economie\/100-milliards-fcfa-debloques-pour-les-collectivites-territoriales-en-cote-divoire-la-dgi-etait-le-probleme#breadcrumb"},"inLanguage":"fr-FR","potentialAction":[{"@type":"ReadAction","target":["https:\/\/www.africa-press.net\/cotedivoire\/economie\/100-milliards-fcfa-debloques-pour-les-collectivites-territoriales-en-cote-divoire-la-dgi-etait-le-probleme"]}]},{"@type":"ImageObject","inLanguage":"fr-FR","@id":"https:\/\/www.africa-press.net\/cotedivoire\/economie\/100-milliards-fcfa-debloques-pour-les-collectivites-territoriales-en-cote-divoire-la-dgi-etait-le-probleme#primaryimage","url":"https:\/\/static.africa-press.net\/cote\/sites\/43\/2021\/06\/img-60d600fdb378a.jpg","contentUrl":"https:\/\/static.africa-press.net\/cote\/sites\/43\/2021\/06\/img-60d600fdb378a.jpg","width":720,"height":480,"caption":"100 milliards fcfa d\u00e9bloqu\u00e9s pour les collectivit\u00e9s territoriales en C\u00f4te d\u2019Ivoire, la DGI \u00e9tait le probl\u00e8me"},{"@type":"BreadcrumbList","@id":"https:\/\/www.africa-press.net\/cotedivoire\/economie\/100-milliards-fcfa-debloques-pour-les-collectivites-territoriales-en-cote-divoire-la-dgi-etait-le-probleme#breadcrumb","itemListElement":[{"@type":"ListItem","position":1,"name":"Accueil","item":"https:\/\/www.africa-press.net\/cotedivoire\/"},{"@type":"ListItem","position":2,"name":"100 milliards fcfa d\u00e9bloqu\u00e9s pour les collectivit\u00e9s territoriales en C\u00f4te d\u2019Ivoire, la DGI \u00e9tait le probl\u00e8me"}]},{"@type":"WebSite","@id":"https:\/\/www.africa-press.net\/cotedivoire\/#website","url":"https:\/\/www.africa-press.net\/cotedivoire\/","name":"C\u00f4te d&#039;Ivoire","description":"Just another Africa News Agency Sites site","potentialAction":[{"@type":"SearchAction","target":{"@type":"EntryPoint","urlTemplate":"https:\/\/www.africa-press.net\/cotedivoire\/?s={search_term_string}"},"query-input":{"@type":"PropertyValueSpecification","valueRequired":true,"valueName":"search_term_string"}}],"inLanguage":"fr-FR"},{"@type":"Person","@id":"https:\/\/www.africa-press.net\/cotedivoire\/#\/schema\/person\/2b1cf3cd81a31e3cd26889ca66d677f1","name":"cfeditorfr"}]}},"_links":{"self":[{"href":"https:\/\/www.africa-press.net\/cotedivoire\/wp-json\/wp\/v2\/posts\/9447","targetHints":{"allow":["GET"]}}],"collection":[{"href":"https:\/\/www.africa-press.net\/cotedivoire\/wp-json\/wp\/v2\/posts"}],"about":[{"href":"https:\/\/www.africa-press.net\/cotedivoire\/wp-json\/wp\/v2\/types\/post"}],"author":[{"embeddable":true,"href":"https:\/\/www.africa-press.net\/cotedivoire\/wp-json\/wp\/v2\/users\/82"}],"replies":[{"embeddable":true,"href":"https:\/\/www.africa-press.net\/cotedivoire\/wp-json\/wp\/v2\/comments?post=9447"}],"version-history":[{"count":0,"href":"https:\/\/www.africa-press.net\/cotedivoire\/wp-json\/wp\/v2\/posts\/9447\/revisions"}],"wp:featuredmedia":[{"embeddable":true,"href":"https:\/\/www.africa-press.net\/cotedivoire\/wp-json\/wp\/v2\/media\/9446"}],"wp:attachment":[{"href":"https:\/\/www.africa-press.net\/cotedivoire\/wp-json\/wp\/v2\/media?parent=9447"}],"wp:term":[{"taxonomy":"category","embeddable":true,"href":"https:\/\/www.africa-press.net\/cotedivoire\/wp-json\/wp\/v2\/categories?post=9447"},{"taxonomy":"post_tag","embeddable":true,"href":"https:\/\/www.africa-press.net\/cotedivoire\/wp-json\/wp\/v2\/tags?post=9447"}],"curies":[{"name":"wp","href":"https:\/\/api.w.org\/{rel}","templated":true}]}}