{"id":9450,"date":"2021-06-25T17:10:07","date_gmt":"2021-06-25T17:10:07","guid":{"rendered":"https:\/\/www.africa-press.net\/cotedivoire\/?p=9450"},"modified":"2021-06-25T16:20:58","modified_gmt":"2021-06-25T16:20:58","slug":"le-fpi-le-programme-du-deplacement-de-de-gbagbo-a-gagnoa-centre-ouest-cote-divoire","status":"publish","type":"post","link":"https:\/\/www.africa-press.net\/cotedivoire\/politique\/le-fpi-le-programme-du-deplacement-de-de-gbagbo-a-gagnoa-centre-ouest-cote-divoire","title":{"rendered":"Le FPI le programme du d\u00e9placement de de Gbagbo \u00e0 Gagnoa centre ouest\/C\u00f4te d\u2019Ivoire"},"content":{"rendered":"<p><span style=\"color: #ff6600\"><strong><a href=\"https:\/\/www.africa-press.net\/\">Africa-Press<\/a> &#8211; <a href=\"https:\/\/www.africa-press.net\/cotedivoire\">C\u00f4te d&rsquo;Ivoire<\/a>. <\/strong><\/span>Comit\u00e9 op\u00e9rationnel pour l\u2019Accueil du Pr\u00e9sident Gbagbo<\/p>\n<p>Communiqu\u00e9 de presse relatif au d\u00e9placement de SEM le Pr\u00e9sident Laurent Gbagbo \u00e0 Gagnoa<\/p>\n<p>Le Comit\u00e9 op\u00e9rationnel pour l\u2019Accueil du Pr\u00e9sident Gbagbo informe les m\u00e9dias nationaux et internationaux que SEM le Pr\u00e9sident Laurent Gbagbo s\u00e9journera \u00e0 Mama, Sous-pr\u00e9fecture de Ouragahio, D\u00e9partement de Gagnoa, R\u00e9gion du G\u00f4h (270 km d\u2019Abidjan au Centre-ouest de la C\u00f4te d\u2019Ivoire), les dimanche 27 et lundi 28 juin 2021.<\/p>\n<p>Ce s\u00e9jour de SEM le Pr\u00e9sident Laurent Gbagbo dans son village natal se fera en deux \u00e9tapes :<\/p>\n<p>\u2022 Un arr\u00eat dans son village maternel (Blouzon) pour s\u2019incliner sur la tombe de sa d\u00e9funte m\u00e8re, feu la matriarche Gad\u00f4 Marguerite. Cette \u00e9tape qui s\u2019effectuera strictement dans l\u2019intimit\u00e9 familiale, est formellement interdite aux m\u00e9dias et \u00e0 toute couverture m\u00e9diatique<\/p>\n<p>\u2022 Des c\u00e9r\u00e9monies publiques \u00e0 Mama, le dimanche et le lundi. Cette seconde \u00e9tape, publique, est ouverte \u00e0 tous les m\u00e9dias qui d\u00e9sirent en assurer la couverture.<\/p>\n<p>En cons\u00e9quence de ce qui pr\u00e9c\u00e8de, les m\u00e9dias nationaux et internationaux qui souhaitent accompagner SEM le Pr\u00e9sident Laurent Gbagbo pour son retour \u00e0 Gagnoa, apr\u00e8s plus de dix ans d\u2019absence, sont pri\u00e9s de se rendre directement \u00e0 Mama, mais surtout dans le respect scrupuleux de la non-couverture de l\u2019\u00e9tape familiale de Blouzon.<\/p>\n<p>&nbsp;<\/p>\n","protected":false},"excerpt":{"rendered":"<p>Africa-Press &#8211; C\u00f4te d&rsquo;Ivoire. Comit\u00e9 op\u00e9rationnel pour l\u2019Accueil du Pr\u00e9sident Gbagbo Communiqu\u00e9 de presse relatif au d\u00e9placement de SEM le Pr\u00e9sident Laurent Gbagbo \u00e0 Gagnoa Le Comit\u00e9 op\u00e9rationnel pour l\u2019Accueil du Pr\u00e9sident Gbagbo informe les m\u00e9dias nationaux et internationaux que SEM le Pr\u00e9sident Laurent Gbagbo s\u00e9journera \u00e0 Mama, Sous-pr\u00e9fecture de Ouragahio, D\u00e9partement de Gagnoa, R\u00e9gion [&hellip;]<\/p>\n","protected":false},"author":82,"featured_media":9449,"comment_status":"open","ping_status":"closed","sticky":false,"template":"","format":"standard","meta":{"footnotes":""},"categories":[11,2,10],"tags":[56,63,29],"class_list":["post-9450","post","type-post","status-publish","format-standard","has-post-thumbnail","hentry","category-homepage-french","category-politique","category-toutes-les-actualites","tag-africa-press","tag-africa-press-cote-divoire","tag-cote-divoire"],"yoast_head":"<!-- This site is optimized with the Yoast SEO Premium plugin v26.1 (Yoast SEO v27.0) - https:\/\/yoast.com\/product\/yoast-seo-premium-wordpress\/ -->\n<title>Le FPI le programme du d\u00e9placement de de Gbagbo \u00e0 Gagnoa centre ouest\/C\u00f4te d\u2019Ivoire - C\u00f4te d&#039;Ivoire<\/title>\n<meta name=\"description\" content=\"Comit\u00e9 op\u00e9rationnel pour l\u2019Accueil du Pr\u00e9sident Gbagbo Communiqu\u00e9 de presse relatif au d\u00e9placement de SEM le Pr\u00e9sident ...\" \/>\n<meta name=\"robots\" content=\"index, follow, max-snippet:-1, max-image-preview:large, max-video-preview:-1\" \/>\n<link rel=\"canonical\" href=\"https:\/\/www.africa-press.net\/cotedivoire\/politique\/le-fpi-le-programme-du-deplacement-de-de-gbagbo-a-gagnoa-centre-ouest-cote-divoire\" \/>\n<meta property=\"og:locale\" content=\"fr_FR\" \/>\n<meta property=\"og:type\" content=\"article\" \/>\n<meta property=\"og:title\" content=\"Le FPI le programme du d\u00e9placement de de Gbagbo \u00e0 Gagnoa centre ouest\/C\u00f4te d\u2019Ivoire\" \/>\n<meta property=\"og:description\" content=\"Comit\u00e9 op\u00e9rationnel pour l\u2019Accueil du Pr\u00e9sident Gbagbo Communiqu\u00e9 de presse relatif au d\u00e9placement de SEM le Pr\u00e9sident ...\" \/>\n<meta property=\"og:url\" content=\"https:\/\/www.africa-press.net\/cotedivoire\/politique\/le-fpi-le-programme-du-deplacement-de-de-gbagbo-a-gagnoa-centre-ouest-cote-divoire\" \/>\n<meta property=\"og:site_name\" content=\"C\u00f4te d&#039;Ivoire\" \/>\n<meta property=\"article:published_time\" content=\"2021-06-25T17:10:07+00:00\" \/>\n<meta property=\"og:image\" content=\"https:\/\/static.africa-press.net\/cote\/sites\/43\/2021\/06\/img-60d6012fc7f1c.jpg\" \/>\n\t<meta property=\"og:image:width\" content=\"720\" \/>\n\t<meta property=\"og:image:height\" content=\"419\" \/>\n\t<meta property=\"og:image:type\" content=\"image\/jpeg\" \/>\n<meta name=\"author\" content=\"cfeditorfr\" \/>\n<meta name=\"twitter:card\" content=\"summary_large_image\" \/>\n<meta name=\"twitter:label1\" content=\"\u00c9crit par\" \/>\n\t<meta name=\"twitter:data1\" content=\"cfeditorfr\" \/>\n\t<meta name=\"twitter:label2\" content=\"Dur\u00e9e de lecture estim\u00e9e\" \/>\n\t<meta name=\"twitter:data2\" content=\"1 minute\" \/>\n<script type=\"application\/ld+json\" class=\"yoast-schema-graph\">{\"@context\":\"https:\/\/schema.org\",\"@graph\":[{\"@type\":\"Article\",\"@id\":\"https:\/\/www.africa-press.net\/cotedivoire\/politique\/le-fpi-le-programme-du-deplacement-de-de-gbagbo-a-gagnoa-centre-ouest-cote-divoire#article\",\"isPartOf\":{\"@id\":\"https:\/\/www.africa-press.net\/cotedivoire\/politique\/le-fpi-le-programme-du-deplacement-de-de-gbagbo-a-gagnoa-centre-ouest-cote-divoire\"},\"author\":{\"name\":\"cfeditorfr\",\"@id\":\"https:\/\/www.africa-press.net\/cotedivoire\/#\/schema\/person\/2b1cf3cd81a31e3cd26889ca66d677f1\"},\"headline\":\"Le FPI le programme du d\u00e9placement de de Gbagbo \u00e0 Gagnoa centre ouest\/C\u00f4te d\u2019Ivoire\",\"datePublished\":\"2021-06-25T17:10:07+00:00\",\"mainEntityOfPage\":{\"@id\":\"https:\/\/www.africa-press.net\/cotedivoire\/politique\/le-fpi-le-programme-du-deplacement-de-de-gbagbo-a-gagnoa-centre-ouest-cote-divoire\"},\"wordCount\":258,\"commentCount\":0,\"image\":{\"@id\":\"https:\/\/www.africa-press.net\/cotedivoire\/politique\/le-fpi-le-programme-du-deplacement-de-de-gbagbo-a-gagnoa-centre-ouest-cote-divoire#primaryimage\"},\"thumbnailUrl\":\"https:\/\/static.africa-press.net\/cote\/sites\/43\/2021\/06\/img-60d6012fc7f1c.jpg\",\"keywords\":[\"Africa Press\",\"Africa Press-C\u00f4te d'Ivoire\",\"C\u00d4TE D'IVOIRE\"],\"articleSection\":[\"homepage-french\",\"Politique\",\"Toutes les actualit\u00e9s\"],\"inLanguage\":\"fr-FR\",\"potentialAction\":[{\"@type\":\"CommentAction\",\"name\":\"Comment\",\"target\":[\"https:\/\/www.africa-press.net\/cotedivoire\/politique\/le-fpi-le-programme-du-deplacement-de-de-gbagbo-a-gagnoa-centre-ouest-cote-divoire#respond\"]}]},{\"@type\":\"WebPage\",\"@id\":\"https:\/\/www.africa-press.net\/cotedivoire\/politique\/le-fpi-le-programme-du-deplacement-de-de-gbagbo-a-gagnoa-centre-ouest-cote-divoire\",\"url\":\"https:\/\/www.africa-press.net\/cotedivoire\/politique\/le-fpi-le-programme-du-deplacement-de-de-gbagbo-a-gagnoa-centre-ouest-cote-divoire\",\"name\":\"Le FPI le programme du d\u00e9placement de de Gbagbo \u00e0 Gagnoa centre ouest\/C\u00f4te d\u2019Ivoire - C\u00f4te d&#039;Ivoire\",\"isPartOf\":{\"@id\":\"https:\/\/www.africa-press.net\/cotedivoire\/#website\"},\"primaryImageOfPage\":{\"@id\":\"https:\/\/www.africa-press.net\/cotedivoire\/politique\/le-fpi-le-programme-du-deplacement-de-de-gbagbo-a-gagnoa-centre-ouest-cote-divoire#primaryimage\"},\"image\":{\"@id\":\"https:\/\/www.africa-press.net\/cotedivoire\/politique\/le-fpi-le-programme-du-deplacement-de-de-gbagbo-a-gagnoa-centre-ouest-cote-divoire#primaryimage\"},\"thumbnailUrl\":\"https:\/\/static.africa-press.net\/cote\/sites\/43\/2021\/06\/img-60d6012fc7f1c.jpg\",\"datePublished\":\"2021-06-25T17:10:07+00:00\",\"author\":{\"@id\":\"https:\/\/www.africa-press.net\/cotedivoire\/#\/schema\/person\/2b1cf3cd81a31e3cd26889ca66d677f1\"},\"description\":\"Comit\u00e9 op\u00e9rationnel pour l\u2019Accueil du Pr\u00e9sident Gbagbo Communiqu\u00e9 de presse relatif au d\u00e9placement de SEM le Pr\u00e9sident ...\",\"breadcrumb\":{\"@id\":\"https:\/\/www.africa-press.net\/cotedivoire\/politique\/le-fpi-le-programme-du-deplacement-de-de-gbagbo-a-gagnoa-centre-ouest-cote-divoire#breadcrumb\"},\"inLanguage\":\"fr-FR\",\"potentialAction\":[{\"@type\":\"ReadAction\",\"target\":[\"https:\/\/www.africa-press.net\/cotedivoire\/politique\/le-fpi-le-programme-du-deplacement-de-de-gbagbo-a-gagnoa-centre-ouest-cote-divoire\"]}]},{\"@type\":\"ImageObject\",\"inLanguage\":\"fr-FR\",\"@id\":\"https:\/\/www.africa-press.net\/cotedivoire\/politique\/le-fpi-le-programme-du-deplacement-de-de-gbagbo-a-gagnoa-centre-ouest-cote-divoire#primaryimage\",\"url\":\"https:\/\/static.africa-press.net\/cote\/sites\/43\/2021\/06\/img-60d6012fc7f1c.jpg\",\"contentUrl\":\"https:\/\/static.africa-press.net\/cote\/sites\/43\/2021\/06\/img-60d6012fc7f1c.jpg\",\"width\":720,\"height\":419,\"caption\":\"Le FPI le programme du d\u00e9placement de de Gbagbo \u00e0 Gagnoa centre ouest\/C\u00f4te d\u2019Ivoire\"},{\"@type\":\"BreadcrumbList\",\"@id\":\"https:\/\/www.africa-press.net\/cotedivoire\/politique\/le-fpi-le-programme-du-deplacement-de-de-gbagbo-a-gagnoa-centre-ouest-cote-divoire#breadcrumb\",\"itemListElement\":[{\"@type\":\"ListItem\",\"position\":1,\"name\":\"Accueil\",\"item\":\"https:\/\/www.africa-press.net\/cotedivoire\/\"},{\"@type\":\"ListItem\",\"position\":2,\"name\":\"Le FPI le programme du d\u00e9placement de de Gbagbo \u00e0 Gagnoa centre ouest\/C\u00f4te d\u2019Ivoire\"}]},{\"@type\":\"WebSite\",\"@id\":\"https:\/\/www.africa-press.net\/cotedivoire\/#website\",\"url\":\"https:\/\/www.africa-press.net\/cotedivoire\/\",\"name\":\"C\u00f4te d&#039;Ivoire\",\"description\":\"Just another Africa News Agency Sites site\",\"potentialAction\":[{\"@type\":\"SearchAction\",\"target\":{\"@type\":\"EntryPoint\",\"urlTemplate\":\"https:\/\/www.africa-press.net\/cotedivoire\/?s={search_term_string}\"},\"query-input\":{\"@type\":\"PropertyValueSpecification\",\"valueRequired\":true,\"valueName\":\"search_term_string\"}}],\"inLanguage\":\"fr-FR\"},{\"@type\":\"Person\",\"@id\":\"https:\/\/www.africa-press.net\/cotedivoire\/#\/schema\/person\/2b1cf3cd81a31e3cd26889ca66d677f1\",\"name\":\"cfeditorfr\"}]}<\/script>\n<!-- \/ Yoast SEO Premium plugin. -->","yoast_head_json":{"title":"Le FPI le programme du d\u00e9placement de de Gbagbo \u00e0 Gagnoa centre ouest\/C\u00f4te d\u2019Ivoire - C\u00f4te d&#039;Ivoire","description":"Comit\u00e9 op\u00e9rationnel pour l\u2019Accueil du Pr\u00e9sident Gbagbo Communiqu\u00e9 de presse relatif au d\u00e9placement de SEM le Pr\u00e9sident ...","robots":{"index":"index","follow":"follow","max-snippet":"max-snippet:-1","max-image-preview":"max-image-preview:large","max-video-preview":"max-video-preview:-1"},"canonical":"https:\/\/www.africa-press.net\/cotedivoire\/politique\/le-fpi-le-programme-du-deplacement-de-de-gbagbo-a-gagnoa-centre-ouest-cote-divoire","og_locale":"fr_FR","og_type":"article","og_title":"Le FPI le programme du d\u00e9placement de de Gbagbo \u00e0 Gagnoa centre ouest\/C\u00f4te d\u2019Ivoire","og_description":"Comit\u00e9 op\u00e9rationnel pour l\u2019Accueil du Pr\u00e9sident Gbagbo Communiqu\u00e9 de presse relatif au d\u00e9placement de SEM le Pr\u00e9sident ...","og_url":"https:\/\/www.africa-press.net\/cotedivoire\/politique\/le-fpi-le-programme-du-deplacement-de-de-gbagbo-a-gagnoa-centre-ouest-cote-divoire","og_site_name":"C\u00f4te d&#039;Ivoire","article_published_time":"2021-06-25T17:10:07+00:00","og_image":[{"width":720,"height":419,"url":"https:\/\/static.africa-press.net\/cote\/sites\/43\/2021\/06\/img-60d6012fc7f1c.jpg","type":"image\/jpeg"}],"author":"cfeditorfr","twitter_card":"summary_large_image","twitter_misc":{"\u00c9crit par":"cfeditorfr","Dur\u00e9e de lecture estim\u00e9e":"1 minute"},"schema":{"@context":"https:\/\/schema.org","@graph":[{"@type":"Article","@id":"https:\/\/www.africa-press.net\/cotedivoire\/politique\/le-fpi-le-programme-du-deplacement-de-de-gbagbo-a-gagnoa-centre-ouest-cote-divoire#article","isPartOf":{"@id":"https:\/\/www.africa-press.net\/cotedivoire\/politique\/le-fpi-le-programme-du-deplacement-de-de-gbagbo-a-gagnoa-centre-ouest-cote-divoire"},"author":{"name":"cfeditorfr","@id":"https:\/\/www.africa-press.net\/cotedivoire\/#\/schema\/person\/2b1cf3cd81a31e3cd26889ca66d677f1"},"headline":"Le FPI le programme du d\u00e9placement de de Gbagbo \u00e0 Gagnoa centre ouest\/C\u00f4te d\u2019Ivoire","datePublished":"2021-06-25T17:10:07+00:00","mainEntityOfPage":{"@id":"https:\/\/www.africa-press.net\/cotedivoire\/politique\/le-fpi-le-programme-du-deplacement-de-de-gbagbo-a-gagnoa-centre-ouest-cote-divoire"},"wordCount":258,"commentCount":0,"image":{"@id":"https:\/\/www.africa-press.net\/cotedivoire\/politique\/le-fpi-le-programme-du-deplacement-de-de-gbagbo-a-gagnoa-centre-ouest-cote-divoire#primaryimage"},"thumbnailUrl":"https:\/\/static.africa-press.net\/cote\/sites\/43\/2021\/06\/img-60d6012fc7f1c.jpg","keywords":["Africa Press","Africa Press-C\u00f4te d'Ivoire","C\u00d4TE D'IVOIRE"],"articleSection":["homepage-french","Politique","Toutes les actualit\u00e9s"],"inLanguage":"fr-FR","potentialAction":[{"@type":"CommentAction","name":"Comment","target":["https:\/\/www.africa-press.net\/cotedivoire\/politique\/le-fpi-le-programme-du-deplacement-de-de-gbagbo-a-gagnoa-centre-ouest-cote-divoire#respond"]}]},{"@type":"WebPage","@id":"https:\/\/www.africa-press.net\/cotedivoire\/politique\/le-fpi-le-programme-du-deplacement-de-de-gbagbo-a-gagnoa-centre-ouest-cote-divoire","url":"https:\/\/www.africa-press.net\/cotedivoire\/politique\/le-fpi-le-programme-du-deplacement-de-de-gbagbo-a-gagnoa-centre-ouest-cote-divoire","name":"Le FPI le programme du d\u00e9placement de de Gbagbo \u00e0 Gagnoa centre ouest\/C\u00f4te d\u2019Ivoire - C\u00f4te d&#039;Ivoire","isPartOf":{"@id":"https:\/\/www.africa-press.net\/cotedivoire\/#website"},"primaryImageOfPage":{"@id":"https:\/\/www.africa-press.net\/cotedivoire\/politique\/le-fpi-le-programme-du-deplacement-de-de-gbagbo-a-gagnoa-centre-ouest-cote-divoire#primaryimage"},"image":{"@id":"https:\/\/www.africa-press.net\/cotedivoire\/politique\/le-fpi-le-programme-du-deplacement-de-de-gbagbo-a-gagnoa-centre-ouest-cote-divoire#primaryimage"},"thumbnailUrl":"https:\/\/static.africa-press.net\/cote\/sites\/43\/2021\/06\/img-60d6012fc7f1c.jpg","datePublished":"2021-06-25T17:10:07+00:00","author":{"@id":"https:\/\/www.africa-press.net\/cotedivoire\/#\/schema\/person\/2b1cf3cd81a31e3cd26889ca66d677f1"},"description":"Comit\u00e9 op\u00e9rationnel pour l\u2019Accueil du Pr\u00e9sident Gbagbo Communiqu\u00e9 de presse relatif au d\u00e9placement de SEM le Pr\u00e9sident ...","breadcrumb":{"@id":"https:\/\/www.africa-press.net\/cotedivoire\/politique\/le-fpi-le-programme-du-deplacement-de-de-gbagbo-a-gagnoa-centre-ouest-cote-divoire#breadcrumb"},"inLanguage":"fr-FR","potentialAction":[{"@type":"ReadAction","target":["https:\/\/www.africa-press.net\/cotedivoire\/politique\/le-fpi-le-programme-du-deplacement-de-de-gbagbo-a-gagnoa-centre-ouest-cote-divoire"]}]},{"@type":"ImageObject","inLanguage":"fr-FR","@id":"https:\/\/www.africa-press.net\/cotedivoire\/politique\/le-fpi-le-programme-du-deplacement-de-de-gbagbo-a-gagnoa-centre-ouest-cote-divoire#primaryimage","url":"https:\/\/static.africa-press.net\/cote\/sites\/43\/2021\/06\/img-60d6012fc7f1c.jpg","contentUrl":"https:\/\/static.africa-press.net\/cote\/sites\/43\/2021\/06\/img-60d6012fc7f1c.jpg","width":720,"height":419,"caption":"Le FPI le programme du d\u00e9placement de de Gbagbo \u00e0 Gagnoa centre ouest\/C\u00f4te d\u2019Ivoire"},{"@type":"BreadcrumbList","@id":"https:\/\/www.africa-press.net\/cotedivoire\/politique\/le-fpi-le-programme-du-deplacement-de-de-gbagbo-a-gagnoa-centre-ouest-cote-divoire#breadcrumb","itemListElement":[{"@type":"ListItem","position":1,"name":"Accueil","item":"https:\/\/www.africa-press.net\/cotedivoire\/"},{"@type":"ListItem","position":2,"name":"Le FPI le programme du d\u00e9placement de de Gbagbo \u00e0 Gagnoa centre ouest\/C\u00f4te d\u2019Ivoire"}]},{"@type":"WebSite","@id":"https:\/\/www.africa-press.net\/cotedivoire\/#website","url":"https:\/\/www.africa-press.net\/cotedivoire\/","name":"C\u00f4te d&#039;Ivoire","description":"Just another Africa News Agency Sites site","potentialAction":[{"@type":"SearchAction","target":{"@type":"EntryPoint","urlTemplate":"https:\/\/www.africa-press.net\/cotedivoire\/?s={search_term_string}"},"query-input":{"@type":"PropertyValueSpecification","valueRequired":true,"valueName":"search_term_string"}}],"inLanguage":"fr-FR"},{"@type":"Person","@id":"https:\/\/www.africa-press.net\/cotedivoire\/#\/schema\/person\/2b1cf3cd81a31e3cd26889ca66d677f1","name":"cfeditorfr"}]}},"_links":{"self":[{"href":"https:\/\/www.africa-press.net\/cotedivoire\/wp-json\/wp\/v2\/posts\/9450","targetHints":{"allow":["GET"]}}],"collection":[{"href":"https:\/\/www.africa-press.net\/cotedivoire\/wp-json\/wp\/v2\/posts"}],"about":[{"href":"https:\/\/www.africa-press.net\/cotedivoire\/wp-json\/wp\/v2\/types\/post"}],"author":[{"embeddable":true,"href":"https:\/\/www.africa-press.net\/cotedivoire\/wp-json\/wp\/v2\/users\/82"}],"replies":[{"embeddable":true,"href":"https:\/\/www.africa-press.net\/cotedivoire\/wp-json\/wp\/v2\/comments?post=9450"}],"version-history":[{"count":0,"href":"https:\/\/www.africa-press.net\/cotedivoire\/wp-json\/wp\/v2\/posts\/9450\/revisions"}],"wp:featuredmedia":[{"embeddable":true,"href":"https:\/\/www.africa-press.net\/cotedivoire\/wp-json\/wp\/v2\/media\/9449"}],"wp:attachment":[{"href":"https:\/\/www.africa-press.net\/cotedivoire\/wp-json\/wp\/v2\/media?parent=9450"}],"wp:term":[{"taxonomy":"category","embeddable":true,"href":"https:\/\/www.africa-press.net\/cotedivoire\/wp-json\/wp\/v2\/categories?post=9450"},{"taxonomy":"post_tag","embeddable":true,"href":"https:\/\/www.africa-press.net\/cotedivoire\/wp-json\/wp\/v2\/tags?post=9450"}],"curies":[{"name":"wp","href":"https:\/\/api.w.org\/{rel}","templated":true}]}}