{"id":94508,"date":"2025-01-31T10:51:43","date_gmt":"2025-01-31T10:51:43","guid":{"rendered":"https:\/\/www.africa-press.net\/cotedivoire\/politique\/pourquoi-les-pays-africains-doivent-sunir-dans-la-course-a-lelectricite"},"modified":"2025-01-31T10:51:43","modified_gmt":"2025-01-31T10:51:43","slug":"pourquoi-les-pays-africains-doivent-sunir-dans-la-course-a-lelectricite","status":"publish","type":"post","link":"https:\/\/www.africa-press.net\/cotedivoire\/economie\/pourquoi-les-pays-africains-doivent-sunir-dans-la-course-a-lelectricite","title":{"rendered":"Pourquoi les pays africains doivent s\u2019unir dans la course \u00e0 l\u2019\u00e9lectricit\u00e9"},"content":{"rendered":"<p><b>Nicholas Norbrook<\/b><\/p>\n<p><span style=\"color: #ff6600\"><strong>Africa-Press &#8211; C\u00f4te d&rsquo;Ivoire. <\/strong><\/span>Dans le cadre de l\u2019initiative \u00ab Mission 300 \u00bb, le sommet sur l\u2019e\u0301nergie doit se tenir les 27 et 28 janvier en Tanzanie a pour objectif de connecter 300 millions de personnes a\u0300 l\u2019e\u0301lectricite\u0301 d\u2019ici a\u0300 2030. Pour atteindre cet objectif, un nouveau mode\u0300le de \u00ab pactes \u00bb avec les pays africains est essentiel, dans lequel les gouvernements restent aux commandes tandis que les partenaires internationaux fournissent une assistance technique et mobilisent de nouveaux financements.<\/p>\n<p>Franz Drees-Gross, directeur re\u0301gional des infrastructures en Afrique de l\u2019Ouest et en Afrique centrale a\u0300 la Banque mondiale, explique pourquoi l\u2019accent est mis sur l\u2019Afrique subsaharienne. \u00ab Si nous en avions parle\u0301 il y a vingt-cinq ans, il s\u2019agirait d\u2019un proble\u0300me mondial \u00bb, affirme-t-il. \u00ab En 2025, la situation a change\u0301. Les personnes qui n\u2019ont pas acce\u0300s a\u0300 l\u2019e\u0301lectricite\u0301 vivent principalement en Afrique subsaharienne. Sur les 680 millions de personnes qui n\u2019ont pas acce\u0300s a\u0300 l\u2019e\u0301lectricite\u0301 dans le monde, 570 millions vivent en Afrique subsaharienne. \u00bb<\/p>\n<p>Le fosse\u0301 e\u0301nerge\u0301tique se traduit par des contrastes spectaculaires en matie\u0300re de consommation. \u00ab Le Bre\u0301sil et le Nigeria ont la me\u0302me population \u2013 environ 220 millions d\u2019habitants chacun. Pourtant, le Bre\u0301sil consomme 20 fois plus d\u2019e\u0301lectricite\u0301 que le Nigeria \u00bb, ajoute-t-il, soulignant la ne\u0301cessite\u0301 d\u2019une forte augmentation de l\u2019infrastructure d\u2019approvisionnement.<\/p>\n<p><b>Les avantages de la collaboration transfrontalie\u0300re<\/b><\/p>\n<p>Pour combler cette lacune, il ne suffit pas de poser des ca\u0302bles et d\u2019installer des compteurs: la capacite\u0301 de production, de transport et de distribution de la re\u0301gion doit e\u0301galement augmenter. C\u2019est ici que la notion de \u00ab pactes \u00bb devient cruciale.<\/p>\n<p>Daniel Schroth, directeur des e\u0301nergies renouvelables et de l\u2019efficacite\u0301 e\u0301nerge\u0301tique a\u0300 la Banque africaine de de\u0301veloppement (BAD), explique que ces accords sont des \u00ab plans holistiques nationaux [&#8230;] portant sur la production d\u2019e\u0301lectricite\u0301, la production d\u2019e\u0301lectricite\u0301 a\u0300 moindre cou\u0302t, l\u2019importance de l\u2019inte\u0301gration re\u0301gionale du secteur de l\u2019e\u0301lectricite\u0301 et l\u2019importance cruciale de l\u2019acce\u0300s a\u0300 l\u2019e\u0301nergie sur le dernier kilome\u0300tre \u00bb.<\/p>\n<p>Il illustre les avantages de la collaboration transfrontalie\u0300re: \u00ab un bon exemple est l\u2019interconnexion entre l\u2019E\u0301thiopie et Djibouti, qui de\u0301pendait exclusivement d\u2019un diesel tre\u0300s cou\u0302teux pour la production d\u2019e\u0301lectricite\u0301. Mais avec l\u2019interconnexion, il est maintenant possible d\u2019importer de l\u2019e\u0301nergie hydroe\u0301lectrique a\u0300 faible cou\u0302t depuis l\u2019E\u0301thiopie. \u00bb Daniel Schroth ajoute que d\u2019autres interconnexions, telles que la liaison entre l\u2019E\u0301thiopie et le Kenya, \u00ab se poursuivent jusqu\u2019en Tanzanie \u00bb afin de soutenir le commerce re\u0301gional de l\u2019e\u0301nergie.<\/p>\n<p><b>La question du financement<\/b><\/p>\n<p>Cependant, des ambitions de cette envergure de\u0301pendent ine\u0301vitablement d\u2019un financement solide. \u00ab Nous estimons qu\u2019environ 40 milliards de dollars d\u2019investissements sont ne\u0301cessaires pour les programmes mene\u0301s par la Banque mondiale afin d\u2019atteindre les objectifs de la Mission 300 d\u2019ici a\u0300 2030, dont la contribution du secteur prive\u0301 devrait e\u0302tre d\u2019au moins 10 milliards de dollars \u00bb, de\u0301clare Sarvesh Suri, directeur des infrastructures en Afrique a\u0300 la Socie\u0301te\u0301 financie\u0300re internationale (SFI).<\/p>\n<p>Il ajoute que ce chiffre ne couvre que les programmes d\u2019acce\u0300s direct, une somme supple\u0301mentaire d\u2019un montant similaire e\u0301tant ne\u0301cessaire pour l\u2019expansion de la production et de la transmission. \u00ab La re\u0301alisation de la Mission 300 ne\u0301cessitera l\u2019intervention de toutes les mains: les gouvernements pour re\u0301former et les acteurs du secteur prive\u0301 pour re\u0301aliser des investissements, ainsi que les institutions [et] les partenaires de de\u0301veloppement. \u00bb<\/p>\n<p>Cre\u0301er des conditions qui attirent des sommes aussi importantes n\u2019est pas une mince affaire. \u00ab Le Groupe de la Banque mondiale a e\u0301galement regroupe\u0301 toutes ses garanties au sein d\u2019une plateforme de garantie unique et unifie\u0301e, et nous sommes de\u0301sormais pre\u0302ts a\u0300 fournir des garanties accrues afin d\u2019atte\u0301nuer les risques pour les investisseurs du secteur prive\u0301 \u00bb, explique Sarvesh Suri, en soulignant l\u2019une des mesures pratiques pre\u0301vues pour le sommet de Dar es-Salaam.<\/p>\n<p>L\u2019objectif est de rassurer les investisseurs en leur montrant que leur capital a\u0300 long terme sera prote\u0301ge\u0301 des risques politiques, re\u0301glementaires et commerciaux.<\/p>\n<p><b>Inade\u0301quation des devises<\/b><\/p>\n<p>Un autre facteur complique le financement de l\u2019e\u0301lectricite\u0301 en Afrique: le de\u0301calage entre les financements en devises fortes et les recettes en monnaie locale. Comme l\u2019explique Wale Shonibare, directeur des solutions financie\u0300res, des politiques et des re\u0301glementations en matie\u0300re d\u2019e\u0301nergie a\u0300 la BAD, \u00ab l\u2019un des domaines critiques que nous abordons est la question de l\u2019inade\u0301quation des devises dans le financement de l\u2019e\u0301nergie. La majeure partie du financement de l\u2019e\u0301nergie en Afrique se fait en devises fortes, alors que les services e\u0301nerge\u0301tiques sont paye\u0301s en monnaie locale, ce qui cre\u0301e des pressions financie\u0300res insoutenables \u00bb.<\/p>\n<p>Il explique comment cette charge finit par retomber sur les gouvernements ou les consommateurs: \u00ab Chaque fois que vous empruntez dans une monnaie forte, cela signifie qu\u2019en cas de de\u0301valuation, soit le gouvernement doit l\u2019absorber, soit ce cou\u0302t est transfe\u0301re\u0301 au consommateur, et nous avons malheureusement assiste\u0301 a\u0300 des de\u0301valuations significatives par rapport aux monnaies fortes. \u00bb<\/p>\n<p>De telles contraintes peuvent entraver la capacite\u0301 d\u2019un pays a\u0300 emprunter, d\u2019autant plus que \u00ab de nombreux pays africains atteignent les limites de viabilite\u0301 de leur dette \u00bb, pre\u0301vient Wale Shonibare. \u00ab Ces garanties constituent un passif e\u0301ventuel dans les bilans nationaux et affectent leur capacite\u0301 d\u2019emprunt. Il est donc tre\u0300s important de ne pas partir du principe que les devises fortes sont la seule option possible. \u00bb<\/p>\n<p>La recherche de solutions permettant de re\u0301duire le risque de change, e\u0301ventuellement par le biais de financements en monnaie locale ou d\u2019autres instruments innovants, figurera en bonne place a\u0300 l\u2019ordre du jour du sommet.<\/p>\n<p><b>Fonds institutionnels et fonds de pension<\/b><\/p>\n<p>Les fonds institutionnels et les fonds de pension africains constituent une source prometteuse de financement en monnaie locale. \u00ab Il existe de telles institutions, et certaines d\u2019entre elles participeront au sommet. Nous continuons a\u0300 les contacter et d\u2019autres institutions, comme les fonds souverains et les fonds de pension, s\u2019impliquent e\u0301galement. Mais nous devons innover et cre\u0301er les instruments qui permettront a\u0300 ces institutions d\u2019entrer en jeu \u00bb, de\u0301clare Wale Shonibare.<\/p>\n<p>Il note que les fonds de pension sont parfaitement adapte\u0301s aux projets d\u2019infrastructure, qui offrent des rendements stables et a\u0300 long terme. \u00ab Nous avons eu des exemples d\u2019entreprises e\u0301nerge\u0301tiques qui ont e\u0301mis des obligations vertes sur les marche\u0301s locaux. C\u2019est une fac\u0327on de canaliser l\u2019argent des fonds de pension vers le de\u0301veloppement des infrastructures. Et nous avons besoin de plus d\u2019exemples de ce type. Les fonds de pension sont ide\u0301aux pour financer des infrastructures a\u0300 long terme, car ils ont le me\u0302me horizon d\u2019investissement. \u00bb<\/p>\n<p>Dans le cadre de ces efforts, les accords sont conc\u0327us pour permettre aux gouvernements africains de fac\u0327onner leur avenir e\u0301nerge\u0301tique, en de\u0301finissant des projets cle\u0301s, des re\u0301formes re\u0301glementaires et des ame\u0301liorations des services publics. Des agences internationales telles que la Banque mondiale et la BAD, ainsi que des investisseurs prive\u0301s, aideront a\u0300 mobiliser des capitaux dans des cadres plus fiables.<\/p>\n<p><b>Source: JeuneAfrique<\/b><\/p>\n<p><strong>Pour plus d&rsquo;informations et d&rsquo;analyses sur la <span style=\"color: #ff6600\">C\u00f4te d&rsquo;Ivoire<\/span>, suivez <span style=\"color: #ff6600\">Africa-Press<span style=\"color: #ff6600\"><\/span><\/strong><\/p>\n","protected":false},"excerpt":{"rendered":"<p>Nicholas Norbrook Africa-Press &#8211; C\u00f4te d&rsquo;Ivoire. Dans le cadre de l\u2019initiative \u00ab Mission 300 \u00bb, le sommet sur l\u2019e\u0301nergie doit se tenir les 27 et 28 janvier en Tanzanie a pour objectif de connecter 300 millions de personnes a\u0300 l\u2019e\u0301lectricite\u0301 d\u2019ici a\u0300 2030. Pour atteindre cet objectif, un nouveau mode\u0300le de \u00ab pactes \u00bb avec [&hellip;]<\/p>\n","protected":false},"author":82,"featured_media":94507,"comment_status":"open","ping_status":"closed","sticky":false,"template":"","format":"standard","meta":{"footnotes":""},"categories":[3,10],"tags":[37],"class_list":["post-94508","post","type-post","status-publish","format-standard","has-post-thumbnail","hentry","category-economie","category-toutes-les-actualites","tag-cote-divoire-2"],"yoast_head":"<!-- This site is optimized with the Yoast SEO Premium plugin v26.1 (Yoast SEO v27.0) - https:\/\/yoast.com\/product\/yoast-seo-premium-wordpress\/ -->\n<title>Pourquoi les pays africains doivent s\u2019unir dans la course \u00e0 l\u2019\u00e9lectricit\u00e9 - C\u00f4te d&#039;Ivoire<\/title>\n<meta name=\"robots\" content=\"index, follow, max-snippet:-1, max-image-preview:large, max-video-preview:-1\" \/>\n<link rel=\"canonical\" href=\"https:\/\/www.africa-press.net\/cotedivoire\/politique\/pourquoi-les-pays-africains-doivent-sunir-dans-la-course-a-lelectricite\" \/>\n<meta property=\"og:locale\" content=\"fr_FR\" \/>\n<meta property=\"og:type\" content=\"article\" \/>\n<meta property=\"og:title\" content=\"Pourquoi les pays africains doivent s\u2019unir dans la course \u00e0 l\u2019\u00e9lectricit\u00e9\" \/>\n<meta property=\"og:description\" content=\"Nicholas Norbrook Africa-Press &#8211; C\u00f4te d&rsquo;Ivoire. Dans le cadre de l\u2019initiative \u00ab Mission 300 \u00bb, le sommet sur l\u2019e\u0301nergie doit se tenir les 27 et 28 janvier en Tanzanie a pour objectif de connecter 300 millions de personnes a\u0300 l\u2019e\u0301lectricite\u0301 d\u2019ici a\u0300 2030. Pour atteindre cet objectif, un nouveau mode\u0300le de \u00ab pactes \u00bb avec [&hellip;]\" \/>\n<meta property=\"og:url\" content=\"https:\/\/www.africa-press.net\/cotedivoire\/politique\/pourquoi-les-pays-africains-doivent-sunir-dans-la-course-a-lelectricite\" \/>\n<meta property=\"og:site_name\" content=\"C\u00f4te d&#039;Ivoire\" \/>\n<meta property=\"article:published_time\" content=\"2025-01-31T10:51:43+00:00\" \/>\n<meta name=\"author\" content=\"cfeditorfr\" \/>\n<meta name=\"twitter:card\" content=\"summary_large_image\" \/>\n<meta name=\"twitter:label1\" content=\"\u00c9crit par\" \/>\n\t<meta name=\"twitter:data1\" content=\"cfeditorfr\" \/>\n\t<meta name=\"twitter:label2\" content=\"Dur\u00e9e de lecture estim\u00e9e\" \/>\n\t<meta name=\"twitter:data2\" content=\"6 minutes\" \/>\n<script type=\"application\/ld+json\" class=\"yoast-schema-graph\">{\"@context\":\"https:\/\/schema.org\",\"@graph\":[{\"@type\":\"Article\",\"@id\":\"https:\/\/www.africa-press.net\/cotedivoire\/politique\/pourquoi-les-pays-africains-doivent-sunir-dans-la-course-a-lelectricite#article\",\"isPartOf\":{\"@id\":\"https:\/\/www.africa-press.net\/cotedivoire\/politique\/pourquoi-les-pays-africains-doivent-sunir-dans-la-course-a-lelectricite\"},\"author\":{\"name\":\"cfeditorfr\",\"@id\":\"https:\/\/www.africa-press.net\/cotedivoire\/#\/schema\/person\/2b1cf3cd81a31e3cd26889ca66d677f1\"},\"headline\":\"Pourquoi les pays africains doivent s\u2019unir dans la course \u00e0 l\u2019\u00e9lectricit\u00e9\",\"datePublished\":\"2025-01-31T10:51:43+00:00\",\"mainEntityOfPage\":{\"@id\":\"https:\/\/www.africa-press.net\/cotedivoire\/politique\/pourquoi-les-pays-africains-doivent-sunir-dans-la-course-a-lelectricite\"},\"wordCount\":1292,\"commentCount\":0,\"image\":{\"@id\":\"https:\/\/www.africa-press.net\/cotedivoire\/politique\/pourquoi-les-pays-africains-doivent-sunir-dans-la-course-a-lelectricite#primaryimage\"},\"thumbnailUrl\":\"https:\/\/static.africa-press.net\/cote\/sites\/43\/2025\/01\/sm_1738312355.662531.jpg\",\"keywords\":[\"C\u00f4te d'Ivoire\"],\"articleSection\":[\"\u00c9conomie\",\"Toutes les actualit\u00e9s\"],\"inLanguage\":\"fr-FR\",\"potentialAction\":[{\"@type\":\"CommentAction\",\"name\":\"Comment\",\"target\":[\"https:\/\/www.africa-press.net\/cotedivoire\/politique\/pourquoi-les-pays-africains-doivent-sunir-dans-la-course-a-lelectricite#respond\"]}]},{\"@type\":\"WebPage\",\"@id\":\"https:\/\/www.africa-press.net\/cotedivoire\/politique\/pourquoi-les-pays-africains-doivent-sunir-dans-la-course-a-lelectricite\",\"url\":\"https:\/\/www.africa-press.net\/cotedivoire\/politique\/pourquoi-les-pays-africains-doivent-sunir-dans-la-course-a-lelectricite\",\"name\":\"Pourquoi les pays africains doivent s\u2019unir dans la course \u00e0 l\u2019\u00e9lectricit\u00e9 - C\u00f4te d&#039;Ivoire\",\"isPartOf\":{\"@id\":\"https:\/\/www.africa-press.net\/cotedivoire\/#website\"},\"primaryImageOfPage\":{\"@id\":\"https:\/\/www.africa-press.net\/cotedivoire\/politique\/pourquoi-les-pays-africains-doivent-sunir-dans-la-course-a-lelectricite#primaryimage\"},\"image\":{\"@id\":\"https:\/\/www.africa-press.net\/cotedivoire\/politique\/pourquoi-les-pays-africains-doivent-sunir-dans-la-course-a-lelectricite#primaryimage\"},\"thumbnailUrl\":\"https:\/\/static.africa-press.net\/cote\/sites\/43\/2025\/01\/sm_1738312355.662531.jpg\",\"datePublished\":\"2025-01-31T10:51:43+00:00\",\"author\":{\"@id\":\"https:\/\/www.africa-press.net\/cotedivoire\/#\/schema\/person\/2b1cf3cd81a31e3cd26889ca66d677f1\"},\"breadcrumb\":{\"@id\":\"https:\/\/www.africa-press.net\/cotedivoire\/politique\/pourquoi-les-pays-africains-doivent-sunir-dans-la-course-a-lelectricite#breadcrumb\"},\"inLanguage\":\"fr-FR\",\"potentialAction\":[{\"@type\":\"ReadAction\",\"target\":[\"https:\/\/www.africa-press.net\/cotedivoire\/politique\/pourquoi-les-pays-africains-doivent-sunir-dans-la-course-a-lelectricite\"]}]},{\"@type\":\"ImageObject\",\"inLanguage\":\"fr-FR\",\"@id\":\"https:\/\/www.africa-press.net\/cotedivoire\/politique\/pourquoi-les-pays-africains-doivent-sunir-dans-la-course-a-lelectricite#primaryimage\",\"url\":\"https:\/\/static.africa-press.net\/cote\/sites\/43\/2025\/01\/sm_1738312355.662531.jpg\",\"contentUrl\":\"https:\/\/static.africa-press.net\/cote\/sites\/43\/2025\/01\/sm_1738312355.662531.jpg\",\"width\":1280,\"height\":720,\"caption\":\"Pourquoi les pays africains doivent s\u2019unir dans la course \u00e0 l\u2019\u00e9lectricit\u00e9\"},{\"@type\":\"BreadcrumbList\",\"@id\":\"https:\/\/www.africa-press.net\/cotedivoire\/politique\/pourquoi-les-pays-africains-doivent-sunir-dans-la-course-a-lelectricite#breadcrumb\",\"itemListElement\":[{\"@type\":\"ListItem\",\"position\":1,\"name\":\"Accueil\",\"item\":\"https:\/\/www.africa-press.net\/cotedivoire\/\"},{\"@type\":\"ListItem\",\"position\":2,\"name\":\"Pourquoi les pays africains doivent s\u2019unir dans la course \u00e0 l\u2019\u00e9lectricit\u00e9\"}]},{\"@type\":\"WebSite\",\"@id\":\"https:\/\/www.africa-press.net\/cotedivoire\/#website\",\"url\":\"https:\/\/www.africa-press.net\/cotedivoire\/\",\"name\":\"C\u00f4te d&#039;Ivoire\",\"description\":\"Just another Africa News Agency Sites site\",\"potentialAction\":[{\"@type\":\"SearchAction\",\"target\":{\"@type\":\"EntryPoint\",\"urlTemplate\":\"https:\/\/www.africa-press.net\/cotedivoire\/?s={search_term_string}\"},\"query-input\":{\"@type\":\"PropertyValueSpecification\",\"valueRequired\":true,\"valueName\":\"search_term_string\"}}],\"inLanguage\":\"fr-FR\"},{\"@type\":\"Person\",\"@id\":\"https:\/\/www.africa-press.net\/cotedivoire\/#\/schema\/person\/2b1cf3cd81a31e3cd26889ca66d677f1\",\"name\":\"cfeditorfr\"}]}<\/script>\n<!-- \/ Yoast SEO Premium plugin. -->","yoast_head_json":{"title":"Pourquoi les pays africains doivent s\u2019unir dans la course \u00e0 l\u2019\u00e9lectricit\u00e9 - C\u00f4te d&#039;Ivoire","robots":{"index":"index","follow":"follow","max-snippet":"max-snippet:-1","max-image-preview":"max-image-preview:large","max-video-preview":"max-video-preview:-1"},"canonical":"https:\/\/www.africa-press.net\/cotedivoire\/politique\/pourquoi-les-pays-africains-doivent-sunir-dans-la-course-a-lelectricite","og_locale":"fr_FR","og_type":"article","og_title":"Pourquoi les pays africains doivent s\u2019unir dans la course \u00e0 l\u2019\u00e9lectricit\u00e9","og_description":"Nicholas Norbrook Africa-Press &#8211; C\u00f4te d&rsquo;Ivoire. Dans le cadre de l\u2019initiative \u00ab Mission 300 \u00bb, le sommet sur l\u2019e\u0301nergie doit se tenir les 27 et 28 janvier en Tanzanie a pour objectif de connecter 300 millions de personnes a\u0300 l\u2019e\u0301lectricite\u0301 d\u2019ici a\u0300 2030. Pour atteindre cet objectif, un nouveau mode\u0300le de \u00ab pactes \u00bb avec [&hellip;]","og_url":"https:\/\/www.africa-press.net\/cotedivoire\/politique\/pourquoi-les-pays-africains-doivent-sunir-dans-la-course-a-lelectricite","og_site_name":"C\u00f4te d&#039;Ivoire","article_published_time":"2025-01-31T10:51:43+00:00","author":"cfeditorfr","twitter_card":"summary_large_image","twitter_misc":{"\u00c9crit par":"cfeditorfr","Dur\u00e9e de lecture estim\u00e9e":"6 minutes"},"schema":{"@context":"https:\/\/schema.org","@graph":[{"@type":"Article","@id":"https:\/\/www.africa-press.net\/cotedivoire\/politique\/pourquoi-les-pays-africains-doivent-sunir-dans-la-course-a-lelectricite#article","isPartOf":{"@id":"https:\/\/www.africa-press.net\/cotedivoire\/politique\/pourquoi-les-pays-africains-doivent-sunir-dans-la-course-a-lelectricite"},"author":{"name":"cfeditorfr","@id":"https:\/\/www.africa-press.net\/cotedivoire\/#\/schema\/person\/2b1cf3cd81a31e3cd26889ca66d677f1"},"headline":"Pourquoi les pays africains doivent s\u2019unir dans la course \u00e0 l\u2019\u00e9lectricit\u00e9","datePublished":"2025-01-31T10:51:43+00:00","mainEntityOfPage":{"@id":"https:\/\/www.africa-press.net\/cotedivoire\/politique\/pourquoi-les-pays-africains-doivent-sunir-dans-la-course-a-lelectricite"},"wordCount":1292,"commentCount":0,"image":{"@id":"https:\/\/www.africa-press.net\/cotedivoire\/politique\/pourquoi-les-pays-africains-doivent-sunir-dans-la-course-a-lelectricite#primaryimage"},"thumbnailUrl":"https:\/\/static.africa-press.net\/cote\/sites\/43\/2025\/01\/sm_1738312355.662531.jpg","keywords":["C\u00f4te d'Ivoire"],"articleSection":["\u00c9conomie","Toutes les actualit\u00e9s"],"inLanguage":"fr-FR","potentialAction":[{"@type":"CommentAction","name":"Comment","target":["https:\/\/www.africa-press.net\/cotedivoire\/politique\/pourquoi-les-pays-africains-doivent-sunir-dans-la-course-a-lelectricite#respond"]}]},{"@type":"WebPage","@id":"https:\/\/www.africa-press.net\/cotedivoire\/politique\/pourquoi-les-pays-africains-doivent-sunir-dans-la-course-a-lelectricite","url":"https:\/\/www.africa-press.net\/cotedivoire\/politique\/pourquoi-les-pays-africains-doivent-sunir-dans-la-course-a-lelectricite","name":"Pourquoi les pays africains doivent s\u2019unir dans la course \u00e0 l\u2019\u00e9lectricit\u00e9 - C\u00f4te d&#039;Ivoire","isPartOf":{"@id":"https:\/\/www.africa-press.net\/cotedivoire\/#website"},"primaryImageOfPage":{"@id":"https:\/\/www.africa-press.net\/cotedivoire\/politique\/pourquoi-les-pays-africains-doivent-sunir-dans-la-course-a-lelectricite#primaryimage"},"image":{"@id":"https:\/\/www.africa-press.net\/cotedivoire\/politique\/pourquoi-les-pays-africains-doivent-sunir-dans-la-course-a-lelectricite#primaryimage"},"thumbnailUrl":"https:\/\/static.africa-press.net\/cote\/sites\/43\/2025\/01\/sm_1738312355.662531.jpg","datePublished":"2025-01-31T10:51:43+00:00","author":{"@id":"https:\/\/www.africa-press.net\/cotedivoire\/#\/schema\/person\/2b1cf3cd81a31e3cd26889ca66d677f1"},"breadcrumb":{"@id":"https:\/\/www.africa-press.net\/cotedivoire\/politique\/pourquoi-les-pays-africains-doivent-sunir-dans-la-course-a-lelectricite#breadcrumb"},"inLanguage":"fr-FR","potentialAction":[{"@type":"ReadAction","target":["https:\/\/www.africa-press.net\/cotedivoire\/politique\/pourquoi-les-pays-africains-doivent-sunir-dans-la-course-a-lelectricite"]}]},{"@type":"ImageObject","inLanguage":"fr-FR","@id":"https:\/\/www.africa-press.net\/cotedivoire\/politique\/pourquoi-les-pays-africains-doivent-sunir-dans-la-course-a-lelectricite#primaryimage","url":"https:\/\/static.africa-press.net\/cote\/sites\/43\/2025\/01\/sm_1738312355.662531.jpg","contentUrl":"https:\/\/static.africa-press.net\/cote\/sites\/43\/2025\/01\/sm_1738312355.662531.jpg","width":1280,"height":720,"caption":"Pourquoi les pays africains doivent s\u2019unir dans la course \u00e0 l\u2019\u00e9lectricit\u00e9"},{"@type":"BreadcrumbList","@id":"https:\/\/www.africa-press.net\/cotedivoire\/politique\/pourquoi-les-pays-africains-doivent-sunir-dans-la-course-a-lelectricite#breadcrumb","itemListElement":[{"@type":"ListItem","position":1,"name":"Accueil","item":"https:\/\/www.africa-press.net\/cotedivoire\/"},{"@type":"ListItem","position":2,"name":"Pourquoi les pays africains doivent s\u2019unir dans la course \u00e0 l\u2019\u00e9lectricit\u00e9"}]},{"@type":"WebSite","@id":"https:\/\/www.africa-press.net\/cotedivoire\/#website","url":"https:\/\/www.africa-press.net\/cotedivoire\/","name":"C\u00f4te d&#039;Ivoire","description":"Just another Africa News Agency Sites site","potentialAction":[{"@type":"SearchAction","target":{"@type":"EntryPoint","urlTemplate":"https:\/\/www.africa-press.net\/cotedivoire\/?s={search_term_string}"},"query-input":{"@type":"PropertyValueSpecification","valueRequired":true,"valueName":"search_term_string"}}],"inLanguage":"fr-FR"},{"@type":"Person","@id":"https:\/\/www.africa-press.net\/cotedivoire\/#\/schema\/person\/2b1cf3cd81a31e3cd26889ca66d677f1","name":"cfeditorfr"}]}},"_links":{"self":[{"href":"https:\/\/www.africa-press.net\/cotedivoire\/wp-json\/wp\/v2\/posts\/94508","targetHints":{"allow":["GET"]}}],"collection":[{"href":"https:\/\/www.africa-press.net\/cotedivoire\/wp-json\/wp\/v2\/posts"}],"about":[{"href":"https:\/\/www.africa-press.net\/cotedivoire\/wp-json\/wp\/v2\/types\/post"}],"author":[{"embeddable":true,"href":"https:\/\/www.africa-press.net\/cotedivoire\/wp-json\/wp\/v2\/users\/82"}],"replies":[{"embeddable":true,"href":"https:\/\/www.africa-press.net\/cotedivoire\/wp-json\/wp\/v2\/comments?post=94508"}],"version-history":[{"count":0,"href":"https:\/\/www.africa-press.net\/cotedivoire\/wp-json\/wp\/v2\/posts\/94508\/revisions"}],"wp:featuredmedia":[{"embeddable":true,"href":"https:\/\/www.africa-press.net\/cotedivoire\/wp-json\/wp\/v2\/media\/94507"}],"wp:attachment":[{"href":"https:\/\/www.africa-press.net\/cotedivoire\/wp-json\/wp\/v2\/media?parent=94508"}],"wp:term":[{"taxonomy":"category","embeddable":true,"href":"https:\/\/www.africa-press.net\/cotedivoire\/wp-json\/wp\/v2\/categories?post=94508"},{"taxonomy":"post_tag","embeddable":true,"href":"https:\/\/www.africa-press.net\/cotedivoire\/wp-json\/wp\/v2\/tags?post=94508"}],"curies":[{"name":"wp","href":"https:\/\/api.w.org\/{rel}","templated":true}]}}