{"id":94512,"date":"2025-01-31T11:52:52","date_gmt":"2025-01-31T11:52:52","guid":{"rendered":"https:\/\/www.africa-press.net\/cotedivoire\/politique\/pour-continuer-a-travailler-en-afrique-lafd-a-un-plan"},"modified":"2025-01-31T11:52:52","modified_gmt":"2025-01-31T11:52:52","slug":"pour-continuer-a-travailler-en-afrique-lafd-a-un-plan","status":"publish","type":"post","link":"https:\/\/www.africa-press.net\/cotedivoire\/economie\/pour-continuer-a-travailler-en-afrique-lafd-a-un-plan","title":{"rendered":"Pour continuer \u00e0 travailler en Afrique, l\u2019AFD a un plan"},"content":{"rendered":"<p><b>Tha\u00efs Brouck<\/b><\/p>\n<p><span style=\"color: #ff6600\"><strong>Africa-Press &#8211; C\u00f4te d&rsquo;Ivoire. <\/strong><\/span>Hausse des tarifs, partenariats avec les fonds du Proche-Orient, projets bancables\u2026 La baisse des cr\u00e9dits de l\u2019\u00c9tat oblige l\u2019Agence fran\u00e7aise de d\u00e9veloppement \u00e0 r\u00e9orienter sa strat\u00e9gie.<\/p>\n<p>Jusqu\u2019ici tout va bien. Alors que ces derniers mois, les relations entre l\u2019Afrique et la France ont e\u0301te\u0301 marque\u0301es par les tensions avec l\u2019Alliance des E\u0301tats du Sahel et le retrait des troupes base\u0301es au Se\u0301ne\u0301gal, au Tchad et en Co\u0302te d\u2019Ivoire, l\u2019activite\u0301 africaine du groupe Agence franc\u0327aise de de\u0301veloppement (AFD) a bien re\u0301siste\u0301. Elle est me\u0302me en progression de 10% sur un an a\u0300 5,5 milliards d\u2019euros, dont 1 milliard pour Proparco et 350 millions d\u2019euros pour Expertise France.<\/p>\n<p>\u00ab L\u2019anne\u0301e 2024 a e\u0301galement e\u0301te\u0301 marque\u0301e par le plus gros pre\u0302t souverain ainsi que le plus gros pre\u0302t non souverain de l\u2019histoire de l\u2019AFD \u00bb, s\u2019est re\u0301joui Re\u0301my Rioux, le 23 janvier, lors d\u2019une ce\u0301re\u0301monie a\u0300 l\u2019occasion de la pre\u0301sentation de l\u2019ouvrage collectif L\u2019e\u0301conomie Africaine 2025. Le directeur ge\u0301ne\u0301ral du groupe fait re\u0301fe\u0301rence au pre\u0302t de 400 millions d\u2019euros accorde\u0301 a\u0300 l\u2019Afrique du Sud pour la mise en \u0153uvre de son plan de transition e\u0301nerge\u0301tique ainsi qu\u2019a\u0300 celui de 350 millions d\u2019euros obtenus par OCP pour soutenir le de\u0301veloppement de l\u2019hydroge\u0300ne et de l\u2019ammoniac verts.<\/p>\n<p><b>Dotation divise\u0301e par deux<\/b><\/p>\n<p>Mais les voyants pourraient rapidement passer au rouge. Alors que la dette publique de l\u2019E\u0301tat franc\u0327ais atteint des sommets, 113,7% du PIB, soit plus de 3 300 milliards d\u2019euros, le budget 2025 de l\u2019Hexagone pre\u0301voit la baisse d\u2019un tiers des cre\u0301dits consacre\u0301s a\u0300 l\u2019aide au de\u0301veloppement. Pour l\u2019AFD, la dotation annuelle de l\u2019E\u0301tat \u2013 environ 2 milliards d\u2019euros en 2024 \u2013 devrait baisser de moitie\u0301.<\/p>\n<p>\u00ab Ce sont ces cre\u0301dits qui nous permettent de faire des dons et de baisser les taux de nos pre\u0302ts \u00bb, rappelle Re\u0301my Rioux. Pour le reste, l\u2019AFD mobilise environ un milliard aupre\u0300s de partenaires, principalement l\u2019Union europe\u0301enne, et emprunte quelque 10 milliards d\u2019euros par an sur les marche\u0301s. \u00ab Le spread de la France, notre actionnaire unique, a augmente\u0301. Cela nous cou\u0302te donc plus cher de nous refinancer et cela aura un impact sur nos clients \u00bb, de\u0301taille le directeur ge\u0301ne\u0301ral.<\/p>\n<p>L\u2019AFD doit donc s\u2019adapter. D\u2019une part, les pre\u0302ts de l\u2019AFD vont se concentrer vers des secteurs conside\u0301re\u0301s comme rentables. Pour re\u0301sumer, l\u2019institution signera moins de projets sociaux ou culturels mais plus en lien avec la transition e\u0301nerge\u0301tique par exemple. D\u2019autre part, ces projets seront essentiellement \u2013 si ce n\u2019est exclusivement \u2013 dirige\u0301s vers des pays qui peuvent emprunter sur le marche\u0301 obligataire international. Ce n\u2019est le cas que d\u2019une vingtaine d\u2019e\u0301conomies du continent.<\/p>\n<p><b>Coope\u0301ration avec le Qatar<\/b><\/p>\n<p>L\u2019institution ne tourne ne\u0301anmoins pas le dos aux pays les plus vulne\u0301rables et s\u2019est fixe\u0301e l\u2019objectif de leur re\u0301server 50% des dons de l\u2019E\u0301tat franc\u0327ais. Par ailleurs, l\u2019AFD ambitionne de devenir une \u00ab plateforme de mobilisation \u00bb. \u00ab Nous allons multiplier les partenariats avec les fonds d\u2019investissements et les fondations philanthropiques \u00bb, explique Papa Amadou Sarr a\u0300 Jeune Afrique. Et la priorite\u0301 du directeur exe\u0301cutif Mobilisation, partenariats et communication a\u0300 l\u2019AFD ce sont les fonds et institutions base\u0301s au Proche-Orient: Fonds arabe de De\u0301veloppement e\u0301conomique et social, Fonds saoudien pour le de\u0301veloppement (FSD), Fonds de l\u2019Opep pour le de\u0301veloppement international, Banque islamique de de\u0301veloppement, etc.<\/p>\n<p>A\u0300 ce titre, l\u2019AFD et le Fonds du Qatar pour le de\u0301veloppement ont signe\u0301 un accord de coope\u0301ration en marge de la visite de l\u2019e\u0301mir du Qatar, Cheikh Tamim bin Hamad Al Thani, en mars 2024. \u00ab Cela n\u2019a rien a\u0300 voir avec la politique. Nous allons chercher l\u2019argent la\u0300 ou\u0300 il est. Et ces fonds be\u0301ne\u0301ficient de notre expertise sur le terrain \u00bb, indique Papa Amadou Sarr. Gra\u0302ce a\u0300 cet accord, l\u2019AFD va pouvoir travailler dans la bande de Gaza, alors que l\u2019autorite\u0301 palestinienne n\u2019est pas e\u0301ligible a\u0300 un pre\u0302t souverain.<\/p>\n<p>Toujours dans la me\u0302me veine, l\u2019AFD aimerait approfondir et re\u0301pliquer la collaboration que l\u2019AFD me\u0300ne avec la fondation Bill et Melinda Gates depuis 2023. Contre vents et mare\u0301es, le bras arme\u0301 de la France dans la mise en \u0153uvre de sa politique de de\u0301veloppement essaye de compenser le relatif de\u0301sengagement de l\u2019E\u0301tat en faveur de l\u2019aide au de\u0301veloppement.<\/p>\n<p><b>Source: JeuneAfrique<\/b><\/p>\n<p><strong>Pour plus d&rsquo;informations et d&rsquo;analyses sur la <span style=\"color: #ff6600\">C\u00f4te d&rsquo;Ivoire<\/span>, suivez <span style=\"color: #ff6600\">Africa-Press<span style=\"color: #ff6600\"><\/span><\/strong><\/p>\n","protected":false},"excerpt":{"rendered":"<p>Tha\u00efs Brouck Africa-Press &#8211; C\u00f4te d&rsquo;Ivoire. Hausse des tarifs, partenariats avec les fonds du Proche-Orient, projets bancables\u2026 La baisse des cr\u00e9dits de l\u2019\u00c9tat oblige l\u2019Agence fran\u00e7aise de d\u00e9veloppement \u00e0 r\u00e9orienter sa strat\u00e9gie. Jusqu\u2019ici tout va bien. Alors que ces derniers mois, les relations entre l\u2019Afrique et la France ont e\u0301te\u0301 marque\u0301es par les tensions avec [&hellip;]<\/p>\n","protected":false},"author":82,"featured_media":94511,"comment_status":"open","ping_status":"closed","sticky":false,"template":"","format":"standard","meta":{"footnotes":""},"categories":[3,10],"tags":[37],"class_list":["post-94512","post","type-post","status-publish","format-standard","has-post-thumbnail","hentry","category-economie","category-toutes-les-actualites","tag-cote-divoire-2"],"yoast_head":"<!-- This site is optimized with the Yoast SEO Premium plugin v26.1 (Yoast SEO v27.0) - https:\/\/yoast.com\/product\/yoast-seo-premium-wordpress\/ -->\n<title>Pour continuer \u00e0 travailler en Afrique, l\u2019AFD a un plan - C\u00f4te d&#039;Ivoire<\/title>\n<meta name=\"robots\" content=\"index, follow, max-snippet:-1, max-image-preview:large, max-video-preview:-1\" \/>\n<link rel=\"canonical\" href=\"https:\/\/www.africa-press.net\/cotedivoire\/politique\/pour-continuer-a-travailler-en-afrique-lafd-a-un-plan\" \/>\n<meta property=\"og:locale\" content=\"fr_FR\" \/>\n<meta property=\"og:type\" content=\"article\" \/>\n<meta property=\"og:title\" content=\"Pour continuer \u00e0 travailler en Afrique, l\u2019AFD a un plan\" \/>\n<meta property=\"og:description\" content=\"Tha\u00efs Brouck Africa-Press &#8211; C\u00f4te d&rsquo;Ivoire. Hausse des tarifs, partenariats avec les fonds du Proche-Orient, projets bancables\u2026 La baisse des cr\u00e9dits de l\u2019\u00c9tat oblige l\u2019Agence fran\u00e7aise de d\u00e9veloppement \u00e0 r\u00e9orienter sa strat\u00e9gie. Jusqu\u2019ici tout va bien. Alors que ces derniers mois, les relations entre l\u2019Afrique et la France ont e\u0301te\u0301 marque\u0301es par les tensions avec [&hellip;]\" \/>\n<meta property=\"og:url\" content=\"https:\/\/www.africa-press.net\/cotedivoire\/politique\/pour-continuer-a-travailler-en-afrique-lafd-a-un-plan\" \/>\n<meta property=\"og:site_name\" content=\"C\u00f4te d&#039;Ivoire\" \/>\n<meta property=\"article:published_time\" content=\"2025-01-31T11:52:52+00:00\" \/>\n<meta name=\"author\" content=\"cfeditorfr\" \/>\n<meta name=\"twitter:card\" content=\"summary_large_image\" \/>\n<meta name=\"twitter:label1\" content=\"\u00c9crit par\" \/>\n\t<meta name=\"twitter:data1\" content=\"cfeditorfr\" \/>\n\t<meta name=\"twitter:label2\" content=\"Dur\u00e9e de lecture estim\u00e9e\" \/>\n\t<meta name=\"twitter:data2\" content=\"4 minutes\" \/>\n<script type=\"application\/ld+json\" class=\"yoast-schema-graph\">{\"@context\":\"https:\/\/schema.org\",\"@graph\":[{\"@type\":\"Article\",\"@id\":\"https:\/\/www.africa-press.net\/cotedivoire\/politique\/pour-continuer-a-travailler-en-afrique-lafd-a-un-plan#article\",\"isPartOf\":{\"@id\":\"https:\/\/www.africa-press.net\/cotedivoire\/politique\/pour-continuer-a-travailler-en-afrique-lafd-a-un-plan\"},\"author\":{\"name\":\"cfeditorfr\",\"@id\":\"https:\/\/www.africa-press.net\/cotedivoire\/#\/schema\/person\/2b1cf3cd81a31e3cd26889ca66d677f1\"},\"headline\":\"Pour continuer \u00e0 travailler en Afrique, l\u2019AFD a un plan\",\"datePublished\":\"2025-01-31T11:52:52+00:00\",\"mainEntityOfPage\":{\"@id\":\"https:\/\/www.africa-press.net\/cotedivoire\/politique\/pour-continuer-a-travailler-en-afrique-lafd-a-un-plan\"},\"wordCount\":841,\"commentCount\":0,\"image\":{\"@id\":\"https:\/\/www.africa-press.net\/cotedivoire\/politique\/pour-continuer-a-travailler-en-afrique-lafd-a-un-plan#primaryimage\"},\"thumbnailUrl\":\"https:\/\/static.africa-press.net\/cote\/sites\/43\/2025\/01\/sm_1738312477.39829.jpg\",\"keywords\":[\"C\u00f4te d'Ivoire\"],\"articleSection\":[\"\u00c9conomie\",\"Toutes les actualit\u00e9s\"],\"inLanguage\":\"fr-FR\",\"potentialAction\":[{\"@type\":\"CommentAction\",\"name\":\"Comment\",\"target\":[\"https:\/\/www.africa-press.net\/cotedivoire\/politique\/pour-continuer-a-travailler-en-afrique-lafd-a-un-plan#respond\"]}]},{\"@type\":\"WebPage\",\"@id\":\"https:\/\/www.africa-press.net\/cotedivoire\/politique\/pour-continuer-a-travailler-en-afrique-lafd-a-un-plan\",\"url\":\"https:\/\/www.africa-press.net\/cotedivoire\/politique\/pour-continuer-a-travailler-en-afrique-lafd-a-un-plan\",\"name\":\"Pour continuer \u00e0 travailler en Afrique, l\u2019AFD a un plan - C\u00f4te d&#039;Ivoire\",\"isPartOf\":{\"@id\":\"https:\/\/www.africa-press.net\/cotedivoire\/#website\"},\"primaryImageOfPage\":{\"@id\":\"https:\/\/www.africa-press.net\/cotedivoire\/politique\/pour-continuer-a-travailler-en-afrique-lafd-a-un-plan#primaryimage\"},\"image\":{\"@id\":\"https:\/\/www.africa-press.net\/cotedivoire\/politique\/pour-continuer-a-travailler-en-afrique-lafd-a-un-plan#primaryimage\"},\"thumbnailUrl\":\"https:\/\/static.africa-press.net\/cote\/sites\/43\/2025\/01\/sm_1738312477.39829.jpg\",\"datePublished\":\"2025-01-31T11:52:52+00:00\",\"author\":{\"@id\":\"https:\/\/www.africa-press.net\/cotedivoire\/#\/schema\/person\/2b1cf3cd81a31e3cd26889ca66d677f1\"},\"breadcrumb\":{\"@id\":\"https:\/\/www.africa-press.net\/cotedivoire\/politique\/pour-continuer-a-travailler-en-afrique-lafd-a-un-plan#breadcrumb\"},\"inLanguage\":\"fr-FR\",\"potentialAction\":[{\"@type\":\"ReadAction\",\"target\":[\"https:\/\/www.africa-press.net\/cotedivoire\/politique\/pour-continuer-a-travailler-en-afrique-lafd-a-un-plan\"]}]},{\"@type\":\"ImageObject\",\"inLanguage\":\"fr-FR\",\"@id\":\"https:\/\/www.africa-press.net\/cotedivoire\/politique\/pour-continuer-a-travailler-en-afrique-lafd-a-un-plan#primaryimage\",\"url\":\"https:\/\/static.africa-press.net\/cote\/sites\/43\/2025\/01\/sm_1738312477.39829.jpg\",\"contentUrl\":\"https:\/\/static.africa-press.net\/cote\/sites\/43\/2025\/01\/sm_1738312477.39829.jpg\",\"width\":1280,\"height\":720,\"caption\":\"Pour continuer \u00e0 travailler en Afrique, l\u2019AFD a un plan\"},{\"@type\":\"BreadcrumbList\",\"@id\":\"https:\/\/www.africa-press.net\/cotedivoire\/politique\/pour-continuer-a-travailler-en-afrique-lafd-a-un-plan#breadcrumb\",\"itemListElement\":[{\"@type\":\"ListItem\",\"position\":1,\"name\":\"Accueil\",\"item\":\"https:\/\/www.africa-press.net\/cotedivoire\/\"},{\"@type\":\"ListItem\",\"position\":2,\"name\":\"Pour continuer \u00e0 travailler en Afrique, l\u2019AFD a un plan\"}]},{\"@type\":\"WebSite\",\"@id\":\"https:\/\/www.africa-press.net\/cotedivoire\/#website\",\"url\":\"https:\/\/www.africa-press.net\/cotedivoire\/\",\"name\":\"C\u00f4te d&#039;Ivoire\",\"description\":\"Just another Africa News Agency Sites site\",\"potentialAction\":[{\"@type\":\"SearchAction\",\"target\":{\"@type\":\"EntryPoint\",\"urlTemplate\":\"https:\/\/www.africa-press.net\/cotedivoire\/?s={search_term_string}\"},\"query-input\":{\"@type\":\"PropertyValueSpecification\",\"valueRequired\":true,\"valueName\":\"search_term_string\"}}],\"inLanguage\":\"fr-FR\"},{\"@type\":\"Person\",\"@id\":\"https:\/\/www.africa-press.net\/cotedivoire\/#\/schema\/person\/2b1cf3cd81a31e3cd26889ca66d677f1\",\"name\":\"cfeditorfr\"}]}<\/script>\n<!-- \/ Yoast SEO Premium plugin. -->","yoast_head_json":{"title":"Pour continuer \u00e0 travailler en Afrique, l\u2019AFD a un plan - C\u00f4te d&#039;Ivoire","robots":{"index":"index","follow":"follow","max-snippet":"max-snippet:-1","max-image-preview":"max-image-preview:large","max-video-preview":"max-video-preview:-1"},"canonical":"https:\/\/www.africa-press.net\/cotedivoire\/politique\/pour-continuer-a-travailler-en-afrique-lafd-a-un-plan","og_locale":"fr_FR","og_type":"article","og_title":"Pour continuer \u00e0 travailler en Afrique, l\u2019AFD a un plan","og_description":"Tha\u00efs Brouck Africa-Press &#8211; C\u00f4te d&rsquo;Ivoire. Hausse des tarifs, partenariats avec les fonds du Proche-Orient, projets bancables\u2026 La baisse des cr\u00e9dits de l\u2019\u00c9tat oblige l\u2019Agence fran\u00e7aise de d\u00e9veloppement \u00e0 r\u00e9orienter sa strat\u00e9gie. Jusqu\u2019ici tout va bien. Alors que ces derniers mois, les relations entre l\u2019Afrique et la France ont e\u0301te\u0301 marque\u0301es par les tensions avec [&hellip;]","og_url":"https:\/\/www.africa-press.net\/cotedivoire\/politique\/pour-continuer-a-travailler-en-afrique-lafd-a-un-plan","og_site_name":"C\u00f4te d&#039;Ivoire","article_published_time":"2025-01-31T11:52:52+00:00","author":"cfeditorfr","twitter_card":"summary_large_image","twitter_misc":{"\u00c9crit par":"cfeditorfr","Dur\u00e9e de lecture estim\u00e9e":"4 minutes"},"schema":{"@context":"https:\/\/schema.org","@graph":[{"@type":"Article","@id":"https:\/\/www.africa-press.net\/cotedivoire\/politique\/pour-continuer-a-travailler-en-afrique-lafd-a-un-plan#article","isPartOf":{"@id":"https:\/\/www.africa-press.net\/cotedivoire\/politique\/pour-continuer-a-travailler-en-afrique-lafd-a-un-plan"},"author":{"name":"cfeditorfr","@id":"https:\/\/www.africa-press.net\/cotedivoire\/#\/schema\/person\/2b1cf3cd81a31e3cd26889ca66d677f1"},"headline":"Pour continuer \u00e0 travailler en Afrique, l\u2019AFD a un plan","datePublished":"2025-01-31T11:52:52+00:00","mainEntityOfPage":{"@id":"https:\/\/www.africa-press.net\/cotedivoire\/politique\/pour-continuer-a-travailler-en-afrique-lafd-a-un-plan"},"wordCount":841,"commentCount":0,"image":{"@id":"https:\/\/www.africa-press.net\/cotedivoire\/politique\/pour-continuer-a-travailler-en-afrique-lafd-a-un-plan#primaryimage"},"thumbnailUrl":"https:\/\/static.africa-press.net\/cote\/sites\/43\/2025\/01\/sm_1738312477.39829.jpg","keywords":["C\u00f4te d'Ivoire"],"articleSection":["\u00c9conomie","Toutes les actualit\u00e9s"],"inLanguage":"fr-FR","potentialAction":[{"@type":"CommentAction","name":"Comment","target":["https:\/\/www.africa-press.net\/cotedivoire\/politique\/pour-continuer-a-travailler-en-afrique-lafd-a-un-plan#respond"]}]},{"@type":"WebPage","@id":"https:\/\/www.africa-press.net\/cotedivoire\/politique\/pour-continuer-a-travailler-en-afrique-lafd-a-un-plan","url":"https:\/\/www.africa-press.net\/cotedivoire\/politique\/pour-continuer-a-travailler-en-afrique-lafd-a-un-plan","name":"Pour continuer \u00e0 travailler en Afrique, l\u2019AFD a un plan - C\u00f4te d&#039;Ivoire","isPartOf":{"@id":"https:\/\/www.africa-press.net\/cotedivoire\/#website"},"primaryImageOfPage":{"@id":"https:\/\/www.africa-press.net\/cotedivoire\/politique\/pour-continuer-a-travailler-en-afrique-lafd-a-un-plan#primaryimage"},"image":{"@id":"https:\/\/www.africa-press.net\/cotedivoire\/politique\/pour-continuer-a-travailler-en-afrique-lafd-a-un-plan#primaryimage"},"thumbnailUrl":"https:\/\/static.africa-press.net\/cote\/sites\/43\/2025\/01\/sm_1738312477.39829.jpg","datePublished":"2025-01-31T11:52:52+00:00","author":{"@id":"https:\/\/www.africa-press.net\/cotedivoire\/#\/schema\/person\/2b1cf3cd81a31e3cd26889ca66d677f1"},"breadcrumb":{"@id":"https:\/\/www.africa-press.net\/cotedivoire\/politique\/pour-continuer-a-travailler-en-afrique-lafd-a-un-plan#breadcrumb"},"inLanguage":"fr-FR","potentialAction":[{"@type":"ReadAction","target":["https:\/\/www.africa-press.net\/cotedivoire\/politique\/pour-continuer-a-travailler-en-afrique-lafd-a-un-plan"]}]},{"@type":"ImageObject","inLanguage":"fr-FR","@id":"https:\/\/www.africa-press.net\/cotedivoire\/politique\/pour-continuer-a-travailler-en-afrique-lafd-a-un-plan#primaryimage","url":"https:\/\/static.africa-press.net\/cote\/sites\/43\/2025\/01\/sm_1738312477.39829.jpg","contentUrl":"https:\/\/static.africa-press.net\/cote\/sites\/43\/2025\/01\/sm_1738312477.39829.jpg","width":1280,"height":720,"caption":"Pour continuer \u00e0 travailler en Afrique, l\u2019AFD a un plan"},{"@type":"BreadcrumbList","@id":"https:\/\/www.africa-press.net\/cotedivoire\/politique\/pour-continuer-a-travailler-en-afrique-lafd-a-un-plan#breadcrumb","itemListElement":[{"@type":"ListItem","position":1,"name":"Accueil","item":"https:\/\/www.africa-press.net\/cotedivoire\/"},{"@type":"ListItem","position":2,"name":"Pour continuer \u00e0 travailler en Afrique, l\u2019AFD a un plan"}]},{"@type":"WebSite","@id":"https:\/\/www.africa-press.net\/cotedivoire\/#website","url":"https:\/\/www.africa-press.net\/cotedivoire\/","name":"C\u00f4te d&#039;Ivoire","description":"Just another Africa News Agency Sites site","potentialAction":[{"@type":"SearchAction","target":{"@type":"EntryPoint","urlTemplate":"https:\/\/www.africa-press.net\/cotedivoire\/?s={search_term_string}"},"query-input":{"@type":"PropertyValueSpecification","valueRequired":true,"valueName":"search_term_string"}}],"inLanguage":"fr-FR"},{"@type":"Person","@id":"https:\/\/www.africa-press.net\/cotedivoire\/#\/schema\/person\/2b1cf3cd81a31e3cd26889ca66d677f1","name":"cfeditorfr"}]}},"_links":{"self":[{"href":"https:\/\/www.africa-press.net\/cotedivoire\/wp-json\/wp\/v2\/posts\/94512","targetHints":{"allow":["GET"]}}],"collection":[{"href":"https:\/\/www.africa-press.net\/cotedivoire\/wp-json\/wp\/v2\/posts"}],"about":[{"href":"https:\/\/www.africa-press.net\/cotedivoire\/wp-json\/wp\/v2\/types\/post"}],"author":[{"embeddable":true,"href":"https:\/\/www.africa-press.net\/cotedivoire\/wp-json\/wp\/v2\/users\/82"}],"replies":[{"embeddable":true,"href":"https:\/\/www.africa-press.net\/cotedivoire\/wp-json\/wp\/v2\/comments?post=94512"}],"version-history":[{"count":0,"href":"https:\/\/www.africa-press.net\/cotedivoire\/wp-json\/wp\/v2\/posts\/94512\/revisions"}],"wp:featuredmedia":[{"embeddable":true,"href":"https:\/\/www.africa-press.net\/cotedivoire\/wp-json\/wp\/v2\/media\/94511"}],"wp:attachment":[{"href":"https:\/\/www.africa-press.net\/cotedivoire\/wp-json\/wp\/v2\/media?parent=94512"}],"wp:term":[{"taxonomy":"category","embeddable":true,"href":"https:\/\/www.africa-press.net\/cotedivoire\/wp-json\/wp\/v2\/categories?post=94512"},{"taxonomy":"post_tag","embeddable":true,"href":"https:\/\/www.africa-press.net\/cotedivoire\/wp-json\/wp\/v2\/tags?post=94512"}],"curies":[{"name":"wp","href":"https:\/\/api.w.org\/{rel}","templated":true}]}}