{"id":94514,"date":"2025-01-31T11:43:22","date_gmt":"2025-01-31T11:43:22","guid":{"rendered":"https:\/\/www.africa-press.net\/cotedivoire\/politique\/mission-300-lafrique-sengage-a-connecter-300-millions-de-personnes-a-lelectricite-dici-2030"},"modified":"2025-01-31T11:43:22","modified_gmt":"2025-01-31T11:43:22","slug":"mission-300-lafrique-sengage-a-connecter-300-millions-de-personnes-a-lelectricite-dici-2030","status":"publish","type":"post","link":"https:\/\/www.africa-press.net\/cotedivoire\/economie\/mission-300-lafrique-sengage-a-connecter-300-millions-de-personnes-a-lelectricite-dici-2030","title":{"rendered":"Mission\u202f300 : L\u2019Afrique s\u2019engage \u00e0 connecter 300 millions de personnes \u00e0 l\u2019\u00e9lectricit\u00e9 d\u2019ici 2030"},"content":{"rendered":"<p><span style=\"color: #ff6600\"><strong>Africa-Press &#8211; C\u00f4te d&rsquo;Ivoire. <\/strong><\/span><b>Lance\u0301e lors du Sommet africain sur l\u2019e\u0301nergie, organise\u0301 par le gouvernement tanzanien, l\u2019initiative \u201cMission 300\u201d, visant a\u0300 connecter 300 millions de personnes a\u0300 l\u2019e\u0301lectricite\u0301 d\u2019ici 2030, repose sur une collaboration ine\u0301dite entre la Banque africaine de de\u0301veloppement (BAD), la Banque mondiale, et des partenaires mondiaux.<\/b><\/p>\n<p>Actuellement, pre\u0300s de 600 millions d\u2019Africains vivent sans e\u0301lectricite\u0301, un frein majeur au de\u0301veloppement e\u0301conomique et social. \u201cMission 300\u201d entend combler ce de\u0301ficit en adoptant des re\u0301formes re\u0301glementaires, des technologies innovantes et des financements structure\u0301s. L\u2019initiative inte\u0300gre e\u0301galement un cadre de responsabilisation solide, dont l\u2019Indice de re\u0301glementation de l\u2019e\u0301nergie en Afrique et des syste\u0300mes de suivi adapte\u0301s a\u0300 chaque pays.<\/p>\n<p>Akinwumi Adesina, pre\u0301sident de la BAD, a souligne\u0301 l\u2019urgence d\u2019agir: \u00ab Il est temps de transformer les promesses en actions concre\u0300tes. L\u2019acce\u0300s a\u0300 l\u2019e\u0301nergie n\u2019est pas un luxe, mais une ne\u0301cessite\u0301 pour le de\u0301veloppement avec dignite\u0301. \u00bb Ajay Banga, pre\u0301sident de la Banque mondiale, a insiste\u0301 sur l\u2019implication du secteur prive\u0301, appelant a\u0300 des environnements propices aux investissements.<\/p>\n<p>Paralle\u0300lement a\u0300 l\u2019acce\u0300s a\u0300 l\u2019e\u0301lectricite\u0301, un accent particulier sera mis sur les solutions de cuisson propre pour e\u0301viter les 600 000 de\u0301ce\u0300s annuels lie\u0301s a\u0300 l\u2019exposition a\u0300 la fume\u0301e.<\/p>\n<p>Le sommet, qui re\u0301unit plus de 1 500 participants, devrait aboutir a\u0300 la \u201cDe\u0301claration de Dar es Salam\u201d et a\u0300 des pactes nationaux sur l\u2019e\u0301nergie. Ces engagements serviront de feuille de route pour concre\u0301tiser cet objectif ambitieux, transformant le paysage e\u0301nerge\u0301tique africain et offrant un avenir prometteur a\u0300 ses populations.<\/p>\n<p><strong>Pour plus d&rsquo;informations et d&rsquo;analyses sur la <span style=\"color: #ff6600\">C\u00f4te d&rsquo;Ivoire<\/span>, suivez <span style=\"color: #ff6600\">Africa-Press<span style=\"color: #ff6600\"><\/span><\/strong><\/p>\n","protected":false},"excerpt":{"rendered":"<p>Africa-Press &#8211; C\u00f4te d&rsquo;Ivoire. Lance\u0301e lors du Sommet africain sur l\u2019e\u0301nergie, organise\u0301 par le gouvernement tanzanien, l\u2019initiative \u201cMission 300\u201d, visant a\u0300 connecter 300 millions de personnes a\u0300 l\u2019e\u0301lectricite\u0301 d\u2019ici 2030, repose sur une collaboration ine\u0301dite entre la Banque africaine de de\u0301veloppement (BAD), la Banque mondiale, et des partenaires mondiaux. Actuellement, pre\u0300s de 600 millions d\u2019Africains [&hellip;]<\/p>\n","protected":false},"author":82,"featured_media":94513,"comment_status":"open","ping_status":"closed","sticky":false,"template":"","format":"standard","meta":{"footnotes":""},"categories":[3,10],"tags":[37],"class_list":["post-94514","post","type-post","status-publish","format-standard","has-post-thumbnail","hentry","category-economie","category-toutes-les-actualites","tag-cote-divoire-2"],"yoast_head":"<!-- This site is optimized with the Yoast SEO Premium plugin v26.1 (Yoast SEO v27.0) - https:\/\/yoast.com\/product\/yoast-seo-premium-wordpress\/ -->\n<title>Mission\u202f300 : L\u2019Afrique s\u2019engage \u00e0 connecter 300 millions de personnes \u00e0 l\u2019\u00e9lectricit\u00e9 d\u2019ici 2030 - C\u00f4te d&#039;Ivoire<\/title>\n<meta name=\"robots\" content=\"index, follow, max-snippet:-1, max-image-preview:large, max-video-preview:-1\" \/>\n<link rel=\"canonical\" href=\"https:\/\/www.africa-press.net\/cotedivoire\/politique\/mission-300-lafrique-sengage-a-connecter-300-millions-de-personnes-a-lelectricite-dici-2030\" \/>\n<meta property=\"og:locale\" content=\"fr_FR\" \/>\n<meta property=\"og:type\" content=\"article\" \/>\n<meta property=\"og:title\" content=\"Mission\u202f300 : L\u2019Afrique s\u2019engage \u00e0 connecter 300 millions de personnes \u00e0 l\u2019\u00e9lectricit\u00e9 d\u2019ici 2030\" \/>\n<meta property=\"og:description\" content=\"Africa-Press &#8211; C\u00f4te d&rsquo;Ivoire. Lance\u0301e lors du Sommet africain sur l\u2019e\u0301nergie, organise\u0301 par le gouvernement tanzanien, l\u2019initiative \u201cMission 300\u201d, visant a\u0300 connecter 300 millions de personnes a\u0300 l\u2019e\u0301lectricite\u0301 d\u2019ici 2030, repose sur une collaboration ine\u0301dite entre la Banque africaine de de\u0301veloppement (BAD), la Banque mondiale, et des partenaires mondiaux. Actuellement, pre\u0300s de 600 millions d\u2019Africains [&hellip;]\" \/>\n<meta property=\"og:url\" content=\"https:\/\/www.africa-press.net\/cotedivoire\/politique\/mission-300-lafrique-sengage-a-connecter-300-millions-de-personnes-a-lelectricite-dici-2030\" \/>\n<meta property=\"og:site_name\" content=\"C\u00f4te d&#039;Ivoire\" \/>\n<meta property=\"article:published_time\" content=\"2025-01-31T11:43:22+00:00\" \/>\n<meta name=\"author\" content=\"cfeditorfr\" \/>\n<meta name=\"twitter:card\" content=\"summary_large_image\" \/>\n<meta name=\"twitter:label1\" content=\"\u00c9crit par\" \/>\n\t<meta name=\"twitter:data1\" content=\"cfeditorfr\" \/>\n\t<meta name=\"twitter:label2\" content=\"Dur\u00e9e de lecture estim\u00e9e\" \/>\n\t<meta name=\"twitter:data2\" content=\"2 minutes\" \/>\n<script type=\"application\/ld+json\" class=\"yoast-schema-graph\">{\"@context\":\"https:\/\/schema.org\",\"@graph\":[{\"@type\":\"Article\",\"@id\":\"https:\/\/www.africa-press.net\/cotedivoire\/politique\/mission-300-lafrique-sengage-a-connecter-300-millions-de-personnes-a-lelectricite-dici-2030#article\",\"isPartOf\":{\"@id\":\"https:\/\/www.africa-press.net\/cotedivoire\/politique\/mission-300-lafrique-sengage-a-connecter-300-millions-de-personnes-a-lelectricite-dici-2030\"},\"author\":{\"name\":\"cfeditorfr\",\"@id\":\"https:\/\/www.africa-press.net\/cotedivoire\/#\/schema\/person\/2b1cf3cd81a31e3cd26889ca66d677f1\"},\"headline\":\"Mission\u202f300 : L\u2019Afrique s\u2019engage \u00e0 connecter 300 millions de personnes \u00e0 l\u2019\u00e9lectricit\u00e9 d\u2019ici 2030\",\"datePublished\":\"2025-01-31T11:43:22+00:00\",\"mainEntityOfPage\":{\"@id\":\"https:\/\/www.africa-press.net\/cotedivoire\/politique\/mission-300-lafrique-sengage-a-connecter-300-millions-de-personnes-a-lelectricite-dici-2030\"},\"wordCount\":323,\"commentCount\":0,\"image\":{\"@id\":\"https:\/\/www.africa-press.net\/cotedivoire\/politique\/mission-300-lafrique-sengage-a-connecter-300-millions-de-personnes-a-lelectricite-dici-2030#primaryimage\"},\"thumbnailUrl\":\"https:\/\/static.africa-press.net\/cote\/sites\/43\/2025\/01\/sm_1738312571.82785.jpg\",\"keywords\":[\"C\u00f4te d'Ivoire\"],\"articleSection\":[\"\u00c9conomie\",\"Toutes les actualit\u00e9s\"],\"inLanguage\":\"fr-FR\",\"potentialAction\":[{\"@type\":\"CommentAction\",\"name\":\"Comment\",\"target\":[\"https:\/\/www.africa-press.net\/cotedivoire\/politique\/mission-300-lafrique-sengage-a-connecter-300-millions-de-personnes-a-lelectricite-dici-2030#respond\"]}]},{\"@type\":\"WebPage\",\"@id\":\"https:\/\/www.africa-press.net\/cotedivoire\/politique\/mission-300-lafrique-sengage-a-connecter-300-millions-de-personnes-a-lelectricite-dici-2030\",\"url\":\"https:\/\/www.africa-press.net\/cotedivoire\/politique\/mission-300-lafrique-sengage-a-connecter-300-millions-de-personnes-a-lelectricite-dici-2030\",\"name\":\"Mission\u202f300 : L\u2019Afrique s\u2019engage \u00e0 connecter 300 millions de personnes \u00e0 l\u2019\u00e9lectricit\u00e9 d\u2019ici 2030 - C\u00f4te d&#039;Ivoire\",\"isPartOf\":{\"@id\":\"https:\/\/www.africa-press.net\/cotedivoire\/#website\"},\"primaryImageOfPage\":{\"@id\":\"https:\/\/www.africa-press.net\/cotedivoire\/politique\/mission-300-lafrique-sengage-a-connecter-300-millions-de-personnes-a-lelectricite-dici-2030#primaryimage\"},\"image\":{\"@id\":\"https:\/\/www.africa-press.net\/cotedivoire\/politique\/mission-300-lafrique-sengage-a-connecter-300-millions-de-personnes-a-lelectricite-dici-2030#primaryimage\"},\"thumbnailUrl\":\"https:\/\/static.africa-press.net\/cote\/sites\/43\/2025\/01\/sm_1738312571.82785.jpg\",\"datePublished\":\"2025-01-31T11:43:22+00:00\",\"author\":{\"@id\":\"https:\/\/www.africa-press.net\/cotedivoire\/#\/schema\/person\/2b1cf3cd81a31e3cd26889ca66d677f1\"},\"breadcrumb\":{\"@id\":\"https:\/\/www.africa-press.net\/cotedivoire\/politique\/mission-300-lafrique-sengage-a-connecter-300-millions-de-personnes-a-lelectricite-dici-2030#breadcrumb\"},\"inLanguage\":\"fr-FR\",\"potentialAction\":[{\"@type\":\"ReadAction\",\"target\":[\"https:\/\/www.africa-press.net\/cotedivoire\/politique\/mission-300-lafrique-sengage-a-connecter-300-millions-de-personnes-a-lelectricite-dici-2030\"]}]},{\"@type\":\"ImageObject\",\"inLanguage\":\"fr-FR\",\"@id\":\"https:\/\/www.africa-press.net\/cotedivoire\/politique\/mission-300-lafrique-sengage-a-connecter-300-millions-de-personnes-a-lelectricite-dici-2030#primaryimage\",\"url\":\"https:\/\/static.africa-press.net\/cote\/sites\/43\/2025\/01\/sm_1738312571.82785.jpg\",\"contentUrl\":\"https:\/\/static.africa-press.net\/cote\/sites\/43\/2025\/01\/sm_1738312571.82785.jpg\",\"width\":1728,\"height\":1151,\"caption\":\"Mission\u202f300 : L\u2019Afrique s\u2019engage \u00e0 connecter 300 millions de personnes \u00e0 l\u2019\u00e9lectricit\u00e9 d\u2019ici 2030\"},{\"@type\":\"BreadcrumbList\",\"@id\":\"https:\/\/www.africa-press.net\/cotedivoire\/politique\/mission-300-lafrique-sengage-a-connecter-300-millions-de-personnes-a-lelectricite-dici-2030#breadcrumb\",\"itemListElement\":[{\"@type\":\"ListItem\",\"position\":1,\"name\":\"Accueil\",\"item\":\"https:\/\/www.africa-press.net\/cotedivoire\/\"},{\"@type\":\"ListItem\",\"position\":2,\"name\":\"Mission\u202f300 : L\u2019Afrique s\u2019engage \u00e0 connecter 300 millions de personnes \u00e0 l\u2019\u00e9lectricit\u00e9 d\u2019ici 2030\"}]},{\"@type\":\"WebSite\",\"@id\":\"https:\/\/www.africa-press.net\/cotedivoire\/#website\",\"url\":\"https:\/\/www.africa-press.net\/cotedivoire\/\",\"name\":\"C\u00f4te d&#039;Ivoire\",\"description\":\"Just another Africa News Agency Sites site\",\"potentialAction\":[{\"@type\":\"SearchAction\",\"target\":{\"@type\":\"EntryPoint\",\"urlTemplate\":\"https:\/\/www.africa-press.net\/cotedivoire\/?s={search_term_string}\"},\"query-input\":{\"@type\":\"PropertyValueSpecification\",\"valueRequired\":true,\"valueName\":\"search_term_string\"}}],\"inLanguage\":\"fr-FR\"},{\"@type\":\"Person\",\"@id\":\"https:\/\/www.africa-press.net\/cotedivoire\/#\/schema\/person\/2b1cf3cd81a31e3cd26889ca66d677f1\",\"name\":\"cfeditorfr\"}]}<\/script>\n<!-- \/ Yoast SEO Premium plugin. -->","yoast_head_json":{"title":"Mission\u202f300 : L\u2019Afrique s\u2019engage \u00e0 connecter 300 millions de personnes \u00e0 l\u2019\u00e9lectricit\u00e9 d\u2019ici 2030 - C\u00f4te d&#039;Ivoire","robots":{"index":"index","follow":"follow","max-snippet":"max-snippet:-1","max-image-preview":"max-image-preview:large","max-video-preview":"max-video-preview:-1"},"canonical":"https:\/\/www.africa-press.net\/cotedivoire\/politique\/mission-300-lafrique-sengage-a-connecter-300-millions-de-personnes-a-lelectricite-dici-2030","og_locale":"fr_FR","og_type":"article","og_title":"Mission\u202f300 : L\u2019Afrique s\u2019engage \u00e0 connecter 300 millions de personnes \u00e0 l\u2019\u00e9lectricit\u00e9 d\u2019ici 2030","og_description":"Africa-Press &#8211; C\u00f4te d&rsquo;Ivoire. Lance\u0301e lors du Sommet africain sur l\u2019e\u0301nergie, organise\u0301 par le gouvernement tanzanien, l\u2019initiative \u201cMission 300\u201d, visant a\u0300 connecter 300 millions de personnes a\u0300 l\u2019e\u0301lectricite\u0301 d\u2019ici 2030, repose sur une collaboration ine\u0301dite entre la Banque africaine de de\u0301veloppement (BAD), la Banque mondiale, et des partenaires mondiaux. Actuellement, pre\u0300s de 600 millions d\u2019Africains [&hellip;]","og_url":"https:\/\/www.africa-press.net\/cotedivoire\/politique\/mission-300-lafrique-sengage-a-connecter-300-millions-de-personnes-a-lelectricite-dici-2030","og_site_name":"C\u00f4te d&#039;Ivoire","article_published_time":"2025-01-31T11:43:22+00:00","author":"cfeditorfr","twitter_card":"summary_large_image","twitter_misc":{"\u00c9crit par":"cfeditorfr","Dur\u00e9e de lecture estim\u00e9e":"2 minutes"},"schema":{"@context":"https:\/\/schema.org","@graph":[{"@type":"Article","@id":"https:\/\/www.africa-press.net\/cotedivoire\/politique\/mission-300-lafrique-sengage-a-connecter-300-millions-de-personnes-a-lelectricite-dici-2030#article","isPartOf":{"@id":"https:\/\/www.africa-press.net\/cotedivoire\/politique\/mission-300-lafrique-sengage-a-connecter-300-millions-de-personnes-a-lelectricite-dici-2030"},"author":{"name":"cfeditorfr","@id":"https:\/\/www.africa-press.net\/cotedivoire\/#\/schema\/person\/2b1cf3cd81a31e3cd26889ca66d677f1"},"headline":"Mission\u202f300 : L\u2019Afrique s\u2019engage \u00e0 connecter 300 millions de personnes \u00e0 l\u2019\u00e9lectricit\u00e9 d\u2019ici 2030","datePublished":"2025-01-31T11:43:22+00:00","mainEntityOfPage":{"@id":"https:\/\/www.africa-press.net\/cotedivoire\/politique\/mission-300-lafrique-sengage-a-connecter-300-millions-de-personnes-a-lelectricite-dici-2030"},"wordCount":323,"commentCount":0,"image":{"@id":"https:\/\/www.africa-press.net\/cotedivoire\/politique\/mission-300-lafrique-sengage-a-connecter-300-millions-de-personnes-a-lelectricite-dici-2030#primaryimage"},"thumbnailUrl":"https:\/\/static.africa-press.net\/cote\/sites\/43\/2025\/01\/sm_1738312571.82785.jpg","keywords":["C\u00f4te d'Ivoire"],"articleSection":["\u00c9conomie","Toutes les actualit\u00e9s"],"inLanguage":"fr-FR","potentialAction":[{"@type":"CommentAction","name":"Comment","target":["https:\/\/www.africa-press.net\/cotedivoire\/politique\/mission-300-lafrique-sengage-a-connecter-300-millions-de-personnes-a-lelectricite-dici-2030#respond"]}]},{"@type":"WebPage","@id":"https:\/\/www.africa-press.net\/cotedivoire\/politique\/mission-300-lafrique-sengage-a-connecter-300-millions-de-personnes-a-lelectricite-dici-2030","url":"https:\/\/www.africa-press.net\/cotedivoire\/politique\/mission-300-lafrique-sengage-a-connecter-300-millions-de-personnes-a-lelectricite-dici-2030","name":"Mission\u202f300 : L\u2019Afrique s\u2019engage \u00e0 connecter 300 millions de personnes \u00e0 l\u2019\u00e9lectricit\u00e9 d\u2019ici 2030 - C\u00f4te d&#039;Ivoire","isPartOf":{"@id":"https:\/\/www.africa-press.net\/cotedivoire\/#website"},"primaryImageOfPage":{"@id":"https:\/\/www.africa-press.net\/cotedivoire\/politique\/mission-300-lafrique-sengage-a-connecter-300-millions-de-personnes-a-lelectricite-dici-2030#primaryimage"},"image":{"@id":"https:\/\/www.africa-press.net\/cotedivoire\/politique\/mission-300-lafrique-sengage-a-connecter-300-millions-de-personnes-a-lelectricite-dici-2030#primaryimage"},"thumbnailUrl":"https:\/\/static.africa-press.net\/cote\/sites\/43\/2025\/01\/sm_1738312571.82785.jpg","datePublished":"2025-01-31T11:43:22+00:00","author":{"@id":"https:\/\/www.africa-press.net\/cotedivoire\/#\/schema\/person\/2b1cf3cd81a31e3cd26889ca66d677f1"},"breadcrumb":{"@id":"https:\/\/www.africa-press.net\/cotedivoire\/politique\/mission-300-lafrique-sengage-a-connecter-300-millions-de-personnes-a-lelectricite-dici-2030#breadcrumb"},"inLanguage":"fr-FR","potentialAction":[{"@type":"ReadAction","target":["https:\/\/www.africa-press.net\/cotedivoire\/politique\/mission-300-lafrique-sengage-a-connecter-300-millions-de-personnes-a-lelectricite-dici-2030"]}]},{"@type":"ImageObject","inLanguage":"fr-FR","@id":"https:\/\/www.africa-press.net\/cotedivoire\/politique\/mission-300-lafrique-sengage-a-connecter-300-millions-de-personnes-a-lelectricite-dici-2030#primaryimage","url":"https:\/\/static.africa-press.net\/cote\/sites\/43\/2025\/01\/sm_1738312571.82785.jpg","contentUrl":"https:\/\/static.africa-press.net\/cote\/sites\/43\/2025\/01\/sm_1738312571.82785.jpg","width":1728,"height":1151,"caption":"Mission\u202f300 : L\u2019Afrique s\u2019engage \u00e0 connecter 300 millions de personnes \u00e0 l\u2019\u00e9lectricit\u00e9 d\u2019ici 2030"},{"@type":"BreadcrumbList","@id":"https:\/\/www.africa-press.net\/cotedivoire\/politique\/mission-300-lafrique-sengage-a-connecter-300-millions-de-personnes-a-lelectricite-dici-2030#breadcrumb","itemListElement":[{"@type":"ListItem","position":1,"name":"Accueil","item":"https:\/\/www.africa-press.net\/cotedivoire\/"},{"@type":"ListItem","position":2,"name":"Mission\u202f300 : L\u2019Afrique s\u2019engage \u00e0 connecter 300 millions de personnes \u00e0 l\u2019\u00e9lectricit\u00e9 d\u2019ici 2030"}]},{"@type":"WebSite","@id":"https:\/\/www.africa-press.net\/cotedivoire\/#website","url":"https:\/\/www.africa-press.net\/cotedivoire\/","name":"C\u00f4te d&#039;Ivoire","description":"Just another Africa News Agency Sites site","potentialAction":[{"@type":"SearchAction","target":{"@type":"EntryPoint","urlTemplate":"https:\/\/www.africa-press.net\/cotedivoire\/?s={search_term_string}"},"query-input":{"@type":"PropertyValueSpecification","valueRequired":true,"valueName":"search_term_string"}}],"inLanguage":"fr-FR"},{"@type":"Person","@id":"https:\/\/www.africa-press.net\/cotedivoire\/#\/schema\/person\/2b1cf3cd81a31e3cd26889ca66d677f1","name":"cfeditorfr"}]}},"_links":{"self":[{"href":"https:\/\/www.africa-press.net\/cotedivoire\/wp-json\/wp\/v2\/posts\/94514","targetHints":{"allow":["GET"]}}],"collection":[{"href":"https:\/\/www.africa-press.net\/cotedivoire\/wp-json\/wp\/v2\/posts"}],"about":[{"href":"https:\/\/www.africa-press.net\/cotedivoire\/wp-json\/wp\/v2\/types\/post"}],"author":[{"embeddable":true,"href":"https:\/\/www.africa-press.net\/cotedivoire\/wp-json\/wp\/v2\/users\/82"}],"replies":[{"embeddable":true,"href":"https:\/\/www.africa-press.net\/cotedivoire\/wp-json\/wp\/v2\/comments?post=94514"}],"version-history":[{"count":0,"href":"https:\/\/www.africa-press.net\/cotedivoire\/wp-json\/wp\/v2\/posts\/94514\/revisions"}],"wp:featuredmedia":[{"embeddable":true,"href":"https:\/\/www.africa-press.net\/cotedivoire\/wp-json\/wp\/v2\/media\/94513"}],"wp:attachment":[{"href":"https:\/\/www.africa-press.net\/cotedivoire\/wp-json\/wp\/v2\/media?parent=94514"}],"wp:term":[{"taxonomy":"category","embeddable":true,"href":"https:\/\/www.africa-press.net\/cotedivoire\/wp-json\/wp\/v2\/categories?post=94514"},{"taxonomy":"post_tag","embeddable":true,"href":"https:\/\/www.africa-press.net\/cotedivoire\/wp-json\/wp\/v2\/tags?post=94514"}],"curies":[{"name":"wp","href":"https:\/\/api.w.org\/{rel}","templated":true}]}}