{"id":94532,"date":"2025-01-31T18:03:17","date_gmt":"2025-01-31T18:03:17","guid":{"rendered":"https:\/\/www.africa-press.net\/cotedivoire\/politique\/tensions-autour-du-marche-gouro-dadjame-roxy-le-dg-de-la-fenacci-exige-le-remboursement-des-commercants-souscripteurs-2"},"modified":"2025-01-31T18:03:17","modified_gmt":"2025-01-31T18:03:17","slug":"tensions-autour-du-marche-gouro-dadjame-roxy-le-dg-de-la-fenacci-exige-le-remboursement-des-commercants-souscripteurs-2","status":"publish","type":"post","link":"https:\/\/www.africa-press.net\/cotedivoire\/toutes-les-actualites\/tensions-autour-du-marche-gouro-dadjame-roxy-le-dg-de-la-fenacci-exige-le-remboursement-des-commercants-souscripteurs-2","title":{"rendered":"Tensions autour du march\u00e9 Gouro d&rsquo;Adjam\u00e9-Roxy, le DG de la FENACCI exige le remboursement des commer\u00e7ants souscripteurs"},"content":{"rendered":"<p><span style=\"color: #ff6600\"><strong>Africa-Press &#8211; C\u00f4te d&rsquo;Ivoire. <\/strong><\/span>Le Directeur ge\u0301ne\u0301ral de la FENACCI, Karim Sanogo, est intervenu ce matin pour apporter des e\u0301claircissements sur les tensions re\u0301centes concernant le marche\u0301 Gouro d&rsquo;Adjame\u0301. Ces tensions ont culmine\u0301 en altercations sur le site, ou\u0300 des femmes commerc\u0327antes, membres de la Coope\u0301rative du marche\u0301 Gouro d&rsquo;Adjame\u0301 (COMAGOA) se sont rendues pour protester contre le retard dans la re\u0301alisation du projet et exiger le remboursement de leurs fonds.<\/p>\n<p>Le marche\u0301, initialement pre\u0301vu pour e\u0302tre livre\u0301 en janvier 2024, est toujours en chantier un an plus tard, ce qui a provoque\u0301 des frustrations parmi les commerc\u0327ants ayant souscrit au projet.<\/p>\n<p>\u00ab Nous avons soutenu ce projet de\u0300s le de\u0301but, aidant a\u0300 mobiliser des ressources importantes pour sa re\u0301alisation. Mais un an apre\u0300s la date promise, l&rsquo;avance\u0301e des travaux est loin de correspondre aux attentes \u00bb, a de\u0301clare\u0301 Karim Sanogo.<\/p>\n<p>Le DG de la FENACCI a explique\u0301 que le projet avait de\u0301bute\u0301 en janvier 2022, lorsque le de\u0301pute\u0301-maire de la commune d&rsquo;Adjame\u0301, Soumahoro Farikou, avait e\u0301te\u0301 sollicite\u0301 en tant que parrain de la pose de la premie\u0300re pierre du marche\u0301.<\/p>\n<p>La FENACCI s\u2019e\u0301tait alors engage\u0301e pleinement, mettant ses locaux a\u0300 disposition pour la commercialisation du projet et soutenant activement la collecte de fonds. Cependant, apre\u0300s un an d&rsquo;attente, les commerc\u0327ants sont de plus en plus nombreux a\u0300 re\u0301clamer des re\u0301ponses concre\u0300tes.<\/p>\n<p>Les tensions sont monte\u0301es le 18 janvier, avec des altercations sur le site du marche\u0301 entre des membres de la COMAGOA et le promoteur du projet.<\/p>\n<p>\u00ab Plusieurs femmes membres de la COMAGOA, accompagne\u0301es d&rsquo;autres commerc\u0327antes ayant souscrit, ont envahi le site pour exiger l&rsquo;arre\u0302t des travaux et la restitution de leurs investissements \u00bb, a explique\u0301 Sanogo.<\/p>\n<p>Selon le DG, cette situation a e\u0301te\u0301 exacerbe\u0301e par la re\u0301siliation de la convention entre la COMAGOA et le promoteur du projet en octobre 2024, ce qui a rendu la situation encore plus complexe.<\/p>\n<p>Le dossier du marche\u0301 Gouro d&rsquo;Adjame\u0301-Roxy est devenu une affaire de plus en plus proble\u0301matique pour la FENACCI, qui se retrouve en premie\u0300re ligne dans la de\u0301fense des inte\u0301re\u0302ts des commerc\u0327ants.<\/p>\n<p>\u00ab Nous avons un devoir envers nos membres. Nous ne pouvons pas rester silencieux alors que nos commerc\u0327ants re\u0301clament leur argent \u00bb, a affirme\u0301 le DG.<\/p>\n<p>Il a e\u0301galement souligne\u0301 que, malgre\u0301 les promesses de DIPIMO, l\u2019argent destine\u0301 au projet semble avoir e\u0301te\u0301 mal ge\u0301re\u0301. Le changement fre\u0301quent de partenaires financiers et les anomalies dans le compte bancaire ont, selon lui, renforce\u0301 les doutes sur la cre\u0301dibilite\u0301 du promoteur.<\/p>\n<p>A\u0300 ce jour, nombreux sont ceux qui ont de\u0301ja\u0300 paye\u0301 la totalite\u0301 de leur part pour des e\u0301tables, des box ou des latrines, mais n&rsquo;ont toujours rien rec\u0327u en retour.<\/p>\n<p>\u00ab Le dossier doit de\u0301sormais e\u0302tre pris au se\u0301rieux. Nous exigeons que les commerc\u0327ants soient rembourse\u0301s, conforme\u0301ment a\u0300 leurs droits. Ce projet doit aboutir dans les meilleures conditions pour nos membres \u00bb, a insiste\u0301 Karim Sanogo.<\/p>\n<p>La situation a e\u0301galement pris un tour plus dramatique ce matin, lorsqu\u2019une foule de commerc\u0327antes en cole\u0300re a du\u0302 e\u0302tre mai\u0302trise\u0301e par la police apre\u0300s avoir envahi le site.<\/p>\n<p>La FENACCI, qui a re\u0301agi rapidement en informant les autorite\u0301s, a tente\u0301 de calmer les esprits et e\u0301viter une escalade de violence.<\/p>\n<p>\u00ab Nous avons tout mis en \u0153uvre pour apaiser les tensions, mais la situation est intenable. Les commerc\u0327ants me\u0301ritent des re\u0301ponses et des solutions \u00bb, a souligne\u0301, le DG de la FENACCI.<\/p>\n<p>\u00ab\u00a0La FENACCI reste engage\u0301e dans la de\u0301fense des inte\u0301re\u0302ts de ses membres et continuera de se battre pour que les commerc\u0327ants souscripteurs au projet du marche\u0301 Gouro d&rsquo;Adjame\u0301 soient rembourse\u0301s dans les plus brefs de\u0301lais\u00a0\u00bb, a conclu, Karim Sanogo.<\/p>\n<p><strong>Pour plus d&rsquo;informations et d&rsquo;analyses sur la <span style=\"color: #ff6600\">C\u00f4te d&rsquo;Ivoire<\/span>, suivez <span style=\"color: #ff6600\">Africa-Press<span style=\"color: #ff6600\"><\/span><\/strong><\/p>\n","protected":false},"excerpt":{"rendered":"<p>Africa-Press &#8211; C\u00f4te d&rsquo;Ivoire. Le Directeur ge\u0301ne\u0301ral de la FENACCI, Karim Sanogo, est intervenu ce matin pour apporter des e\u0301claircissements sur les tensions re\u0301centes concernant le marche\u0301 Gouro d&rsquo;Adjame\u0301. Ces tensions ont culmine\u0301 en altercations sur le site, ou\u0300 des femmes commerc\u0327antes, membres de la Coope\u0301rative du marche\u0301 Gouro d&rsquo;Adjame\u0301 (COMAGOA) se sont rendues pour [&hellip;]<\/p>\n","protected":false},"author":82,"featured_media":94531,"comment_status":"open","ping_status":"closed","sticky":false,"template":"","format":"standard","meta":{"footnotes":""},"categories":[21,10],"tags":[418,1525,37,664,16492,16580,534,746,10555,3734],"class_list":["post-94532","post","type-post","status-publish","format-standard","has-post-thumbnail","hentry","category-communaute","category-toutes-les-actualites","tag-adjame","tag-commercants","tag-cote-divoire-2","tag-fenacci","tag-gouro","tag-karim-sanogo","tag-marche","tag-remboursement","tag-souscripteurs","tag-tensions"],"yoast_head":"<!-- This site is optimized with the Yoast SEO Premium plugin v26.1 (Yoast SEO v27.0) - https:\/\/yoast.com\/product\/yoast-seo-premium-wordpress\/ -->\n<title>Tensions autour du march\u00e9 Gouro d&#039;Adjam\u00e9-Roxy, le DG de la FENACCI exige le remboursement des commer\u00e7ants souscripteurs - C\u00f4te d&#039;Ivoire<\/title>\n<meta name=\"robots\" content=\"index, follow, max-snippet:-1, max-image-preview:large, max-video-preview:-1\" \/>\n<link rel=\"canonical\" href=\"https:\/\/www.africa-press.net\/cotedivoire\/politique\/tensions-autour-du-marche-gouro-dadjame-roxy-le-dg-de-la-fenacci-exige-le-remboursement-des-commercants-souscripteurs-2\" \/>\n<meta property=\"og:locale\" content=\"fr_FR\" \/>\n<meta property=\"og:type\" content=\"article\" \/>\n<meta property=\"og:title\" content=\"Tensions autour du march\u00e9 Gouro d&#039;Adjam\u00e9-Roxy, le DG de la FENACCI exige le remboursement des commer\u00e7ants souscripteurs\" \/>\n<meta property=\"og:description\" content=\"Africa-Press &#8211; C\u00f4te d&rsquo;Ivoire. Le Directeur ge\u0301ne\u0301ral de la FENACCI, Karim Sanogo, est intervenu ce matin pour apporter des e\u0301claircissements sur les tensions re\u0301centes concernant le marche\u0301 Gouro d&rsquo;Adjame\u0301. Ces tensions ont culmine\u0301 en altercations sur le site, ou\u0300 des femmes commerc\u0327antes, membres de la Coope\u0301rative du marche\u0301 Gouro d&rsquo;Adjame\u0301 (COMAGOA) se sont rendues pour [&hellip;]\" \/>\n<meta property=\"og:url\" content=\"https:\/\/www.africa-press.net\/cotedivoire\/politique\/tensions-autour-du-marche-gouro-dadjame-roxy-le-dg-de-la-fenacci-exige-le-remboursement-des-commercants-souscripteurs-2\" \/>\n<meta property=\"og:site_name\" content=\"C\u00f4te d&#039;Ivoire\" \/>\n<meta property=\"article:published_time\" content=\"2025-01-31T18:03:17+00:00\" \/>\n<meta name=\"author\" content=\"cfeditorfr\" \/>\n<meta name=\"twitter:card\" content=\"summary_large_image\" \/>\n<meta name=\"twitter:label1\" content=\"\u00c9crit par\" \/>\n\t<meta name=\"twitter:data1\" content=\"cfeditorfr\" \/>\n\t<meta name=\"twitter:label2\" content=\"Dur\u00e9e de lecture estim\u00e9e\" \/>\n\t<meta name=\"twitter:data2\" content=\"3 minutes\" \/>\n<script type=\"application\/ld+json\" class=\"yoast-schema-graph\">{\"@context\":\"https:\/\/schema.org\",\"@graph\":[{\"@type\":\"Article\",\"@id\":\"https:\/\/www.africa-press.net\/cotedivoire\/politique\/tensions-autour-du-marche-gouro-dadjame-roxy-le-dg-de-la-fenacci-exige-le-remboursement-des-commercants-souscripteurs-2#article\",\"isPartOf\":{\"@id\":\"https:\/\/www.africa-press.net\/cotedivoire\/politique\/tensions-autour-du-marche-gouro-dadjame-roxy-le-dg-de-la-fenacci-exige-le-remboursement-des-commercants-souscripteurs-2\"},\"author\":{\"name\":\"cfeditorfr\",\"@id\":\"https:\/\/www.africa-press.net\/cotedivoire\/#\/schema\/person\/2b1cf3cd81a31e3cd26889ca66d677f1\"},\"headline\":\"Tensions autour du march\u00e9 Gouro d&rsquo;Adjam\u00e9-Roxy, le DG de la FENACCI exige le remboursement des commer\u00e7ants souscripteurs\",\"datePublished\":\"2025-01-31T18:03:17+00:00\",\"mainEntityOfPage\":{\"@id\":\"https:\/\/www.africa-press.net\/cotedivoire\/politique\/tensions-autour-du-marche-gouro-dadjame-roxy-le-dg-de-la-fenacci-exige-le-remboursement-des-commercants-souscripteurs-2\"},\"wordCount\":715,\"commentCount\":0,\"image\":{\"@id\":\"https:\/\/www.africa-press.net\/cotedivoire\/politique\/tensions-autour-du-marche-gouro-dadjame-roxy-le-dg-de-la-fenacci-exige-le-remboursement-des-commercants-souscripteurs-2#primaryimage\"},\"thumbnailUrl\":\"https:\/\/static.africa-press.net\/cote\/sites\/43\/2025\/01\/sm_1738334456.25334.jpg\",\"keywords\":[\"Adjam\u00e9\",\"commer\u00e7ants\",\"C\u00f4te d'Ivoire\",\"FENACCI\",\"Gouro\",\"Karim Sanogo\",\"march\u00e9\",\"remboursement\",\"souscripteurs\",\"tensions\"],\"articleSection\":[\"Communaut\u00e9\",\"Toutes les actualit\u00e9s\"],\"inLanguage\":\"fr-FR\",\"potentialAction\":[{\"@type\":\"CommentAction\",\"name\":\"Comment\",\"target\":[\"https:\/\/www.africa-press.net\/cotedivoire\/politique\/tensions-autour-du-marche-gouro-dadjame-roxy-le-dg-de-la-fenacci-exige-le-remboursement-des-commercants-souscripteurs-2#respond\"]}]},{\"@type\":\"WebPage\",\"@id\":\"https:\/\/www.africa-press.net\/cotedivoire\/politique\/tensions-autour-du-marche-gouro-dadjame-roxy-le-dg-de-la-fenacci-exige-le-remboursement-des-commercants-souscripteurs-2\",\"url\":\"https:\/\/www.africa-press.net\/cotedivoire\/politique\/tensions-autour-du-marche-gouro-dadjame-roxy-le-dg-de-la-fenacci-exige-le-remboursement-des-commercants-souscripteurs-2\",\"name\":\"Tensions autour du march\u00e9 Gouro d'Adjam\u00e9-Roxy, le DG de la FENACCI exige le remboursement des commer\u00e7ants souscripteurs - C\u00f4te d&#039;Ivoire\",\"isPartOf\":{\"@id\":\"https:\/\/www.africa-press.net\/cotedivoire\/#website\"},\"primaryImageOfPage\":{\"@id\":\"https:\/\/www.africa-press.net\/cotedivoire\/politique\/tensions-autour-du-marche-gouro-dadjame-roxy-le-dg-de-la-fenacci-exige-le-remboursement-des-commercants-souscripteurs-2#primaryimage\"},\"image\":{\"@id\":\"https:\/\/www.africa-press.net\/cotedivoire\/politique\/tensions-autour-du-marche-gouro-dadjame-roxy-le-dg-de-la-fenacci-exige-le-remboursement-des-commercants-souscripteurs-2#primaryimage\"},\"thumbnailUrl\":\"https:\/\/static.africa-press.net\/cote\/sites\/43\/2025\/01\/sm_1738334456.25334.jpg\",\"datePublished\":\"2025-01-31T18:03:17+00:00\",\"author\":{\"@id\":\"https:\/\/www.africa-press.net\/cotedivoire\/#\/schema\/person\/2b1cf3cd81a31e3cd26889ca66d677f1\"},\"breadcrumb\":{\"@id\":\"https:\/\/www.africa-press.net\/cotedivoire\/politique\/tensions-autour-du-marche-gouro-dadjame-roxy-le-dg-de-la-fenacci-exige-le-remboursement-des-commercants-souscripteurs-2#breadcrumb\"},\"inLanguage\":\"fr-FR\",\"potentialAction\":[{\"@type\":\"ReadAction\",\"target\":[\"https:\/\/www.africa-press.net\/cotedivoire\/politique\/tensions-autour-du-marche-gouro-dadjame-roxy-le-dg-de-la-fenacci-exige-le-remboursement-des-commercants-souscripteurs-2\"]}]},{\"@type\":\"ImageObject\",\"inLanguage\":\"fr-FR\",\"@id\":\"https:\/\/www.africa-press.net\/cotedivoire\/politique\/tensions-autour-du-marche-gouro-dadjame-roxy-le-dg-de-la-fenacci-exige-le-remboursement-des-commercants-souscripteurs-2#primaryimage\",\"url\":\"https:\/\/static.africa-press.net\/cote\/sites\/43\/2025\/01\/sm_1738334456.25334.jpg\",\"contentUrl\":\"https:\/\/static.africa-press.net\/cote\/sites\/43\/2025\/01\/sm_1738334456.25334.jpg\",\"width\":720,\"height\":540,\"caption\":\"Tensions autour du march\u00e9 Gouro d'Adjam\u00e9-Roxy, le DG de la FENACCI exige le remboursement des commer\u00e7ants souscripteurs\"},{\"@type\":\"BreadcrumbList\",\"@id\":\"https:\/\/www.africa-press.net\/cotedivoire\/politique\/tensions-autour-du-marche-gouro-dadjame-roxy-le-dg-de-la-fenacci-exige-le-remboursement-des-commercants-souscripteurs-2#breadcrumb\",\"itemListElement\":[{\"@type\":\"ListItem\",\"position\":1,\"name\":\"Accueil\",\"item\":\"https:\/\/www.africa-press.net\/cotedivoire\/\"},{\"@type\":\"ListItem\",\"position\":2,\"name\":\"Tensions autour du march\u00e9 Gouro d&rsquo;Adjam\u00e9-Roxy, le DG de la FENACCI exige le remboursement des commer\u00e7ants souscripteurs\"}]},{\"@type\":\"WebSite\",\"@id\":\"https:\/\/www.africa-press.net\/cotedivoire\/#website\",\"url\":\"https:\/\/www.africa-press.net\/cotedivoire\/\",\"name\":\"C\u00f4te d&#039;Ivoire\",\"description\":\"Just another Africa News Agency Sites site\",\"potentialAction\":[{\"@type\":\"SearchAction\",\"target\":{\"@type\":\"EntryPoint\",\"urlTemplate\":\"https:\/\/www.africa-press.net\/cotedivoire\/?s={search_term_string}\"},\"query-input\":{\"@type\":\"PropertyValueSpecification\",\"valueRequired\":true,\"valueName\":\"search_term_string\"}}],\"inLanguage\":\"fr-FR\"},{\"@type\":\"Person\",\"@id\":\"https:\/\/www.africa-press.net\/cotedivoire\/#\/schema\/person\/2b1cf3cd81a31e3cd26889ca66d677f1\",\"name\":\"cfeditorfr\"}]}<\/script>\n<!-- \/ Yoast SEO Premium plugin. -->","yoast_head_json":{"title":"Tensions autour du march\u00e9 Gouro d'Adjam\u00e9-Roxy, le DG de la FENACCI exige le remboursement des commer\u00e7ants souscripteurs - C\u00f4te d&#039;Ivoire","robots":{"index":"index","follow":"follow","max-snippet":"max-snippet:-1","max-image-preview":"max-image-preview:large","max-video-preview":"max-video-preview:-1"},"canonical":"https:\/\/www.africa-press.net\/cotedivoire\/politique\/tensions-autour-du-marche-gouro-dadjame-roxy-le-dg-de-la-fenacci-exige-le-remboursement-des-commercants-souscripteurs-2","og_locale":"fr_FR","og_type":"article","og_title":"Tensions autour du march\u00e9 Gouro d'Adjam\u00e9-Roxy, le DG de la FENACCI exige le remboursement des commer\u00e7ants souscripteurs","og_description":"Africa-Press &#8211; C\u00f4te d&rsquo;Ivoire. Le Directeur ge\u0301ne\u0301ral de la FENACCI, Karim Sanogo, est intervenu ce matin pour apporter des e\u0301claircissements sur les tensions re\u0301centes concernant le marche\u0301 Gouro d&rsquo;Adjame\u0301. Ces tensions ont culmine\u0301 en altercations sur le site, ou\u0300 des femmes commerc\u0327antes, membres de la Coope\u0301rative du marche\u0301 Gouro d&rsquo;Adjame\u0301 (COMAGOA) se sont rendues pour [&hellip;]","og_url":"https:\/\/www.africa-press.net\/cotedivoire\/politique\/tensions-autour-du-marche-gouro-dadjame-roxy-le-dg-de-la-fenacci-exige-le-remboursement-des-commercants-souscripteurs-2","og_site_name":"C\u00f4te d&#039;Ivoire","article_published_time":"2025-01-31T18:03:17+00:00","author":"cfeditorfr","twitter_card":"summary_large_image","twitter_misc":{"\u00c9crit par":"cfeditorfr","Dur\u00e9e de lecture estim\u00e9e":"3 minutes"},"schema":{"@context":"https:\/\/schema.org","@graph":[{"@type":"Article","@id":"https:\/\/www.africa-press.net\/cotedivoire\/politique\/tensions-autour-du-marche-gouro-dadjame-roxy-le-dg-de-la-fenacci-exige-le-remboursement-des-commercants-souscripteurs-2#article","isPartOf":{"@id":"https:\/\/www.africa-press.net\/cotedivoire\/politique\/tensions-autour-du-marche-gouro-dadjame-roxy-le-dg-de-la-fenacci-exige-le-remboursement-des-commercants-souscripteurs-2"},"author":{"name":"cfeditorfr","@id":"https:\/\/www.africa-press.net\/cotedivoire\/#\/schema\/person\/2b1cf3cd81a31e3cd26889ca66d677f1"},"headline":"Tensions autour du march\u00e9 Gouro d&rsquo;Adjam\u00e9-Roxy, le DG de la FENACCI exige le remboursement des commer\u00e7ants souscripteurs","datePublished":"2025-01-31T18:03:17+00:00","mainEntityOfPage":{"@id":"https:\/\/www.africa-press.net\/cotedivoire\/politique\/tensions-autour-du-marche-gouro-dadjame-roxy-le-dg-de-la-fenacci-exige-le-remboursement-des-commercants-souscripteurs-2"},"wordCount":715,"commentCount":0,"image":{"@id":"https:\/\/www.africa-press.net\/cotedivoire\/politique\/tensions-autour-du-marche-gouro-dadjame-roxy-le-dg-de-la-fenacci-exige-le-remboursement-des-commercants-souscripteurs-2#primaryimage"},"thumbnailUrl":"https:\/\/static.africa-press.net\/cote\/sites\/43\/2025\/01\/sm_1738334456.25334.jpg","keywords":["Adjam\u00e9","commer\u00e7ants","C\u00f4te d'Ivoire","FENACCI","Gouro","Karim Sanogo","march\u00e9","remboursement","souscripteurs","tensions"],"articleSection":["Communaut\u00e9","Toutes les actualit\u00e9s"],"inLanguage":"fr-FR","potentialAction":[{"@type":"CommentAction","name":"Comment","target":["https:\/\/www.africa-press.net\/cotedivoire\/politique\/tensions-autour-du-marche-gouro-dadjame-roxy-le-dg-de-la-fenacci-exige-le-remboursement-des-commercants-souscripteurs-2#respond"]}]},{"@type":"WebPage","@id":"https:\/\/www.africa-press.net\/cotedivoire\/politique\/tensions-autour-du-marche-gouro-dadjame-roxy-le-dg-de-la-fenacci-exige-le-remboursement-des-commercants-souscripteurs-2","url":"https:\/\/www.africa-press.net\/cotedivoire\/politique\/tensions-autour-du-marche-gouro-dadjame-roxy-le-dg-de-la-fenacci-exige-le-remboursement-des-commercants-souscripteurs-2","name":"Tensions autour du march\u00e9 Gouro d'Adjam\u00e9-Roxy, le DG de la FENACCI exige le remboursement des commer\u00e7ants souscripteurs - C\u00f4te d&#039;Ivoire","isPartOf":{"@id":"https:\/\/www.africa-press.net\/cotedivoire\/#website"},"primaryImageOfPage":{"@id":"https:\/\/www.africa-press.net\/cotedivoire\/politique\/tensions-autour-du-marche-gouro-dadjame-roxy-le-dg-de-la-fenacci-exige-le-remboursement-des-commercants-souscripteurs-2#primaryimage"},"image":{"@id":"https:\/\/www.africa-press.net\/cotedivoire\/politique\/tensions-autour-du-marche-gouro-dadjame-roxy-le-dg-de-la-fenacci-exige-le-remboursement-des-commercants-souscripteurs-2#primaryimage"},"thumbnailUrl":"https:\/\/static.africa-press.net\/cote\/sites\/43\/2025\/01\/sm_1738334456.25334.jpg","datePublished":"2025-01-31T18:03:17+00:00","author":{"@id":"https:\/\/www.africa-press.net\/cotedivoire\/#\/schema\/person\/2b1cf3cd81a31e3cd26889ca66d677f1"},"breadcrumb":{"@id":"https:\/\/www.africa-press.net\/cotedivoire\/politique\/tensions-autour-du-marche-gouro-dadjame-roxy-le-dg-de-la-fenacci-exige-le-remboursement-des-commercants-souscripteurs-2#breadcrumb"},"inLanguage":"fr-FR","potentialAction":[{"@type":"ReadAction","target":["https:\/\/www.africa-press.net\/cotedivoire\/politique\/tensions-autour-du-marche-gouro-dadjame-roxy-le-dg-de-la-fenacci-exige-le-remboursement-des-commercants-souscripteurs-2"]}]},{"@type":"ImageObject","inLanguage":"fr-FR","@id":"https:\/\/www.africa-press.net\/cotedivoire\/politique\/tensions-autour-du-marche-gouro-dadjame-roxy-le-dg-de-la-fenacci-exige-le-remboursement-des-commercants-souscripteurs-2#primaryimage","url":"https:\/\/static.africa-press.net\/cote\/sites\/43\/2025\/01\/sm_1738334456.25334.jpg","contentUrl":"https:\/\/static.africa-press.net\/cote\/sites\/43\/2025\/01\/sm_1738334456.25334.jpg","width":720,"height":540,"caption":"Tensions autour du march\u00e9 Gouro d'Adjam\u00e9-Roxy, le DG de la FENACCI exige le remboursement des commer\u00e7ants souscripteurs"},{"@type":"BreadcrumbList","@id":"https:\/\/www.africa-press.net\/cotedivoire\/politique\/tensions-autour-du-marche-gouro-dadjame-roxy-le-dg-de-la-fenacci-exige-le-remboursement-des-commercants-souscripteurs-2#breadcrumb","itemListElement":[{"@type":"ListItem","position":1,"name":"Accueil","item":"https:\/\/www.africa-press.net\/cotedivoire\/"},{"@type":"ListItem","position":2,"name":"Tensions autour du march\u00e9 Gouro d&rsquo;Adjam\u00e9-Roxy, le DG de la FENACCI exige le remboursement des commer\u00e7ants souscripteurs"}]},{"@type":"WebSite","@id":"https:\/\/www.africa-press.net\/cotedivoire\/#website","url":"https:\/\/www.africa-press.net\/cotedivoire\/","name":"C\u00f4te d&#039;Ivoire","description":"Just another Africa News Agency Sites site","potentialAction":[{"@type":"SearchAction","target":{"@type":"EntryPoint","urlTemplate":"https:\/\/www.africa-press.net\/cotedivoire\/?s={search_term_string}"},"query-input":{"@type":"PropertyValueSpecification","valueRequired":true,"valueName":"search_term_string"}}],"inLanguage":"fr-FR"},{"@type":"Person","@id":"https:\/\/www.africa-press.net\/cotedivoire\/#\/schema\/person\/2b1cf3cd81a31e3cd26889ca66d677f1","name":"cfeditorfr"}]}},"_links":{"self":[{"href":"https:\/\/www.africa-press.net\/cotedivoire\/wp-json\/wp\/v2\/posts\/94532","targetHints":{"allow":["GET"]}}],"collection":[{"href":"https:\/\/www.africa-press.net\/cotedivoire\/wp-json\/wp\/v2\/posts"}],"about":[{"href":"https:\/\/www.africa-press.net\/cotedivoire\/wp-json\/wp\/v2\/types\/post"}],"author":[{"embeddable":true,"href":"https:\/\/www.africa-press.net\/cotedivoire\/wp-json\/wp\/v2\/users\/82"}],"replies":[{"embeddable":true,"href":"https:\/\/www.africa-press.net\/cotedivoire\/wp-json\/wp\/v2\/comments?post=94532"}],"version-history":[{"count":0,"href":"https:\/\/www.africa-press.net\/cotedivoire\/wp-json\/wp\/v2\/posts\/94532\/revisions"}],"wp:featuredmedia":[{"embeddable":true,"href":"https:\/\/www.africa-press.net\/cotedivoire\/wp-json\/wp\/v2\/media\/94531"}],"wp:attachment":[{"href":"https:\/\/www.africa-press.net\/cotedivoire\/wp-json\/wp\/v2\/media?parent=94532"}],"wp:term":[{"taxonomy":"category","embeddable":true,"href":"https:\/\/www.africa-press.net\/cotedivoire\/wp-json\/wp\/v2\/categories?post=94532"},{"taxonomy":"post_tag","embeddable":true,"href":"https:\/\/www.africa-press.net\/cotedivoire\/wp-json\/wp\/v2\/tags?post=94532"}],"curies":[{"name":"wp","href":"https:\/\/api.w.org\/{rel}","templated":true}]}}