{"id":94540,"date":"2025-01-31T17:06:55","date_gmt":"2025-01-31T17:06:55","guid":{"rendered":"https:\/\/www.africa-press.net\/cotedivoire\/politique\/quelle-est-la-couleur-de-lunivers"},"modified":"2025-01-31T17:06:55","modified_gmt":"2025-01-31T17:06:55","slug":"quelle-est-la-couleur-de-lunivers","status":"publish","type":"post","link":"https:\/\/www.africa-press.net\/cotedivoire\/toutes-les-actualites\/quelle-est-la-couleur-de-lunivers","title":{"rendered":"Quelle est la couleur de l&rsquo;Univers ?"},"content":{"rendered":"<p><span style=\"color: #ff6600\"><strong>Africa-Press &#8211; C\u00f4te d&rsquo;Ivoire. <\/strong><\/span>Quelle est la couleur de l&rsquo;Univers ?\u00a0\u00bb, nous demande Konate Ibrahim sur notre page Facebook. C&rsquo;est notre Question de la semaine. Merci a\u0300 toutes et tous pour votre participation.<\/p>\n<p>Quelle est la couleur de l&rsquo;Univers, ou plus pre\u0301cise\u0301ment, si la lumie\u0300re des milliards de galaxies peuplant notre Univers e\u0301tait e\u0301tale\u0301e sur l&rsquo;ensemble de la vou\u0302te ce\u0301leste, a\u0300 quoi ressemblerait le me\u0301lange ? La re\u0301ponse est&#8230; beige clair ! C&rsquo;est la conclusion e\u0301tonnante apporte\u0301e en 2002 par une e\u0301quipe d\u2019astronomes, dirige\u0301e par Karl Glazebrook et Ivan Baldry de la Johns Hopkins University (Etats-Unis), dans la revue The Astrophysical Journal. Selon cette e\u0301tude, la couleur de l\u2019Univers est une teinte le\u0301ge\u0300rement beige qu&rsquo;ils ont baptise\u0301 \u00ab\u00a0cosmic latte\u00a0\u00bb (en re\u0301fe\u0301rence a\u0300 la teinte du cafe\u0301 au lait).<\/p>\n<p><img loading=\"lazy\" decoding=\"async\" width=\"185\" height=\"185\" class=\"alignnone wp-image-94538 size-full\" src=\"https:\/\/static.africa-press.net\/cote\/sites\/43\/2025\/01\/sm_1738334646.559606.jpg\" srcset=\"https:\/\/static.africa-press.net\/cote\/sites\/43\/2025\/01\/sm_1738334646.559606.jpg 185w, https:\/\/static.africa-press.net\/cote\/sites\/43\/2025\/01\/sm_1738334646.559606-150x150.jpg 150w\" sizes=\"auto, (max-width: 185px) 100vw, 185px\" \/><br \/>\n<b>Des e\u0301toiles bleues ou rouges selon leur a\u0302ge<\/b><\/p>\n<p>Pour de\u0301terminer cette couleur, les chercheurs ont analyse\u0301 la lumie\u0300re de 200.000 galaxies dans le cadre d&rsquo;un vaste projet de recherche nomme\u0301 \u00ab\u00a02dF Galaxy Redshift Survey\u00a0\u00bb. Celui-ci visait a\u0300 comprendre la distribution et l\u2019e\u0301volution des galaxies, mais il a aussi permis de calculer une couleur moyenne en combinant la lumie\u0300re e\u0301mise par toutes ces galaxies. En effet, les galaxies e\u0301mettent un spectre lumineux riche en longueurs d\u2019onde, re\u0301sultant du rayonnement des e\u0301toiles qu\u2019elles contiennent. Certaines e\u0301toiles sont bleues (jeunes et chaudes), d\u2019autres rouges (vieilles et froides).<\/p>\n<p><b>Une couleur que nos yeux ne peuvent pas voir<\/b><\/p>\n<p>A\u0300 l\u2019e\u0301poque ou\u0300 les premie\u0300res e\u0301toiles se sont forme\u0301es, l\u2019Univers e\u0301tait domine\u0301 par des e\u0301toiles massives et chaudes e\u0301mettant principalement de la lumie\u0300re bleue. Mais au fil des milliards d\u2019anne\u0301es, ces e\u0301toiles ont vieilli et ont e\u0301te\u0301 remplace\u0301es par des e\u0301toiles plus froides, e\u0301mettant une lumie\u0300re rouge-orange\u0301e. Le me\u0301lange de ces couleurs produit ainsi cette teinte beige. De manie\u0300re tout a\u0300 fait insolite, les chercheurs ont d&rsquo;abord conclu de leurs travaux que l&rsquo;Univers e\u0301tait de couleur turquoise ! Une erreur tout simplement cause\u0301e par un bug dans leur logiciel pour convertir le spectre cosmique en la couleur que l&rsquo;\u0153il humain verrait s&rsquo;il y e\u0301tait expose\u0301, ont-ils raconte\u0301 au New Scientist en 2002.<\/p>\n<p>Une question persiste: pourquoi ne voit-on pas cette couleur beige dans le ciel ? Le ciel nocturne nous apparai\u0302t noir car les e\u0301toiles sont si e\u0301loigne\u0301es de nous que la lumie\u0300re qu&rsquo;elles e\u0301mettent n\u2019a pas encore parcouru toute la distance qui les se\u0301pare de la Terre. La couleur \u00ab\u00a0cosmic latte\u00a0\u00bb e\u0301tant une moyenne de l\u2019ensemble des galaxies, elle n\u2019est ainsi visible qu\u2019en analysant la lumie\u0300re dans son inte\u0301gralite\u0301, ce qui n&rsquo;est pas perceptible a\u0300 l\u2019\u0153il nu.<\/p>\n<p><strong>Pour plus d&rsquo;informations et d&rsquo;analyses sur la <span style=\"color: #ff6600\">C\u00f4te d&rsquo;Ivoire<\/span>, suivez <span style=\"color: #ff6600\">Africa-Press<span style=\"color: #ff6600\"><\/span><\/strong><\/p>\n","protected":false},"excerpt":{"rendered":"<p>Africa-Press &#8211; C\u00f4te d&rsquo;Ivoire. Quelle est la couleur de l&rsquo;Univers ?\u00a0\u00bb, nous demande Konate Ibrahim sur notre page Facebook. C&rsquo;est notre Question de la semaine. Merci a\u0300 toutes et tous pour votre participation. Quelle est la couleur de l&rsquo;Univers, ou plus pre\u0301cise\u0301ment, si la lumie\u0300re des milliards de galaxies peuplant notre Univers e\u0301tait e\u0301tale\u0301e sur [&hellip;]<\/p>\n","protected":false},"author":82,"featured_media":94539,"comment_status":"open","ping_status":"closed","sticky":false,"template":"","format":"standard","meta":{"footnotes":""},"categories":[22,10],"tags":[37],"class_list":["post-94540","post","type-post","status-publish","format-standard","has-post-thumbnail","hentry","category-divers","category-toutes-les-actualites","tag-cote-divoire-2"],"yoast_head":"<!-- This site is optimized with the Yoast SEO Premium plugin v26.1 (Yoast SEO v27.0) - https:\/\/yoast.com\/product\/yoast-seo-premium-wordpress\/ -->\n<title>Quelle est la couleur de l&#039;Univers ? - C\u00f4te d&#039;Ivoire<\/title>\n<meta name=\"robots\" content=\"index, follow, max-snippet:-1, max-image-preview:large, max-video-preview:-1\" \/>\n<link rel=\"canonical\" href=\"https:\/\/www.africa-press.net\/cotedivoire\/politique\/quelle-est-la-couleur-de-lunivers\" \/>\n<meta property=\"og:locale\" content=\"fr_FR\" \/>\n<meta property=\"og:type\" content=\"article\" \/>\n<meta property=\"og:title\" content=\"Quelle est la couleur de l&#039;Univers ?\" \/>\n<meta property=\"og:description\" content=\"Africa-Press &#8211; C\u00f4te d&rsquo;Ivoire. Quelle est la couleur de l&rsquo;Univers ?\u00a0\u00bb, nous demande Konate Ibrahim sur notre page Facebook. C&rsquo;est notre Question de la semaine. Merci a\u0300 toutes et tous pour votre participation. Quelle est la couleur de l&rsquo;Univers, ou plus pre\u0301cise\u0301ment, si la lumie\u0300re des milliards de galaxies peuplant notre Univers e\u0301tait e\u0301tale\u0301e sur [&hellip;]\" \/>\n<meta property=\"og:url\" content=\"https:\/\/www.africa-press.net\/cotedivoire\/politique\/quelle-est-la-couleur-de-lunivers\" \/>\n<meta property=\"og:site_name\" content=\"C\u00f4te d&#039;Ivoire\" \/>\n<meta property=\"article:published_time\" content=\"2025-01-31T17:06:55+00:00\" \/>\n<meta property=\"og:image\" content=\"https:\/\/static.africa-press.net\/cote\/sites\/43\/2025\/01\/sm_1738334646.559606.jpg\" \/>\n\t<meta property=\"og:image:width\" content=\"185\" \/>\n\t<meta property=\"og:image:height\" content=\"185\" \/>\n\t<meta property=\"og:image:type\" content=\"image\/jpeg\" \/>\n<meta name=\"author\" content=\"cfeditorfr\" \/>\n<meta name=\"twitter:card\" content=\"summary_large_image\" \/>\n<meta name=\"twitter:label1\" content=\"\u00c9crit par\" \/>\n\t<meta name=\"twitter:data1\" content=\"cfeditorfr\" \/>\n\t<meta name=\"twitter:label2\" content=\"Dur\u00e9e de lecture estim\u00e9e\" \/>\n\t<meta name=\"twitter:data2\" content=\"3 minutes\" \/>\n<script type=\"application\/ld+json\" class=\"yoast-schema-graph\">{\"@context\":\"https:\/\/schema.org\",\"@graph\":[{\"@type\":\"Article\",\"@id\":\"https:\/\/www.africa-press.net\/cotedivoire\/politique\/quelle-est-la-couleur-de-lunivers#article\",\"isPartOf\":{\"@id\":\"https:\/\/www.africa-press.net\/cotedivoire\/politique\/quelle-est-la-couleur-de-lunivers\"},\"author\":{\"name\":\"cfeditorfr\",\"@id\":\"https:\/\/www.africa-press.net\/cotedivoire\/#\/schema\/person\/2b1cf3cd81a31e3cd26889ca66d677f1\"},\"headline\":\"Quelle est la couleur de l&rsquo;Univers ?\",\"datePublished\":\"2025-01-31T17:06:55+00:00\",\"mainEntityOfPage\":{\"@id\":\"https:\/\/www.africa-press.net\/cotedivoire\/politique\/quelle-est-la-couleur-de-lunivers\"},\"wordCount\":523,\"commentCount\":0,\"image\":{\"@id\":\"https:\/\/www.africa-press.net\/cotedivoire\/politique\/quelle-est-la-couleur-de-lunivers#primaryimage\"},\"thumbnailUrl\":\"https:\/\/static.africa-press.net\/cote\/sites\/43\/2025\/01\/sm_1738334648.182242.jpg\",\"keywords\":[\"C\u00f4te d'Ivoire\"],\"articleSection\":[\"Divers\",\"Toutes les actualit\u00e9s\"],\"inLanguage\":\"fr-FR\",\"potentialAction\":[{\"@type\":\"CommentAction\",\"name\":\"Comment\",\"target\":[\"https:\/\/www.africa-press.net\/cotedivoire\/politique\/quelle-est-la-couleur-de-lunivers#respond\"]}]},{\"@type\":\"WebPage\",\"@id\":\"https:\/\/www.africa-press.net\/cotedivoire\/politique\/quelle-est-la-couleur-de-lunivers\",\"url\":\"https:\/\/www.africa-press.net\/cotedivoire\/politique\/quelle-est-la-couleur-de-lunivers\",\"name\":\"Quelle est la couleur de l'Univers ? - C\u00f4te d&#039;Ivoire\",\"isPartOf\":{\"@id\":\"https:\/\/www.africa-press.net\/cotedivoire\/#website\"},\"primaryImageOfPage\":{\"@id\":\"https:\/\/www.africa-press.net\/cotedivoire\/politique\/quelle-est-la-couleur-de-lunivers#primaryimage\"},\"image\":{\"@id\":\"https:\/\/www.africa-press.net\/cotedivoire\/politique\/quelle-est-la-couleur-de-lunivers#primaryimage\"},\"thumbnailUrl\":\"https:\/\/static.africa-press.net\/cote\/sites\/43\/2025\/01\/sm_1738334648.182242.jpg\",\"datePublished\":\"2025-01-31T17:06:55+00:00\",\"author\":{\"@id\":\"https:\/\/www.africa-press.net\/cotedivoire\/#\/schema\/person\/2b1cf3cd81a31e3cd26889ca66d677f1\"},\"breadcrumb\":{\"@id\":\"https:\/\/www.africa-press.net\/cotedivoire\/politique\/quelle-est-la-couleur-de-lunivers#breadcrumb\"},\"inLanguage\":\"fr-FR\",\"potentialAction\":[{\"@type\":\"ReadAction\",\"target\":[\"https:\/\/www.africa-press.net\/cotedivoire\/politique\/quelle-est-la-couleur-de-lunivers\"]}]},{\"@type\":\"ImageObject\",\"inLanguage\":\"fr-FR\",\"@id\":\"https:\/\/www.africa-press.net\/cotedivoire\/politique\/quelle-est-la-couleur-de-lunivers#primaryimage\",\"url\":\"https:\/\/static.africa-press.net\/cote\/sites\/43\/2025\/01\/sm_1738334648.182242.jpg\",\"contentUrl\":\"https:\/\/static.africa-press.net\/cote\/sites\/43\/2025\/01\/sm_1738334648.182242.jpg\",\"width\":1200,\"height\":899,\"caption\":\"Quelle est la couleur de l'Univers ?\"},{\"@type\":\"BreadcrumbList\",\"@id\":\"https:\/\/www.africa-press.net\/cotedivoire\/politique\/quelle-est-la-couleur-de-lunivers#breadcrumb\",\"itemListElement\":[{\"@type\":\"ListItem\",\"position\":1,\"name\":\"Accueil\",\"item\":\"https:\/\/www.africa-press.net\/cotedivoire\/\"},{\"@type\":\"ListItem\",\"position\":2,\"name\":\"Quelle est la couleur de l&rsquo;Univers ?\"}]},{\"@type\":\"WebSite\",\"@id\":\"https:\/\/www.africa-press.net\/cotedivoire\/#website\",\"url\":\"https:\/\/www.africa-press.net\/cotedivoire\/\",\"name\":\"C\u00f4te d&#039;Ivoire\",\"description\":\"Just another Africa News Agency Sites site\",\"potentialAction\":[{\"@type\":\"SearchAction\",\"target\":{\"@type\":\"EntryPoint\",\"urlTemplate\":\"https:\/\/www.africa-press.net\/cotedivoire\/?s={search_term_string}\"},\"query-input\":{\"@type\":\"PropertyValueSpecification\",\"valueRequired\":true,\"valueName\":\"search_term_string\"}}],\"inLanguage\":\"fr-FR\"},{\"@type\":\"Person\",\"@id\":\"https:\/\/www.africa-press.net\/cotedivoire\/#\/schema\/person\/2b1cf3cd81a31e3cd26889ca66d677f1\",\"name\":\"cfeditorfr\"}]}<\/script>\n<!-- \/ Yoast SEO Premium plugin. -->","yoast_head_json":{"title":"Quelle est la couleur de l'Univers ? - C\u00f4te d&#039;Ivoire","robots":{"index":"index","follow":"follow","max-snippet":"max-snippet:-1","max-image-preview":"max-image-preview:large","max-video-preview":"max-video-preview:-1"},"canonical":"https:\/\/www.africa-press.net\/cotedivoire\/politique\/quelle-est-la-couleur-de-lunivers","og_locale":"fr_FR","og_type":"article","og_title":"Quelle est la couleur de l'Univers ?","og_description":"Africa-Press &#8211; C\u00f4te d&rsquo;Ivoire. Quelle est la couleur de l&rsquo;Univers ?\u00a0\u00bb, nous demande Konate Ibrahim sur notre page Facebook. C&rsquo;est notre Question de la semaine. Merci a\u0300 toutes et tous pour votre participation. Quelle est la couleur de l&rsquo;Univers, ou plus pre\u0301cise\u0301ment, si la lumie\u0300re des milliards de galaxies peuplant notre Univers e\u0301tait e\u0301tale\u0301e sur [&hellip;]","og_url":"https:\/\/www.africa-press.net\/cotedivoire\/politique\/quelle-est-la-couleur-de-lunivers","og_site_name":"C\u00f4te d&#039;Ivoire","article_published_time":"2025-01-31T17:06:55+00:00","og_image":[{"width":185,"height":185,"url":"https:\/\/static.africa-press.net\/cote\/sites\/43\/2025\/01\/sm_1738334646.559606.jpg","type":"image\/jpeg"}],"author":"cfeditorfr","twitter_card":"summary_large_image","twitter_misc":{"\u00c9crit par":"cfeditorfr","Dur\u00e9e de lecture estim\u00e9e":"3 minutes"},"schema":{"@context":"https:\/\/schema.org","@graph":[{"@type":"Article","@id":"https:\/\/www.africa-press.net\/cotedivoire\/politique\/quelle-est-la-couleur-de-lunivers#article","isPartOf":{"@id":"https:\/\/www.africa-press.net\/cotedivoire\/politique\/quelle-est-la-couleur-de-lunivers"},"author":{"name":"cfeditorfr","@id":"https:\/\/www.africa-press.net\/cotedivoire\/#\/schema\/person\/2b1cf3cd81a31e3cd26889ca66d677f1"},"headline":"Quelle est la couleur de l&rsquo;Univers ?","datePublished":"2025-01-31T17:06:55+00:00","mainEntityOfPage":{"@id":"https:\/\/www.africa-press.net\/cotedivoire\/politique\/quelle-est-la-couleur-de-lunivers"},"wordCount":523,"commentCount":0,"image":{"@id":"https:\/\/www.africa-press.net\/cotedivoire\/politique\/quelle-est-la-couleur-de-lunivers#primaryimage"},"thumbnailUrl":"https:\/\/static.africa-press.net\/cote\/sites\/43\/2025\/01\/sm_1738334648.182242.jpg","keywords":["C\u00f4te d'Ivoire"],"articleSection":["Divers","Toutes les actualit\u00e9s"],"inLanguage":"fr-FR","potentialAction":[{"@type":"CommentAction","name":"Comment","target":["https:\/\/www.africa-press.net\/cotedivoire\/politique\/quelle-est-la-couleur-de-lunivers#respond"]}]},{"@type":"WebPage","@id":"https:\/\/www.africa-press.net\/cotedivoire\/politique\/quelle-est-la-couleur-de-lunivers","url":"https:\/\/www.africa-press.net\/cotedivoire\/politique\/quelle-est-la-couleur-de-lunivers","name":"Quelle est la couleur de l'Univers ? - C\u00f4te d&#039;Ivoire","isPartOf":{"@id":"https:\/\/www.africa-press.net\/cotedivoire\/#website"},"primaryImageOfPage":{"@id":"https:\/\/www.africa-press.net\/cotedivoire\/politique\/quelle-est-la-couleur-de-lunivers#primaryimage"},"image":{"@id":"https:\/\/www.africa-press.net\/cotedivoire\/politique\/quelle-est-la-couleur-de-lunivers#primaryimage"},"thumbnailUrl":"https:\/\/static.africa-press.net\/cote\/sites\/43\/2025\/01\/sm_1738334648.182242.jpg","datePublished":"2025-01-31T17:06:55+00:00","author":{"@id":"https:\/\/www.africa-press.net\/cotedivoire\/#\/schema\/person\/2b1cf3cd81a31e3cd26889ca66d677f1"},"breadcrumb":{"@id":"https:\/\/www.africa-press.net\/cotedivoire\/politique\/quelle-est-la-couleur-de-lunivers#breadcrumb"},"inLanguage":"fr-FR","potentialAction":[{"@type":"ReadAction","target":["https:\/\/www.africa-press.net\/cotedivoire\/politique\/quelle-est-la-couleur-de-lunivers"]}]},{"@type":"ImageObject","inLanguage":"fr-FR","@id":"https:\/\/www.africa-press.net\/cotedivoire\/politique\/quelle-est-la-couleur-de-lunivers#primaryimage","url":"https:\/\/static.africa-press.net\/cote\/sites\/43\/2025\/01\/sm_1738334648.182242.jpg","contentUrl":"https:\/\/static.africa-press.net\/cote\/sites\/43\/2025\/01\/sm_1738334648.182242.jpg","width":1200,"height":899,"caption":"Quelle est la couleur de l'Univers ?"},{"@type":"BreadcrumbList","@id":"https:\/\/www.africa-press.net\/cotedivoire\/politique\/quelle-est-la-couleur-de-lunivers#breadcrumb","itemListElement":[{"@type":"ListItem","position":1,"name":"Accueil","item":"https:\/\/www.africa-press.net\/cotedivoire\/"},{"@type":"ListItem","position":2,"name":"Quelle est la couleur de l&rsquo;Univers ?"}]},{"@type":"WebSite","@id":"https:\/\/www.africa-press.net\/cotedivoire\/#website","url":"https:\/\/www.africa-press.net\/cotedivoire\/","name":"C\u00f4te d&#039;Ivoire","description":"Just another Africa News Agency Sites site","potentialAction":[{"@type":"SearchAction","target":{"@type":"EntryPoint","urlTemplate":"https:\/\/www.africa-press.net\/cotedivoire\/?s={search_term_string}"},"query-input":{"@type":"PropertyValueSpecification","valueRequired":true,"valueName":"search_term_string"}}],"inLanguage":"fr-FR"},{"@type":"Person","@id":"https:\/\/www.africa-press.net\/cotedivoire\/#\/schema\/person\/2b1cf3cd81a31e3cd26889ca66d677f1","name":"cfeditorfr"}]}},"_links":{"self":[{"href":"https:\/\/www.africa-press.net\/cotedivoire\/wp-json\/wp\/v2\/posts\/94540","targetHints":{"allow":["GET"]}}],"collection":[{"href":"https:\/\/www.africa-press.net\/cotedivoire\/wp-json\/wp\/v2\/posts"}],"about":[{"href":"https:\/\/www.africa-press.net\/cotedivoire\/wp-json\/wp\/v2\/types\/post"}],"author":[{"embeddable":true,"href":"https:\/\/www.africa-press.net\/cotedivoire\/wp-json\/wp\/v2\/users\/82"}],"replies":[{"embeddable":true,"href":"https:\/\/www.africa-press.net\/cotedivoire\/wp-json\/wp\/v2\/comments?post=94540"}],"version-history":[{"count":0,"href":"https:\/\/www.africa-press.net\/cotedivoire\/wp-json\/wp\/v2\/posts\/94540\/revisions"}],"wp:featuredmedia":[{"embeddable":true,"href":"https:\/\/www.africa-press.net\/cotedivoire\/wp-json\/wp\/v2\/media\/94539"}],"wp:attachment":[{"href":"https:\/\/www.africa-press.net\/cotedivoire\/wp-json\/wp\/v2\/media?parent=94540"}],"wp:term":[{"taxonomy":"category","embeddable":true,"href":"https:\/\/www.africa-press.net\/cotedivoire\/wp-json\/wp\/v2\/categories?post=94540"},{"taxonomy":"post_tag","embeddable":true,"href":"https:\/\/www.africa-press.net\/cotedivoire\/wp-json\/wp\/v2\/tags?post=94540"}],"curies":[{"name":"wp","href":"https:\/\/api.w.org\/{rel}","templated":true}]}}