{"id":94542,"date":"2025-01-31T18:47:00","date_gmt":"2025-01-31T18:47:00","guid":{"rendered":"https:\/\/www.africa-press.net\/cotedivoire\/politique\/la-caf-annonce-le-calendrier-des-matches-de-la-coupe-dafrique-des-nations-caf-totalenergies-maroc-2025"},"modified":"2025-01-31T18:47:00","modified_gmt":"2025-01-31T18:47:00","slug":"la-caf-annonce-le-calendrier-des-matches-de-la-coupe-dafrique-des-nations-caf-totalenergies-maroc-2025","status":"publish","type":"post","link":"https:\/\/www.africa-press.net\/cotedivoire\/sports\/la-caf-annonce-le-calendrier-des-matches-de-la-coupe-dafrique-des-nations-caf-totalenergies-maroc-2025","title":{"rendered":"La CAF annonce le calendrier des matches de la Coupe d\u2019Afrique des Nations CAF TotalEnergies, Maroc 2025"},"content":{"rendered":"<p><span style=\"color: #ff6600\"><strong>Africa-Press &#8211; C\u00f4te d&rsquo;Ivoire. <\/strong><\/span>Le Maroc, pays ho\u0302te, et les Comores inaugureront la compe\u0301tition le 21 de\u0301cembre 2025<\/p>\n<p>Six villes et neuf stades accueilleront l\u2019e\u0301ve\u0301nement sportif phare du continent<\/p>\n<p>La finale se tiendra au Complexe Sportif Prince Moulay Abdellah de Rabat, d\u2019une capacite\u0301 de 69 500 places, le 18 janvier 2026<\/p>\n<p>La Confe\u0301de\u0301ration Africaine de Football (CAF) a de\u0301voile\u0301 le calendrier des rencontres de la Coupe d\u2019Afrique des Nations CAF TotalEnergies, Maroc 2025, qui se de\u0301roulera dans neuf enceintes sportives re\u0301parties sur six villes ho\u0302tes, offrant ainsi une sce\u0300ne prestigieuse a\u0300 la plus grande ce\u0301le\u0301bration du football africain.<\/p>\n<p>Le match d\u2019ouverture opposera le Maroc aux Comores le 21 de\u0301cembre 2025, dans le cadre de la phase de groupes (Groupe A), au sein du tout nouveau Complexe Sportif Prince Moulay Abdellah de Rabat, pouvant accueillir 69 500 spectateurs, un e\u0301crin ide\u0301al pour marquer le coup d\u2019envoi du tournoi.<\/p>\n<p>Rabat disposera de quatre stades, tandis que Casablanca, Agadir, Marrakech, Fe\u0300s et Tanger accueilleront chacun des rencontres dans un stade de\u0301die\u0301.<\/p>\n<p>Les quarts de finale se de\u0301rouleront au Complexe Sportif Prince Moulay Abdellah de Rabat ainsi qu\u2019a\u0300 Tanger, Marrakech et Agadir.<\/p>\n<p>Les demi-finales se tiendront a\u0300 Rabat et Tanger, tandis que la rencontre pour la troisie\u0300me place aura lieu au Stade Mohammed V de Casablanca.<\/p>\n<p>En tout, 52 matches seront dispute\u0301s sur 29 jours, dans une ce\u0301le\u0301bration grandiose du football africain, mettant en lumie\u0300re le talent et la passion qui animent le continent.<\/p>\n<p>Te\u0301le\u0301chargez le calendrier complet des matches<\/p>\n<p>Le Maroc, qui accueille la Coupe d\u2019Afrique des Nations CAF TotalEnergies pour la premie\u0300re fois depuis 1988, se pre\u0301pare e\u0301galement a\u0300 co-organiser la Coupe du Monde de la FIFA 2030, avec l&rsquo;Espagne et le Portugal.<\/p>\n<p><strong>Pour plus d&rsquo;informations et d&rsquo;analyses sur la <span style=\"color: #ff6600\">C\u00f4te d&rsquo;Ivoire<\/span>, suivez <span style=\"color: #ff6600\">Africa-Press<span style=\"color: #ff6600\"><\/span><\/strong><\/p>\n","protected":false},"excerpt":{"rendered":"<p>Africa-Press &#8211; C\u00f4te d&rsquo;Ivoire. Le Maroc, pays ho\u0302te, et les Comores inaugureront la compe\u0301tition le 21 de\u0301cembre 2025 Six villes et neuf stades accueilleront l\u2019e\u0301ve\u0301nement sportif phare du continent La finale se tiendra au Complexe Sportif Prince Moulay Abdellah de Rabat, d\u2019une capacite\u0301 de 69 500 places, le 18 janvier 2026 La Confe\u0301de\u0301ration Africaine de [&hellip;]<\/p>\n","protected":false},"author":82,"featured_media":94541,"comment_status":"open","ping_status":"closed","sticky":false,"template":"","format":"standard","meta":{"footnotes":""},"categories":[6,10],"tags":[37],"class_list":["post-94542","post","type-post","status-publish","format-standard","has-post-thumbnail","hentry","category-sports","category-toutes-les-actualites","tag-cote-divoire-2"],"yoast_head":"<!-- This site is optimized with the Yoast SEO Premium plugin v26.1 (Yoast SEO v27.0) - https:\/\/yoast.com\/product\/yoast-seo-premium-wordpress\/ -->\n<title>La CAF annonce le calendrier des matches de la Coupe d\u2019Afrique des Nations CAF TotalEnergies, Maroc 2025 - C\u00f4te d&#039;Ivoire<\/title>\n<meta name=\"robots\" content=\"index, follow, max-snippet:-1, max-image-preview:large, max-video-preview:-1\" \/>\n<link rel=\"canonical\" href=\"https:\/\/www.africa-press.net\/cotedivoire\/politique\/la-caf-annonce-le-calendrier-des-matches-de-la-coupe-dafrique-des-nations-caf-totalenergies-maroc-2025\" \/>\n<meta property=\"og:locale\" content=\"fr_FR\" \/>\n<meta property=\"og:type\" content=\"article\" \/>\n<meta property=\"og:title\" content=\"La CAF annonce le calendrier des matches de la Coupe d\u2019Afrique des Nations CAF TotalEnergies, Maroc 2025\" \/>\n<meta property=\"og:description\" content=\"Africa-Press &#8211; C\u00f4te d&rsquo;Ivoire. Le Maroc, pays ho\u0302te, et les Comores inaugureront la compe\u0301tition le 21 de\u0301cembre 2025 Six villes et neuf stades accueilleront l\u2019e\u0301ve\u0301nement sportif phare du continent La finale se tiendra au Complexe Sportif Prince Moulay Abdellah de Rabat, d\u2019une capacite\u0301 de 69 500 places, le 18 janvier 2026 La Confe\u0301de\u0301ration Africaine de [&hellip;]\" \/>\n<meta property=\"og:url\" content=\"https:\/\/www.africa-press.net\/cotedivoire\/politique\/la-caf-annonce-le-calendrier-des-matches-de-la-coupe-dafrique-des-nations-caf-totalenergies-maroc-2025\" \/>\n<meta property=\"og:site_name\" content=\"C\u00f4te d&#039;Ivoire\" \/>\n<meta property=\"article:published_time\" content=\"2025-01-31T18:47:00+00:00\" \/>\n<meta name=\"author\" content=\"cfeditorfr\" \/>\n<meta name=\"twitter:card\" content=\"summary_large_image\" \/>\n<meta name=\"twitter:label1\" content=\"\u00c9crit par\" \/>\n\t<meta name=\"twitter:data1\" content=\"cfeditorfr\" \/>\n\t<meta name=\"twitter:label2\" content=\"Dur\u00e9e de lecture estim\u00e9e\" \/>\n\t<meta name=\"twitter:data2\" content=\"2 minutes\" \/>\n<script type=\"application\/ld+json\" class=\"yoast-schema-graph\">{\"@context\":\"https:\/\/schema.org\",\"@graph\":[{\"@type\":\"Article\",\"@id\":\"https:\/\/www.africa-press.net\/cotedivoire\/politique\/la-caf-annonce-le-calendrier-des-matches-de-la-coupe-dafrique-des-nations-caf-totalenergies-maroc-2025#article\",\"isPartOf\":{\"@id\":\"https:\/\/www.africa-press.net\/cotedivoire\/politique\/la-caf-annonce-le-calendrier-des-matches-de-la-coupe-dafrique-des-nations-caf-totalenergies-maroc-2025\"},\"author\":{\"name\":\"cfeditorfr\",\"@id\":\"https:\/\/www.africa-press.net\/cotedivoire\/#\/schema\/person\/2b1cf3cd81a31e3cd26889ca66d677f1\"},\"headline\":\"La CAF annonce le calendrier des matches de la Coupe d\u2019Afrique des Nations CAF TotalEnergies, Maroc 2025\",\"datePublished\":\"2025-01-31T18:47:00+00:00\",\"mainEntityOfPage\":{\"@id\":\"https:\/\/www.africa-press.net\/cotedivoire\/politique\/la-caf-annonce-le-calendrier-des-matches-de-la-coupe-dafrique-des-nations-caf-totalenergies-maroc-2025\"},\"wordCount\":338,\"commentCount\":0,\"image\":{\"@id\":\"https:\/\/www.africa-press.net\/cotedivoire\/politique\/la-caf-annonce-le-calendrier-des-matches-de-la-coupe-dafrique-des-nations-caf-totalenergies-maroc-2025#primaryimage\"},\"thumbnailUrl\":\"https:\/\/static.africa-press.net\/cote\/sites\/43\/2025\/01\/sm_1738340940.291494.jpg\",\"keywords\":[\"C\u00f4te d'Ivoire\"],\"articleSection\":[\"Sports\",\"Toutes les actualit\u00e9s\"],\"inLanguage\":\"fr-FR\",\"potentialAction\":[{\"@type\":\"CommentAction\",\"name\":\"Comment\",\"target\":[\"https:\/\/www.africa-press.net\/cotedivoire\/politique\/la-caf-annonce-le-calendrier-des-matches-de-la-coupe-dafrique-des-nations-caf-totalenergies-maroc-2025#respond\"]}]},{\"@type\":\"WebPage\",\"@id\":\"https:\/\/www.africa-press.net\/cotedivoire\/politique\/la-caf-annonce-le-calendrier-des-matches-de-la-coupe-dafrique-des-nations-caf-totalenergies-maroc-2025\",\"url\":\"https:\/\/www.africa-press.net\/cotedivoire\/politique\/la-caf-annonce-le-calendrier-des-matches-de-la-coupe-dafrique-des-nations-caf-totalenergies-maroc-2025\",\"name\":\"La CAF annonce le calendrier des matches de la Coupe d\u2019Afrique des Nations CAF TotalEnergies, Maroc 2025 - C\u00f4te d&#039;Ivoire\",\"isPartOf\":{\"@id\":\"https:\/\/www.africa-press.net\/cotedivoire\/#website\"},\"primaryImageOfPage\":{\"@id\":\"https:\/\/www.africa-press.net\/cotedivoire\/politique\/la-caf-annonce-le-calendrier-des-matches-de-la-coupe-dafrique-des-nations-caf-totalenergies-maroc-2025#primaryimage\"},\"image\":{\"@id\":\"https:\/\/www.africa-press.net\/cotedivoire\/politique\/la-caf-annonce-le-calendrier-des-matches-de-la-coupe-dafrique-des-nations-caf-totalenergies-maroc-2025#primaryimage\"},\"thumbnailUrl\":\"https:\/\/static.africa-press.net\/cote\/sites\/43\/2025\/01\/sm_1738340940.291494.jpg\",\"datePublished\":\"2025-01-31T18:47:00+00:00\",\"author\":{\"@id\":\"https:\/\/www.africa-press.net\/cotedivoire\/#\/schema\/person\/2b1cf3cd81a31e3cd26889ca66d677f1\"},\"breadcrumb\":{\"@id\":\"https:\/\/www.africa-press.net\/cotedivoire\/politique\/la-caf-annonce-le-calendrier-des-matches-de-la-coupe-dafrique-des-nations-caf-totalenergies-maroc-2025#breadcrumb\"},\"inLanguage\":\"fr-FR\",\"potentialAction\":[{\"@type\":\"ReadAction\",\"target\":[\"https:\/\/www.africa-press.net\/cotedivoire\/politique\/la-caf-annonce-le-calendrier-des-matches-de-la-coupe-dafrique-des-nations-caf-totalenergies-maroc-2025\"]}]},{\"@type\":\"ImageObject\",\"inLanguage\":\"fr-FR\",\"@id\":\"https:\/\/www.africa-press.net\/cotedivoire\/politique\/la-caf-annonce-le-calendrier-des-matches-de-la-coupe-dafrique-des-nations-caf-totalenergies-maroc-2025#primaryimage\",\"url\":\"https:\/\/static.africa-press.net\/cote\/sites\/43\/2025\/01\/sm_1738340940.291494.jpg\",\"contentUrl\":\"https:\/\/static.africa-press.net\/cote\/sites\/43\/2025\/01\/sm_1738340940.291494.jpg\",\"width\":960,\"height\":540,\"caption\":\"La CAF annonce le calendrier des matches de la Coupe d\u2019Afrique des Nations CAF TotalEnergies, Maroc 2025\"},{\"@type\":\"BreadcrumbList\",\"@id\":\"https:\/\/www.africa-press.net\/cotedivoire\/politique\/la-caf-annonce-le-calendrier-des-matches-de-la-coupe-dafrique-des-nations-caf-totalenergies-maroc-2025#breadcrumb\",\"itemListElement\":[{\"@type\":\"ListItem\",\"position\":1,\"name\":\"Accueil\",\"item\":\"https:\/\/www.africa-press.net\/cotedivoire\/\"},{\"@type\":\"ListItem\",\"position\":2,\"name\":\"La CAF annonce le calendrier des matches de la Coupe d\u2019Afrique des Nations CAF TotalEnergies, Maroc 2025\"}]},{\"@type\":\"WebSite\",\"@id\":\"https:\/\/www.africa-press.net\/cotedivoire\/#website\",\"url\":\"https:\/\/www.africa-press.net\/cotedivoire\/\",\"name\":\"C\u00f4te d&#039;Ivoire\",\"description\":\"Just another Africa News Agency Sites site\",\"potentialAction\":[{\"@type\":\"SearchAction\",\"target\":{\"@type\":\"EntryPoint\",\"urlTemplate\":\"https:\/\/www.africa-press.net\/cotedivoire\/?s={search_term_string}\"},\"query-input\":{\"@type\":\"PropertyValueSpecification\",\"valueRequired\":true,\"valueName\":\"search_term_string\"}}],\"inLanguage\":\"fr-FR\"},{\"@type\":\"Person\",\"@id\":\"https:\/\/www.africa-press.net\/cotedivoire\/#\/schema\/person\/2b1cf3cd81a31e3cd26889ca66d677f1\",\"name\":\"cfeditorfr\"}]}<\/script>\n<!-- \/ Yoast SEO Premium plugin. -->","yoast_head_json":{"title":"La CAF annonce le calendrier des matches de la Coupe d\u2019Afrique des Nations CAF TotalEnergies, Maroc 2025 - C\u00f4te d&#039;Ivoire","robots":{"index":"index","follow":"follow","max-snippet":"max-snippet:-1","max-image-preview":"max-image-preview:large","max-video-preview":"max-video-preview:-1"},"canonical":"https:\/\/www.africa-press.net\/cotedivoire\/politique\/la-caf-annonce-le-calendrier-des-matches-de-la-coupe-dafrique-des-nations-caf-totalenergies-maroc-2025","og_locale":"fr_FR","og_type":"article","og_title":"La CAF annonce le calendrier des matches de la Coupe d\u2019Afrique des Nations CAF TotalEnergies, Maroc 2025","og_description":"Africa-Press &#8211; C\u00f4te d&rsquo;Ivoire. Le Maroc, pays ho\u0302te, et les Comores inaugureront la compe\u0301tition le 21 de\u0301cembre 2025 Six villes et neuf stades accueilleront l\u2019e\u0301ve\u0301nement sportif phare du continent La finale se tiendra au Complexe Sportif Prince Moulay Abdellah de Rabat, d\u2019une capacite\u0301 de 69 500 places, le 18 janvier 2026 La Confe\u0301de\u0301ration Africaine de [&hellip;]","og_url":"https:\/\/www.africa-press.net\/cotedivoire\/politique\/la-caf-annonce-le-calendrier-des-matches-de-la-coupe-dafrique-des-nations-caf-totalenergies-maroc-2025","og_site_name":"C\u00f4te d&#039;Ivoire","article_published_time":"2025-01-31T18:47:00+00:00","author":"cfeditorfr","twitter_card":"summary_large_image","twitter_misc":{"\u00c9crit par":"cfeditorfr","Dur\u00e9e de lecture estim\u00e9e":"2 minutes"},"schema":{"@context":"https:\/\/schema.org","@graph":[{"@type":"Article","@id":"https:\/\/www.africa-press.net\/cotedivoire\/politique\/la-caf-annonce-le-calendrier-des-matches-de-la-coupe-dafrique-des-nations-caf-totalenergies-maroc-2025#article","isPartOf":{"@id":"https:\/\/www.africa-press.net\/cotedivoire\/politique\/la-caf-annonce-le-calendrier-des-matches-de-la-coupe-dafrique-des-nations-caf-totalenergies-maroc-2025"},"author":{"name":"cfeditorfr","@id":"https:\/\/www.africa-press.net\/cotedivoire\/#\/schema\/person\/2b1cf3cd81a31e3cd26889ca66d677f1"},"headline":"La CAF annonce le calendrier des matches de la Coupe d\u2019Afrique des Nations CAF TotalEnergies, Maroc 2025","datePublished":"2025-01-31T18:47:00+00:00","mainEntityOfPage":{"@id":"https:\/\/www.africa-press.net\/cotedivoire\/politique\/la-caf-annonce-le-calendrier-des-matches-de-la-coupe-dafrique-des-nations-caf-totalenergies-maroc-2025"},"wordCount":338,"commentCount":0,"image":{"@id":"https:\/\/www.africa-press.net\/cotedivoire\/politique\/la-caf-annonce-le-calendrier-des-matches-de-la-coupe-dafrique-des-nations-caf-totalenergies-maroc-2025#primaryimage"},"thumbnailUrl":"https:\/\/static.africa-press.net\/cote\/sites\/43\/2025\/01\/sm_1738340940.291494.jpg","keywords":["C\u00f4te d'Ivoire"],"articleSection":["Sports","Toutes les actualit\u00e9s"],"inLanguage":"fr-FR","potentialAction":[{"@type":"CommentAction","name":"Comment","target":["https:\/\/www.africa-press.net\/cotedivoire\/politique\/la-caf-annonce-le-calendrier-des-matches-de-la-coupe-dafrique-des-nations-caf-totalenergies-maroc-2025#respond"]}]},{"@type":"WebPage","@id":"https:\/\/www.africa-press.net\/cotedivoire\/politique\/la-caf-annonce-le-calendrier-des-matches-de-la-coupe-dafrique-des-nations-caf-totalenergies-maroc-2025","url":"https:\/\/www.africa-press.net\/cotedivoire\/politique\/la-caf-annonce-le-calendrier-des-matches-de-la-coupe-dafrique-des-nations-caf-totalenergies-maroc-2025","name":"La CAF annonce le calendrier des matches de la Coupe d\u2019Afrique des Nations CAF TotalEnergies, Maroc 2025 - C\u00f4te d&#039;Ivoire","isPartOf":{"@id":"https:\/\/www.africa-press.net\/cotedivoire\/#website"},"primaryImageOfPage":{"@id":"https:\/\/www.africa-press.net\/cotedivoire\/politique\/la-caf-annonce-le-calendrier-des-matches-de-la-coupe-dafrique-des-nations-caf-totalenergies-maroc-2025#primaryimage"},"image":{"@id":"https:\/\/www.africa-press.net\/cotedivoire\/politique\/la-caf-annonce-le-calendrier-des-matches-de-la-coupe-dafrique-des-nations-caf-totalenergies-maroc-2025#primaryimage"},"thumbnailUrl":"https:\/\/static.africa-press.net\/cote\/sites\/43\/2025\/01\/sm_1738340940.291494.jpg","datePublished":"2025-01-31T18:47:00+00:00","author":{"@id":"https:\/\/www.africa-press.net\/cotedivoire\/#\/schema\/person\/2b1cf3cd81a31e3cd26889ca66d677f1"},"breadcrumb":{"@id":"https:\/\/www.africa-press.net\/cotedivoire\/politique\/la-caf-annonce-le-calendrier-des-matches-de-la-coupe-dafrique-des-nations-caf-totalenergies-maroc-2025#breadcrumb"},"inLanguage":"fr-FR","potentialAction":[{"@type":"ReadAction","target":["https:\/\/www.africa-press.net\/cotedivoire\/politique\/la-caf-annonce-le-calendrier-des-matches-de-la-coupe-dafrique-des-nations-caf-totalenergies-maroc-2025"]}]},{"@type":"ImageObject","inLanguage":"fr-FR","@id":"https:\/\/www.africa-press.net\/cotedivoire\/politique\/la-caf-annonce-le-calendrier-des-matches-de-la-coupe-dafrique-des-nations-caf-totalenergies-maroc-2025#primaryimage","url":"https:\/\/static.africa-press.net\/cote\/sites\/43\/2025\/01\/sm_1738340940.291494.jpg","contentUrl":"https:\/\/static.africa-press.net\/cote\/sites\/43\/2025\/01\/sm_1738340940.291494.jpg","width":960,"height":540,"caption":"La CAF annonce le calendrier des matches de la Coupe d\u2019Afrique des Nations CAF TotalEnergies, Maroc 2025"},{"@type":"BreadcrumbList","@id":"https:\/\/www.africa-press.net\/cotedivoire\/politique\/la-caf-annonce-le-calendrier-des-matches-de-la-coupe-dafrique-des-nations-caf-totalenergies-maroc-2025#breadcrumb","itemListElement":[{"@type":"ListItem","position":1,"name":"Accueil","item":"https:\/\/www.africa-press.net\/cotedivoire\/"},{"@type":"ListItem","position":2,"name":"La CAF annonce le calendrier des matches de la Coupe d\u2019Afrique des Nations CAF TotalEnergies, Maroc 2025"}]},{"@type":"WebSite","@id":"https:\/\/www.africa-press.net\/cotedivoire\/#website","url":"https:\/\/www.africa-press.net\/cotedivoire\/","name":"C\u00f4te d&#039;Ivoire","description":"Just another Africa News Agency Sites site","potentialAction":[{"@type":"SearchAction","target":{"@type":"EntryPoint","urlTemplate":"https:\/\/www.africa-press.net\/cotedivoire\/?s={search_term_string}"},"query-input":{"@type":"PropertyValueSpecification","valueRequired":true,"valueName":"search_term_string"}}],"inLanguage":"fr-FR"},{"@type":"Person","@id":"https:\/\/www.africa-press.net\/cotedivoire\/#\/schema\/person\/2b1cf3cd81a31e3cd26889ca66d677f1","name":"cfeditorfr"}]}},"_links":{"self":[{"href":"https:\/\/www.africa-press.net\/cotedivoire\/wp-json\/wp\/v2\/posts\/94542","targetHints":{"allow":["GET"]}}],"collection":[{"href":"https:\/\/www.africa-press.net\/cotedivoire\/wp-json\/wp\/v2\/posts"}],"about":[{"href":"https:\/\/www.africa-press.net\/cotedivoire\/wp-json\/wp\/v2\/types\/post"}],"author":[{"embeddable":true,"href":"https:\/\/www.africa-press.net\/cotedivoire\/wp-json\/wp\/v2\/users\/82"}],"replies":[{"embeddable":true,"href":"https:\/\/www.africa-press.net\/cotedivoire\/wp-json\/wp\/v2\/comments?post=94542"}],"version-history":[{"count":0,"href":"https:\/\/www.africa-press.net\/cotedivoire\/wp-json\/wp\/v2\/posts\/94542\/revisions"}],"wp:featuredmedia":[{"embeddable":true,"href":"https:\/\/www.africa-press.net\/cotedivoire\/wp-json\/wp\/v2\/media\/94541"}],"wp:attachment":[{"href":"https:\/\/www.africa-press.net\/cotedivoire\/wp-json\/wp\/v2\/media?parent=94542"}],"wp:term":[{"taxonomy":"category","embeddable":true,"href":"https:\/\/www.africa-press.net\/cotedivoire\/wp-json\/wp\/v2\/categories?post=94542"},{"taxonomy":"post_tag","embeddable":true,"href":"https:\/\/www.africa-press.net\/cotedivoire\/wp-json\/wp\/v2\/tags?post=94542"}],"curies":[{"name":"wp","href":"https:\/\/api.w.org\/{rel}","templated":true}]}}