{"id":94556,"date":"2025-02-01T16:07:59","date_gmt":"2025-02-01T16:07:59","guid":{"rendered":"https:\/\/www.africa-press.net\/cotedivoire\/politique\/ce-que-lon-sait-de-lasteroide-yr4-qui-pourrait-frapper-la-terre-dans-quelques-annees"},"modified":"2025-02-01T16:07:59","modified_gmt":"2025-02-01T16:07:59","slug":"ce-que-lon-sait-de-lasteroide-yr4-qui-pourrait-frapper-la-terre-dans-quelques-annees","status":"publish","type":"post","link":"https:\/\/www.africa-press.net\/cotedivoire\/toutes-les-actualites\/ce-que-lon-sait-de-lasteroide-yr4-qui-pourrait-frapper-la-terre-dans-quelques-annees","title":{"rendered":"Ce que l&rsquo;on sait de l&rsquo;ast\u00e9ro\u00efde YR4 qui pourrait frapper la Terre dans quelques ann\u00e9es"},"content":{"rendered":"<p><span style=\"color: #ff6600\"><strong>Africa-Press &#8211; C\u00f4te d&rsquo;Ivoire. <\/strong><\/span>Il ne s&rsquo;agit pour l&rsquo;instant que d&rsquo;un minuscule point lumineux dans le champ des te\u0301lescopes, mais dans pre\u0300s de huit ans cet aste\u0301roi\u0308de pourrait e\u0301ventuellement raser une ville entie\u0300re, pre\u0301viennent les astronomes, qui appellent toutefois a\u0300 ne pas ce\u0301der a\u0300 la panique.<\/p>\n<p>Voici ce que l&rsquo;on sait de cet objet ce\u0301leste qui pourrait frapper la Terre le 22 de\u0301cembre 2032, selon les estimations de plusieurs agences spatiales internationales.<\/p>\n<p>&#8211; 1,6% de probabilite\u0301<\/p>\n<p>De\u0301couvert en de\u0301cembre dernier gra\u0302ce a\u0300 un te\u0301lescope situe\u0301 au Chili, l&rsquo;aste\u0301roi\u0308de 2024 YR4 a aujourd&rsquo;hui 1,6% de chance de toucher la Terre en 2032, selon la Nasa.<\/p>\n<p>Un risque tre\u0300s bas, mais loin d&rsquo;e\u0302tre ne\u0301gligeable, selon les experts. Il est en effet \u00ab\u00a0tre\u0300s rare que la probabilite\u0301 (d&rsquo;impact) de\u0301passe les 1%\u00a0\u00bb, rele\u0300ve aupre\u0300s de l&rsquo;AFP Bruce Betts, de l&rsquo;organisation ame\u0301ricaine Planetary Society.<\/p>\n<p>Et cette e\u0301valuation, encore pre\u0301liminaire, pourrait e\u0301voluer a\u0300 la baisse comme a\u0300 la hausse dans les mois et anne\u0301es a\u0300 venir, pre\u0301vient-il. \u00ab\u00a0Il y a de fortes chances que non seulement il ne frappe pas la Terre, mais que dans les mois ou les anne\u0301es a\u0300 venir, la probabilite\u0301 tombe a\u0300 ze\u0301ro\u00a0\u00bb, dit-il toutefois.<\/p>\n<p>&#8211; Ane\u0301antir toute une ville<\/p>\n<p>Malgre\u0301 ce faible risque, une surveillance accrue est de mise. Car s&rsquo;il venait a\u0300 toucher la Terre, 2024 YR4, aujourd&rsquo;hui estime\u0301 entre 40 et 100 me\u0300tres de large, pourrait causer des de\u0301ga\u0302ts conside\u0301rables.<\/p>\n<p>\u00ab\u00a0S&rsquo;il tombait au-dessus de Paris, Londres ou New York, cela ane\u0301antirait pratiquement toute la ville et une partie de la re\u0301gion environnante\u00a0\u00bb, explique Bruce Betts.<\/p>\n<p>Les dommages pourraient ainsi \u00ab\u00a0s&rsquo;e\u0301tendre jusqu&rsquo;a\u0300 50 km du site d&rsquo;impact\u00a0\u00bb, e\u0301value un document du Re\u0301seau international d&rsquo;alerte aux aste\u0301roi\u0308des (IAWN) consulte\u0301 par l&rsquo;AFP.<\/p>\n<p>\u00ab\u00a0La dernie\u0300re fois qu&rsquo;un objet de ce type a heurte\u0301 la Terre, nous pensons que c&rsquo;e\u0301tait au de\u0301but des anne\u0301es 1900 a\u0300 Toungouska, dans une re\u0301gion isole\u0301e de Sibe\u0301rie\u00a0\u00bb, rapporte Andrew Rivkin, astronome a\u0300 l&rsquo;universite\u0301 Johns Hopkins.<\/p>\n<p>Et si ce sce\u0301nario venait a\u0300 se reproduire, \u00ab\u00a0on s&rsquo;attendrait a\u0300 ce que l&rsquo;aste\u0301roi\u0308de se brise dans l&rsquo;atmosphe\u0300re\u00a0\u00bb en plusieurs morceaux, estime-t-il. Avec un impact potentiellement plus de 500 fois plus puissant que la bombe nucle\u0301aire d&rsquo;Hiroshima.<\/p>\n<p>Par ordre de comparaison, l&rsquo;aste\u0301roi\u0308de ayant cause\u0301 l&rsquo;extinction des dinosaures il y a 66 millions d&rsquo;anne\u0301es faisait plus de 10 km de diame\u0300tre.<\/p>\n<p>&#8211; Large zone menace\u0301e<\/p>\n<p>Malgre\u0301 toutes ces incertitudes, \u00ab\u00a0si l&rsquo;aste\u0301roi\u0308de venait a\u0300 toucher terre, nous savons ou\u0300 cela serait\u00a0\u00bb, poursuit M. Rivkin.<\/p>\n<p>La zone d&rsquo;impact possible comprend ainsi la partie orientale de l&rsquo;oce\u0301an Pacifique, le nord de l&rsquo;Ame\u0301rique du Sud, l&rsquo;oce\u0301an Atlantique, l&rsquo;Afrique, la mer d&rsquo;Arabie et l&rsquo;Asie du Sud. *Un pe\u0301rime\u0300tre qui devrait s&rsquo;affiner au fil du temps.<\/p>\n<p>Si l&rsquo;aste\u0301roi\u0308de venait a\u0300 tomber en plein oce\u0301an, la menace pour l&rsquo;homme serait par exemple minime. Ce serait diffe\u0301rent si c&rsquo;e\u0301tait sur un continent, ou encore pre\u0300s d&rsquo;une i\u0302le ou des co\u0302tes, un tel impact faisant courir le risque d&rsquo;un tsunami.<\/p>\n<p>&#8211; Des solutions envisage\u0301es<\/p>\n<p>Quoi qu&rsquo;il en soit, si ce risque venait a\u0300 se confirmer, l&rsquo;humanite\u0301 disposerait de suffisamment de temps pour se pre\u0301parer, estiment les experts interroge\u0301s par l&rsquo;AFP.<\/p>\n<p>Des scientifiques travaillent depuis des anne\u0301es au de\u0301veloppement de moyens de de\u0301fense plane\u0301taire, insiste M. Rivkin, qui a lui-me\u0302me participe\u0301 a\u0300 une mission de la Nasa ayant re\u0301ussi a\u0300 changer la trajectoire d&rsquo;un aste\u0301roi\u0308de inoffensif.<\/p>\n<p>\u00ab\u00a0Je ne vois pas pourquoi cela ne fonctionnerait pas a\u0300 nouveau\u00a0\u00bb, assure-t-il, reconnaissant toutefois que l&#8217;emploi de telles mesures, la plupart n&rsquo;ayant encore jamais e\u0301te\u0301 teste\u0301es dans l&rsquo;espace, de\u0301pendrait du bon vouloir des pays disposant de moyens spatiaux.<\/p>\n<p>Mais a\u0300 ce stade, \u00ab\u00a0personne ne devrait prendre peur\u00a0\u00bb, insiste Kelly Fast, charge\u0301e des questions de de\u0301fense plane\u0301taire a\u0300 la Nasa.<\/p>\n<p>Au contraire, \u00ab\u00a0c&rsquo;est encourageant de voir que la Nasa et la communaute\u0301 internationale gardent a\u0300 l&rsquo;oeil\u00a0\u00bb des menaces aussi lointaines et minimes, estime-t-elle.<\/p>\n<p><strong>Pour plus d&rsquo;informations et d&rsquo;analyses sur la <span style=\"color: #ff6600\">C\u00f4te d&rsquo;Ivoire<\/span>, suivez <span style=\"color: #ff6600\">Africa-Press<span style=\"color: #ff6600\"><\/span><\/strong><\/p>\n","protected":false},"excerpt":{"rendered":"<p>Africa-Press &#8211; C\u00f4te d&rsquo;Ivoire. Il ne s&rsquo;agit pour l&rsquo;instant que d&rsquo;un minuscule point lumineux dans le champ des te\u0301lescopes, mais dans pre\u0300s de huit ans cet aste\u0301roi\u0308de pourrait e\u0301ventuellement raser une ville entie\u0300re, pre\u0301viennent les astronomes, qui appellent toutefois a\u0300 ne pas ce\u0301der a\u0300 la panique. Voici ce que l&rsquo;on sait de cet objet ce\u0301leste [&hellip;]<\/p>\n","protected":false},"author":82,"featured_media":94555,"comment_status":"open","ping_status":"closed","sticky":false,"template":"","format":"standard","meta":{"footnotes":""},"categories":[22,10],"tags":[37],"class_list":["post-94556","post","type-post","status-publish","format-standard","has-post-thumbnail","hentry","category-divers","category-toutes-les-actualites","tag-cote-divoire-2"],"yoast_head":"<!-- This site is optimized with the Yoast SEO Premium plugin v26.1 (Yoast SEO v27.0) - https:\/\/yoast.com\/product\/yoast-seo-premium-wordpress\/ -->\n<title>Ce que l&#039;on sait de l&#039;ast\u00e9ro\u00efde YR4 qui pourrait frapper la Terre dans quelques ann\u00e9es - C\u00f4te d&#039;Ivoire<\/title>\n<meta name=\"robots\" content=\"index, follow, max-snippet:-1, max-image-preview:large, max-video-preview:-1\" \/>\n<link rel=\"canonical\" href=\"https:\/\/www.africa-press.net\/cotedivoire\/politique\/ce-que-lon-sait-de-lasteroide-yr4-qui-pourrait-frapper-la-terre-dans-quelques-annees\" \/>\n<meta property=\"og:locale\" content=\"fr_FR\" \/>\n<meta property=\"og:type\" content=\"article\" \/>\n<meta property=\"og:title\" content=\"Ce que l&#039;on sait de l&#039;ast\u00e9ro\u00efde YR4 qui pourrait frapper la Terre dans quelques ann\u00e9es\" \/>\n<meta property=\"og:description\" content=\"Africa-Press &#8211; C\u00f4te d&rsquo;Ivoire. Il ne s&rsquo;agit pour l&rsquo;instant que d&rsquo;un minuscule point lumineux dans le champ des te\u0301lescopes, mais dans pre\u0300s de huit ans cet aste\u0301roi\u0308de pourrait e\u0301ventuellement raser une ville entie\u0300re, pre\u0301viennent les astronomes, qui appellent toutefois a\u0300 ne pas ce\u0301der a\u0300 la panique. Voici ce que l&rsquo;on sait de cet objet ce\u0301leste [&hellip;]\" \/>\n<meta property=\"og:url\" content=\"https:\/\/www.africa-press.net\/cotedivoire\/politique\/ce-que-lon-sait-de-lasteroide-yr4-qui-pourrait-frapper-la-terre-dans-quelques-annees\" \/>\n<meta property=\"og:site_name\" content=\"C\u00f4te d&#039;Ivoire\" \/>\n<meta property=\"article:published_time\" content=\"2025-02-01T16:07:59+00:00\" \/>\n<meta name=\"author\" content=\"cfeditorfr\" \/>\n<meta name=\"twitter:card\" content=\"summary_large_image\" \/>\n<meta name=\"twitter:label1\" content=\"\u00c9crit par\" \/>\n\t<meta name=\"twitter:data1\" content=\"cfeditorfr\" \/>\n\t<meta name=\"twitter:label2\" content=\"Dur\u00e9e de lecture estim\u00e9e\" \/>\n\t<meta name=\"twitter:data2\" content=\"4 minutes\" \/>\n<script type=\"application\/ld+json\" class=\"yoast-schema-graph\">{\"@context\":\"https:\/\/schema.org\",\"@graph\":[{\"@type\":\"Article\",\"@id\":\"https:\/\/www.africa-press.net\/cotedivoire\/politique\/ce-que-lon-sait-de-lasteroide-yr4-qui-pourrait-frapper-la-terre-dans-quelques-annees#article\",\"isPartOf\":{\"@id\":\"https:\/\/www.africa-press.net\/cotedivoire\/politique\/ce-que-lon-sait-de-lasteroide-yr4-qui-pourrait-frapper-la-terre-dans-quelques-annees\"},\"author\":{\"name\":\"cfeditorfr\",\"@id\":\"https:\/\/www.africa-press.net\/cotedivoire\/#\/schema\/person\/2b1cf3cd81a31e3cd26889ca66d677f1\"},\"headline\":\"Ce que l&rsquo;on sait de l&rsquo;ast\u00e9ro\u00efde YR4 qui pourrait frapper la Terre dans quelques ann\u00e9es\",\"datePublished\":\"2025-02-01T16:07:59+00:00\",\"mainEntityOfPage\":{\"@id\":\"https:\/\/www.africa-press.net\/cotedivoire\/politique\/ce-que-lon-sait-de-lasteroide-yr4-qui-pourrait-frapper-la-terre-dans-quelques-annees\"},\"wordCount\":789,\"commentCount\":0,\"image\":{\"@id\":\"https:\/\/www.africa-press.net\/cotedivoire\/politique\/ce-que-lon-sait-de-lasteroide-yr4-qui-pourrait-frapper-la-terre-dans-quelques-annees#primaryimage\"},\"thumbnailUrl\":\"https:\/\/static.africa-press.net\/cote\/sites\/43\/2025\/02\/sm_1738413790.436252.jpg\",\"keywords\":[\"C\u00f4te d'Ivoire\"],\"articleSection\":[\"Divers\",\"Toutes les actualit\u00e9s\"],\"inLanguage\":\"fr-FR\",\"potentialAction\":[{\"@type\":\"CommentAction\",\"name\":\"Comment\",\"target\":[\"https:\/\/www.africa-press.net\/cotedivoire\/politique\/ce-que-lon-sait-de-lasteroide-yr4-qui-pourrait-frapper-la-terre-dans-quelques-annees#respond\"]}]},{\"@type\":\"WebPage\",\"@id\":\"https:\/\/www.africa-press.net\/cotedivoire\/politique\/ce-que-lon-sait-de-lasteroide-yr4-qui-pourrait-frapper-la-terre-dans-quelques-annees\",\"url\":\"https:\/\/www.africa-press.net\/cotedivoire\/politique\/ce-que-lon-sait-de-lasteroide-yr4-qui-pourrait-frapper-la-terre-dans-quelques-annees\",\"name\":\"Ce que l'on sait de l'ast\u00e9ro\u00efde YR4 qui pourrait frapper la Terre dans quelques ann\u00e9es - C\u00f4te d&#039;Ivoire\",\"isPartOf\":{\"@id\":\"https:\/\/www.africa-press.net\/cotedivoire\/#website\"},\"primaryImageOfPage\":{\"@id\":\"https:\/\/www.africa-press.net\/cotedivoire\/politique\/ce-que-lon-sait-de-lasteroide-yr4-qui-pourrait-frapper-la-terre-dans-quelques-annees#primaryimage\"},\"image\":{\"@id\":\"https:\/\/www.africa-press.net\/cotedivoire\/politique\/ce-que-lon-sait-de-lasteroide-yr4-qui-pourrait-frapper-la-terre-dans-quelques-annees#primaryimage\"},\"thumbnailUrl\":\"https:\/\/static.africa-press.net\/cote\/sites\/43\/2025\/02\/sm_1738413790.436252.jpg\",\"datePublished\":\"2025-02-01T16:07:59+00:00\",\"author\":{\"@id\":\"https:\/\/www.africa-press.net\/cotedivoire\/#\/schema\/person\/2b1cf3cd81a31e3cd26889ca66d677f1\"},\"breadcrumb\":{\"@id\":\"https:\/\/www.africa-press.net\/cotedivoire\/politique\/ce-que-lon-sait-de-lasteroide-yr4-qui-pourrait-frapper-la-terre-dans-quelques-annees#breadcrumb\"},\"inLanguage\":\"fr-FR\",\"potentialAction\":[{\"@type\":\"ReadAction\",\"target\":[\"https:\/\/www.africa-press.net\/cotedivoire\/politique\/ce-que-lon-sait-de-lasteroide-yr4-qui-pourrait-frapper-la-terre-dans-quelques-annees\"]}]},{\"@type\":\"ImageObject\",\"inLanguage\":\"fr-FR\",\"@id\":\"https:\/\/www.africa-press.net\/cotedivoire\/politique\/ce-que-lon-sait-de-lasteroide-yr4-qui-pourrait-frapper-la-terre-dans-quelques-annees#primaryimage\",\"url\":\"https:\/\/static.africa-press.net\/cote\/sites\/43\/2025\/02\/sm_1738413790.436252.jpg\",\"contentUrl\":\"https:\/\/static.africa-press.net\/cote\/sites\/43\/2025\/02\/sm_1738413790.436252.jpg\",\"width\":1200,\"height\":898,\"caption\":\"Ce que l'on sait de l'ast\u00e9ro\u00efde YR4 qui pourrait frapper la Terre dans quelques ann\u00e9es\"},{\"@type\":\"BreadcrumbList\",\"@id\":\"https:\/\/www.africa-press.net\/cotedivoire\/politique\/ce-que-lon-sait-de-lasteroide-yr4-qui-pourrait-frapper-la-terre-dans-quelques-annees#breadcrumb\",\"itemListElement\":[{\"@type\":\"ListItem\",\"position\":1,\"name\":\"Accueil\",\"item\":\"https:\/\/www.africa-press.net\/cotedivoire\/\"},{\"@type\":\"ListItem\",\"position\":2,\"name\":\"Ce que l&rsquo;on sait de l&rsquo;ast\u00e9ro\u00efde YR4 qui pourrait frapper la Terre dans quelques ann\u00e9es\"}]},{\"@type\":\"WebSite\",\"@id\":\"https:\/\/www.africa-press.net\/cotedivoire\/#website\",\"url\":\"https:\/\/www.africa-press.net\/cotedivoire\/\",\"name\":\"C\u00f4te d&#039;Ivoire\",\"description\":\"Just another Africa News Agency Sites site\",\"potentialAction\":[{\"@type\":\"SearchAction\",\"target\":{\"@type\":\"EntryPoint\",\"urlTemplate\":\"https:\/\/www.africa-press.net\/cotedivoire\/?s={search_term_string}\"},\"query-input\":{\"@type\":\"PropertyValueSpecification\",\"valueRequired\":true,\"valueName\":\"search_term_string\"}}],\"inLanguage\":\"fr-FR\"},{\"@type\":\"Person\",\"@id\":\"https:\/\/www.africa-press.net\/cotedivoire\/#\/schema\/person\/2b1cf3cd81a31e3cd26889ca66d677f1\",\"name\":\"cfeditorfr\"}]}<\/script>\n<!-- \/ Yoast SEO Premium plugin. -->","yoast_head_json":{"title":"Ce que l'on sait de l'ast\u00e9ro\u00efde YR4 qui pourrait frapper la Terre dans quelques ann\u00e9es - C\u00f4te d&#039;Ivoire","robots":{"index":"index","follow":"follow","max-snippet":"max-snippet:-1","max-image-preview":"max-image-preview:large","max-video-preview":"max-video-preview:-1"},"canonical":"https:\/\/www.africa-press.net\/cotedivoire\/politique\/ce-que-lon-sait-de-lasteroide-yr4-qui-pourrait-frapper-la-terre-dans-quelques-annees","og_locale":"fr_FR","og_type":"article","og_title":"Ce que l'on sait de l'ast\u00e9ro\u00efde YR4 qui pourrait frapper la Terre dans quelques ann\u00e9es","og_description":"Africa-Press &#8211; C\u00f4te d&rsquo;Ivoire. Il ne s&rsquo;agit pour l&rsquo;instant que d&rsquo;un minuscule point lumineux dans le champ des te\u0301lescopes, mais dans pre\u0300s de huit ans cet aste\u0301roi\u0308de pourrait e\u0301ventuellement raser une ville entie\u0300re, pre\u0301viennent les astronomes, qui appellent toutefois a\u0300 ne pas ce\u0301der a\u0300 la panique. Voici ce que l&rsquo;on sait de cet objet ce\u0301leste [&hellip;]","og_url":"https:\/\/www.africa-press.net\/cotedivoire\/politique\/ce-que-lon-sait-de-lasteroide-yr4-qui-pourrait-frapper-la-terre-dans-quelques-annees","og_site_name":"C\u00f4te d&#039;Ivoire","article_published_time":"2025-02-01T16:07:59+00:00","author":"cfeditorfr","twitter_card":"summary_large_image","twitter_misc":{"\u00c9crit par":"cfeditorfr","Dur\u00e9e de lecture estim\u00e9e":"4 minutes"},"schema":{"@context":"https:\/\/schema.org","@graph":[{"@type":"Article","@id":"https:\/\/www.africa-press.net\/cotedivoire\/politique\/ce-que-lon-sait-de-lasteroide-yr4-qui-pourrait-frapper-la-terre-dans-quelques-annees#article","isPartOf":{"@id":"https:\/\/www.africa-press.net\/cotedivoire\/politique\/ce-que-lon-sait-de-lasteroide-yr4-qui-pourrait-frapper-la-terre-dans-quelques-annees"},"author":{"name":"cfeditorfr","@id":"https:\/\/www.africa-press.net\/cotedivoire\/#\/schema\/person\/2b1cf3cd81a31e3cd26889ca66d677f1"},"headline":"Ce que l&rsquo;on sait de l&rsquo;ast\u00e9ro\u00efde YR4 qui pourrait frapper la Terre dans quelques ann\u00e9es","datePublished":"2025-02-01T16:07:59+00:00","mainEntityOfPage":{"@id":"https:\/\/www.africa-press.net\/cotedivoire\/politique\/ce-que-lon-sait-de-lasteroide-yr4-qui-pourrait-frapper-la-terre-dans-quelques-annees"},"wordCount":789,"commentCount":0,"image":{"@id":"https:\/\/www.africa-press.net\/cotedivoire\/politique\/ce-que-lon-sait-de-lasteroide-yr4-qui-pourrait-frapper-la-terre-dans-quelques-annees#primaryimage"},"thumbnailUrl":"https:\/\/static.africa-press.net\/cote\/sites\/43\/2025\/02\/sm_1738413790.436252.jpg","keywords":["C\u00f4te d'Ivoire"],"articleSection":["Divers","Toutes les actualit\u00e9s"],"inLanguage":"fr-FR","potentialAction":[{"@type":"CommentAction","name":"Comment","target":["https:\/\/www.africa-press.net\/cotedivoire\/politique\/ce-que-lon-sait-de-lasteroide-yr4-qui-pourrait-frapper-la-terre-dans-quelques-annees#respond"]}]},{"@type":"WebPage","@id":"https:\/\/www.africa-press.net\/cotedivoire\/politique\/ce-que-lon-sait-de-lasteroide-yr4-qui-pourrait-frapper-la-terre-dans-quelques-annees","url":"https:\/\/www.africa-press.net\/cotedivoire\/politique\/ce-que-lon-sait-de-lasteroide-yr4-qui-pourrait-frapper-la-terre-dans-quelques-annees","name":"Ce que l'on sait de l'ast\u00e9ro\u00efde YR4 qui pourrait frapper la Terre dans quelques ann\u00e9es - C\u00f4te d&#039;Ivoire","isPartOf":{"@id":"https:\/\/www.africa-press.net\/cotedivoire\/#website"},"primaryImageOfPage":{"@id":"https:\/\/www.africa-press.net\/cotedivoire\/politique\/ce-que-lon-sait-de-lasteroide-yr4-qui-pourrait-frapper-la-terre-dans-quelques-annees#primaryimage"},"image":{"@id":"https:\/\/www.africa-press.net\/cotedivoire\/politique\/ce-que-lon-sait-de-lasteroide-yr4-qui-pourrait-frapper-la-terre-dans-quelques-annees#primaryimage"},"thumbnailUrl":"https:\/\/static.africa-press.net\/cote\/sites\/43\/2025\/02\/sm_1738413790.436252.jpg","datePublished":"2025-02-01T16:07:59+00:00","author":{"@id":"https:\/\/www.africa-press.net\/cotedivoire\/#\/schema\/person\/2b1cf3cd81a31e3cd26889ca66d677f1"},"breadcrumb":{"@id":"https:\/\/www.africa-press.net\/cotedivoire\/politique\/ce-que-lon-sait-de-lasteroide-yr4-qui-pourrait-frapper-la-terre-dans-quelques-annees#breadcrumb"},"inLanguage":"fr-FR","potentialAction":[{"@type":"ReadAction","target":["https:\/\/www.africa-press.net\/cotedivoire\/politique\/ce-que-lon-sait-de-lasteroide-yr4-qui-pourrait-frapper-la-terre-dans-quelques-annees"]}]},{"@type":"ImageObject","inLanguage":"fr-FR","@id":"https:\/\/www.africa-press.net\/cotedivoire\/politique\/ce-que-lon-sait-de-lasteroide-yr4-qui-pourrait-frapper-la-terre-dans-quelques-annees#primaryimage","url":"https:\/\/static.africa-press.net\/cote\/sites\/43\/2025\/02\/sm_1738413790.436252.jpg","contentUrl":"https:\/\/static.africa-press.net\/cote\/sites\/43\/2025\/02\/sm_1738413790.436252.jpg","width":1200,"height":898,"caption":"Ce que l'on sait de l'ast\u00e9ro\u00efde YR4 qui pourrait frapper la Terre dans quelques ann\u00e9es"},{"@type":"BreadcrumbList","@id":"https:\/\/www.africa-press.net\/cotedivoire\/politique\/ce-que-lon-sait-de-lasteroide-yr4-qui-pourrait-frapper-la-terre-dans-quelques-annees#breadcrumb","itemListElement":[{"@type":"ListItem","position":1,"name":"Accueil","item":"https:\/\/www.africa-press.net\/cotedivoire\/"},{"@type":"ListItem","position":2,"name":"Ce que l&rsquo;on sait de l&rsquo;ast\u00e9ro\u00efde YR4 qui pourrait frapper la Terre dans quelques ann\u00e9es"}]},{"@type":"WebSite","@id":"https:\/\/www.africa-press.net\/cotedivoire\/#website","url":"https:\/\/www.africa-press.net\/cotedivoire\/","name":"C\u00f4te d&#039;Ivoire","description":"Just another Africa News Agency Sites site","potentialAction":[{"@type":"SearchAction","target":{"@type":"EntryPoint","urlTemplate":"https:\/\/www.africa-press.net\/cotedivoire\/?s={search_term_string}"},"query-input":{"@type":"PropertyValueSpecification","valueRequired":true,"valueName":"search_term_string"}}],"inLanguage":"fr-FR"},{"@type":"Person","@id":"https:\/\/www.africa-press.net\/cotedivoire\/#\/schema\/person\/2b1cf3cd81a31e3cd26889ca66d677f1","name":"cfeditorfr"}]}},"_links":{"self":[{"href":"https:\/\/www.africa-press.net\/cotedivoire\/wp-json\/wp\/v2\/posts\/94556","targetHints":{"allow":["GET"]}}],"collection":[{"href":"https:\/\/www.africa-press.net\/cotedivoire\/wp-json\/wp\/v2\/posts"}],"about":[{"href":"https:\/\/www.africa-press.net\/cotedivoire\/wp-json\/wp\/v2\/types\/post"}],"author":[{"embeddable":true,"href":"https:\/\/www.africa-press.net\/cotedivoire\/wp-json\/wp\/v2\/users\/82"}],"replies":[{"embeddable":true,"href":"https:\/\/www.africa-press.net\/cotedivoire\/wp-json\/wp\/v2\/comments?post=94556"}],"version-history":[{"count":0,"href":"https:\/\/www.africa-press.net\/cotedivoire\/wp-json\/wp\/v2\/posts\/94556\/revisions"}],"wp:featuredmedia":[{"embeddable":true,"href":"https:\/\/www.africa-press.net\/cotedivoire\/wp-json\/wp\/v2\/media\/94555"}],"wp:attachment":[{"href":"https:\/\/www.africa-press.net\/cotedivoire\/wp-json\/wp\/v2\/media?parent=94556"}],"wp:term":[{"taxonomy":"category","embeddable":true,"href":"https:\/\/www.africa-press.net\/cotedivoire\/wp-json\/wp\/v2\/categories?post=94556"},{"taxonomy":"post_tag","embeddable":true,"href":"https:\/\/www.africa-press.net\/cotedivoire\/wp-json\/wp\/v2\/tags?post=94556"}],"curies":[{"name":"wp","href":"https:\/\/api.w.org\/{rel}","templated":true}]}}