{"id":94570,"date":"2025-02-02T15:49:31","date_gmt":"2025-02-02T15:49:31","guid":{"rendered":"https:\/\/www.africa-press.net\/cotedivoire\/politique\/le-chr-de-dimbokro-dispose-dune-nouvelle-ambulance"},"modified":"2025-02-02T15:49:31","modified_gmt":"2025-02-02T15:49:31","slug":"le-chr-de-dimbokro-dispose-dune-nouvelle-ambulance","status":"publish","type":"post","link":"https:\/\/www.africa-press.net\/cotedivoire\/toutes-les-actualites\/le-chr-de-dimbokro-dispose-dune-nouvelle-ambulance","title":{"rendered":"Le CHR de Dimbokro dispose d\u2019une nouvelle ambulance"},"content":{"rendered":"<p><span style=\"color: #ff6600\"><strong>Africa-Press &#8211; C\u00f4te d&rsquo;Ivoire. <\/strong><\/span>Dimbokro, 02 fe\u0301v 2025 (AIP) \u2013 Le Centre hospitalier re\u0301gional (CHR) de Dimbokro dispose de\u0301sormais d\u2019une nouvelle ambulance gra\u0302ce au management du maire Adama Coulibaly qui a proce\u0301de\u0301 a\u0300 la remise du ve\u0301hicule au cours d\u2019une ce\u0301re\u0301monie, le samedi 1er fe\u0301vrier 2025 dans l\u2019enceinte de l\u2019e\u0301tablissement hospitalier.<\/p>\n<p>Cette \u2018\u2019ambulance me\u0301dicalise\u0301e de dernie\u0300re ge\u0301ne\u0301ration\u2019\u2019, selon le directeur re\u0301gional de la Sante\u0301, Dr Kra Koffi Lazard, est e\u0301quipe\u0301e de diffe\u0301rents mate\u0301riels dont un moniteur, des bouteilles d\u2019oxyge\u0300ne et des trousses d\u2019intervention rapide.<\/p>\n<p>\u00ab Grand merci a\u0300 vous, monsieur le ministre, qui permettez, par vos actions, au CHR de Dimbokro d\u2019atteindre un standing toujours plus e\u0301leve\u0301 \u00bb, a de\u0301clare\u0301 Dr Kra. Il a mis en exergue les acquis de ces derniers mois, entre autres, la dotation d\u2019un scanner, le tout premier de ce centre hospitalier de re\u0301fe\u0301rence dans la re\u0301gion du N\u2019Zi, la mise en place d\u2019une unite\u0301 de production d\u2019oxyge\u0300ne et la construction de nouveaux ba\u0302timents.<\/p>\n<p>Pour le porte-parole des populations, Nanan Koffi Emmanuel, c\u2019est la pre\u0301sence des cadres de Dimbokro dans les instances de prises de de\u0301cisions qui permet a\u0300 la \u2018\u2019Cite\u0301 du bonheur partage\u0301 et du soleil radieux\u2019\u2019 de be\u0301ne\u0301ficier de plusieurs projets dont cette ambulance me\u0301dicalise\u0301e.<\/p>\n<p>\u00ab Cette ambulance va permettre une prise en charge rapide et renforce\u0301e des malades de notre commune et des villages environnants \u00bb, s\u2019est, pour sa part, exprime\u0301 Adama Coulibaly. Il a e\u0301galement fait du lobbying pour doter le CHR de deux appareils ophtalmologiques pour, dit-il, \u2018\u2019e\u0301viter que les parents puissent faire des examens sur place\u2019\u2019.<\/p>\n<p>Cette ambulance vient s\u2019ajouter aux deux autres dont dispose actuellement le CHR de Dimbokro.<\/p>\n<p>Le maire Adama Coulibaly qui est par ailleurs le ministre des Finances et du Budget a auparavant offert deux ambulances au centre hospitalier re\u0301gional de Dimbokro.<\/p>\n<p><strong>Pour plus d&rsquo;informations et d&rsquo;analyses sur la <span style=\"color: #ff6600\">C\u00f4te d&rsquo;Ivoire<\/span>, suivez <span style=\"color: #ff6600\">Africa-Press<span style=\"color: #ff6600\"><\/span><\/strong><\/p>\n","protected":false},"excerpt":{"rendered":"<p>Africa-Press &#8211; C\u00f4te d&rsquo;Ivoire. Dimbokro, 02 fe\u0301v 2025 (AIP) \u2013 Le Centre hospitalier re\u0301gional (CHR) de Dimbokro dispose de\u0301sormais d\u2019une nouvelle ambulance gra\u0302ce au management du maire Adama Coulibaly qui a proce\u0301de\u0301 a\u0300 la remise du ve\u0301hicule au cours d\u2019une ce\u0301re\u0301monie, le samedi 1er fe\u0301vrier 2025 dans l\u2019enceinte de l\u2019e\u0301tablissement hospitalier. Cette \u2018\u2019ambulance me\u0301dicalise\u0301e de [&hellip;]<\/p>\n","protected":false},"author":82,"featured_media":94569,"comment_status":"open","ping_status":"closed","sticky":false,"template":"","format":"standard","meta":{"footnotes":""},"categories":[21,10],"tags":[37],"class_list":["post-94570","post","type-post","status-publish","format-standard","has-post-thumbnail","hentry","category-communaute","category-toutes-les-actualites","tag-cote-divoire-2"],"yoast_head":"<!-- This site is optimized with the Yoast SEO Premium plugin v26.1 (Yoast SEO v27.0) - https:\/\/yoast.com\/product\/yoast-seo-premium-wordpress\/ -->\n<title>Le CHR de Dimbokro dispose d\u2019une nouvelle ambulance - C\u00f4te d&#039;Ivoire<\/title>\n<meta name=\"robots\" content=\"index, follow, max-snippet:-1, max-image-preview:large, max-video-preview:-1\" \/>\n<link rel=\"canonical\" href=\"https:\/\/www.africa-press.net\/cotedivoire\/politique\/le-chr-de-dimbokro-dispose-dune-nouvelle-ambulance\" \/>\n<meta property=\"og:locale\" content=\"fr_FR\" \/>\n<meta property=\"og:type\" content=\"article\" \/>\n<meta property=\"og:title\" content=\"Le CHR de Dimbokro dispose d\u2019une nouvelle ambulance\" \/>\n<meta property=\"og:description\" content=\"Africa-Press &#8211; C\u00f4te d&rsquo;Ivoire. Dimbokro, 02 fe\u0301v 2025 (AIP) \u2013 Le Centre hospitalier re\u0301gional (CHR) de Dimbokro dispose de\u0301sormais d\u2019une nouvelle ambulance gra\u0302ce au management du maire Adama Coulibaly qui a proce\u0301de\u0301 a\u0300 la remise du ve\u0301hicule au cours d\u2019une ce\u0301re\u0301monie, le samedi 1er fe\u0301vrier 2025 dans l\u2019enceinte de l\u2019e\u0301tablissement hospitalier. Cette \u2018\u2019ambulance me\u0301dicalise\u0301e de [&hellip;]\" \/>\n<meta property=\"og:url\" content=\"https:\/\/www.africa-press.net\/cotedivoire\/politique\/le-chr-de-dimbokro-dispose-dune-nouvelle-ambulance\" \/>\n<meta property=\"og:site_name\" content=\"C\u00f4te d&#039;Ivoire\" \/>\n<meta property=\"article:published_time\" content=\"2025-02-02T15:49:31+00:00\" \/>\n<meta name=\"author\" content=\"cfeditorfr\" \/>\n<meta name=\"twitter:card\" content=\"summary_large_image\" \/>\n<meta name=\"twitter:label1\" content=\"\u00c9crit par\" \/>\n\t<meta name=\"twitter:data1\" content=\"cfeditorfr\" \/>\n\t<meta name=\"twitter:label2\" content=\"Dur\u00e9e de lecture estim\u00e9e\" \/>\n\t<meta name=\"twitter:data2\" content=\"2 minutes\" \/>\n<script type=\"application\/ld+json\" class=\"yoast-schema-graph\">{\"@context\":\"https:\/\/schema.org\",\"@graph\":[{\"@type\":\"Article\",\"@id\":\"https:\/\/www.africa-press.net\/cotedivoire\/politique\/le-chr-de-dimbokro-dispose-dune-nouvelle-ambulance#article\",\"isPartOf\":{\"@id\":\"https:\/\/www.africa-press.net\/cotedivoire\/politique\/le-chr-de-dimbokro-dispose-dune-nouvelle-ambulance\"},\"author\":{\"name\":\"cfeditorfr\",\"@id\":\"https:\/\/www.africa-press.net\/cotedivoire\/#\/schema\/person\/2b1cf3cd81a31e3cd26889ca66d677f1\"},\"headline\":\"Le CHR de Dimbokro dispose d\u2019une nouvelle ambulance\",\"datePublished\":\"2025-02-02T15:49:31+00:00\",\"mainEntityOfPage\":{\"@id\":\"https:\/\/www.africa-press.net\/cotedivoire\/politique\/le-chr-de-dimbokro-dispose-dune-nouvelle-ambulance\"},\"wordCount\":366,\"commentCount\":0,\"image\":{\"@id\":\"https:\/\/www.africa-press.net\/cotedivoire\/politique\/le-chr-de-dimbokro-dispose-dune-nouvelle-ambulance#primaryimage\"},\"thumbnailUrl\":\"https:\/\/static.africa-press.net\/cote\/sites\/43\/2025\/02\/sm_1738499038.163829.jpg\",\"keywords\":[\"C\u00f4te d'Ivoire\"],\"articleSection\":[\"Communaut\u00e9\",\"Toutes les actualit\u00e9s\"],\"inLanguage\":\"fr-FR\",\"potentialAction\":[{\"@type\":\"CommentAction\",\"name\":\"Comment\",\"target\":[\"https:\/\/www.africa-press.net\/cotedivoire\/politique\/le-chr-de-dimbokro-dispose-dune-nouvelle-ambulance#respond\"]}]},{\"@type\":\"WebPage\",\"@id\":\"https:\/\/www.africa-press.net\/cotedivoire\/politique\/le-chr-de-dimbokro-dispose-dune-nouvelle-ambulance\",\"url\":\"https:\/\/www.africa-press.net\/cotedivoire\/politique\/le-chr-de-dimbokro-dispose-dune-nouvelle-ambulance\",\"name\":\"Le CHR de Dimbokro dispose d\u2019une nouvelle ambulance - C\u00f4te d&#039;Ivoire\",\"isPartOf\":{\"@id\":\"https:\/\/www.africa-press.net\/cotedivoire\/#website\"},\"primaryImageOfPage\":{\"@id\":\"https:\/\/www.africa-press.net\/cotedivoire\/politique\/le-chr-de-dimbokro-dispose-dune-nouvelle-ambulance#primaryimage\"},\"image\":{\"@id\":\"https:\/\/www.africa-press.net\/cotedivoire\/politique\/le-chr-de-dimbokro-dispose-dune-nouvelle-ambulance#primaryimage\"},\"thumbnailUrl\":\"https:\/\/static.africa-press.net\/cote\/sites\/43\/2025\/02\/sm_1738499038.163829.jpg\",\"datePublished\":\"2025-02-02T15:49:31+00:00\",\"author\":{\"@id\":\"https:\/\/www.africa-press.net\/cotedivoire\/#\/schema\/person\/2b1cf3cd81a31e3cd26889ca66d677f1\"},\"breadcrumb\":{\"@id\":\"https:\/\/www.africa-press.net\/cotedivoire\/politique\/le-chr-de-dimbokro-dispose-dune-nouvelle-ambulance#breadcrumb\"},\"inLanguage\":\"fr-FR\",\"potentialAction\":[{\"@type\":\"ReadAction\",\"target\":[\"https:\/\/www.africa-press.net\/cotedivoire\/politique\/le-chr-de-dimbokro-dispose-dune-nouvelle-ambulance\"]}]},{\"@type\":\"ImageObject\",\"inLanguage\":\"fr-FR\",\"@id\":\"https:\/\/www.africa-press.net\/cotedivoire\/politique\/le-chr-de-dimbokro-dispose-dune-nouvelle-ambulance#primaryimage\",\"url\":\"https:\/\/static.africa-press.net\/cote\/sites\/43\/2025\/02\/sm_1738499038.163829.jpg\",\"contentUrl\":\"https:\/\/static.africa-press.net\/cote\/sites\/43\/2025\/02\/sm_1738499038.163829.jpg\",\"width\":768,\"height\":512,\"caption\":\"Le CHR de Dimbokro dispose d\u2019une nouvelle ambulance\"},{\"@type\":\"BreadcrumbList\",\"@id\":\"https:\/\/www.africa-press.net\/cotedivoire\/politique\/le-chr-de-dimbokro-dispose-dune-nouvelle-ambulance#breadcrumb\",\"itemListElement\":[{\"@type\":\"ListItem\",\"position\":1,\"name\":\"Accueil\",\"item\":\"https:\/\/www.africa-press.net\/cotedivoire\/\"},{\"@type\":\"ListItem\",\"position\":2,\"name\":\"Le CHR de Dimbokro dispose d\u2019une nouvelle ambulance\"}]},{\"@type\":\"WebSite\",\"@id\":\"https:\/\/www.africa-press.net\/cotedivoire\/#website\",\"url\":\"https:\/\/www.africa-press.net\/cotedivoire\/\",\"name\":\"C\u00f4te d&#039;Ivoire\",\"description\":\"Just another Africa News Agency Sites site\",\"potentialAction\":[{\"@type\":\"SearchAction\",\"target\":{\"@type\":\"EntryPoint\",\"urlTemplate\":\"https:\/\/www.africa-press.net\/cotedivoire\/?s={search_term_string}\"},\"query-input\":{\"@type\":\"PropertyValueSpecification\",\"valueRequired\":true,\"valueName\":\"search_term_string\"}}],\"inLanguage\":\"fr-FR\"},{\"@type\":\"Person\",\"@id\":\"https:\/\/www.africa-press.net\/cotedivoire\/#\/schema\/person\/2b1cf3cd81a31e3cd26889ca66d677f1\",\"name\":\"cfeditorfr\"}]}<\/script>\n<!-- \/ Yoast SEO Premium plugin. -->","yoast_head_json":{"title":"Le CHR de Dimbokro dispose d\u2019une nouvelle ambulance - C\u00f4te d&#039;Ivoire","robots":{"index":"index","follow":"follow","max-snippet":"max-snippet:-1","max-image-preview":"max-image-preview:large","max-video-preview":"max-video-preview:-1"},"canonical":"https:\/\/www.africa-press.net\/cotedivoire\/politique\/le-chr-de-dimbokro-dispose-dune-nouvelle-ambulance","og_locale":"fr_FR","og_type":"article","og_title":"Le CHR de Dimbokro dispose d\u2019une nouvelle ambulance","og_description":"Africa-Press &#8211; C\u00f4te d&rsquo;Ivoire. Dimbokro, 02 fe\u0301v 2025 (AIP) \u2013 Le Centre hospitalier re\u0301gional (CHR) de Dimbokro dispose de\u0301sormais d\u2019une nouvelle ambulance gra\u0302ce au management du maire Adama Coulibaly qui a proce\u0301de\u0301 a\u0300 la remise du ve\u0301hicule au cours d\u2019une ce\u0301re\u0301monie, le samedi 1er fe\u0301vrier 2025 dans l\u2019enceinte de l\u2019e\u0301tablissement hospitalier. Cette \u2018\u2019ambulance me\u0301dicalise\u0301e de [&hellip;]","og_url":"https:\/\/www.africa-press.net\/cotedivoire\/politique\/le-chr-de-dimbokro-dispose-dune-nouvelle-ambulance","og_site_name":"C\u00f4te d&#039;Ivoire","article_published_time":"2025-02-02T15:49:31+00:00","author":"cfeditorfr","twitter_card":"summary_large_image","twitter_misc":{"\u00c9crit par":"cfeditorfr","Dur\u00e9e de lecture estim\u00e9e":"2 minutes"},"schema":{"@context":"https:\/\/schema.org","@graph":[{"@type":"Article","@id":"https:\/\/www.africa-press.net\/cotedivoire\/politique\/le-chr-de-dimbokro-dispose-dune-nouvelle-ambulance#article","isPartOf":{"@id":"https:\/\/www.africa-press.net\/cotedivoire\/politique\/le-chr-de-dimbokro-dispose-dune-nouvelle-ambulance"},"author":{"name":"cfeditorfr","@id":"https:\/\/www.africa-press.net\/cotedivoire\/#\/schema\/person\/2b1cf3cd81a31e3cd26889ca66d677f1"},"headline":"Le CHR de Dimbokro dispose d\u2019une nouvelle ambulance","datePublished":"2025-02-02T15:49:31+00:00","mainEntityOfPage":{"@id":"https:\/\/www.africa-press.net\/cotedivoire\/politique\/le-chr-de-dimbokro-dispose-dune-nouvelle-ambulance"},"wordCount":366,"commentCount":0,"image":{"@id":"https:\/\/www.africa-press.net\/cotedivoire\/politique\/le-chr-de-dimbokro-dispose-dune-nouvelle-ambulance#primaryimage"},"thumbnailUrl":"https:\/\/static.africa-press.net\/cote\/sites\/43\/2025\/02\/sm_1738499038.163829.jpg","keywords":["C\u00f4te d'Ivoire"],"articleSection":["Communaut\u00e9","Toutes les actualit\u00e9s"],"inLanguage":"fr-FR","potentialAction":[{"@type":"CommentAction","name":"Comment","target":["https:\/\/www.africa-press.net\/cotedivoire\/politique\/le-chr-de-dimbokro-dispose-dune-nouvelle-ambulance#respond"]}]},{"@type":"WebPage","@id":"https:\/\/www.africa-press.net\/cotedivoire\/politique\/le-chr-de-dimbokro-dispose-dune-nouvelle-ambulance","url":"https:\/\/www.africa-press.net\/cotedivoire\/politique\/le-chr-de-dimbokro-dispose-dune-nouvelle-ambulance","name":"Le CHR de Dimbokro dispose d\u2019une nouvelle ambulance - C\u00f4te d&#039;Ivoire","isPartOf":{"@id":"https:\/\/www.africa-press.net\/cotedivoire\/#website"},"primaryImageOfPage":{"@id":"https:\/\/www.africa-press.net\/cotedivoire\/politique\/le-chr-de-dimbokro-dispose-dune-nouvelle-ambulance#primaryimage"},"image":{"@id":"https:\/\/www.africa-press.net\/cotedivoire\/politique\/le-chr-de-dimbokro-dispose-dune-nouvelle-ambulance#primaryimage"},"thumbnailUrl":"https:\/\/static.africa-press.net\/cote\/sites\/43\/2025\/02\/sm_1738499038.163829.jpg","datePublished":"2025-02-02T15:49:31+00:00","author":{"@id":"https:\/\/www.africa-press.net\/cotedivoire\/#\/schema\/person\/2b1cf3cd81a31e3cd26889ca66d677f1"},"breadcrumb":{"@id":"https:\/\/www.africa-press.net\/cotedivoire\/politique\/le-chr-de-dimbokro-dispose-dune-nouvelle-ambulance#breadcrumb"},"inLanguage":"fr-FR","potentialAction":[{"@type":"ReadAction","target":["https:\/\/www.africa-press.net\/cotedivoire\/politique\/le-chr-de-dimbokro-dispose-dune-nouvelle-ambulance"]}]},{"@type":"ImageObject","inLanguage":"fr-FR","@id":"https:\/\/www.africa-press.net\/cotedivoire\/politique\/le-chr-de-dimbokro-dispose-dune-nouvelle-ambulance#primaryimage","url":"https:\/\/static.africa-press.net\/cote\/sites\/43\/2025\/02\/sm_1738499038.163829.jpg","contentUrl":"https:\/\/static.africa-press.net\/cote\/sites\/43\/2025\/02\/sm_1738499038.163829.jpg","width":768,"height":512,"caption":"Le CHR de Dimbokro dispose d\u2019une nouvelle ambulance"},{"@type":"BreadcrumbList","@id":"https:\/\/www.africa-press.net\/cotedivoire\/politique\/le-chr-de-dimbokro-dispose-dune-nouvelle-ambulance#breadcrumb","itemListElement":[{"@type":"ListItem","position":1,"name":"Accueil","item":"https:\/\/www.africa-press.net\/cotedivoire\/"},{"@type":"ListItem","position":2,"name":"Le CHR de Dimbokro dispose d\u2019une nouvelle ambulance"}]},{"@type":"WebSite","@id":"https:\/\/www.africa-press.net\/cotedivoire\/#website","url":"https:\/\/www.africa-press.net\/cotedivoire\/","name":"C\u00f4te d&#039;Ivoire","description":"Just another Africa News Agency Sites site","potentialAction":[{"@type":"SearchAction","target":{"@type":"EntryPoint","urlTemplate":"https:\/\/www.africa-press.net\/cotedivoire\/?s={search_term_string}"},"query-input":{"@type":"PropertyValueSpecification","valueRequired":true,"valueName":"search_term_string"}}],"inLanguage":"fr-FR"},{"@type":"Person","@id":"https:\/\/www.africa-press.net\/cotedivoire\/#\/schema\/person\/2b1cf3cd81a31e3cd26889ca66d677f1","name":"cfeditorfr"}]}},"_links":{"self":[{"href":"https:\/\/www.africa-press.net\/cotedivoire\/wp-json\/wp\/v2\/posts\/94570","targetHints":{"allow":["GET"]}}],"collection":[{"href":"https:\/\/www.africa-press.net\/cotedivoire\/wp-json\/wp\/v2\/posts"}],"about":[{"href":"https:\/\/www.africa-press.net\/cotedivoire\/wp-json\/wp\/v2\/types\/post"}],"author":[{"embeddable":true,"href":"https:\/\/www.africa-press.net\/cotedivoire\/wp-json\/wp\/v2\/users\/82"}],"replies":[{"embeddable":true,"href":"https:\/\/www.africa-press.net\/cotedivoire\/wp-json\/wp\/v2\/comments?post=94570"}],"version-history":[{"count":0,"href":"https:\/\/www.africa-press.net\/cotedivoire\/wp-json\/wp\/v2\/posts\/94570\/revisions"}],"wp:featuredmedia":[{"embeddable":true,"href":"https:\/\/www.africa-press.net\/cotedivoire\/wp-json\/wp\/v2\/media\/94569"}],"wp:attachment":[{"href":"https:\/\/www.africa-press.net\/cotedivoire\/wp-json\/wp\/v2\/media?parent=94570"}],"wp:term":[{"taxonomy":"category","embeddable":true,"href":"https:\/\/www.africa-press.net\/cotedivoire\/wp-json\/wp\/v2\/categories?post=94570"},{"taxonomy":"post_tag","embeddable":true,"href":"https:\/\/www.africa-press.net\/cotedivoire\/wp-json\/wp\/v2\/tags?post=94570"}],"curies":[{"name":"wp","href":"https:\/\/api.w.org\/{rel}","templated":true}]}}