{"id":94572,"date":"2025-02-02T15:50:00","date_gmt":"2025-02-02T15:50:00","guid":{"rendered":"https:\/\/www.africa-press.net\/cotedivoire\/politique\/le-village-de-soko-bientot-dote-dun-forage-a-energie-solaire"},"modified":"2025-02-02T15:50:00","modified_gmt":"2025-02-02T15:50:00","slug":"le-village-de-soko-bientot-dote-dun-forage-a-energie-solaire","status":"publish","type":"post","link":"https:\/\/www.africa-press.net\/cotedivoire\/toutes-les-actualites\/le-village-de-soko-bientot-dote-dun-forage-a-energie-solaire","title":{"rendered":"Le village de Soko bient\u00f4t dot\u00e9 d\u2019un forage \u00e0 \u00e9nergie solaire"},"content":{"rendered":"<p><span style=\"color: #ff6600\"><strong>Africa-Press &#8211; C\u00f4te d&rsquo;Ivoire. <\/strong><\/span>Le pre\u0301fet de Bondoukou, Gbongbo Kouadio Andre\u0301, proce\u0301de\u0301 le samedi 1er fe\u0301vrier 2025, a\u0300 la pose de la premie\u0300re pierre d\u2019un forage a\u0300 e\u0301nergie solaire au quartier Koulanbe\u0301ni et inaugure\u0301 le forage du quartier Bambarasso de Soko, une localite\u0301 situe\u0301e a\u0300 une dizaine de kilome\u0300tres de Bondoukou.<\/p>\n<p>Le maire de Bondoukou, Ouattara Anzoumana et le pre\u0301fet ont e\u0301galement investi la pre\u0301sidente des femmes, Ouattara Aminata et le pre\u0301sident de la Jeunesse consciente de Bondoukou, section Soko, Kouame\u0301 Assare\u0301.<\/p>\n<p>Au nom du ministre d\u2019Etat, Kobenan Adjoumani, le pre\u0301fet de Bondoukou a salue\u0301 ces re\u0301alisations communautaires qui participent au de\u0301veloppement local et re\u0301pondront aux besoins vitaux de ces habitants.<\/p>\n<p>\u201cGrace au forage, l\u2019acce\u0300s a\u0300 l\u2019eau sera renforce\u0301 par une e\u0301nergie propre et e\u0301conomique, re\u0301duisant les ine\u0301galite\u0301s et ame\u0301liorant le conditions de vie\u201d, a de\u0301clare\u0301 le pre\u0301fet.<\/p>\n<p>En somme, Soko be\u0301ne\u0301ficiera de quatre forages re\u0301alise\u0301s par le maire qui a indique\u0301 vouloir perpe\u0301tuer un pacte signe\u0301 entre lui et les populations. \u201cJe resterai fide\u0300le a\u0300 mon engagement pour le bien de Soko. Tant que je vis je ferai tout pour que Soko avance\u201d, a-t-il assure\u0301.<\/p>\n<p>Ouattara Anzoumana a re\u0301affirme\u0301 son appartenance au Rassemblement des Houphoue\u0301tistes pour la de\u0301mocratie et la paix (RHDP) pour permettre a\u0300 ses administre\u0301s de ce village de be\u0301ne\u0301ficier de projets de l\u2019Etat.<\/p>\n<p><strong>Pour plus d&rsquo;informations et d&rsquo;analyses sur la <span style=\"color: #ff6600\">C\u00f4te d&rsquo;Ivoire<\/span>, suivez <span style=\"color: #ff6600\">Africa-Press<span style=\"color: #ff6600\"><\/span><\/strong><\/p>\n","protected":false},"excerpt":{"rendered":"<p>Africa-Press &#8211; C\u00f4te d&rsquo;Ivoire. Le pre\u0301fet de Bondoukou, Gbongbo Kouadio Andre\u0301, proce\u0301de\u0301 le samedi 1er fe\u0301vrier 2025, a\u0300 la pose de la premie\u0300re pierre d\u2019un forage a\u0300 e\u0301nergie solaire au quartier Koulanbe\u0301ni et inaugure\u0301 le forage du quartier Bambarasso de Soko, une localite\u0301 situe\u0301e a\u0300 une dizaine de kilome\u0300tres de Bondoukou. Le maire de Bondoukou, [&hellip;]<\/p>\n","protected":false},"author":82,"featured_media":94571,"comment_status":"open","ping_status":"closed","sticky":false,"template":"","format":"standard","meta":{"footnotes":""},"categories":[21,10],"tags":[37],"class_list":["post-94572","post","type-post","status-publish","format-standard","has-post-thumbnail","hentry","category-communaute","category-toutes-les-actualites","tag-cote-divoire-2"],"yoast_head":"<!-- This site is optimized with the Yoast SEO Premium plugin v26.1 (Yoast SEO v27.0) - https:\/\/yoast.com\/product\/yoast-seo-premium-wordpress\/ -->\n<title>Le village de Soko bient\u00f4t dot\u00e9 d\u2019un forage \u00e0 \u00e9nergie solaire - C\u00f4te d&#039;Ivoire<\/title>\n<meta name=\"robots\" content=\"index, follow, max-snippet:-1, max-image-preview:large, max-video-preview:-1\" \/>\n<link rel=\"canonical\" href=\"https:\/\/www.africa-press.net\/cotedivoire\/politique\/le-village-de-soko-bientot-dote-dun-forage-a-energie-solaire\" \/>\n<meta property=\"og:locale\" content=\"fr_FR\" \/>\n<meta property=\"og:type\" content=\"article\" \/>\n<meta property=\"og:title\" content=\"Le village de Soko bient\u00f4t dot\u00e9 d\u2019un forage \u00e0 \u00e9nergie solaire\" \/>\n<meta property=\"og:description\" content=\"Africa-Press &#8211; C\u00f4te d&rsquo;Ivoire. Le pre\u0301fet de Bondoukou, Gbongbo Kouadio Andre\u0301, proce\u0301de\u0301 le samedi 1er fe\u0301vrier 2025, a\u0300 la pose de la premie\u0300re pierre d\u2019un forage a\u0300 e\u0301nergie solaire au quartier Koulanbe\u0301ni et inaugure\u0301 le forage du quartier Bambarasso de Soko, une localite\u0301 situe\u0301e a\u0300 une dizaine de kilome\u0300tres de Bondoukou. Le maire de Bondoukou, [&hellip;]\" \/>\n<meta property=\"og:url\" content=\"https:\/\/www.africa-press.net\/cotedivoire\/politique\/le-village-de-soko-bientot-dote-dun-forage-a-energie-solaire\" \/>\n<meta property=\"og:site_name\" content=\"C\u00f4te d&#039;Ivoire\" \/>\n<meta property=\"article:published_time\" content=\"2025-02-02T15:50:00+00:00\" \/>\n<meta name=\"author\" content=\"cfeditorfr\" \/>\n<meta name=\"twitter:card\" content=\"summary_large_image\" \/>\n<meta name=\"twitter:label1\" content=\"\u00c9crit par\" \/>\n\t<meta name=\"twitter:data1\" content=\"cfeditorfr\" \/>\n\t<meta name=\"twitter:label2\" content=\"Dur\u00e9e de lecture estim\u00e9e\" \/>\n\t<meta name=\"twitter:data2\" content=\"1 minute\" \/>\n<script type=\"application\/ld+json\" class=\"yoast-schema-graph\">{\"@context\":\"https:\/\/schema.org\",\"@graph\":[{\"@type\":\"Article\",\"@id\":\"https:\/\/www.africa-press.net\/cotedivoire\/politique\/le-village-de-soko-bientot-dote-dun-forage-a-energie-solaire#article\",\"isPartOf\":{\"@id\":\"https:\/\/www.africa-press.net\/cotedivoire\/politique\/le-village-de-soko-bientot-dote-dun-forage-a-energie-solaire\"},\"author\":{\"name\":\"cfeditorfr\",\"@id\":\"https:\/\/www.africa-press.net\/cotedivoire\/#\/schema\/person\/2b1cf3cd81a31e3cd26889ca66d677f1\"},\"headline\":\"Le village de Soko bient\u00f4t dot\u00e9 d\u2019un forage \u00e0 \u00e9nergie solaire\",\"datePublished\":\"2025-02-02T15:50:00+00:00\",\"mainEntityOfPage\":{\"@id\":\"https:\/\/www.africa-press.net\/cotedivoire\/politique\/le-village-de-soko-bientot-dote-dun-forage-a-energie-solaire\"},\"wordCount\":287,\"commentCount\":0,\"image\":{\"@id\":\"https:\/\/www.africa-press.net\/cotedivoire\/politique\/le-village-de-soko-bientot-dote-dun-forage-a-energie-solaire#primaryimage\"},\"thumbnailUrl\":\"https:\/\/static.africa-press.net\/cote\/sites\/43\/2025\/02\/sm_1738499049.229486.jpg\",\"keywords\":[\"C\u00f4te d'Ivoire\"],\"articleSection\":[\"Communaut\u00e9\",\"Toutes les actualit\u00e9s\"],\"inLanguage\":\"fr-FR\",\"potentialAction\":[{\"@type\":\"CommentAction\",\"name\":\"Comment\",\"target\":[\"https:\/\/www.africa-press.net\/cotedivoire\/politique\/le-village-de-soko-bientot-dote-dun-forage-a-energie-solaire#respond\"]}]},{\"@type\":\"WebPage\",\"@id\":\"https:\/\/www.africa-press.net\/cotedivoire\/politique\/le-village-de-soko-bientot-dote-dun-forage-a-energie-solaire\",\"url\":\"https:\/\/www.africa-press.net\/cotedivoire\/politique\/le-village-de-soko-bientot-dote-dun-forage-a-energie-solaire\",\"name\":\"Le village de Soko bient\u00f4t dot\u00e9 d\u2019un forage \u00e0 \u00e9nergie solaire - C\u00f4te d&#039;Ivoire\",\"isPartOf\":{\"@id\":\"https:\/\/www.africa-press.net\/cotedivoire\/#website\"},\"primaryImageOfPage\":{\"@id\":\"https:\/\/www.africa-press.net\/cotedivoire\/politique\/le-village-de-soko-bientot-dote-dun-forage-a-energie-solaire#primaryimage\"},\"image\":{\"@id\":\"https:\/\/www.africa-press.net\/cotedivoire\/politique\/le-village-de-soko-bientot-dote-dun-forage-a-energie-solaire#primaryimage\"},\"thumbnailUrl\":\"https:\/\/static.africa-press.net\/cote\/sites\/43\/2025\/02\/sm_1738499049.229486.jpg\",\"datePublished\":\"2025-02-02T15:50:00+00:00\",\"author\":{\"@id\":\"https:\/\/www.africa-press.net\/cotedivoire\/#\/schema\/person\/2b1cf3cd81a31e3cd26889ca66d677f1\"},\"breadcrumb\":{\"@id\":\"https:\/\/www.africa-press.net\/cotedivoire\/politique\/le-village-de-soko-bientot-dote-dun-forage-a-energie-solaire#breadcrumb\"},\"inLanguage\":\"fr-FR\",\"potentialAction\":[{\"@type\":\"ReadAction\",\"target\":[\"https:\/\/www.africa-press.net\/cotedivoire\/politique\/le-village-de-soko-bientot-dote-dun-forage-a-energie-solaire\"]}]},{\"@type\":\"ImageObject\",\"inLanguage\":\"fr-FR\",\"@id\":\"https:\/\/www.africa-press.net\/cotedivoire\/politique\/le-village-de-soko-bientot-dote-dun-forage-a-energie-solaire#primaryimage\",\"url\":\"https:\/\/static.africa-press.net\/cote\/sites\/43\/2025\/02\/sm_1738499049.229486.jpg\",\"contentUrl\":\"https:\/\/static.africa-press.net\/cote\/sites\/43\/2025\/02\/sm_1738499049.229486.jpg\",\"width\":768,\"height\":431,\"caption\":\"Le village de Soko bient\u00f4t dot\u00e9 d\u2019un forage \u00e0 \u00e9nergie solaire\"},{\"@type\":\"BreadcrumbList\",\"@id\":\"https:\/\/www.africa-press.net\/cotedivoire\/politique\/le-village-de-soko-bientot-dote-dun-forage-a-energie-solaire#breadcrumb\",\"itemListElement\":[{\"@type\":\"ListItem\",\"position\":1,\"name\":\"Accueil\",\"item\":\"https:\/\/www.africa-press.net\/cotedivoire\/\"},{\"@type\":\"ListItem\",\"position\":2,\"name\":\"Le village de Soko bient\u00f4t dot\u00e9 d\u2019un forage \u00e0 \u00e9nergie solaire\"}]},{\"@type\":\"WebSite\",\"@id\":\"https:\/\/www.africa-press.net\/cotedivoire\/#website\",\"url\":\"https:\/\/www.africa-press.net\/cotedivoire\/\",\"name\":\"C\u00f4te d&#039;Ivoire\",\"description\":\"Just another Africa News Agency Sites site\",\"potentialAction\":[{\"@type\":\"SearchAction\",\"target\":{\"@type\":\"EntryPoint\",\"urlTemplate\":\"https:\/\/www.africa-press.net\/cotedivoire\/?s={search_term_string}\"},\"query-input\":{\"@type\":\"PropertyValueSpecification\",\"valueRequired\":true,\"valueName\":\"search_term_string\"}}],\"inLanguage\":\"fr-FR\"},{\"@type\":\"Person\",\"@id\":\"https:\/\/www.africa-press.net\/cotedivoire\/#\/schema\/person\/2b1cf3cd81a31e3cd26889ca66d677f1\",\"name\":\"cfeditorfr\"}]}<\/script>\n<!-- \/ Yoast SEO Premium plugin. -->","yoast_head_json":{"title":"Le village de Soko bient\u00f4t dot\u00e9 d\u2019un forage \u00e0 \u00e9nergie solaire - C\u00f4te d&#039;Ivoire","robots":{"index":"index","follow":"follow","max-snippet":"max-snippet:-1","max-image-preview":"max-image-preview:large","max-video-preview":"max-video-preview:-1"},"canonical":"https:\/\/www.africa-press.net\/cotedivoire\/politique\/le-village-de-soko-bientot-dote-dun-forage-a-energie-solaire","og_locale":"fr_FR","og_type":"article","og_title":"Le village de Soko bient\u00f4t dot\u00e9 d\u2019un forage \u00e0 \u00e9nergie solaire","og_description":"Africa-Press &#8211; C\u00f4te d&rsquo;Ivoire. Le pre\u0301fet de Bondoukou, Gbongbo Kouadio Andre\u0301, proce\u0301de\u0301 le samedi 1er fe\u0301vrier 2025, a\u0300 la pose de la premie\u0300re pierre d\u2019un forage a\u0300 e\u0301nergie solaire au quartier Koulanbe\u0301ni et inaugure\u0301 le forage du quartier Bambarasso de Soko, une localite\u0301 situe\u0301e a\u0300 une dizaine de kilome\u0300tres de Bondoukou. Le maire de Bondoukou, [&hellip;]","og_url":"https:\/\/www.africa-press.net\/cotedivoire\/politique\/le-village-de-soko-bientot-dote-dun-forage-a-energie-solaire","og_site_name":"C\u00f4te d&#039;Ivoire","article_published_time":"2025-02-02T15:50:00+00:00","author":"cfeditorfr","twitter_card":"summary_large_image","twitter_misc":{"\u00c9crit par":"cfeditorfr","Dur\u00e9e de lecture estim\u00e9e":"1 minute"},"schema":{"@context":"https:\/\/schema.org","@graph":[{"@type":"Article","@id":"https:\/\/www.africa-press.net\/cotedivoire\/politique\/le-village-de-soko-bientot-dote-dun-forage-a-energie-solaire#article","isPartOf":{"@id":"https:\/\/www.africa-press.net\/cotedivoire\/politique\/le-village-de-soko-bientot-dote-dun-forage-a-energie-solaire"},"author":{"name":"cfeditorfr","@id":"https:\/\/www.africa-press.net\/cotedivoire\/#\/schema\/person\/2b1cf3cd81a31e3cd26889ca66d677f1"},"headline":"Le village de Soko bient\u00f4t dot\u00e9 d\u2019un forage \u00e0 \u00e9nergie solaire","datePublished":"2025-02-02T15:50:00+00:00","mainEntityOfPage":{"@id":"https:\/\/www.africa-press.net\/cotedivoire\/politique\/le-village-de-soko-bientot-dote-dun-forage-a-energie-solaire"},"wordCount":287,"commentCount":0,"image":{"@id":"https:\/\/www.africa-press.net\/cotedivoire\/politique\/le-village-de-soko-bientot-dote-dun-forage-a-energie-solaire#primaryimage"},"thumbnailUrl":"https:\/\/static.africa-press.net\/cote\/sites\/43\/2025\/02\/sm_1738499049.229486.jpg","keywords":["C\u00f4te d'Ivoire"],"articleSection":["Communaut\u00e9","Toutes les actualit\u00e9s"],"inLanguage":"fr-FR","potentialAction":[{"@type":"CommentAction","name":"Comment","target":["https:\/\/www.africa-press.net\/cotedivoire\/politique\/le-village-de-soko-bientot-dote-dun-forage-a-energie-solaire#respond"]}]},{"@type":"WebPage","@id":"https:\/\/www.africa-press.net\/cotedivoire\/politique\/le-village-de-soko-bientot-dote-dun-forage-a-energie-solaire","url":"https:\/\/www.africa-press.net\/cotedivoire\/politique\/le-village-de-soko-bientot-dote-dun-forage-a-energie-solaire","name":"Le village de Soko bient\u00f4t dot\u00e9 d\u2019un forage \u00e0 \u00e9nergie solaire - C\u00f4te d&#039;Ivoire","isPartOf":{"@id":"https:\/\/www.africa-press.net\/cotedivoire\/#website"},"primaryImageOfPage":{"@id":"https:\/\/www.africa-press.net\/cotedivoire\/politique\/le-village-de-soko-bientot-dote-dun-forage-a-energie-solaire#primaryimage"},"image":{"@id":"https:\/\/www.africa-press.net\/cotedivoire\/politique\/le-village-de-soko-bientot-dote-dun-forage-a-energie-solaire#primaryimage"},"thumbnailUrl":"https:\/\/static.africa-press.net\/cote\/sites\/43\/2025\/02\/sm_1738499049.229486.jpg","datePublished":"2025-02-02T15:50:00+00:00","author":{"@id":"https:\/\/www.africa-press.net\/cotedivoire\/#\/schema\/person\/2b1cf3cd81a31e3cd26889ca66d677f1"},"breadcrumb":{"@id":"https:\/\/www.africa-press.net\/cotedivoire\/politique\/le-village-de-soko-bientot-dote-dun-forage-a-energie-solaire#breadcrumb"},"inLanguage":"fr-FR","potentialAction":[{"@type":"ReadAction","target":["https:\/\/www.africa-press.net\/cotedivoire\/politique\/le-village-de-soko-bientot-dote-dun-forage-a-energie-solaire"]}]},{"@type":"ImageObject","inLanguage":"fr-FR","@id":"https:\/\/www.africa-press.net\/cotedivoire\/politique\/le-village-de-soko-bientot-dote-dun-forage-a-energie-solaire#primaryimage","url":"https:\/\/static.africa-press.net\/cote\/sites\/43\/2025\/02\/sm_1738499049.229486.jpg","contentUrl":"https:\/\/static.africa-press.net\/cote\/sites\/43\/2025\/02\/sm_1738499049.229486.jpg","width":768,"height":431,"caption":"Le village de Soko bient\u00f4t dot\u00e9 d\u2019un forage \u00e0 \u00e9nergie solaire"},{"@type":"BreadcrumbList","@id":"https:\/\/www.africa-press.net\/cotedivoire\/politique\/le-village-de-soko-bientot-dote-dun-forage-a-energie-solaire#breadcrumb","itemListElement":[{"@type":"ListItem","position":1,"name":"Accueil","item":"https:\/\/www.africa-press.net\/cotedivoire\/"},{"@type":"ListItem","position":2,"name":"Le village de Soko bient\u00f4t dot\u00e9 d\u2019un forage \u00e0 \u00e9nergie solaire"}]},{"@type":"WebSite","@id":"https:\/\/www.africa-press.net\/cotedivoire\/#website","url":"https:\/\/www.africa-press.net\/cotedivoire\/","name":"C\u00f4te d&#039;Ivoire","description":"Just another Africa News Agency Sites site","potentialAction":[{"@type":"SearchAction","target":{"@type":"EntryPoint","urlTemplate":"https:\/\/www.africa-press.net\/cotedivoire\/?s={search_term_string}"},"query-input":{"@type":"PropertyValueSpecification","valueRequired":true,"valueName":"search_term_string"}}],"inLanguage":"fr-FR"},{"@type":"Person","@id":"https:\/\/www.africa-press.net\/cotedivoire\/#\/schema\/person\/2b1cf3cd81a31e3cd26889ca66d677f1","name":"cfeditorfr"}]}},"_links":{"self":[{"href":"https:\/\/www.africa-press.net\/cotedivoire\/wp-json\/wp\/v2\/posts\/94572","targetHints":{"allow":["GET"]}}],"collection":[{"href":"https:\/\/www.africa-press.net\/cotedivoire\/wp-json\/wp\/v2\/posts"}],"about":[{"href":"https:\/\/www.africa-press.net\/cotedivoire\/wp-json\/wp\/v2\/types\/post"}],"author":[{"embeddable":true,"href":"https:\/\/www.africa-press.net\/cotedivoire\/wp-json\/wp\/v2\/users\/82"}],"replies":[{"embeddable":true,"href":"https:\/\/www.africa-press.net\/cotedivoire\/wp-json\/wp\/v2\/comments?post=94572"}],"version-history":[{"count":0,"href":"https:\/\/www.africa-press.net\/cotedivoire\/wp-json\/wp\/v2\/posts\/94572\/revisions"}],"wp:featuredmedia":[{"embeddable":true,"href":"https:\/\/www.africa-press.net\/cotedivoire\/wp-json\/wp\/v2\/media\/94571"}],"wp:attachment":[{"href":"https:\/\/www.africa-press.net\/cotedivoire\/wp-json\/wp\/v2\/media?parent=94572"}],"wp:term":[{"taxonomy":"category","embeddable":true,"href":"https:\/\/www.africa-press.net\/cotedivoire\/wp-json\/wp\/v2\/categories?post=94572"},{"taxonomy":"post_tag","embeddable":true,"href":"https:\/\/www.africa-press.net\/cotedivoire\/wp-json\/wp\/v2\/tags?post=94572"}],"curies":[{"name":"wp","href":"https:\/\/api.w.org\/{rel}","templated":true}]}}