{"id":94574,"date":"2025-02-02T15:50:15","date_gmt":"2025-02-02T15:50:15","guid":{"rendered":"https:\/\/www.africa-press.net\/cotedivoire\/politique\/le-woroba-va-rendre-hommage-au-president-alassane-ouattara-le-22-fevrier-a-seguela-pour-ses-nombreux-bienfaits"},"modified":"2025-02-02T15:50:15","modified_gmt":"2025-02-02T15:50:15","slug":"le-woroba-va-rendre-hommage-au-president-alassane-ouattara-le-22-fevrier-a-seguela-pour-ses-nombreux-bienfaits","status":"publish","type":"post","link":"https:\/\/www.africa-press.net\/cotedivoire\/toutes-les-actualites\/le-woroba-va-rendre-hommage-au-president-alassane-ouattara-le-22-fevrier-a-seguela-pour-ses-nombreux-bienfaits","title":{"rendered":"Le Woroba va rendre hommage au Pr\u00e9sident Alassane Ouattara le 22 f\u00e9vrier \u00e0 S\u00e9gu\u00e9la pour ses nombreux bienfaits"},"content":{"rendered":"<p><span style=\"color: #ff6600\"><strong>Africa-Press &#8211; C\u00f4te d&rsquo;Ivoire. <\/strong><\/span>Le district du Woroba, englobant les re\u0301gions du Worodougou, du Be\u0301re\u0301 et du Bafing, pre\u0301voit une ce\u0301re\u0301monie d\u2019hommage au pre\u0301sident de la Re\u0301publique, Alassane Ouattara, le samedi 22 fe\u0301vrier 2025, a\u0300 la place de la Re\u0301publique de Se\u0301gue\u0301la, pour ses actions de de\u0301veloppement.<\/p>\n<p>Cette initiative vise a\u0300 exprimer la gratitude des populations locales pour les nombreuses re\u0301alisations du chef de l\u2019E\u0301tat dans la re\u0301gion.<\/p>\n<p>Parmi ces accomplissements figurent la libre circulation des biens et des personnes, essentielle au de\u0301veloppement e\u0301conomique, les augmentations salariales pour les fonctionnaires, ainsi que divers projets d\u2019infrastructures. Notamment, le bitumage de l\u2019axe Se\u0301gue\u0301la-Touba, l\u2019ame\u0301lioration de l\u2019acce\u0300s a\u0300 l\u2019eau potable avec la construction de cha\u0302teaux d\u2019eau dans les sous-pre\u0301fectures, la re\u0301habilitation du Centre Hospitalier Re\u0301gional (CHR), la construction de lyce\u0301es professionnels et de centres de sante\u0301, ainsi que la distribution de kits scolaires.<\/p>\n<p>Le ministre de l\u2019Hydraulique, de l\u2019Assainissement et de la Salubrite\u0301, Bouake\u0301 Fofana, e\u0301galement pre\u0301sident du Conseil re\u0301gional du Worodougou, par la voix du vice-pre\u0301sident de l\u2019institution, Aboubacar Sidick Kone\u0301, a souligne\u0301 l\u2019importance de cet hommage lors d\u2019une rencontre avec les ressortissants de la re\u0301gion. \u00ab Les parents nous ont exprime\u0301 le souhait de dire merci au pre\u0301sident Alassane Ouattara pour ce qu\u2019il a fait dans notre district. Il a fait beaucoup, nous revenons vraiment de loin dans le Woroba \u00bb, a-t-il justifie\u0301.<\/p>\n<p>Les pre\u0301paratifs de cette ce\u0301re\u0301monie re\u0301publicaine battent son plein, avec une mobilisation de toutes les forces vives du district. Les organisateurs invitent les jeunes, les femmes, les chefs traditionnels, les guides religieux, les fonctionnaires et les partis politiques a\u0300 participer massivement a\u0300 cet e\u0301ve\u0301nement, te\u0301moignant ainsi de leur reconnaissance et de leur soutien au pre\u0301sident Alassane Ouattara.<\/p>\n<p><strong>Pour plus d&rsquo;informations et d&rsquo;analyses sur la <span style=\"color: #ff6600\">C\u00f4te d&rsquo;Ivoire<\/span>, suivez <span style=\"color: #ff6600\">Africa-Press<span style=\"color: #ff6600\"><\/span><\/strong><\/p>\n","protected":false},"excerpt":{"rendered":"<p>Africa-Press &#8211; C\u00f4te d&rsquo;Ivoire. Le district du Woroba, englobant les re\u0301gions du Worodougou, du Be\u0301re\u0301 et du Bafing, pre\u0301voit une ce\u0301re\u0301monie d\u2019hommage au pre\u0301sident de la Re\u0301publique, Alassane Ouattara, le samedi 22 fe\u0301vrier 2025, a\u0300 la place de la Re\u0301publique de Se\u0301gue\u0301la, pour ses actions de de\u0301veloppement. Cette initiative vise a\u0300 exprimer la gratitude des [&hellip;]<\/p>\n","protected":false},"author":82,"featured_media":94573,"comment_status":"open","ping_status":"closed","sticky":false,"template":"","format":"standard","meta":{"footnotes":""},"categories":[21,10],"tags":[37],"class_list":["post-94574","post","type-post","status-publish","format-standard","has-post-thumbnail","hentry","category-communaute","category-toutes-les-actualites","tag-cote-divoire-2"],"yoast_head":"<!-- This site is optimized with the Yoast SEO Premium plugin v26.1 (Yoast SEO v27.0) - https:\/\/yoast.com\/product\/yoast-seo-premium-wordpress\/ -->\n<title>Le Woroba va rendre hommage au Pr\u00e9sident Alassane Ouattara le 22 f\u00e9vrier \u00e0 S\u00e9gu\u00e9la pour ses nombreux bienfaits - C\u00f4te d&#039;Ivoire<\/title>\n<meta name=\"robots\" content=\"index, follow, max-snippet:-1, max-image-preview:large, max-video-preview:-1\" \/>\n<link rel=\"canonical\" href=\"https:\/\/www.africa-press.net\/cotedivoire\/politique\/le-woroba-va-rendre-hommage-au-president-alassane-ouattara-le-22-fevrier-a-seguela-pour-ses-nombreux-bienfaits\" \/>\n<meta property=\"og:locale\" content=\"fr_FR\" \/>\n<meta property=\"og:type\" content=\"article\" \/>\n<meta property=\"og:title\" content=\"Le Woroba va rendre hommage au Pr\u00e9sident Alassane Ouattara le 22 f\u00e9vrier \u00e0 S\u00e9gu\u00e9la pour ses nombreux bienfaits\" \/>\n<meta property=\"og:description\" content=\"Africa-Press &#8211; C\u00f4te d&rsquo;Ivoire. Le district du Woroba, englobant les re\u0301gions du Worodougou, du Be\u0301re\u0301 et du Bafing, pre\u0301voit une ce\u0301re\u0301monie d\u2019hommage au pre\u0301sident de la Re\u0301publique, Alassane Ouattara, le samedi 22 fe\u0301vrier 2025, a\u0300 la place de la Re\u0301publique de Se\u0301gue\u0301la, pour ses actions de de\u0301veloppement. Cette initiative vise a\u0300 exprimer la gratitude des [&hellip;]\" \/>\n<meta property=\"og:url\" content=\"https:\/\/www.africa-press.net\/cotedivoire\/politique\/le-woroba-va-rendre-hommage-au-president-alassane-ouattara-le-22-fevrier-a-seguela-pour-ses-nombreux-bienfaits\" \/>\n<meta property=\"og:site_name\" content=\"C\u00f4te d&#039;Ivoire\" \/>\n<meta property=\"article:published_time\" content=\"2025-02-02T15:50:15+00:00\" \/>\n<meta name=\"author\" content=\"cfeditorfr\" \/>\n<meta name=\"twitter:card\" content=\"summary_large_image\" \/>\n<meta name=\"twitter:label1\" content=\"\u00c9crit par\" \/>\n\t<meta name=\"twitter:data1\" content=\"cfeditorfr\" \/>\n\t<meta name=\"twitter:label2\" content=\"Dur\u00e9e de lecture estim\u00e9e\" \/>\n\t<meta name=\"twitter:data2\" content=\"2 minutes\" \/>\n<script type=\"application\/ld+json\" class=\"yoast-schema-graph\">{\"@context\":\"https:\/\/schema.org\",\"@graph\":[{\"@type\":\"Article\",\"@id\":\"https:\/\/www.africa-press.net\/cotedivoire\/politique\/le-woroba-va-rendre-hommage-au-president-alassane-ouattara-le-22-fevrier-a-seguela-pour-ses-nombreux-bienfaits#article\",\"isPartOf\":{\"@id\":\"https:\/\/www.africa-press.net\/cotedivoire\/politique\/le-woroba-va-rendre-hommage-au-president-alassane-ouattara-le-22-fevrier-a-seguela-pour-ses-nombreux-bienfaits\"},\"author\":{\"name\":\"cfeditorfr\",\"@id\":\"https:\/\/www.africa-press.net\/cotedivoire\/#\/schema\/person\/2b1cf3cd81a31e3cd26889ca66d677f1\"},\"headline\":\"Le Woroba va rendre hommage au Pr\u00e9sident Alassane Ouattara le 22 f\u00e9vrier \u00e0 S\u00e9gu\u00e9la pour ses nombreux bienfaits\",\"datePublished\":\"2025-02-02T15:50:15+00:00\",\"mainEntityOfPage\":{\"@id\":\"https:\/\/www.africa-press.net\/cotedivoire\/politique\/le-woroba-va-rendre-hommage-au-president-alassane-ouattara-le-22-fevrier-a-seguela-pour-ses-nombreux-bienfaits\"},\"wordCount\":366,\"commentCount\":0,\"image\":{\"@id\":\"https:\/\/www.africa-press.net\/cotedivoire\/politique\/le-woroba-va-rendre-hommage-au-president-alassane-ouattara-le-22-fevrier-a-seguela-pour-ses-nombreux-bienfaits#primaryimage\"},\"thumbnailUrl\":\"https:\/\/static.africa-press.net\/cote\/sites\/43\/2025\/02\/sm_1738499060.761383.jpg\",\"keywords\":[\"C\u00f4te d'Ivoire\"],\"articleSection\":[\"Communaut\u00e9\",\"Toutes les actualit\u00e9s\"],\"inLanguage\":\"fr-FR\",\"potentialAction\":[{\"@type\":\"CommentAction\",\"name\":\"Comment\",\"target\":[\"https:\/\/www.africa-press.net\/cotedivoire\/politique\/le-woroba-va-rendre-hommage-au-president-alassane-ouattara-le-22-fevrier-a-seguela-pour-ses-nombreux-bienfaits#respond\"]}]},{\"@type\":\"WebPage\",\"@id\":\"https:\/\/www.africa-press.net\/cotedivoire\/politique\/le-woroba-va-rendre-hommage-au-president-alassane-ouattara-le-22-fevrier-a-seguela-pour-ses-nombreux-bienfaits\",\"url\":\"https:\/\/www.africa-press.net\/cotedivoire\/politique\/le-woroba-va-rendre-hommage-au-president-alassane-ouattara-le-22-fevrier-a-seguela-pour-ses-nombreux-bienfaits\",\"name\":\"Le Woroba va rendre hommage au Pr\u00e9sident Alassane Ouattara le 22 f\u00e9vrier \u00e0 S\u00e9gu\u00e9la pour ses nombreux bienfaits - C\u00f4te d&#039;Ivoire\",\"isPartOf\":{\"@id\":\"https:\/\/www.africa-press.net\/cotedivoire\/#website\"},\"primaryImageOfPage\":{\"@id\":\"https:\/\/www.africa-press.net\/cotedivoire\/politique\/le-woroba-va-rendre-hommage-au-president-alassane-ouattara-le-22-fevrier-a-seguela-pour-ses-nombreux-bienfaits#primaryimage\"},\"image\":{\"@id\":\"https:\/\/www.africa-press.net\/cotedivoire\/politique\/le-woroba-va-rendre-hommage-au-president-alassane-ouattara-le-22-fevrier-a-seguela-pour-ses-nombreux-bienfaits#primaryimage\"},\"thumbnailUrl\":\"https:\/\/static.africa-press.net\/cote\/sites\/43\/2025\/02\/sm_1738499060.761383.jpg\",\"datePublished\":\"2025-02-02T15:50:15+00:00\",\"author\":{\"@id\":\"https:\/\/www.africa-press.net\/cotedivoire\/#\/schema\/person\/2b1cf3cd81a31e3cd26889ca66d677f1\"},\"breadcrumb\":{\"@id\":\"https:\/\/www.africa-press.net\/cotedivoire\/politique\/le-woroba-va-rendre-hommage-au-president-alassane-ouattara-le-22-fevrier-a-seguela-pour-ses-nombreux-bienfaits#breadcrumb\"},\"inLanguage\":\"fr-FR\",\"potentialAction\":[{\"@type\":\"ReadAction\",\"target\":[\"https:\/\/www.africa-press.net\/cotedivoire\/politique\/le-woroba-va-rendre-hommage-au-president-alassane-ouattara-le-22-fevrier-a-seguela-pour-ses-nombreux-bienfaits\"]}]},{\"@type\":\"ImageObject\",\"inLanguage\":\"fr-FR\",\"@id\":\"https:\/\/www.africa-press.net\/cotedivoire\/politique\/le-woroba-va-rendre-hommage-au-president-alassane-ouattara-le-22-fevrier-a-seguela-pour-ses-nombreux-bienfaits#primaryimage\",\"url\":\"https:\/\/static.africa-press.net\/cote\/sites\/43\/2025\/02\/sm_1738499060.761383.jpg\",\"contentUrl\":\"https:\/\/static.africa-press.net\/cote\/sites\/43\/2025\/02\/sm_1738499060.761383.jpg\",\"width\":768,\"height\":421,\"caption\":\"Le Woroba va rendre hommage au Pr\u00e9sident Alassane Ouattara le 22 f\u00e9vrier \u00e0 S\u00e9gu\u00e9la pour ses nombreux bienfaits\"},{\"@type\":\"BreadcrumbList\",\"@id\":\"https:\/\/www.africa-press.net\/cotedivoire\/politique\/le-woroba-va-rendre-hommage-au-president-alassane-ouattara-le-22-fevrier-a-seguela-pour-ses-nombreux-bienfaits#breadcrumb\",\"itemListElement\":[{\"@type\":\"ListItem\",\"position\":1,\"name\":\"Accueil\",\"item\":\"https:\/\/www.africa-press.net\/cotedivoire\/\"},{\"@type\":\"ListItem\",\"position\":2,\"name\":\"Le Woroba va rendre hommage au Pr\u00e9sident Alassane Ouattara le 22 f\u00e9vrier \u00e0 S\u00e9gu\u00e9la pour ses nombreux bienfaits\"}]},{\"@type\":\"WebSite\",\"@id\":\"https:\/\/www.africa-press.net\/cotedivoire\/#website\",\"url\":\"https:\/\/www.africa-press.net\/cotedivoire\/\",\"name\":\"C\u00f4te d&#039;Ivoire\",\"description\":\"Just another Africa News Agency Sites site\",\"potentialAction\":[{\"@type\":\"SearchAction\",\"target\":{\"@type\":\"EntryPoint\",\"urlTemplate\":\"https:\/\/www.africa-press.net\/cotedivoire\/?s={search_term_string}\"},\"query-input\":{\"@type\":\"PropertyValueSpecification\",\"valueRequired\":true,\"valueName\":\"search_term_string\"}}],\"inLanguage\":\"fr-FR\"},{\"@type\":\"Person\",\"@id\":\"https:\/\/www.africa-press.net\/cotedivoire\/#\/schema\/person\/2b1cf3cd81a31e3cd26889ca66d677f1\",\"name\":\"cfeditorfr\"}]}<\/script>\n<!-- \/ Yoast SEO Premium plugin. -->","yoast_head_json":{"title":"Le Woroba va rendre hommage au Pr\u00e9sident Alassane Ouattara le 22 f\u00e9vrier \u00e0 S\u00e9gu\u00e9la pour ses nombreux bienfaits - C\u00f4te d&#039;Ivoire","robots":{"index":"index","follow":"follow","max-snippet":"max-snippet:-1","max-image-preview":"max-image-preview:large","max-video-preview":"max-video-preview:-1"},"canonical":"https:\/\/www.africa-press.net\/cotedivoire\/politique\/le-woroba-va-rendre-hommage-au-president-alassane-ouattara-le-22-fevrier-a-seguela-pour-ses-nombreux-bienfaits","og_locale":"fr_FR","og_type":"article","og_title":"Le Woroba va rendre hommage au Pr\u00e9sident Alassane Ouattara le 22 f\u00e9vrier \u00e0 S\u00e9gu\u00e9la pour ses nombreux bienfaits","og_description":"Africa-Press &#8211; C\u00f4te d&rsquo;Ivoire. Le district du Woroba, englobant les re\u0301gions du Worodougou, du Be\u0301re\u0301 et du Bafing, pre\u0301voit une ce\u0301re\u0301monie d\u2019hommage au pre\u0301sident de la Re\u0301publique, Alassane Ouattara, le samedi 22 fe\u0301vrier 2025, a\u0300 la place de la Re\u0301publique de Se\u0301gue\u0301la, pour ses actions de de\u0301veloppement. Cette initiative vise a\u0300 exprimer la gratitude des [&hellip;]","og_url":"https:\/\/www.africa-press.net\/cotedivoire\/politique\/le-woroba-va-rendre-hommage-au-president-alassane-ouattara-le-22-fevrier-a-seguela-pour-ses-nombreux-bienfaits","og_site_name":"C\u00f4te d&#039;Ivoire","article_published_time":"2025-02-02T15:50:15+00:00","author":"cfeditorfr","twitter_card":"summary_large_image","twitter_misc":{"\u00c9crit par":"cfeditorfr","Dur\u00e9e de lecture estim\u00e9e":"2 minutes"},"schema":{"@context":"https:\/\/schema.org","@graph":[{"@type":"Article","@id":"https:\/\/www.africa-press.net\/cotedivoire\/politique\/le-woroba-va-rendre-hommage-au-president-alassane-ouattara-le-22-fevrier-a-seguela-pour-ses-nombreux-bienfaits#article","isPartOf":{"@id":"https:\/\/www.africa-press.net\/cotedivoire\/politique\/le-woroba-va-rendre-hommage-au-president-alassane-ouattara-le-22-fevrier-a-seguela-pour-ses-nombreux-bienfaits"},"author":{"name":"cfeditorfr","@id":"https:\/\/www.africa-press.net\/cotedivoire\/#\/schema\/person\/2b1cf3cd81a31e3cd26889ca66d677f1"},"headline":"Le Woroba va rendre hommage au Pr\u00e9sident Alassane Ouattara le 22 f\u00e9vrier \u00e0 S\u00e9gu\u00e9la pour ses nombreux bienfaits","datePublished":"2025-02-02T15:50:15+00:00","mainEntityOfPage":{"@id":"https:\/\/www.africa-press.net\/cotedivoire\/politique\/le-woroba-va-rendre-hommage-au-president-alassane-ouattara-le-22-fevrier-a-seguela-pour-ses-nombreux-bienfaits"},"wordCount":366,"commentCount":0,"image":{"@id":"https:\/\/www.africa-press.net\/cotedivoire\/politique\/le-woroba-va-rendre-hommage-au-president-alassane-ouattara-le-22-fevrier-a-seguela-pour-ses-nombreux-bienfaits#primaryimage"},"thumbnailUrl":"https:\/\/static.africa-press.net\/cote\/sites\/43\/2025\/02\/sm_1738499060.761383.jpg","keywords":["C\u00f4te d'Ivoire"],"articleSection":["Communaut\u00e9","Toutes les actualit\u00e9s"],"inLanguage":"fr-FR","potentialAction":[{"@type":"CommentAction","name":"Comment","target":["https:\/\/www.africa-press.net\/cotedivoire\/politique\/le-woroba-va-rendre-hommage-au-president-alassane-ouattara-le-22-fevrier-a-seguela-pour-ses-nombreux-bienfaits#respond"]}]},{"@type":"WebPage","@id":"https:\/\/www.africa-press.net\/cotedivoire\/politique\/le-woroba-va-rendre-hommage-au-president-alassane-ouattara-le-22-fevrier-a-seguela-pour-ses-nombreux-bienfaits","url":"https:\/\/www.africa-press.net\/cotedivoire\/politique\/le-woroba-va-rendre-hommage-au-president-alassane-ouattara-le-22-fevrier-a-seguela-pour-ses-nombreux-bienfaits","name":"Le Woroba va rendre hommage au Pr\u00e9sident Alassane Ouattara le 22 f\u00e9vrier \u00e0 S\u00e9gu\u00e9la pour ses nombreux bienfaits - C\u00f4te d&#039;Ivoire","isPartOf":{"@id":"https:\/\/www.africa-press.net\/cotedivoire\/#website"},"primaryImageOfPage":{"@id":"https:\/\/www.africa-press.net\/cotedivoire\/politique\/le-woroba-va-rendre-hommage-au-president-alassane-ouattara-le-22-fevrier-a-seguela-pour-ses-nombreux-bienfaits#primaryimage"},"image":{"@id":"https:\/\/www.africa-press.net\/cotedivoire\/politique\/le-woroba-va-rendre-hommage-au-president-alassane-ouattara-le-22-fevrier-a-seguela-pour-ses-nombreux-bienfaits#primaryimage"},"thumbnailUrl":"https:\/\/static.africa-press.net\/cote\/sites\/43\/2025\/02\/sm_1738499060.761383.jpg","datePublished":"2025-02-02T15:50:15+00:00","author":{"@id":"https:\/\/www.africa-press.net\/cotedivoire\/#\/schema\/person\/2b1cf3cd81a31e3cd26889ca66d677f1"},"breadcrumb":{"@id":"https:\/\/www.africa-press.net\/cotedivoire\/politique\/le-woroba-va-rendre-hommage-au-president-alassane-ouattara-le-22-fevrier-a-seguela-pour-ses-nombreux-bienfaits#breadcrumb"},"inLanguage":"fr-FR","potentialAction":[{"@type":"ReadAction","target":["https:\/\/www.africa-press.net\/cotedivoire\/politique\/le-woroba-va-rendre-hommage-au-president-alassane-ouattara-le-22-fevrier-a-seguela-pour-ses-nombreux-bienfaits"]}]},{"@type":"ImageObject","inLanguage":"fr-FR","@id":"https:\/\/www.africa-press.net\/cotedivoire\/politique\/le-woroba-va-rendre-hommage-au-president-alassane-ouattara-le-22-fevrier-a-seguela-pour-ses-nombreux-bienfaits#primaryimage","url":"https:\/\/static.africa-press.net\/cote\/sites\/43\/2025\/02\/sm_1738499060.761383.jpg","contentUrl":"https:\/\/static.africa-press.net\/cote\/sites\/43\/2025\/02\/sm_1738499060.761383.jpg","width":768,"height":421,"caption":"Le Woroba va rendre hommage au Pr\u00e9sident Alassane Ouattara le 22 f\u00e9vrier \u00e0 S\u00e9gu\u00e9la pour ses nombreux bienfaits"},{"@type":"BreadcrumbList","@id":"https:\/\/www.africa-press.net\/cotedivoire\/politique\/le-woroba-va-rendre-hommage-au-president-alassane-ouattara-le-22-fevrier-a-seguela-pour-ses-nombreux-bienfaits#breadcrumb","itemListElement":[{"@type":"ListItem","position":1,"name":"Accueil","item":"https:\/\/www.africa-press.net\/cotedivoire\/"},{"@type":"ListItem","position":2,"name":"Le Woroba va rendre hommage au Pr\u00e9sident Alassane Ouattara le 22 f\u00e9vrier \u00e0 S\u00e9gu\u00e9la pour ses nombreux bienfaits"}]},{"@type":"WebSite","@id":"https:\/\/www.africa-press.net\/cotedivoire\/#website","url":"https:\/\/www.africa-press.net\/cotedivoire\/","name":"C\u00f4te d&#039;Ivoire","description":"Just another Africa News Agency Sites site","potentialAction":[{"@type":"SearchAction","target":{"@type":"EntryPoint","urlTemplate":"https:\/\/www.africa-press.net\/cotedivoire\/?s={search_term_string}"},"query-input":{"@type":"PropertyValueSpecification","valueRequired":true,"valueName":"search_term_string"}}],"inLanguage":"fr-FR"},{"@type":"Person","@id":"https:\/\/www.africa-press.net\/cotedivoire\/#\/schema\/person\/2b1cf3cd81a31e3cd26889ca66d677f1","name":"cfeditorfr"}]}},"_links":{"self":[{"href":"https:\/\/www.africa-press.net\/cotedivoire\/wp-json\/wp\/v2\/posts\/94574","targetHints":{"allow":["GET"]}}],"collection":[{"href":"https:\/\/www.africa-press.net\/cotedivoire\/wp-json\/wp\/v2\/posts"}],"about":[{"href":"https:\/\/www.africa-press.net\/cotedivoire\/wp-json\/wp\/v2\/types\/post"}],"author":[{"embeddable":true,"href":"https:\/\/www.africa-press.net\/cotedivoire\/wp-json\/wp\/v2\/users\/82"}],"replies":[{"embeddable":true,"href":"https:\/\/www.africa-press.net\/cotedivoire\/wp-json\/wp\/v2\/comments?post=94574"}],"version-history":[{"count":0,"href":"https:\/\/www.africa-press.net\/cotedivoire\/wp-json\/wp\/v2\/posts\/94574\/revisions"}],"wp:featuredmedia":[{"embeddable":true,"href":"https:\/\/www.africa-press.net\/cotedivoire\/wp-json\/wp\/v2\/media\/94573"}],"wp:attachment":[{"href":"https:\/\/www.africa-press.net\/cotedivoire\/wp-json\/wp\/v2\/media?parent=94574"}],"wp:term":[{"taxonomy":"category","embeddable":true,"href":"https:\/\/www.africa-press.net\/cotedivoire\/wp-json\/wp\/v2\/categories?post=94574"},{"taxonomy":"post_tag","embeddable":true,"href":"https:\/\/www.africa-press.net\/cotedivoire\/wp-json\/wp\/v2\/tags?post=94574"}],"curies":[{"name":"wp","href":"https:\/\/api.w.org\/{rel}","templated":true}]}}