{"id":94576,"date":"2025-02-02T15:50:54","date_gmt":"2025-02-02T15:50:54","guid":{"rendered":"https:\/\/www.africa-press.net\/cotedivoire\/politique\/lhopital-general-de-gagnoa-annonce-une-journee-portes-ouvertes"},"modified":"2025-02-02T15:50:54","modified_gmt":"2025-02-02T15:50:54","slug":"lhopital-general-de-gagnoa-annonce-une-journee-portes-ouvertes","status":"publish","type":"post","link":"https:\/\/www.africa-press.net\/cotedivoire\/toutes-les-actualites\/lhopital-general-de-gagnoa-annonce-une-journee-portes-ouvertes","title":{"rendered":"L\u2019h\u00f4pital g\u00e9n\u00e9ral de Gagnoa annonce une journ\u00e9e portes ouvertes"},"content":{"rendered":"<p><span style=\"color: #ff6600\"><strong>Africa-Press &#8211; C\u00f4te d&rsquo;Ivoire. <\/strong><\/span>L\u2019ho\u0302pital ge\u0301ne\u0301ral de Gagnoa va organiser a\u0300 partir du lundi 03 fe\u0301vrier 2025, une journe\u0301e portes ouvertes a\u0300 l\u2019attention des populations, pour pre\u0301senter l\u2019acquisition du nouveau scanner plus performant et a\u0300 un prix re\u0301duit pour les e\u0301chographies, a annonce\u0301 son directeur, docteur Yao Kouakou Adolphe.<\/p>\n<p>Une semaine durant, les patients pourront be\u0301ne\u0301ficier des performances du nouveau scanner, pour un cou\u0302t de prestation re\u0301duit, et l\u2019appui de son personnel de qualite\u0301, a explique\u0301 dimanche 02 fe\u0301vrier 2025, Dr Yao dans un entretien avec l\u2019AIP.<\/p>\n<p>Le nouveau scanner se compose de 32 barets, contre deux avec l\u2019ancien, hors d\u2019usage depuis des anne\u0301es. Il est muni d\u2019un poste de contro\u0302le permettant au me\u0301decin de visualiser la radio, sans avoir a\u0300 arre\u0302ter l\u2019appareil comme l\u2019exigeait l\u2019ancien syste\u0300me. \u00ab Avec la qualite\u0301 des images que j\u2019ai vu, il est difficile de passer a\u0300 co\u0302te\u0301 d\u2019une le\u0301sion me\u0302me minime aujourd\u2019hui \u00bb, a assure\u0301 le directeur, me\u0301decin-radiologue de formation.<\/p>\n<p>\u00ab C\u2019est le meilleur qui est sur la place de Gagnoa et dans toutes les re\u0301gions environnantes, jusqu\u2019a\u0300 Yamoussoukro et San Pedro \u00bb, s\u2019est-il re\u0301joui.<\/p>\n<p>La ville de Gagnoa est dote\u0301e d\u2019un centre hospitalier re\u0301gional (CHR) construit avant l\u2019inde\u0301pendance et d\u2019un ho\u0302pital ge\u0301ne\u0301ral, rebaptise\u0301 \u201cHo\u0302pital du Bonheur\u201d. Ce joyau a e\u0301te\u0301 construit gra\u0302ce a\u0300 la coope\u0301ration chinoise en 2008, ouvert en 2009, et inaugure\u0301 officiellement par le pre\u0301sident Alassane Ouattara en 2013.<\/p>\n<p><strong>Pour plus d&rsquo;informations et d&rsquo;analyses sur la <span style=\"color: #ff6600\">C\u00f4te d&rsquo;Ivoire<\/span>, suivez <span style=\"color: #ff6600\">Africa-Press<span style=\"color: #ff6600\"><\/span><\/strong><\/p>\n","protected":false},"excerpt":{"rendered":"<p>Africa-Press &#8211; C\u00f4te d&rsquo;Ivoire. L\u2019ho\u0302pital ge\u0301ne\u0301ral de Gagnoa va organiser a\u0300 partir du lundi 03 fe\u0301vrier 2025, une journe\u0301e portes ouvertes a\u0300 l\u2019attention des populations, pour pre\u0301senter l\u2019acquisition du nouveau scanner plus performant et a\u0300 un prix re\u0301duit pour les e\u0301chographies, a annonce\u0301 son directeur, docteur Yao Kouakou Adolphe. Une semaine durant, les patients pourront [&hellip;]<\/p>\n","protected":false},"author":82,"featured_media":94575,"comment_status":"open","ping_status":"closed","sticky":false,"template":"","format":"standard","meta":{"footnotes":""},"categories":[21,10],"tags":[37],"class_list":["post-94576","post","type-post","status-publish","format-standard","has-post-thumbnail","hentry","category-communaute","category-toutes-les-actualites","tag-cote-divoire-2"],"yoast_head":"<!-- This site is optimized with the Yoast SEO Premium plugin v26.1 (Yoast SEO v27.0) - https:\/\/yoast.com\/product\/yoast-seo-premium-wordpress\/ -->\n<title>L\u2019h\u00f4pital g\u00e9n\u00e9ral de Gagnoa annonce une journ\u00e9e portes ouvertes - C\u00f4te d&#039;Ivoire<\/title>\n<meta name=\"robots\" content=\"index, follow, max-snippet:-1, max-image-preview:large, max-video-preview:-1\" \/>\n<link rel=\"canonical\" href=\"https:\/\/www.africa-press.net\/cotedivoire\/politique\/lhopital-general-de-gagnoa-annonce-une-journee-portes-ouvertes\" \/>\n<meta property=\"og:locale\" content=\"fr_FR\" \/>\n<meta property=\"og:type\" content=\"article\" \/>\n<meta property=\"og:title\" content=\"L\u2019h\u00f4pital g\u00e9n\u00e9ral de Gagnoa annonce une journ\u00e9e portes ouvertes\" \/>\n<meta property=\"og:description\" content=\"Africa-Press &#8211; C\u00f4te d&rsquo;Ivoire. L\u2019ho\u0302pital ge\u0301ne\u0301ral de Gagnoa va organiser a\u0300 partir du lundi 03 fe\u0301vrier 2025, une journe\u0301e portes ouvertes a\u0300 l\u2019attention des populations, pour pre\u0301senter l\u2019acquisition du nouveau scanner plus performant et a\u0300 un prix re\u0301duit pour les e\u0301chographies, a annonce\u0301 son directeur, docteur Yao Kouakou Adolphe. Une semaine durant, les patients pourront [&hellip;]\" \/>\n<meta property=\"og:url\" content=\"https:\/\/www.africa-press.net\/cotedivoire\/politique\/lhopital-general-de-gagnoa-annonce-une-journee-portes-ouvertes\" \/>\n<meta property=\"og:site_name\" content=\"C\u00f4te d&#039;Ivoire\" \/>\n<meta property=\"article:published_time\" content=\"2025-02-02T15:50:54+00:00\" \/>\n<meta name=\"author\" content=\"cfeditorfr\" \/>\n<meta name=\"twitter:card\" content=\"summary_large_image\" \/>\n<meta name=\"twitter:label1\" content=\"\u00c9crit par\" \/>\n\t<meta name=\"twitter:data1\" content=\"cfeditorfr\" \/>\n\t<meta name=\"twitter:label2\" content=\"Dur\u00e9e de lecture estim\u00e9e\" \/>\n\t<meta name=\"twitter:data2\" content=\"1 minute\" \/>\n<script type=\"application\/ld+json\" class=\"yoast-schema-graph\">{\"@context\":\"https:\/\/schema.org\",\"@graph\":[{\"@type\":\"Article\",\"@id\":\"https:\/\/www.africa-press.net\/cotedivoire\/politique\/lhopital-general-de-gagnoa-annonce-une-journee-portes-ouvertes#article\",\"isPartOf\":{\"@id\":\"https:\/\/www.africa-press.net\/cotedivoire\/politique\/lhopital-general-de-gagnoa-annonce-une-journee-portes-ouvertes\"},\"author\":{\"name\":\"cfeditorfr\",\"@id\":\"https:\/\/www.africa-press.net\/cotedivoire\/#\/schema\/person\/2b1cf3cd81a31e3cd26889ca66d677f1\"},\"headline\":\"L\u2019h\u00f4pital g\u00e9n\u00e9ral de Gagnoa annonce une journ\u00e9e portes ouvertes\",\"datePublished\":\"2025-02-02T15:50:54+00:00\",\"mainEntityOfPage\":{\"@id\":\"https:\/\/www.africa-press.net\/cotedivoire\/politique\/lhopital-general-de-gagnoa-annonce-une-journee-portes-ouvertes\"},\"wordCount\":302,\"commentCount\":0,\"image\":{\"@id\":\"https:\/\/www.africa-press.net\/cotedivoire\/politique\/lhopital-general-de-gagnoa-annonce-une-journee-portes-ouvertes#primaryimage\"},\"thumbnailUrl\":\"https:\/\/static.africa-press.net\/cote\/sites\/43\/2025\/02\/sm_1738499071.512474.jpg\",\"keywords\":[\"C\u00f4te d'Ivoire\"],\"articleSection\":[\"Communaut\u00e9\",\"Toutes les actualit\u00e9s\"],\"inLanguage\":\"fr-FR\",\"potentialAction\":[{\"@type\":\"CommentAction\",\"name\":\"Comment\",\"target\":[\"https:\/\/www.africa-press.net\/cotedivoire\/politique\/lhopital-general-de-gagnoa-annonce-une-journee-portes-ouvertes#respond\"]}]},{\"@type\":\"WebPage\",\"@id\":\"https:\/\/www.africa-press.net\/cotedivoire\/politique\/lhopital-general-de-gagnoa-annonce-une-journee-portes-ouvertes\",\"url\":\"https:\/\/www.africa-press.net\/cotedivoire\/politique\/lhopital-general-de-gagnoa-annonce-une-journee-portes-ouvertes\",\"name\":\"L\u2019h\u00f4pital g\u00e9n\u00e9ral de Gagnoa annonce une journ\u00e9e portes ouvertes - C\u00f4te d&#039;Ivoire\",\"isPartOf\":{\"@id\":\"https:\/\/www.africa-press.net\/cotedivoire\/#website\"},\"primaryImageOfPage\":{\"@id\":\"https:\/\/www.africa-press.net\/cotedivoire\/politique\/lhopital-general-de-gagnoa-annonce-une-journee-portes-ouvertes#primaryimage\"},\"image\":{\"@id\":\"https:\/\/www.africa-press.net\/cotedivoire\/politique\/lhopital-general-de-gagnoa-annonce-une-journee-portes-ouvertes#primaryimage\"},\"thumbnailUrl\":\"https:\/\/static.africa-press.net\/cote\/sites\/43\/2025\/02\/sm_1738499071.512474.jpg\",\"datePublished\":\"2025-02-02T15:50:54+00:00\",\"author\":{\"@id\":\"https:\/\/www.africa-press.net\/cotedivoire\/#\/schema\/person\/2b1cf3cd81a31e3cd26889ca66d677f1\"},\"breadcrumb\":{\"@id\":\"https:\/\/www.africa-press.net\/cotedivoire\/politique\/lhopital-general-de-gagnoa-annonce-une-journee-portes-ouvertes#breadcrumb\"},\"inLanguage\":\"fr-FR\",\"potentialAction\":[{\"@type\":\"ReadAction\",\"target\":[\"https:\/\/www.africa-press.net\/cotedivoire\/politique\/lhopital-general-de-gagnoa-annonce-une-journee-portes-ouvertes\"]}]},{\"@type\":\"ImageObject\",\"inLanguage\":\"fr-FR\",\"@id\":\"https:\/\/www.africa-press.net\/cotedivoire\/politique\/lhopital-general-de-gagnoa-annonce-une-journee-portes-ouvertes#primaryimage\",\"url\":\"https:\/\/static.africa-press.net\/cote\/sites\/43\/2025\/02\/sm_1738499071.512474.jpg\",\"contentUrl\":\"https:\/\/static.africa-press.net\/cote\/sites\/43\/2025\/02\/sm_1738499071.512474.jpg\",\"width\":768,\"height\":511,\"caption\":\"L\u2019h\u00f4pital g\u00e9n\u00e9ral de Gagnoa annonce une journ\u00e9e portes ouvertes\"},{\"@type\":\"BreadcrumbList\",\"@id\":\"https:\/\/www.africa-press.net\/cotedivoire\/politique\/lhopital-general-de-gagnoa-annonce-une-journee-portes-ouvertes#breadcrumb\",\"itemListElement\":[{\"@type\":\"ListItem\",\"position\":1,\"name\":\"Accueil\",\"item\":\"https:\/\/www.africa-press.net\/cotedivoire\/\"},{\"@type\":\"ListItem\",\"position\":2,\"name\":\"L\u2019h\u00f4pital g\u00e9n\u00e9ral de Gagnoa annonce une journ\u00e9e portes ouvertes\"}]},{\"@type\":\"WebSite\",\"@id\":\"https:\/\/www.africa-press.net\/cotedivoire\/#website\",\"url\":\"https:\/\/www.africa-press.net\/cotedivoire\/\",\"name\":\"C\u00f4te d&#039;Ivoire\",\"description\":\"Just another Africa News Agency Sites site\",\"potentialAction\":[{\"@type\":\"SearchAction\",\"target\":{\"@type\":\"EntryPoint\",\"urlTemplate\":\"https:\/\/www.africa-press.net\/cotedivoire\/?s={search_term_string}\"},\"query-input\":{\"@type\":\"PropertyValueSpecification\",\"valueRequired\":true,\"valueName\":\"search_term_string\"}}],\"inLanguage\":\"fr-FR\"},{\"@type\":\"Person\",\"@id\":\"https:\/\/www.africa-press.net\/cotedivoire\/#\/schema\/person\/2b1cf3cd81a31e3cd26889ca66d677f1\",\"name\":\"cfeditorfr\"}]}<\/script>\n<!-- \/ Yoast SEO Premium plugin. -->","yoast_head_json":{"title":"L\u2019h\u00f4pital g\u00e9n\u00e9ral de Gagnoa annonce une journ\u00e9e portes ouvertes - C\u00f4te d&#039;Ivoire","robots":{"index":"index","follow":"follow","max-snippet":"max-snippet:-1","max-image-preview":"max-image-preview:large","max-video-preview":"max-video-preview:-1"},"canonical":"https:\/\/www.africa-press.net\/cotedivoire\/politique\/lhopital-general-de-gagnoa-annonce-une-journee-portes-ouvertes","og_locale":"fr_FR","og_type":"article","og_title":"L\u2019h\u00f4pital g\u00e9n\u00e9ral de Gagnoa annonce une journ\u00e9e portes ouvertes","og_description":"Africa-Press &#8211; C\u00f4te d&rsquo;Ivoire. L\u2019ho\u0302pital ge\u0301ne\u0301ral de Gagnoa va organiser a\u0300 partir du lundi 03 fe\u0301vrier 2025, une journe\u0301e portes ouvertes a\u0300 l\u2019attention des populations, pour pre\u0301senter l\u2019acquisition du nouveau scanner plus performant et a\u0300 un prix re\u0301duit pour les e\u0301chographies, a annonce\u0301 son directeur, docteur Yao Kouakou Adolphe. Une semaine durant, les patients pourront [&hellip;]","og_url":"https:\/\/www.africa-press.net\/cotedivoire\/politique\/lhopital-general-de-gagnoa-annonce-une-journee-portes-ouvertes","og_site_name":"C\u00f4te d&#039;Ivoire","article_published_time":"2025-02-02T15:50:54+00:00","author":"cfeditorfr","twitter_card":"summary_large_image","twitter_misc":{"\u00c9crit par":"cfeditorfr","Dur\u00e9e de lecture estim\u00e9e":"1 minute"},"schema":{"@context":"https:\/\/schema.org","@graph":[{"@type":"Article","@id":"https:\/\/www.africa-press.net\/cotedivoire\/politique\/lhopital-general-de-gagnoa-annonce-une-journee-portes-ouvertes#article","isPartOf":{"@id":"https:\/\/www.africa-press.net\/cotedivoire\/politique\/lhopital-general-de-gagnoa-annonce-une-journee-portes-ouvertes"},"author":{"name":"cfeditorfr","@id":"https:\/\/www.africa-press.net\/cotedivoire\/#\/schema\/person\/2b1cf3cd81a31e3cd26889ca66d677f1"},"headline":"L\u2019h\u00f4pital g\u00e9n\u00e9ral de Gagnoa annonce une journ\u00e9e portes ouvertes","datePublished":"2025-02-02T15:50:54+00:00","mainEntityOfPage":{"@id":"https:\/\/www.africa-press.net\/cotedivoire\/politique\/lhopital-general-de-gagnoa-annonce-une-journee-portes-ouvertes"},"wordCount":302,"commentCount":0,"image":{"@id":"https:\/\/www.africa-press.net\/cotedivoire\/politique\/lhopital-general-de-gagnoa-annonce-une-journee-portes-ouvertes#primaryimage"},"thumbnailUrl":"https:\/\/static.africa-press.net\/cote\/sites\/43\/2025\/02\/sm_1738499071.512474.jpg","keywords":["C\u00f4te d'Ivoire"],"articleSection":["Communaut\u00e9","Toutes les actualit\u00e9s"],"inLanguage":"fr-FR","potentialAction":[{"@type":"CommentAction","name":"Comment","target":["https:\/\/www.africa-press.net\/cotedivoire\/politique\/lhopital-general-de-gagnoa-annonce-une-journee-portes-ouvertes#respond"]}]},{"@type":"WebPage","@id":"https:\/\/www.africa-press.net\/cotedivoire\/politique\/lhopital-general-de-gagnoa-annonce-une-journee-portes-ouvertes","url":"https:\/\/www.africa-press.net\/cotedivoire\/politique\/lhopital-general-de-gagnoa-annonce-une-journee-portes-ouvertes","name":"L\u2019h\u00f4pital g\u00e9n\u00e9ral de Gagnoa annonce une journ\u00e9e portes ouvertes - C\u00f4te d&#039;Ivoire","isPartOf":{"@id":"https:\/\/www.africa-press.net\/cotedivoire\/#website"},"primaryImageOfPage":{"@id":"https:\/\/www.africa-press.net\/cotedivoire\/politique\/lhopital-general-de-gagnoa-annonce-une-journee-portes-ouvertes#primaryimage"},"image":{"@id":"https:\/\/www.africa-press.net\/cotedivoire\/politique\/lhopital-general-de-gagnoa-annonce-une-journee-portes-ouvertes#primaryimage"},"thumbnailUrl":"https:\/\/static.africa-press.net\/cote\/sites\/43\/2025\/02\/sm_1738499071.512474.jpg","datePublished":"2025-02-02T15:50:54+00:00","author":{"@id":"https:\/\/www.africa-press.net\/cotedivoire\/#\/schema\/person\/2b1cf3cd81a31e3cd26889ca66d677f1"},"breadcrumb":{"@id":"https:\/\/www.africa-press.net\/cotedivoire\/politique\/lhopital-general-de-gagnoa-annonce-une-journee-portes-ouvertes#breadcrumb"},"inLanguage":"fr-FR","potentialAction":[{"@type":"ReadAction","target":["https:\/\/www.africa-press.net\/cotedivoire\/politique\/lhopital-general-de-gagnoa-annonce-une-journee-portes-ouvertes"]}]},{"@type":"ImageObject","inLanguage":"fr-FR","@id":"https:\/\/www.africa-press.net\/cotedivoire\/politique\/lhopital-general-de-gagnoa-annonce-une-journee-portes-ouvertes#primaryimage","url":"https:\/\/static.africa-press.net\/cote\/sites\/43\/2025\/02\/sm_1738499071.512474.jpg","contentUrl":"https:\/\/static.africa-press.net\/cote\/sites\/43\/2025\/02\/sm_1738499071.512474.jpg","width":768,"height":511,"caption":"L\u2019h\u00f4pital g\u00e9n\u00e9ral de Gagnoa annonce une journ\u00e9e portes ouvertes"},{"@type":"BreadcrumbList","@id":"https:\/\/www.africa-press.net\/cotedivoire\/politique\/lhopital-general-de-gagnoa-annonce-une-journee-portes-ouvertes#breadcrumb","itemListElement":[{"@type":"ListItem","position":1,"name":"Accueil","item":"https:\/\/www.africa-press.net\/cotedivoire\/"},{"@type":"ListItem","position":2,"name":"L\u2019h\u00f4pital g\u00e9n\u00e9ral de Gagnoa annonce une journ\u00e9e portes ouvertes"}]},{"@type":"WebSite","@id":"https:\/\/www.africa-press.net\/cotedivoire\/#website","url":"https:\/\/www.africa-press.net\/cotedivoire\/","name":"C\u00f4te d&#039;Ivoire","description":"Just another Africa News Agency Sites site","potentialAction":[{"@type":"SearchAction","target":{"@type":"EntryPoint","urlTemplate":"https:\/\/www.africa-press.net\/cotedivoire\/?s={search_term_string}"},"query-input":{"@type":"PropertyValueSpecification","valueRequired":true,"valueName":"search_term_string"}}],"inLanguage":"fr-FR"},{"@type":"Person","@id":"https:\/\/www.africa-press.net\/cotedivoire\/#\/schema\/person\/2b1cf3cd81a31e3cd26889ca66d677f1","name":"cfeditorfr"}]}},"_links":{"self":[{"href":"https:\/\/www.africa-press.net\/cotedivoire\/wp-json\/wp\/v2\/posts\/94576","targetHints":{"allow":["GET"]}}],"collection":[{"href":"https:\/\/www.africa-press.net\/cotedivoire\/wp-json\/wp\/v2\/posts"}],"about":[{"href":"https:\/\/www.africa-press.net\/cotedivoire\/wp-json\/wp\/v2\/types\/post"}],"author":[{"embeddable":true,"href":"https:\/\/www.africa-press.net\/cotedivoire\/wp-json\/wp\/v2\/users\/82"}],"replies":[{"embeddable":true,"href":"https:\/\/www.africa-press.net\/cotedivoire\/wp-json\/wp\/v2\/comments?post=94576"}],"version-history":[{"count":0,"href":"https:\/\/www.africa-press.net\/cotedivoire\/wp-json\/wp\/v2\/posts\/94576\/revisions"}],"wp:featuredmedia":[{"embeddable":true,"href":"https:\/\/www.africa-press.net\/cotedivoire\/wp-json\/wp\/v2\/media\/94575"}],"wp:attachment":[{"href":"https:\/\/www.africa-press.net\/cotedivoire\/wp-json\/wp\/v2\/media?parent=94576"}],"wp:term":[{"taxonomy":"category","embeddable":true,"href":"https:\/\/www.africa-press.net\/cotedivoire\/wp-json\/wp\/v2\/categories?post=94576"},{"taxonomy":"post_tag","embeddable":true,"href":"https:\/\/www.africa-press.net\/cotedivoire\/wp-json\/wp\/v2\/tags?post=94576"}],"curies":[{"name":"wp","href":"https:\/\/api.w.org\/{rel}","templated":true}]}}