{"id":94578,"date":"2025-02-02T15:51:08","date_gmt":"2025-02-02T15:51:08","guid":{"rendered":"https:\/\/www.africa-press.net\/cotedivoire\/politique\/les-cles-dune-structure-islamique-deducation-remises-aux-populations-de-ouelle"},"modified":"2025-02-02T15:51:08","modified_gmt":"2025-02-02T15:51:08","slug":"les-cles-dune-structure-islamique-deducation-remises-aux-populations-de-ouelle","status":"publish","type":"post","link":"https:\/\/www.africa-press.net\/cotedivoire\/culture-et-art\/les-cles-dune-structure-islamique-deducation-remises-aux-populations-de-ouelle","title":{"rendered":"Les cl\u00e9s d\u2019une Structure islamique d\u2019\u00e9ducation remises aux populations de Ouell\u00e9"},"content":{"rendered":"<p><span style=\"color: #ff6600\"><strong>Africa-Press &#8211; C\u00f4te d&rsquo;Ivoire. <\/strong><\/span>Les cle\u0301s d\u2019une Structure islamique d\u2019e\u0301ducation (SIE), comprenant une e\u0301cole franco-arabe de trois classes, une mosque\u0301e et des salles d\u2019eau, construite a\u0300 Ouelle\u0301 ainsi que dans le village de Kodi, ont e\u0301te\u0301 remises le vendredi 31 janvier 2025 par l\u2019Organisation ivoirienne pour le bien-e\u0302tre et le de\u0301veloppement social (ONG OIBDS) en pre\u0301sence du pre\u0301fet, des autorite\u0301s couturie\u0300res et des guides religieux.<\/p>\n<p>\u00ab Ces projets ont e\u0301te\u0301 re\u0301alise\u0301s gra\u0302ce a\u0300 la collaboration entre nous et la mairie de Ouelle\u0301, avec l\u2019appui des populations et de l\u2019autorite\u0301 pre\u0301fectorale. Nous sommes dispose\u0301s a\u0300 continuer ce partenariat pour faire encore de grandes re\u0301alisations au profit des populations de Ouelle\u0301 \u00bb, a de\u0301clare\u0301 l\u2019un des responsables de l\u2019organisation caritative, Nabawi Ezzedine. Il a justifie\u0301 ces investissements par la vision de croyants e\u0301duque\u0301s et priant dans de meilleures conditions.<\/p>\n<p>Selon le maire Ya Komenan Raphae\u0308l, c\u2019est avec la be\u0301ne\u0301diction des fide\u0300les musulmans que son e\u0301quipe a pu croiser cette organisation non gouvernementale. Un partenariat a e\u0301te\u0301 signe\u0301 dont les premiers re\u0301sultats sont des infrastructures religieuses qui profitent actuellement aux populations musulmanes de la commune.<\/p>\n<p>Re\u0301ite\u0301rant les remerciements appuye\u0301s des populations entie\u0300re et de la communaute\u0301 musulmane en particulier, le pre\u0301fet Soro Sana a insiste\u0301 sur la haute porte\u0301e de ces re\u0301alisations.<\/p>\n<p>\u00ab Cela s\u2019inscrit dans la dynamique gouvernementale de l\u2019e\u0301cole obligatoire, d\u2019une part, mais e\u0301galement de l\u2019e\u0301cole inclusive. En tenant compte du parame\u0300tre de la lai\u0308cite\u0301 de l\u2019Etat, tous les enfants ont droit a\u0300 l\u2019e\u0301ducation et a\u0300 la formation, a-t-il fait savoir. Il a indique\u0301 que cette e\u0301cole franco-arabe va contribuer a\u0300 appuyer la formation classique car elle permettra aux enfants aussi bien de s\u2019aguerrir spirituellement mais e\u0301galement d\u2019avoir un coffre qui puisse leur faciliter l\u2019insertion socio-professionnelle dans l\u2019avenir.<\/p>\n<p>Ces infrastructures sont construites sur des terrains offerts par les chefferies villageoises a\u0300 l\u2019ONG qatarie OIBDS, qui est en partenariat avec la mairie de Ouelle\u0301 depuis 2024. Plusieurs autres projets d\u2019envergure ont e\u0301te\u0301 annonce\u0301s dans le me\u0302me cadre.<\/p>\n<p><strong>Pour plus d&rsquo;informations et d&rsquo;analyses sur la <span style=\"color: #ff6600\">C\u00f4te d&rsquo;Ivoire<\/span>, suivez <span style=\"color: #ff6600\">Africa-Press<span style=\"color: #ff6600\"><\/span><\/strong><\/p>\n","protected":false},"excerpt":{"rendered":"<p>Africa-Press &#8211; C\u00f4te d&rsquo;Ivoire. Les cle\u0301s d\u2019une Structure islamique d\u2019e\u0301ducation (SIE), comprenant une e\u0301cole franco-arabe de trois classes, une mosque\u0301e et des salles d\u2019eau, construite a\u0300 Ouelle\u0301 ainsi que dans le village de Kodi, ont e\u0301te\u0301 remises le vendredi 31 janvier 2025 par l\u2019Organisation ivoirienne pour le bien-e\u0302tre et le de\u0301veloppement social (ONG OIBDS) en [&hellip;]<\/p>\n","protected":false},"author":82,"featured_media":94577,"comment_status":"open","ping_status":"closed","sticky":false,"template":"","format":"standard","meta":{"footnotes":""},"categories":[5,10],"tags":[37],"class_list":["post-94578","post","type-post","status-publish","format-standard","has-post-thumbnail","hentry","category-culture-et-art","category-toutes-les-actualites","tag-cote-divoire-2"],"yoast_head":"<!-- This site is optimized with the Yoast SEO Premium plugin v26.1 (Yoast SEO v27.0) - https:\/\/yoast.com\/product\/yoast-seo-premium-wordpress\/ -->\n<title>Les cl\u00e9s d\u2019une Structure islamique d\u2019\u00e9ducation remises aux populations de Ouell\u00e9 - C\u00f4te d&#039;Ivoire<\/title>\n<meta name=\"robots\" content=\"index, follow, max-snippet:-1, max-image-preview:large, max-video-preview:-1\" \/>\n<link rel=\"canonical\" href=\"https:\/\/www.africa-press.net\/cotedivoire\/politique\/les-cles-dune-structure-islamique-deducation-remises-aux-populations-de-ouelle\" \/>\n<meta property=\"og:locale\" content=\"fr_FR\" \/>\n<meta property=\"og:type\" content=\"article\" \/>\n<meta property=\"og:title\" content=\"Les cl\u00e9s d\u2019une Structure islamique d\u2019\u00e9ducation remises aux populations de Ouell\u00e9\" \/>\n<meta property=\"og:description\" content=\"Africa-Press &#8211; C\u00f4te d&rsquo;Ivoire. Les cle\u0301s d\u2019une Structure islamique d\u2019e\u0301ducation (SIE), comprenant une e\u0301cole franco-arabe de trois classes, une mosque\u0301e et des salles d\u2019eau, construite a\u0300 Ouelle\u0301 ainsi que dans le village de Kodi, ont e\u0301te\u0301 remises le vendredi 31 janvier 2025 par l\u2019Organisation ivoirienne pour le bien-e\u0302tre et le de\u0301veloppement social (ONG OIBDS) en [&hellip;]\" \/>\n<meta property=\"og:url\" content=\"https:\/\/www.africa-press.net\/cotedivoire\/politique\/les-cles-dune-structure-islamique-deducation-remises-aux-populations-de-ouelle\" \/>\n<meta property=\"og:site_name\" content=\"C\u00f4te d&#039;Ivoire\" \/>\n<meta property=\"article:published_time\" content=\"2025-02-02T15:51:08+00:00\" \/>\n<meta name=\"author\" content=\"cfeditorfr\" \/>\n<meta name=\"twitter:card\" content=\"summary_large_image\" \/>\n<meta name=\"twitter:label1\" content=\"\u00c9crit par\" \/>\n\t<meta name=\"twitter:data1\" content=\"cfeditorfr\" \/>\n\t<meta name=\"twitter:label2\" content=\"Dur\u00e9e de lecture estim\u00e9e\" \/>\n\t<meta name=\"twitter:data2\" content=\"2 minutes\" \/>\n<script type=\"application\/ld+json\" class=\"yoast-schema-graph\">{\"@context\":\"https:\/\/schema.org\",\"@graph\":[{\"@type\":\"Article\",\"@id\":\"https:\/\/www.africa-press.net\/cotedivoire\/politique\/les-cles-dune-structure-islamique-deducation-remises-aux-populations-de-ouelle#article\",\"isPartOf\":{\"@id\":\"https:\/\/www.africa-press.net\/cotedivoire\/politique\/les-cles-dune-structure-islamique-deducation-remises-aux-populations-de-ouelle\"},\"author\":{\"name\":\"cfeditorfr\",\"@id\":\"https:\/\/www.africa-press.net\/cotedivoire\/#\/schema\/person\/2b1cf3cd81a31e3cd26889ca66d677f1\"},\"headline\":\"Les cl\u00e9s d\u2019une Structure islamique d\u2019\u00e9ducation remises aux populations de Ouell\u00e9\",\"datePublished\":\"2025-02-02T15:51:08+00:00\",\"mainEntityOfPage\":{\"@id\":\"https:\/\/www.africa-press.net\/cotedivoire\/politique\/les-cles-dune-structure-islamique-deducation-remises-aux-populations-de-ouelle\"},\"wordCount\":417,\"commentCount\":0,\"image\":{\"@id\":\"https:\/\/www.africa-press.net\/cotedivoire\/politique\/les-cles-dune-structure-islamique-deducation-remises-aux-populations-de-ouelle#primaryimage\"},\"thumbnailUrl\":\"https:\/\/static.africa-press.net\/cote\/sites\/43\/2025\/02\/sm_1738499082.61761.jpg\",\"keywords\":[\"C\u00f4te d'Ivoire\"],\"articleSection\":[\"Culture et Art\",\"Toutes les actualit\u00e9s\"],\"inLanguage\":\"fr-FR\",\"potentialAction\":[{\"@type\":\"CommentAction\",\"name\":\"Comment\",\"target\":[\"https:\/\/www.africa-press.net\/cotedivoire\/politique\/les-cles-dune-structure-islamique-deducation-remises-aux-populations-de-ouelle#respond\"]}]},{\"@type\":\"WebPage\",\"@id\":\"https:\/\/www.africa-press.net\/cotedivoire\/politique\/les-cles-dune-structure-islamique-deducation-remises-aux-populations-de-ouelle\",\"url\":\"https:\/\/www.africa-press.net\/cotedivoire\/politique\/les-cles-dune-structure-islamique-deducation-remises-aux-populations-de-ouelle\",\"name\":\"Les cl\u00e9s d\u2019une Structure islamique d\u2019\u00e9ducation remises aux populations de Ouell\u00e9 - C\u00f4te d&#039;Ivoire\",\"isPartOf\":{\"@id\":\"https:\/\/www.africa-press.net\/cotedivoire\/#website\"},\"primaryImageOfPage\":{\"@id\":\"https:\/\/www.africa-press.net\/cotedivoire\/politique\/les-cles-dune-structure-islamique-deducation-remises-aux-populations-de-ouelle#primaryimage\"},\"image\":{\"@id\":\"https:\/\/www.africa-press.net\/cotedivoire\/politique\/les-cles-dune-structure-islamique-deducation-remises-aux-populations-de-ouelle#primaryimage\"},\"thumbnailUrl\":\"https:\/\/static.africa-press.net\/cote\/sites\/43\/2025\/02\/sm_1738499082.61761.jpg\",\"datePublished\":\"2025-02-02T15:51:08+00:00\",\"author\":{\"@id\":\"https:\/\/www.africa-press.net\/cotedivoire\/#\/schema\/person\/2b1cf3cd81a31e3cd26889ca66d677f1\"},\"breadcrumb\":{\"@id\":\"https:\/\/www.africa-press.net\/cotedivoire\/politique\/les-cles-dune-structure-islamique-deducation-remises-aux-populations-de-ouelle#breadcrumb\"},\"inLanguage\":\"fr-FR\",\"potentialAction\":[{\"@type\":\"ReadAction\",\"target\":[\"https:\/\/www.africa-press.net\/cotedivoire\/politique\/les-cles-dune-structure-islamique-deducation-remises-aux-populations-de-ouelle\"]}]},{\"@type\":\"ImageObject\",\"inLanguage\":\"fr-FR\",\"@id\":\"https:\/\/www.africa-press.net\/cotedivoire\/politique\/les-cles-dune-structure-islamique-deducation-remises-aux-populations-de-ouelle#primaryimage\",\"url\":\"https:\/\/static.africa-press.net\/cote\/sites\/43\/2025\/02\/sm_1738499082.61761.jpg\",\"contentUrl\":\"https:\/\/static.africa-press.net\/cote\/sites\/43\/2025\/02\/sm_1738499082.61761.jpg\",\"width\":768,\"height\":370,\"caption\":\"Les cl\u00e9s d\u2019une Structure islamique d\u2019\u00e9ducation remises aux populations de Ouell\u00e9\"},{\"@type\":\"BreadcrumbList\",\"@id\":\"https:\/\/www.africa-press.net\/cotedivoire\/politique\/les-cles-dune-structure-islamique-deducation-remises-aux-populations-de-ouelle#breadcrumb\",\"itemListElement\":[{\"@type\":\"ListItem\",\"position\":1,\"name\":\"Accueil\",\"item\":\"https:\/\/www.africa-press.net\/cotedivoire\/\"},{\"@type\":\"ListItem\",\"position\":2,\"name\":\"Les cl\u00e9s d\u2019une Structure islamique d\u2019\u00e9ducation remises aux populations de Ouell\u00e9\"}]},{\"@type\":\"WebSite\",\"@id\":\"https:\/\/www.africa-press.net\/cotedivoire\/#website\",\"url\":\"https:\/\/www.africa-press.net\/cotedivoire\/\",\"name\":\"C\u00f4te d&#039;Ivoire\",\"description\":\"Just another Africa News Agency Sites site\",\"potentialAction\":[{\"@type\":\"SearchAction\",\"target\":{\"@type\":\"EntryPoint\",\"urlTemplate\":\"https:\/\/www.africa-press.net\/cotedivoire\/?s={search_term_string}\"},\"query-input\":{\"@type\":\"PropertyValueSpecification\",\"valueRequired\":true,\"valueName\":\"search_term_string\"}}],\"inLanguage\":\"fr-FR\"},{\"@type\":\"Person\",\"@id\":\"https:\/\/www.africa-press.net\/cotedivoire\/#\/schema\/person\/2b1cf3cd81a31e3cd26889ca66d677f1\",\"name\":\"cfeditorfr\"}]}<\/script>\n<!-- \/ Yoast SEO Premium plugin. -->","yoast_head_json":{"title":"Les cl\u00e9s d\u2019une Structure islamique d\u2019\u00e9ducation remises aux populations de Ouell\u00e9 - C\u00f4te d&#039;Ivoire","robots":{"index":"index","follow":"follow","max-snippet":"max-snippet:-1","max-image-preview":"max-image-preview:large","max-video-preview":"max-video-preview:-1"},"canonical":"https:\/\/www.africa-press.net\/cotedivoire\/politique\/les-cles-dune-structure-islamique-deducation-remises-aux-populations-de-ouelle","og_locale":"fr_FR","og_type":"article","og_title":"Les cl\u00e9s d\u2019une Structure islamique d\u2019\u00e9ducation remises aux populations de Ouell\u00e9","og_description":"Africa-Press &#8211; C\u00f4te d&rsquo;Ivoire. Les cle\u0301s d\u2019une Structure islamique d\u2019e\u0301ducation (SIE), comprenant une e\u0301cole franco-arabe de trois classes, une mosque\u0301e et des salles d\u2019eau, construite a\u0300 Ouelle\u0301 ainsi que dans le village de Kodi, ont e\u0301te\u0301 remises le vendredi 31 janvier 2025 par l\u2019Organisation ivoirienne pour le bien-e\u0302tre et le de\u0301veloppement social (ONG OIBDS) en [&hellip;]","og_url":"https:\/\/www.africa-press.net\/cotedivoire\/politique\/les-cles-dune-structure-islamique-deducation-remises-aux-populations-de-ouelle","og_site_name":"C\u00f4te d&#039;Ivoire","article_published_time":"2025-02-02T15:51:08+00:00","author":"cfeditorfr","twitter_card":"summary_large_image","twitter_misc":{"\u00c9crit par":"cfeditorfr","Dur\u00e9e de lecture estim\u00e9e":"2 minutes"},"schema":{"@context":"https:\/\/schema.org","@graph":[{"@type":"Article","@id":"https:\/\/www.africa-press.net\/cotedivoire\/politique\/les-cles-dune-structure-islamique-deducation-remises-aux-populations-de-ouelle#article","isPartOf":{"@id":"https:\/\/www.africa-press.net\/cotedivoire\/politique\/les-cles-dune-structure-islamique-deducation-remises-aux-populations-de-ouelle"},"author":{"name":"cfeditorfr","@id":"https:\/\/www.africa-press.net\/cotedivoire\/#\/schema\/person\/2b1cf3cd81a31e3cd26889ca66d677f1"},"headline":"Les cl\u00e9s d\u2019une Structure islamique d\u2019\u00e9ducation remises aux populations de Ouell\u00e9","datePublished":"2025-02-02T15:51:08+00:00","mainEntityOfPage":{"@id":"https:\/\/www.africa-press.net\/cotedivoire\/politique\/les-cles-dune-structure-islamique-deducation-remises-aux-populations-de-ouelle"},"wordCount":417,"commentCount":0,"image":{"@id":"https:\/\/www.africa-press.net\/cotedivoire\/politique\/les-cles-dune-structure-islamique-deducation-remises-aux-populations-de-ouelle#primaryimage"},"thumbnailUrl":"https:\/\/static.africa-press.net\/cote\/sites\/43\/2025\/02\/sm_1738499082.61761.jpg","keywords":["C\u00f4te d'Ivoire"],"articleSection":["Culture et Art","Toutes les actualit\u00e9s"],"inLanguage":"fr-FR","potentialAction":[{"@type":"CommentAction","name":"Comment","target":["https:\/\/www.africa-press.net\/cotedivoire\/politique\/les-cles-dune-structure-islamique-deducation-remises-aux-populations-de-ouelle#respond"]}]},{"@type":"WebPage","@id":"https:\/\/www.africa-press.net\/cotedivoire\/politique\/les-cles-dune-structure-islamique-deducation-remises-aux-populations-de-ouelle","url":"https:\/\/www.africa-press.net\/cotedivoire\/politique\/les-cles-dune-structure-islamique-deducation-remises-aux-populations-de-ouelle","name":"Les cl\u00e9s d\u2019une Structure islamique d\u2019\u00e9ducation remises aux populations de Ouell\u00e9 - C\u00f4te d&#039;Ivoire","isPartOf":{"@id":"https:\/\/www.africa-press.net\/cotedivoire\/#website"},"primaryImageOfPage":{"@id":"https:\/\/www.africa-press.net\/cotedivoire\/politique\/les-cles-dune-structure-islamique-deducation-remises-aux-populations-de-ouelle#primaryimage"},"image":{"@id":"https:\/\/www.africa-press.net\/cotedivoire\/politique\/les-cles-dune-structure-islamique-deducation-remises-aux-populations-de-ouelle#primaryimage"},"thumbnailUrl":"https:\/\/static.africa-press.net\/cote\/sites\/43\/2025\/02\/sm_1738499082.61761.jpg","datePublished":"2025-02-02T15:51:08+00:00","author":{"@id":"https:\/\/www.africa-press.net\/cotedivoire\/#\/schema\/person\/2b1cf3cd81a31e3cd26889ca66d677f1"},"breadcrumb":{"@id":"https:\/\/www.africa-press.net\/cotedivoire\/politique\/les-cles-dune-structure-islamique-deducation-remises-aux-populations-de-ouelle#breadcrumb"},"inLanguage":"fr-FR","potentialAction":[{"@type":"ReadAction","target":["https:\/\/www.africa-press.net\/cotedivoire\/politique\/les-cles-dune-structure-islamique-deducation-remises-aux-populations-de-ouelle"]}]},{"@type":"ImageObject","inLanguage":"fr-FR","@id":"https:\/\/www.africa-press.net\/cotedivoire\/politique\/les-cles-dune-structure-islamique-deducation-remises-aux-populations-de-ouelle#primaryimage","url":"https:\/\/static.africa-press.net\/cote\/sites\/43\/2025\/02\/sm_1738499082.61761.jpg","contentUrl":"https:\/\/static.africa-press.net\/cote\/sites\/43\/2025\/02\/sm_1738499082.61761.jpg","width":768,"height":370,"caption":"Les cl\u00e9s d\u2019une Structure islamique d\u2019\u00e9ducation remises aux populations de Ouell\u00e9"},{"@type":"BreadcrumbList","@id":"https:\/\/www.africa-press.net\/cotedivoire\/politique\/les-cles-dune-structure-islamique-deducation-remises-aux-populations-de-ouelle#breadcrumb","itemListElement":[{"@type":"ListItem","position":1,"name":"Accueil","item":"https:\/\/www.africa-press.net\/cotedivoire\/"},{"@type":"ListItem","position":2,"name":"Les cl\u00e9s d\u2019une Structure islamique d\u2019\u00e9ducation remises aux populations de Ouell\u00e9"}]},{"@type":"WebSite","@id":"https:\/\/www.africa-press.net\/cotedivoire\/#website","url":"https:\/\/www.africa-press.net\/cotedivoire\/","name":"C\u00f4te d&#039;Ivoire","description":"Just another Africa News Agency Sites site","potentialAction":[{"@type":"SearchAction","target":{"@type":"EntryPoint","urlTemplate":"https:\/\/www.africa-press.net\/cotedivoire\/?s={search_term_string}"},"query-input":{"@type":"PropertyValueSpecification","valueRequired":true,"valueName":"search_term_string"}}],"inLanguage":"fr-FR"},{"@type":"Person","@id":"https:\/\/www.africa-press.net\/cotedivoire\/#\/schema\/person\/2b1cf3cd81a31e3cd26889ca66d677f1","name":"cfeditorfr"}]}},"_links":{"self":[{"href":"https:\/\/www.africa-press.net\/cotedivoire\/wp-json\/wp\/v2\/posts\/94578","targetHints":{"allow":["GET"]}}],"collection":[{"href":"https:\/\/www.africa-press.net\/cotedivoire\/wp-json\/wp\/v2\/posts"}],"about":[{"href":"https:\/\/www.africa-press.net\/cotedivoire\/wp-json\/wp\/v2\/types\/post"}],"author":[{"embeddable":true,"href":"https:\/\/www.africa-press.net\/cotedivoire\/wp-json\/wp\/v2\/users\/82"}],"replies":[{"embeddable":true,"href":"https:\/\/www.africa-press.net\/cotedivoire\/wp-json\/wp\/v2\/comments?post=94578"}],"version-history":[{"count":0,"href":"https:\/\/www.africa-press.net\/cotedivoire\/wp-json\/wp\/v2\/posts\/94578\/revisions"}],"wp:featuredmedia":[{"embeddable":true,"href":"https:\/\/www.africa-press.net\/cotedivoire\/wp-json\/wp\/v2\/media\/94577"}],"wp:attachment":[{"href":"https:\/\/www.africa-press.net\/cotedivoire\/wp-json\/wp\/v2\/media?parent=94578"}],"wp:term":[{"taxonomy":"category","embeddable":true,"href":"https:\/\/www.africa-press.net\/cotedivoire\/wp-json\/wp\/v2\/categories?post=94578"},{"taxonomy":"post_tag","embeddable":true,"href":"https:\/\/www.africa-press.net\/cotedivoire\/wp-json\/wp\/v2\/tags?post=94578"}],"curies":[{"name":"wp","href":"https:\/\/api.w.org\/{rel}","templated":true}]}}