{"id":94580,"date":"2025-02-02T15:51:26","date_gmt":"2025-02-02T15:51:26","guid":{"rendered":"https:\/\/www.africa-press.net\/cotedivoire\/politique\/le-mouvement-2025-ewan-ado-investi-pour-impulser-la-reelection-dalassane-ouattara-a-la-presidence-de-la-republique"},"modified":"2025-02-02T15:51:26","modified_gmt":"2025-02-02T15:51:26","slug":"le-mouvement-2025-ewan-ado-investi-pour-impulser-la-reelection-dalassane-ouattara-a-la-presidence-de-la-republique","status":"publish","type":"post","link":"https:\/\/www.africa-press.net\/cotedivoire\/politique\/le-mouvement-2025-ewan-ado-investi-pour-impulser-la-reelection-dalassane-ouattara-a-la-presidence-de-la-republique","title":{"rendered":"Le mouvement \u2018\u20192025-Ewan-ADO\u2019\u2019 investi pour impulser la r\u00e9\u00e9lection d\u2019Alassane Ouattara \u00e0 la pr\u00e9sidence de la R\u00e9publique"},"content":{"rendered":"<p><span style=\"color: #ff6600\"><strong>Africa-Press &#8211; C\u00f4te d&rsquo;Ivoire. <\/strong><\/span>Le ministre d\u2019E\u0301tat, Kobenan Kouassi Adjoumani, a proce\u0301de\u0301 le samedi 1er fe\u0301vrier 2025 a\u0300 Yamoussoukro, a\u0300 l\u2019investiture officielle de la coordination nationale de \u2018\u20192025-Ewan-ADO\u2019\u2019, un mouvement cre\u0301e\u0301 pour soutenir la candidature et participer activement a\u0300 la re\u0301e\u0301lection d\u2019Alassane Ouattara a\u0300 la pre\u0301sidence de la Re\u0301publique.<\/p>\n<p>Le mouvement, pre\u0301side\u0301 par Louis Habonouan, s\u2019adresse principalement aux ressortissants du \u201cV Baoule\u0301\u201d e\u0301tablis sur l\u2019ensemble du territoire ivoirien. Ce peuple est traditionnellement conside\u0301re\u0301 comme acquis a\u0300 la cause du Parti de\u0301mocratique de Co\u0302te d\u2019Ivoire (PDCI), actuellement dans l\u2019opposition.<\/p>\n<p>\u00ab Aujourd\u2019hui, 1er fe\u0301vrier 2025, on peut dire que le compte a\u0300 rebours a ve\u0301ritablement commence\u0301 \u00bb, a de\u0301clare\u0301 M. Adjoumani, assurant \u2018\u20192025-Ewan-ADO\u2019\u2019 de son soutien.<\/p>\n<p>\u00ab Je note que votre mouvement souhaite rassembler au-dela\u0300 des clivages politiques traditionnels, en mobilisant ceux et celles qui ne militent pas force\u0301ment dans un parti politique, mais qui sont admiratifs de l\u2019\u0153uvre du pre\u0301sident Alassane Ouattara. En proce\u0301dant ainsi, vous explorez un vivier de personnes qui, a\u0300 coup su\u0302r, e\u0301largiront la base e\u0301lectorale du Pre\u0301sident Alassane. Il s\u2019agit la\u0300 d\u2019une mission importante \u00bb, a-t-il ajoute\u0301.<\/p>\n<p>Alassane Ouattara ou \u201cADO\u201d a pris officiellement les re\u0302nes de la Co\u0302te d\u2019Ivoire en mai 2011, a\u0300 l\u2019issue d\u2019une crise poste\u0301lectorale avec son pre\u0301de\u0301cesseur, Laurent Gbagbo, qui avait refuse\u0301 de reconnai\u0302tre sa de\u0301faite a\u0300 l\u2019e\u0301lection d\u2019octobre 2010. Il a e\u0301te\u0301 re\u0301e\u0301lu en 2015, puis en 2020 en vertu de la Constitution de la IIIe Re\u0301publique (2016).<\/p>\n<p>M. Ouattara n\u2019a pas encore de\u0301clare\u0301 officiellement son intention de briguer un nouveau mandat, malgre\u0301 les appels pressants de ses partisans, notamment ceux du Rassemblement des Houphoue\u0301tistes pour la de\u0301mocratie et la paix (RHDP).<\/p>\n<p><strong>Pour plus d&rsquo;informations et d&rsquo;analyses sur la <span style=\"color: #ff6600\">C\u00f4te d&rsquo;Ivoire<\/span>, suivez <span style=\"color: #ff6600\">Africa-Press<span style=\"color: #ff6600\"><\/span><\/strong><\/p>\n","protected":false},"excerpt":{"rendered":"<p>Africa-Press &#8211; C\u00f4te d&rsquo;Ivoire. Le ministre d\u2019E\u0301tat, Kobenan Kouassi Adjoumani, a proce\u0301de\u0301 le samedi 1er fe\u0301vrier 2025 a\u0300 Yamoussoukro, a\u0300 l\u2019investiture officielle de la coordination nationale de \u2018\u20192025-Ewan-ADO\u2019\u2019, un mouvement cre\u0301e\u0301 pour soutenir la candidature et participer activement a\u0300 la re\u0301e\u0301lection d\u2019Alassane Ouattara a\u0300 la pre\u0301sidence de la Re\u0301publique. Le mouvement, pre\u0301side\u0301 par Louis Habonouan, [&hellip;]<\/p>\n","protected":false},"author":82,"featured_media":94579,"comment_status":"open","ping_status":"closed","sticky":false,"template":"","format":"standard","meta":{"footnotes":""},"categories":[2,10],"tags":[37],"class_list":["post-94580","post","type-post","status-publish","format-standard","has-post-thumbnail","hentry","category-politique","category-toutes-les-actualites","tag-cote-divoire-2"],"yoast_head":"<!-- This site is optimized with the Yoast SEO Premium plugin v26.1 (Yoast SEO v27.0) - https:\/\/yoast.com\/product\/yoast-seo-premium-wordpress\/ -->\n<title>Le mouvement \u2018\u20192025-Ewan-ADO\u2019\u2019 investi pour impulser la r\u00e9\u00e9lection d\u2019Alassane Ouattara \u00e0 la pr\u00e9sidence de la R\u00e9publique - C\u00f4te d&#039;Ivoire<\/title>\n<meta name=\"robots\" content=\"index, follow, max-snippet:-1, max-image-preview:large, max-video-preview:-1\" \/>\n<link rel=\"canonical\" href=\"https:\/\/www.africa-press.net\/cotedivoire\/politique\/le-mouvement-2025-ewan-ado-investi-pour-impulser-la-reelection-dalassane-ouattara-a-la-presidence-de-la-republique\" \/>\n<meta property=\"og:locale\" content=\"fr_FR\" \/>\n<meta property=\"og:type\" content=\"article\" \/>\n<meta property=\"og:title\" content=\"Le mouvement \u2018\u20192025-Ewan-ADO\u2019\u2019 investi pour impulser la r\u00e9\u00e9lection d\u2019Alassane Ouattara \u00e0 la pr\u00e9sidence de la R\u00e9publique\" \/>\n<meta property=\"og:description\" content=\"Africa-Press &#8211; C\u00f4te d&rsquo;Ivoire. Le ministre d\u2019E\u0301tat, Kobenan Kouassi Adjoumani, a proce\u0301de\u0301 le samedi 1er fe\u0301vrier 2025 a\u0300 Yamoussoukro, a\u0300 l\u2019investiture officielle de la coordination nationale de \u2018\u20192025-Ewan-ADO\u2019\u2019, un mouvement cre\u0301e\u0301 pour soutenir la candidature et participer activement a\u0300 la re\u0301e\u0301lection d\u2019Alassane Ouattara a\u0300 la pre\u0301sidence de la Re\u0301publique. Le mouvement, pre\u0301side\u0301 par Louis Habonouan, [&hellip;]\" \/>\n<meta property=\"og:url\" content=\"https:\/\/www.africa-press.net\/cotedivoire\/politique\/le-mouvement-2025-ewan-ado-investi-pour-impulser-la-reelection-dalassane-ouattara-a-la-presidence-de-la-republique\" \/>\n<meta property=\"og:site_name\" content=\"C\u00f4te d&#039;Ivoire\" \/>\n<meta property=\"article:published_time\" content=\"2025-02-02T15:51:26+00:00\" \/>\n<meta name=\"author\" content=\"cfeditorfr\" \/>\n<meta name=\"twitter:card\" content=\"summary_large_image\" \/>\n<meta name=\"twitter:label1\" content=\"\u00c9crit par\" \/>\n\t<meta name=\"twitter:data1\" content=\"cfeditorfr\" \/>\n\t<meta name=\"twitter:label2\" content=\"Dur\u00e9e de lecture estim\u00e9e\" \/>\n\t<meta name=\"twitter:data2\" content=\"2 minutes\" \/>\n<script type=\"application\/ld+json\" class=\"yoast-schema-graph\">{\"@context\":\"https:\/\/schema.org\",\"@graph\":[{\"@type\":\"Article\",\"@id\":\"https:\/\/www.africa-press.net\/cotedivoire\/politique\/le-mouvement-2025-ewan-ado-investi-pour-impulser-la-reelection-dalassane-ouattara-a-la-presidence-de-la-republique#article\",\"isPartOf\":{\"@id\":\"https:\/\/www.africa-press.net\/cotedivoire\/politique\/le-mouvement-2025-ewan-ado-investi-pour-impulser-la-reelection-dalassane-ouattara-a-la-presidence-de-la-republique\"},\"author\":{\"name\":\"cfeditorfr\",\"@id\":\"https:\/\/www.africa-press.net\/cotedivoire\/#\/schema\/person\/2b1cf3cd81a31e3cd26889ca66d677f1\"},\"headline\":\"Le mouvement \u2018\u20192025-Ewan-ADO\u2019\u2019 investi pour impulser la r\u00e9\u00e9lection d\u2019Alassane Ouattara \u00e0 la pr\u00e9sidence de la R\u00e9publique\",\"datePublished\":\"2025-02-02T15:51:26+00:00\",\"mainEntityOfPage\":{\"@id\":\"https:\/\/www.africa-press.net\/cotedivoire\/politique\/le-mouvement-2025-ewan-ado-investi-pour-impulser-la-reelection-dalassane-ouattara-a-la-presidence-de-la-republique\"},\"wordCount\":350,\"commentCount\":0,\"image\":{\"@id\":\"https:\/\/www.africa-press.net\/cotedivoire\/politique\/le-mouvement-2025-ewan-ado-investi-pour-impulser-la-reelection-dalassane-ouattara-a-la-presidence-de-la-republique#primaryimage\"},\"thumbnailUrl\":\"https:\/\/static.africa-press.net\/cote\/sites\/43\/2025\/02\/sm_1738499093.861609.jpg\",\"keywords\":[\"C\u00f4te d'Ivoire\"],\"articleSection\":[\"Politique\",\"Toutes les actualit\u00e9s\"],\"inLanguage\":\"fr-FR\",\"potentialAction\":[{\"@type\":\"CommentAction\",\"name\":\"Comment\",\"target\":[\"https:\/\/www.africa-press.net\/cotedivoire\/politique\/le-mouvement-2025-ewan-ado-investi-pour-impulser-la-reelection-dalassane-ouattara-a-la-presidence-de-la-republique#respond\"]}]},{\"@type\":\"WebPage\",\"@id\":\"https:\/\/www.africa-press.net\/cotedivoire\/politique\/le-mouvement-2025-ewan-ado-investi-pour-impulser-la-reelection-dalassane-ouattara-a-la-presidence-de-la-republique\",\"url\":\"https:\/\/www.africa-press.net\/cotedivoire\/politique\/le-mouvement-2025-ewan-ado-investi-pour-impulser-la-reelection-dalassane-ouattara-a-la-presidence-de-la-republique\",\"name\":\"Le mouvement \u2018\u20192025-Ewan-ADO\u2019\u2019 investi pour impulser la r\u00e9\u00e9lection d\u2019Alassane Ouattara \u00e0 la pr\u00e9sidence de la R\u00e9publique - C\u00f4te d&#039;Ivoire\",\"isPartOf\":{\"@id\":\"https:\/\/www.africa-press.net\/cotedivoire\/#website\"},\"primaryImageOfPage\":{\"@id\":\"https:\/\/www.africa-press.net\/cotedivoire\/politique\/le-mouvement-2025-ewan-ado-investi-pour-impulser-la-reelection-dalassane-ouattara-a-la-presidence-de-la-republique#primaryimage\"},\"image\":{\"@id\":\"https:\/\/www.africa-press.net\/cotedivoire\/politique\/le-mouvement-2025-ewan-ado-investi-pour-impulser-la-reelection-dalassane-ouattara-a-la-presidence-de-la-republique#primaryimage\"},\"thumbnailUrl\":\"https:\/\/static.africa-press.net\/cote\/sites\/43\/2025\/02\/sm_1738499093.861609.jpg\",\"datePublished\":\"2025-02-02T15:51:26+00:00\",\"author\":{\"@id\":\"https:\/\/www.africa-press.net\/cotedivoire\/#\/schema\/person\/2b1cf3cd81a31e3cd26889ca66d677f1\"},\"breadcrumb\":{\"@id\":\"https:\/\/www.africa-press.net\/cotedivoire\/politique\/le-mouvement-2025-ewan-ado-investi-pour-impulser-la-reelection-dalassane-ouattara-a-la-presidence-de-la-republique#breadcrumb\"},\"inLanguage\":\"fr-FR\",\"potentialAction\":[{\"@type\":\"ReadAction\",\"target\":[\"https:\/\/www.africa-press.net\/cotedivoire\/politique\/le-mouvement-2025-ewan-ado-investi-pour-impulser-la-reelection-dalassane-ouattara-a-la-presidence-de-la-republique\"]}]},{\"@type\":\"ImageObject\",\"inLanguage\":\"fr-FR\",\"@id\":\"https:\/\/www.africa-press.net\/cotedivoire\/politique\/le-mouvement-2025-ewan-ado-investi-pour-impulser-la-reelection-dalassane-ouattara-a-la-presidence-de-la-republique#primaryimage\",\"url\":\"https:\/\/static.africa-press.net\/cote\/sites\/43\/2025\/02\/sm_1738499093.861609.jpg\",\"contentUrl\":\"https:\/\/static.africa-press.net\/cote\/sites\/43\/2025\/02\/sm_1738499093.861609.jpg\",\"width\":768,\"height\":576,\"caption\":\"Le mouvement \u2018\u20192025-Ewan-ADO\u2019\u2019 investi pour impulser la r\u00e9\u00e9lection d\u2019Alassane Ouattara \u00e0 la pr\u00e9sidence de la R\u00e9publique\"},{\"@type\":\"BreadcrumbList\",\"@id\":\"https:\/\/www.africa-press.net\/cotedivoire\/politique\/le-mouvement-2025-ewan-ado-investi-pour-impulser-la-reelection-dalassane-ouattara-a-la-presidence-de-la-republique#breadcrumb\",\"itemListElement\":[{\"@type\":\"ListItem\",\"position\":1,\"name\":\"Accueil\",\"item\":\"https:\/\/www.africa-press.net\/cotedivoire\/\"},{\"@type\":\"ListItem\",\"position\":2,\"name\":\"Le mouvement \u2018\u20192025-Ewan-ADO\u2019\u2019 investi pour impulser la r\u00e9\u00e9lection d\u2019Alassane Ouattara \u00e0 la pr\u00e9sidence de la R\u00e9publique\"}]},{\"@type\":\"WebSite\",\"@id\":\"https:\/\/www.africa-press.net\/cotedivoire\/#website\",\"url\":\"https:\/\/www.africa-press.net\/cotedivoire\/\",\"name\":\"C\u00f4te d&#039;Ivoire\",\"description\":\"Just another Africa News Agency Sites site\",\"potentialAction\":[{\"@type\":\"SearchAction\",\"target\":{\"@type\":\"EntryPoint\",\"urlTemplate\":\"https:\/\/www.africa-press.net\/cotedivoire\/?s={search_term_string}\"},\"query-input\":{\"@type\":\"PropertyValueSpecification\",\"valueRequired\":true,\"valueName\":\"search_term_string\"}}],\"inLanguage\":\"fr-FR\"},{\"@type\":\"Person\",\"@id\":\"https:\/\/www.africa-press.net\/cotedivoire\/#\/schema\/person\/2b1cf3cd81a31e3cd26889ca66d677f1\",\"name\":\"cfeditorfr\"}]}<\/script>\n<!-- \/ Yoast SEO Premium plugin. -->","yoast_head_json":{"title":"Le mouvement \u2018\u20192025-Ewan-ADO\u2019\u2019 investi pour impulser la r\u00e9\u00e9lection d\u2019Alassane Ouattara \u00e0 la pr\u00e9sidence de la R\u00e9publique - C\u00f4te d&#039;Ivoire","robots":{"index":"index","follow":"follow","max-snippet":"max-snippet:-1","max-image-preview":"max-image-preview:large","max-video-preview":"max-video-preview:-1"},"canonical":"https:\/\/www.africa-press.net\/cotedivoire\/politique\/le-mouvement-2025-ewan-ado-investi-pour-impulser-la-reelection-dalassane-ouattara-a-la-presidence-de-la-republique","og_locale":"fr_FR","og_type":"article","og_title":"Le mouvement \u2018\u20192025-Ewan-ADO\u2019\u2019 investi pour impulser la r\u00e9\u00e9lection d\u2019Alassane Ouattara \u00e0 la pr\u00e9sidence de la R\u00e9publique","og_description":"Africa-Press &#8211; C\u00f4te d&rsquo;Ivoire. Le ministre d\u2019E\u0301tat, Kobenan Kouassi Adjoumani, a proce\u0301de\u0301 le samedi 1er fe\u0301vrier 2025 a\u0300 Yamoussoukro, a\u0300 l\u2019investiture officielle de la coordination nationale de \u2018\u20192025-Ewan-ADO\u2019\u2019, un mouvement cre\u0301e\u0301 pour soutenir la candidature et participer activement a\u0300 la re\u0301e\u0301lection d\u2019Alassane Ouattara a\u0300 la pre\u0301sidence de la Re\u0301publique. Le mouvement, pre\u0301side\u0301 par Louis Habonouan, [&hellip;]","og_url":"https:\/\/www.africa-press.net\/cotedivoire\/politique\/le-mouvement-2025-ewan-ado-investi-pour-impulser-la-reelection-dalassane-ouattara-a-la-presidence-de-la-republique","og_site_name":"C\u00f4te d&#039;Ivoire","article_published_time":"2025-02-02T15:51:26+00:00","author":"cfeditorfr","twitter_card":"summary_large_image","twitter_misc":{"\u00c9crit par":"cfeditorfr","Dur\u00e9e de lecture estim\u00e9e":"2 minutes"},"schema":{"@context":"https:\/\/schema.org","@graph":[{"@type":"Article","@id":"https:\/\/www.africa-press.net\/cotedivoire\/politique\/le-mouvement-2025-ewan-ado-investi-pour-impulser-la-reelection-dalassane-ouattara-a-la-presidence-de-la-republique#article","isPartOf":{"@id":"https:\/\/www.africa-press.net\/cotedivoire\/politique\/le-mouvement-2025-ewan-ado-investi-pour-impulser-la-reelection-dalassane-ouattara-a-la-presidence-de-la-republique"},"author":{"name":"cfeditorfr","@id":"https:\/\/www.africa-press.net\/cotedivoire\/#\/schema\/person\/2b1cf3cd81a31e3cd26889ca66d677f1"},"headline":"Le mouvement \u2018\u20192025-Ewan-ADO\u2019\u2019 investi pour impulser la r\u00e9\u00e9lection d\u2019Alassane Ouattara \u00e0 la pr\u00e9sidence de la R\u00e9publique","datePublished":"2025-02-02T15:51:26+00:00","mainEntityOfPage":{"@id":"https:\/\/www.africa-press.net\/cotedivoire\/politique\/le-mouvement-2025-ewan-ado-investi-pour-impulser-la-reelection-dalassane-ouattara-a-la-presidence-de-la-republique"},"wordCount":350,"commentCount":0,"image":{"@id":"https:\/\/www.africa-press.net\/cotedivoire\/politique\/le-mouvement-2025-ewan-ado-investi-pour-impulser-la-reelection-dalassane-ouattara-a-la-presidence-de-la-republique#primaryimage"},"thumbnailUrl":"https:\/\/static.africa-press.net\/cote\/sites\/43\/2025\/02\/sm_1738499093.861609.jpg","keywords":["C\u00f4te d'Ivoire"],"articleSection":["Politique","Toutes les actualit\u00e9s"],"inLanguage":"fr-FR","potentialAction":[{"@type":"CommentAction","name":"Comment","target":["https:\/\/www.africa-press.net\/cotedivoire\/politique\/le-mouvement-2025-ewan-ado-investi-pour-impulser-la-reelection-dalassane-ouattara-a-la-presidence-de-la-republique#respond"]}]},{"@type":"WebPage","@id":"https:\/\/www.africa-press.net\/cotedivoire\/politique\/le-mouvement-2025-ewan-ado-investi-pour-impulser-la-reelection-dalassane-ouattara-a-la-presidence-de-la-republique","url":"https:\/\/www.africa-press.net\/cotedivoire\/politique\/le-mouvement-2025-ewan-ado-investi-pour-impulser-la-reelection-dalassane-ouattara-a-la-presidence-de-la-republique","name":"Le mouvement \u2018\u20192025-Ewan-ADO\u2019\u2019 investi pour impulser la r\u00e9\u00e9lection d\u2019Alassane Ouattara \u00e0 la pr\u00e9sidence de la R\u00e9publique - C\u00f4te d&#039;Ivoire","isPartOf":{"@id":"https:\/\/www.africa-press.net\/cotedivoire\/#website"},"primaryImageOfPage":{"@id":"https:\/\/www.africa-press.net\/cotedivoire\/politique\/le-mouvement-2025-ewan-ado-investi-pour-impulser-la-reelection-dalassane-ouattara-a-la-presidence-de-la-republique#primaryimage"},"image":{"@id":"https:\/\/www.africa-press.net\/cotedivoire\/politique\/le-mouvement-2025-ewan-ado-investi-pour-impulser-la-reelection-dalassane-ouattara-a-la-presidence-de-la-republique#primaryimage"},"thumbnailUrl":"https:\/\/static.africa-press.net\/cote\/sites\/43\/2025\/02\/sm_1738499093.861609.jpg","datePublished":"2025-02-02T15:51:26+00:00","author":{"@id":"https:\/\/www.africa-press.net\/cotedivoire\/#\/schema\/person\/2b1cf3cd81a31e3cd26889ca66d677f1"},"breadcrumb":{"@id":"https:\/\/www.africa-press.net\/cotedivoire\/politique\/le-mouvement-2025-ewan-ado-investi-pour-impulser-la-reelection-dalassane-ouattara-a-la-presidence-de-la-republique#breadcrumb"},"inLanguage":"fr-FR","potentialAction":[{"@type":"ReadAction","target":["https:\/\/www.africa-press.net\/cotedivoire\/politique\/le-mouvement-2025-ewan-ado-investi-pour-impulser-la-reelection-dalassane-ouattara-a-la-presidence-de-la-republique"]}]},{"@type":"ImageObject","inLanguage":"fr-FR","@id":"https:\/\/www.africa-press.net\/cotedivoire\/politique\/le-mouvement-2025-ewan-ado-investi-pour-impulser-la-reelection-dalassane-ouattara-a-la-presidence-de-la-republique#primaryimage","url":"https:\/\/static.africa-press.net\/cote\/sites\/43\/2025\/02\/sm_1738499093.861609.jpg","contentUrl":"https:\/\/static.africa-press.net\/cote\/sites\/43\/2025\/02\/sm_1738499093.861609.jpg","width":768,"height":576,"caption":"Le mouvement \u2018\u20192025-Ewan-ADO\u2019\u2019 investi pour impulser la r\u00e9\u00e9lection d\u2019Alassane Ouattara \u00e0 la pr\u00e9sidence de la R\u00e9publique"},{"@type":"BreadcrumbList","@id":"https:\/\/www.africa-press.net\/cotedivoire\/politique\/le-mouvement-2025-ewan-ado-investi-pour-impulser-la-reelection-dalassane-ouattara-a-la-presidence-de-la-republique#breadcrumb","itemListElement":[{"@type":"ListItem","position":1,"name":"Accueil","item":"https:\/\/www.africa-press.net\/cotedivoire\/"},{"@type":"ListItem","position":2,"name":"Le mouvement \u2018\u20192025-Ewan-ADO\u2019\u2019 investi pour impulser la r\u00e9\u00e9lection d\u2019Alassane Ouattara \u00e0 la pr\u00e9sidence de la R\u00e9publique"}]},{"@type":"WebSite","@id":"https:\/\/www.africa-press.net\/cotedivoire\/#website","url":"https:\/\/www.africa-press.net\/cotedivoire\/","name":"C\u00f4te d&#039;Ivoire","description":"Just another Africa News Agency Sites site","potentialAction":[{"@type":"SearchAction","target":{"@type":"EntryPoint","urlTemplate":"https:\/\/www.africa-press.net\/cotedivoire\/?s={search_term_string}"},"query-input":{"@type":"PropertyValueSpecification","valueRequired":true,"valueName":"search_term_string"}}],"inLanguage":"fr-FR"},{"@type":"Person","@id":"https:\/\/www.africa-press.net\/cotedivoire\/#\/schema\/person\/2b1cf3cd81a31e3cd26889ca66d677f1","name":"cfeditorfr"}]}},"_links":{"self":[{"href":"https:\/\/www.africa-press.net\/cotedivoire\/wp-json\/wp\/v2\/posts\/94580","targetHints":{"allow":["GET"]}}],"collection":[{"href":"https:\/\/www.africa-press.net\/cotedivoire\/wp-json\/wp\/v2\/posts"}],"about":[{"href":"https:\/\/www.africa-press.net\/cotedivoire\/wp-json\/wp\/v2\/types\/post"}],"author":[{"embeddable":true,"href":"https:\/\/www.africa-press.net\/cotedivoire\/wp-json\/wp\/v2\/users\/82"}],"replies":[{"embeddable":true,"href":"https:\/\/www.africa-press.net\/cotedivoire\/wp-json\/wp\/v2\/comments?post=94580"}],"version-history":[{"count":0,"href":"https:\/\/www.africa-press.net\/cotedivoire\/wp-json\/wp\/v2\/posts\/94580\/revisions"}],"wp:featuredmedia":[{"embeddable":true,"href":"https:\/\/www.africa-press.net\/cotedivoire\/wp-json\/wp\/v2\/media\/94579"}],"wp:attachment":[{"href":"https:\/\/www.africa-press.net\/cotedivoire\/wp-json\/wp\/v2\/media?parent=94580"}],"wp:term":[{"taxonomy":"category","embeddable":true,"href":"https:\/\/www.africa-press.net\/cotedivoire\/wp-json\/wp\/v2\/categories?post=94580"},{"taxonomy":"post_tag","embeddable":true,"href":"https:\/\/www.africa-press.net\/cotedivoire\/wp-json\/wp\/v2\/tags?post=94580"}],"curies":[{"name":"wp","href":"https:\/\/api.w.org\/{rel}","templated":true}]}}