{"id":94584,"date":"2025-02-02T15:52:03","date_gmt":"2025-02-02T15:52:03","guid":{"rendered":"https:\/\/www.africa-press.net\/cotedivoire\/politique\/initiative-mission-300-une-opportunite-historique-pour-reduire-la-fracture-energetique-en-afrique-feature"},"modified":"2025-02-02T15:52:03","modified_gmt":"2025-02-02T15:52:03","slug":"initiative-mission-300-une-opportunite-historique-pour-reduire-la-fracture-energetique-en-afrique-feature","status":"publish","type":"post","link":"https:\/\/www.africa-press.net\/cotedivoire\/economie\/initiative-mission-300-une-opportunite-historique-pour-reduire-la-fracture-energetique-en-afrique-feature","title":{"rendered":"Initiative Mission 300 : Une opportunit\u00e9 historique pour r\u00e9duire la fracture \u00e9nerg\u00e9tique en Afrique (Feature)"},"content":{"rendered":"<p><span style=\"color: #ff6600\"><strong>Africa-Press &#8211; C\u00f4te d&rsquo;Ivoire. <\/strong><\/span>Le continent africain s\u2019offre une opportunite\u0301 historique a\u0300 travers l\u2019initiative Mission 300 pour re\u0301duire la fracture e\u0301nerge\u0301tique a\u0300 laquelle sa population fait face d\u2019ici cinq ans.<\/p>\n<p>Re\u0301unis a\u0300 Dar-es-Salam, en Tanzanie, fin janvier 2025, une trentaine de chefs d\u2019E\u0301tat et de gouvernement se sont engage\u0301s a\u0300 mettre en \u0153uvre des re\u0301formes et des mesures concre\u0300tes afin d\u2019e\u0301largir l\u2019acce\u0300s a\u0300 une e\u0301lectricite\u0301 fiable, abordable et durable pour alimenter la croissance e\u0301conomique, ame\u0301liorer la qualite\u0301 de vie et stimuler la cre\u0301ation d\u2019emplois sur le continent d\u2019ici a\u0300 2030.<\/p>\n<p>Lors du sommet africain de l\u2019e\u0301nergie Mission 300, les dirigeants du continent ont approuve\u0301 la De\u0301claration sur l\u2019e\u0301nergie de Dar-es-Salam, visant a\u0300 e\u0301largir l\u2019acce\u0300s a\u0300 une e\u0301lectricite\u0301 fiable, abordable et durable pour alimenter la croissance e\u0301conomique, ame\u0301liorer la qualite\u0301 de vie et stimuler la cre\u0301ation d\u2019emplois en Afrique.<\/p>\n<p>Pour ce faire, ils ambitionnent de mettre en place des re\u0301formes pour rendre le secteur de l\u2019e\u0301nergie plus performant et attrayant pour les investisseurs prive\u0301s. Les chefs d\u2019E\u0301tat et de gouvernement participants au sommet ont pris l\u2019engagement de mobiliser des financements a\u0300 travers des donateurs et des banques multilate\u0301rales de de\u0301veloppement pour l\u2019e\u0301lectrification sur le re\u0301seau et hors re\u0301seau. Ils ont aussi de\u0301cide\u0301 de solliciter des organisations philanthropiques en vue de contribuer a\u0300 atte\u0301nuer les risques lie\u0301s aux projets et a\u0300 mettre en place les capacite\u0301s ne\u0301cessaires a\u0300 leur re\u0301ussite a\u0300 long terme.<\/p>\n<p>L\u2019objectif principal e\u0301tant de raccorder quelque 300 millions de personnes en Afrique a\u0300 l\u2019e\u0301lectricite\u0301 d\u2019ici 2030, les pays participants ont pre\u0301sente\u0301 des pactes e\u0301nerge\u0301tiques nationaux de\u0301taille\u0301s, fixant des cibles pour renforcer l\u2019acce\u0300s a\u0300 l\u2019e\u0301lectricite\u0301, accroi\u0302tre la part des e\u0301nergies renouvelables et attirer des capitaux prive\u0301s supple\u0301mentaires.<\/p>\n<p>Un soutien financier de\u0301passant les 50 milliards de dollars a e\u0301te\u0301 promis par les partenaires de l\u2019initiative pour augmenter l\u2019acce\u0300s a\u0300 l\u2019e\u0301nergie dans toute l\u2019Afrique et transformer le paysage e\u0301nerge\u0301tique du continent africain.<\/p>\n<p>Lance\u0301e lors des re\u0301unions de printemps de la Banque mondiale et du Fonds mone\u0301taire international en 2024, l\u2019initiative Mission 300 be\u0301ne\u0301ficie du soutien de plusieurs organisations internationales, dont le Groupe des sept (G7) et le G20.<\/p>\n<p><strong>Pour plus d&rsquo;informations et d&rsquo;analyses sur la <span style=\"color: #ff6600\">C\u00f4te d&rsquo;Ivoire<\/span>, suivez <span style=\"color: #ff6600\">Africa-Press<span style=\"color: #ff6600\"><\/span><\/strong><\/p>\n","protected":false},"excerpt":{"rendered":"<p>Africa-Press &#8211; C\u00f4te d&rsquo;Ivoire. Le continent africain s\u2019offre une opportunite\u0301 historique a\u0300 travers l\u2019initiative Mission 300 pour re\u0301duire la fracture e\u0301nerge\u0301tique a\u0300 laquelle sa population fait face d\u2019ici cinq ans. Re\u0301unis a\u0300 Dar-es-Salam, en Tanzanie, fin janvier 2025, une trentaine de chefs d\u2019E\u0301tat et de gouvernement se sont engage\u0301s a\u0300 mettre en \u0153uvre des re\u0301formes [&hellip;]<\/p>\n","protected":false},"author":82,"featured_media":94583,"comment_status":"open","ping_status":"closed","sticky":false,"template":"","format":"standard","meta":{"footnotes":""},"categories":[3,20,10],"tags":[37],"class_list":["post-94584","post","type-post","status-publish","format-standard","has-post-thumbnail","hentry","category-economie","category-top-nouvelles","category-toutes-les-actualites","tag-cote-divoire-2"],"yoast_head":"<!-- This site is optimized with the Yoast SEO Premium plugin v26.1 (Yoast SEO v27.0) - https:\/\/yoast.com\/product\/yoast-seo-premium-wordpress\/ -->\n<title>Initiative Mission 300 : Une opportunit\u00e9 historique pour r\u00e9duire la fracture \u00e9nerg\u00e9tique en Afrique (Feature) - C\u00f4te d&#039;Ivoire<\/title>\n<meta name=\"robots\" content=\"index, follow, max-snippet:-1, max-image-preview:large, max-video-preview:-1\" \/>\n<link rel=\"canonical\" href=\"https:\/\/www.africa-press.net\/cotedivoire\/politique\/initiative-mission-300-une-opportunite-historique-pour-reduire-la-fracture-energetique-en-afrique-feature\" \/>\n<meta property=\"og:locale\" content=\"fr_FR\" \/>\n<meta property=\"og:type\" content=\"article\" \/>\n<meta property=\"og:title\" content=\"Initiative Mission 300 : Une opportunit\u00e9 historique pour r\u00e9duire la fracture \u00e9nerg\u00e9tique en Afrique (Feature)\" \/>\n<meta property=\"og:description\" content=\"Africa-Press &#8211; C\u00f4te d&rsquo;Ivoire. Le continent africain s\u2019offre une opportunite\u0301 historique a\u0300 travers l\u2019initiative Mission 300 pour re\u0301duire la fracture e\u0301nerge\u0301tique a\u0300 laquelle sa population fait face d\u2019ici cinq ans. Re\u0301unis a\u0300 Dar-es-Salam, en Tanzanie, fin janvier 2025, une trentaine de chefs d\u2019E\u0301tat et de gouvernement se sont engage\u0301s a\u0300 mettre en \u0153uvre des re\u0301formes [&hellip;]\" \/>\n<meta property=\"og:url\" content=\"https:\/\/www.africa-press.net\/cotedivoire\/politique\/initiative-mission-300-une-opportunite-historique-pour-reduire-la-fracture-energetique-en-afrique-feature\" \/>\n<meta property=\"og:site_name\" content=\"C\u00f4te d&#039;Ivoire\" \/>\n<meta property=\"article:published_time\" content=\"2025-02-02T15:52:03+00:00\" \/>\n<meta name=\"author\" content=\"cfeditorfr\" \/>\n<meta name=\"twitter:card\" content=\"summary_large_image\" \/>\n<meta name=\"twitter:label1\" content=\"\u00c9crit par\" \/>\n\t<meta name=\"twitter:data1\" content=\"cfeditorfr\" \/>\n\t<meta name=\"twitter:label2\" content=\"Dur\u00e9e de lecture estim\u00e9e\" \/>\n\t<meta name=\"twitter:data2\" content=\"2 minutes\" \/>\n<script type=\"application\/ld+json\" class=\"yoast-schema-graph\">{\"@context\":\"https:\/\/schema.org\",\"@graph\":[{\"@type\":\"Article\",\"@id\":\"https:\/\/www.africa-press.net\/cotedivoire\/politique\/initiative-mission-300-une-opportunite-historique-pour-reduire-la-fracture-energetique-en-afrique-feature#article\",\"isPartOf\":{\"@id\":\"https:\/\/www.africa-press.net\/cotedivoire\/politique\/initiative-mission-300-une-opportunite-historique-pour-reduire-la-fracture-energetique-en-afrique-feature\"},\"author\":{\"name\":\"cfeditorfr\",\"@id\":\"https:\/\/www.africa-press.net\/cotedivoire\/#\/schema\/person\/2b1cf3cd81a31e3cd26889ca66d677f1\"},\"headline\":\"Initiative Mission 300 : Une opportunit\u00e9 historique pour r\u00e9duire la fracture \u00e9nerg\u00e9tique en Afrique (Feature)\",\"datePublished\":\"2025-02-02T15:52:03+00:00\",\"mainEntityOfPage\":{\"@id\":\"https:\/\/www.africa-press.net\/cotedivoire\/politique\/initiative-mission-300-une-opportunite-historique-pour-reduire-la-fracture-energetique-en-afrique-feature\"},\"wordCount\":457,\"commentCount\":0,\"image\":{\"@id\":\"https:\/\/www.africa-press.net\/cotedivoire\/politique\/initiative-mission-300-une-opportunite-historique-pour-reduire-la-fracture-energetique-en-afrique-feature#primaryimage\"},\"thumbnailUrl\":\"https:\/\/static.africa-press.net\/cote\/sites\/43\/2025\/02\/sm_1738499116.820864.jpg\",\"keywords\":[\"C\u00f4te d'Ivoire\"],\"articleSection\":[\"\u00c9conomie\",\"Top Nouvelles\",\"Toutes les actualit\u00e9s\"],\"inLanguage\":\"fr-FR\",\"potentialAction\":[{\"@type\":\"CommentAction\",\"name\":\"Comment\",\"target\":[\"https:\/\/www.africa-press.net\/cotedivoire\/politique\/initiative-mission-300-une-opportunite-historique-pour-reduire-la-fracture-energetique-en-afrique-feature#respond\"]}]},{\"@type\":\"WebPage\",\"@id\":\"https:\/\/www.africa-press.net\/cotedivoire\/politique\/initiative-mission-300-une-opportunite-historique-pour-reduire-la-fracture-energetique-en-afrique-feature\",\"url\":\"https:\/\/www.africa-press.net\/cotedivoire\/politique\/initiative-mission-300-une-opportunite-historique-pour-reduire-la-fracture-energetique-en-afrique-feature\",\"name\":\"Initiative Mission 300 : Une opportunit\u00e9 historique pour r\u00e9duire la fracture \u00e9nerg\u00e9tique en Afrique (Feature) - C\u00f4te d&#039;Ivoire\",\"isPartOf\":{\"@id\":\"https:\/\/www.africa-press.net\/cotedivoire\/#website\"},\"primaryImageOfPage\":{\"@id\":\"https:\/\/www.africa-press.net\/cotedivoire\/politique\/initiative-mission-300-une-opportunite-historique-pour-reduire-la-fracture-energetique-en-afrique-feature#primaryimage\"},\"image\":{\"@id\":\"https:\/\/www.africa-press.net\/cotedivoire\/politique\/initiative-mission-300-une-opportunite-historique-pour-reduire-la-fracture-energetique-en-afrique-feature#primaryimage\"},\"thumbnailUrl\":\"https:\/\/static.africa-press.net\/cote\/sites\/43\/2025\/02\/sm_1738499116.820864.jpg\",\"datePublished\":\"2025-02-02T15:52:03+00:00\",\"author\":{\"@id\":\"https:\/\/www.africa-press.net\/cotedivoire\/#\/schema\/person\/2b1cf3cd81a31e3cd26889ca66d677f1\"},\"breadcrumb\":{\"@id\":\"https:\/\/www.africa-press.net\/cotedivoire\/politique\/initiative-mission-300-une-opportunite-historique-pour-reduire-la-fracture-energetique-en-afrique-feature#breadcrumb\"},\"inLanguage\":\"fr-FR\",\"potentialAction\":[{\"@type\":\"ReadAction\",\"target\":[\"https:\/\/www.africa-press.net\/cotedivoire\/politique\/initiative-mission-300-une-opportunite-historique-pour-reduire-la-fracture-energetique-en-afrique-feature\"]}]},{\"@type\":\"ImageObject\",\"inLanguage\":\"fr-FR\",\"@id\":\"https:\/\/www.africa-press.net\/cotedivoire\/politique\/initiative-mission-300-une-opportunite-historique-pour-reduire-la-fracture-energetique-en-afrique-feature#primaryimage\",\"url\":\"https:\/\/static.africa-press.net\/cote\/sites\/43\/2025\/02\/sm_1738499116.820864.jpg\",\"contentUrl\":\"https:\/\/static.africa-press.net\/cote\/sites\/43\/2025\/02\/sm_1738499116.820864.jpg\",\"width\":768,\"height\":511,\"caption\":\"Initiative Mission 300 : Une opportunit\u00e9 historique pour r\u00e9duire la fracture \u00e9nerg\u00e9tique en Afrique (Feature)\"},{\"@type\":\"BreadcrumbList\",\"@id\":\"https:\/\/www.africa-press.net\/cotedivoire\/politique\/initiative-mission-300-une-opportunite-historique-pour-reduire-la-fracture-energetique-en-afrique-feature#breadcrumb\",\"itemListElement\":[{\"@type\":\"ListItem\",\"position\":1,\"name\":\"Accueil\",\"item\":\"https:\/\/www.africa-press.net\/cotedivoire\/\"},{\"@type\":\"ListItem\",\"position\":2,\"name\":\"Initiative Mission 300 : Une opportunit\u00e9 historique pour r\u00e9duire la fracture \u00e9nerg\u00e9tique en Afrique (Feature)\"}]},{\"@type\":\"WebSite\",\"@id\":\"https:\/\/www.africa-press.net\/cotedivoire\/#website\",\"url\":\"https:\/\/www.africa-press.net\/cotedivoire\/\",\"name\":\"C\u00f4te d&#039;Ivoire\",\"description\":\"Just another Africa News Agency Sites site\",\"potentialAction\":[{\"@type\":\"SearchAction\",\"target\":{\"@type\":\"EntryPoint\",\"urlTemplate\":\"https:\/\/www.africa-press.net\/cotedivoire\/?s={search_term_string}\"},\"query-input\":{\"@type\":\"PropertyValueSpecification\",\"valueRequired\":true,\"valueName\":\"search_term_string\"}}],\"inLanguage\":\"fr-FR\"},{\"@type\":\"Person\",\"@id\":\"https:\/\/www.africa-press.net\/cotedivoire\/#\/schema\/person\/2b1cf3cd81a31e3cd26889ca66d677f1\",\"name\":\"cfeditorfr\"}]}<\/script>\n<!-- \/ Yoast SEO Premium plugin. -->","yoast_head_json":{"title":"Initiative Mission 300 : Une opportunit\u00e9 historique pour r\u00e9duire la fracture \u00e9nerg\u00e9tique en Afrique (Feature) - C\u00f4te d&#039;Ivoire","robots":{"index":"index","follow":"follow","max-snippet":"max-snippet:-1","max-image-preview":"max-image-preview:large","max-video-preview":"max-video-preview:-1"},"canonical":"https:\/\/www.africa-press.net\/cotedivoire\/politique\/initiative-mission-300-une-opportunite-historique-pour-reduire-la-fracture-energetique-en-afrique-feature","og_locale":"fr_FR","og_type":"article","og_title":"Initiative Mission 300 : Une opportunit\u00e9 historique pour r\u00e9duire la fracture \u00e9nerg\u00e9tique en Afrique (Feature)","og_description":"Africa-Press &#8211; C\u00f4te d&rsquo;Ivoire. Le continent africain s\u2019offre une opportunite\u0301 historique a\u0300 travers l\u2019initiative Mission 300 pour re\u0301duire la fracture e\u0301nerge\u0301tique a\u0300 laquelle sa population fait face d\u2019ici cinq ans. Re\u0301unis a\u0300 Dar-es-Salam, en Tanzanie, fin janvier 2025, une trentaine de chefs d\u2019E\u0301tat et de gouvernement se sont engage\u0301s a\u0300 mettre en \u0153uvre des re\u0301formes [&hellip;]","og_url":"https:\/\/www.africa-press.net\/cotedivoire\/politique\/initiative-mission-300-une-opportunite-historique-pour-reduire-la-fracture-energetique-en-afrique-feature","og_site_name":"C\u00f4te d&#039;Ivoire","article_published_time":"2025-02-02T15:52:03+00:00","author":"cfeditorfr","twitter_card":"summary_large_image","twitter_misc":{"\u00c9crit par":"cfeditorfr","Dur\u00e9e de lecture estim\u00e9e":"2 minutes"},"schema":{"@context":"https:\/\/schema.org","@graph":[{"@type":"Article","@id":"https:\/\/www.africa-press.net\/cotedivoire\/politique\/initiative-mission-300-une-opportunite-historique-pour-reduire-la-fracture-energetique-en-afrique-feature#article","isPartOf":{"@id":"https:\/\/www.africa-press.net\/cotedivoire\/politique\/initiative-mission-300-une-opportunite-historique-pour-reduire-la-fracture-energetique-en-afrique-feature"},"author":{"name":"cfeditorfr","@id":"https:\/\/www.africa-press.net\/cotedivoire\/#\/schema\/person\/2b1cf3cd81a31e3cd26889ca66d677f1"},"headline":"Initiative Mission 300 : Une opportunit\u00e9 historique pour r\u00e9duire la fracture \u00e9nerg\u00e9tique en Afrique (Feature)","datePublished":"2025-02-02T15:52:03+00:00","mainEntityOfPage":{"@id":"https:\/\/www.africa-press.net\/cotedivoire\/politique\/initiative-mission-300-une-opportunite-historique-pour-reduire-la-fracture-energetique-en-afrique-feature"},"wordCount":457,"commentCount":0,"image":{"@id":"https:\/\/www.africa-press.net\/cotedivoire\/politique\/initiative-mission-300-une-opportunite-historique-pour-reduire-la-fracture-energetique-en-afrique-feature#primaryimage"},"thumbnailUrl":"https:\/\/static.africa-press.net\/cote\/sites\/43\/2025\/02\/sm_1738499116.820864.jpg","keywords":["C\u00f4te d'Ivoire"],"articleSection":["\u00c9conomie","Top Nouvelles","Toutes les actualit\u00e9s"],"inLanguage":"fr-FR","potentialAction":[{"@type":"CommentAction","name":"Comment","target":["https:\/\/www.africa-press.net\/cotedivoire\/politique\/initiative-mission-300-une-opportunite-historique-pour-reduire-la-fracture-energetique-en-afrique-feature#respond"]}]},{"@type":"WebPage","@id":"https:\/\/www.africa-press.net\/cotedivoire\/politique\/initiative-mission-300-une-opportunite-historique-pour-reduire-la-fracture-energetique-en-afrique-feature","url":"https:\/\/www.africa-press.net\/cotedivoire\/politique\/initiative-mission-300-une-opportunite-historique-pour-reduire-la-fracture-energetique-en-afrique-feature","name":"Initiative Mission 300 : Une opportunit\u00e9 historique pour r\u00e9duire la fracture \u00e9nerg\u00e9tique en Afrique (Feature) - C\u00f4te d&#039;Ivoire","isPartOf":{"@id":"https:\/\/www.africa-press.net\/cotedivoire\/#website"},"primaryImageOfPage":{"@id":"https:\/\/www.africa-press.net\/cotedivoire\/politique\/initiative-mission-300-une-opportunite-historique-pour-reduire-la-fracture-energetique-en-afrique-feature#primaryimage"},"image":{"@id":"https:\/\/www.africa-press.net\/cotedivoire\/politique\/initiative-mission-300-une-opportunite-historique-pour-reduire-la-fracture-energetique-en-afrique-feature#primaryimage"},"thumbnailUrl":"https:\/\/static.africa-press.net\/cote\/sites\/43\/2025\/02\/sm_1738499116.820864.jpg","datePublished":"2025-02-02T15:52:03+00:00","author":{"@id":"https:\/\/www.africa-press.net\/cotedivoire\/#\/schema\/person\/2b1cf3cd81a31e3cd26889ca66d677f1"},"breadcrumb":{"@id":"https:\/\/www.africa-press.net\/cotedivoire\/politique\/initiative-mission-300-une-opportunite-historique-pour-reduire-la-fracture-energetique-en-afrique-feature#breadcrumb"},"inLanguage":"fr-FR","potentialAction":[{"@type":"ReadAction","target":["https:\/\/www.africa-press.net\/cotedivoire\/politique\/initiative-mission-300-une-opportunite-historique-pour-reduire-la-fracture-energetique-en-afrique-feature"]}]},{"@type":"ImageObject","inLanguage":"fr-FR","@id":"https:\/\/www.africa-press.net\/cotedivoire\/politique\/initiative-mission-300-une-opportunite-historique-pour-reduire-la-fracture-energetique-en-afrique-feature#primaryimage","url":"https:\/\/static.africa-press.net\/cote\/sites\/43\/2025\/02\/sm_1738499116.820864.jpg","contentUrl":"https:\/\/static.africa-press.net\/cote\/sites\/43\/2025\/02\/sm_1738499116.820864.jpg","width":768,"height":511,"caption":"Initiative Mission 300 : Une opportunit\u00e9 historique pour r\u00e9duire la fracture \u00e9nerg\u00e9tique en Afrique (Feature)"},{"@type":"BreadcrumbList","@id":"https:\/\/www.africa-press.net\/cotedivoire\/politique\/initiative-mission-300-une-opportunite-historique-pour-reduire-la-fracture-energetique-en-afrique-feature#breadcrumb","itemListElement":[{"@type":"ListItem","position":1,"name":"Accueil","item":"https:\/\/www.africa-press.net\/cotedivoire\/"},{"@type":"ListItem","position":2,"name":"Initiative Mission 300 : Une opportunit\u00e9 historique pour r\u00e9duire la fracture \u00e9nerg\u00e9tique en Afrique (Feature)"}]},{"@type":"WebSite","@id":"https:\/\/www.africa-press.net\/cotedivoire\/#website","url":"https:\/\/www.africa-press.net\/cotedivoire\/","name":"C\u00f4te d&#039;Ivoire","description":"Just another Africa News Agency Sites site","potentialAction":[{"@type":"SearchAction","target":{"@type":"EntryPoint","urlTemplate":"https:\/\/www.africa-press.net\/cotedivoire\/?s={search_term_string}"},"query-input":{"@type":"PropertyValueSpecification","valueRequired":true,"valueName":"search_term_string"}}],"inLanguage":"fr-FR"},{"@type":"Person","@id":"https:\/\/www.africa-press.net\/cotedivoire\/#\/schema\/person\/2b1cf3cd81a31e3cd26889ca66d677f1","name":"cfeditorfr"}]}},"_links":{"self":[{"href":"https:\/\/www.africa-press.net\/cotedivoire\/wp-json\/wp\/v2\/posts\/94584","targetHints":{"allow":["GET"]}}],"collection":[{"href":"https:\/\/www.africa-press.net\/cotedivoire\/wp-json\/wp\/v2\/posts"}],"about":[{"href":"https:\/\/www.africa-press.net\/cotedivoire\/wp-json\/wp\/v2\/types\/post"}],"author":[{"embeddable":true,"href":"https:\/\/www.africa-press.net\/cotedivoire\/wp-json\/wp\/v2\/users\/82"}],"replies":[{"embeddable":true,"href":"https:\/\/www.africa-press.net\/cotedivoire\/wp-json\/wp\/v2\/comments?post=94584"}],"version-history":[{"count":0,"href":"https:\/\/www.africa-press.net\/cotedivoire\/wp-json\/wp\/v2\/posts\/94584\/revisions"}],"wp:featuredmedia":[{"embeddable":true,"href":"https:\/\/www.africa-press.net\/cotedivoire\/wp-json\/wp\/v2\/media\/94583"}],"wp:attachment":[{"href":"https:\/\/www.africa-press.net\/cotedivoire\/wp-json\/wp\/v2\/media?parent=94584"}],"wp:term":[{"taxonomy":"category","embeddable":true,"href":"https:\/\/www.africa-press.net\/cotedivoire\/wp-json\/wp\/v2\/categories?post=94584"},{"taxonomy":"post_tag","embeddable":true,"href":"https:\/\/www.africa-press.net\/cotedivoire\/wp-json\/wp\/v2\/tags?post=94584"}],"curies":[{"name":"wp","href":"https:\/\/api.w.org\/{rel}","templated":true}]}}