{"id":94586,"date":"2025-02-02T15:56:28","date_gmt":"2025-02-02T15:56:28","guid":{"rendered":"https:\/\/www.africa-press.net\/cotedivoire\/politique\/des-progres-significatifs-en-matiere-de-developpement-humain"},"modified":"2025-02-02T15:56:28","modified_gmt":"2025-02-02T15:56:28","slug":"des-progres-significatifs-en-matiere-de-developpement-humain","status":"publish","type":"post","link":"https:\/\/www.africa-press.net\/cotedivoire\/politique\/des-progres-significatifs-en-matiere-de-developpement-humain","title":{"rendered":"Des progr\u00e8s significatifs en mati\u00e8re de d\u00e9veloppement humain"},"content":{"rendered":"<p><span style=\"color: #ff6600\"><strong>Africa-Press &#8211; C\u00f4te d&rsquo;Ivoire. <\/strong><\/span><b>La Co\u0302te d&rsquo;Ivoire poursuit sa trajectoire de de\u0301veloppement<\/b><\/p>\n<p>La Co\u0302te d&rsquo;Ivoire continue de progresser en matie\u0300re de de\u0301veloppement humain. C&rsquo;est ce qu&rsquo;a annonce\u0301 la ministre de l&rsquo;E\u0301conomie, du Plan et du De\u0301veloppement, Niale\u0301 Kaba, lors d&rsquo;une confe\u0301rence de presse. Selon les derniers chiffres, l&rsquo;Indice de De\u0301veloppement Humain (IDH) du pays a connu une hausse significative, passant de 0,468 en 2011 a\u0300 0,550 en 2021.<\/p>\n<p><b>Un bond en avant<\/b><\/p>\n<p>Cette progression place la Co\u0302te d&rsquo;Ivoire dans la cate\u0301gorie des pays a\u0300 indice de de\u0301veloppement humain moyen, une avance\u0301e majeure qui te\u0301moigne des efforts de\u0301ploye\u0301s par le gouvernement pour ame\u0301liorer les conditions de vie des populations.<\/p>\n<p><b>Des progre\u0300s dans tous les domaines<\/b><\/p>\n<p>Cette ame\u0301lioration de l&rsquo;IDH s&rsquo;explique par des progre\u0300s dans les trois dimensions qui composent cet indice: la sante\u0301, l&rsquo;e\u0301ducation et le niveau de vie. L&rsquo;espe\u0301rance de vie a\u0300 la naissance a augmente\u0301, le taux de scolarisation s&rsquo;est ame\u0301liore\u0301 et le revenu par habitant a progresse\u0301.<\/p>\n<p><b>Une pole\u0301mique sur les dernie\u0300res donne\u0301es<\/b><\/p>\n<p>Cependant, la ministre a souligne\u0301 une pole\u0301mique autour des derniers chiffres de l&rsquo;IDH, qui semblent indiquer une le\u0301ge\u0300re baisse en 2023-2024. Niale\u0301 Kaba a explique\u0301 que cette baisse e\u0301tait due a\u0300 une erreur dans le calcul des indicateurs lie\u0301s a\u0300 l&rsquo;e\u0301ducation. Elle a assure\u0301 que les donne\u0301es re\u0301actualise\u0301es, qui seront disponibles en avril prochain, montreront une ame\u0301lioration continue de l&rsquo;IDH.<\/p>\n<p><b>Les de\u0301fis a\u0300 relever<\/b><\/p>\n<p>Malgre\u0301 ces progre\u0300s encourageants, de nombreux de\u0301fis restent a\u0300 relever. La Co\u0302te d&rsquo;Ivoire doit poursuivre ses efforts pour re\u0301duire les ine\u0301galite\u0301s, ame\u0301liorer l&rsquo;acce\u0300s aux services de base pour tous et renforcer son syste\u0300me e\u0301ducatif.<\/p>\n<p><b>Conclusion<\/b><\/p>\n<p>L&rsquo;ame\u0301lioration de l&rsquo;indice de de\u0301veloppement humain de la Co\u0302te d&rsquo;Ivoire est une excellente nouvelle qui te\u0301moigne de la dynamique e\u0301conomique et sociale du pays. Cependant, il reste encore du chemin a\u0300 parcourir pour atteindre les objectifs du de\u0301veloppement durable.<\/p>\n<p><strong>Pour plus d&rsquo;informations et d&rsquo;analyses sur la <span style=\"color: #ff6600\">C\u00f4te d&rsquo;Ivoire<\/span>, suivez <span style=\"color: #ff6600\">Africa-Press<span style=\"color: #ff6600\"><\/span><\/strong><\/p>\n","protected":false},"excerpt":{"rendered":"<p>Africa-Press &#8211; C\u00f4te d&rsquo;Ivoire. La Co\u0302te d&rsquo;Ivoire poursuit sa trajectoire de de\u0301veloppement La Co\u0302te d&rsquo;Ivoire continue de progresser en matie\u0300re de de\u0301veloppement humain. C&rsquo;est ce qu&rsquo;a annonce\u0301 la ministre de l&rsquo;E\u0301conomie, du Plan et du De\u0301veloppement, Niale\u0301 Kaba, lors d&rsquo;une confe\u0301rence de presse. Selon les derniers chiffres, l&rsquo;Indice de De\u0301veloppement Humain (IDH) du pays a [&hellip;]<\/p>\n","protected":false},"author":82,"featured_media":94585,"comment_status":"open","ping_status":"closed","sticky":false,"template":"","format":"standard","meta":{"footnotes":""},"categories":[2,10],"tags":[37],"class_list":["post-94586","post","type-post","status-publish","format-standard","has-post-thumbnail","hentry","category-politique","category-toutes-les-actualites","tag-cote-divoire-2"],"yoast_head":"<!-- This site is optimized with the Yoast SEO Premium plugin v26.1 (Yoast SEO v27.0) - https:\/\/yoast.com\/product\/yoast-seo-premium-wordpress\/ -->\n<title>Des progr\u00e8s significatifs en mati\u00e8re de d\u00e9veloppement humain - C\u00f4te d&#039;Ivoire<\/title>\n<meta name=\"robots\" content=\"index, follow, max-snippet:-1, max-image-preview:large, max-video-preview:-1\" \/>\n<link rel=\"canonical\" href=\"https:\/\/www.africa-press.net\/cotedivoire\/politique\/des-progres-significatifs-en-matiere-de-developpement-humain\" \/>\n<meta property=\"og:locale\" content=\"fr_FR\" \/>\n<meta property=\"og:type\" content=\"article\" \/>\n<meta property=\"og:title\" content=\"Des progr\u00e8s significatifs en mati\u00e8re de d\u00e9veloppement humain\" \/>\n<meta property=\"og:description\" content=\"Africa-Press &#8211; C\u00f4te d&rsquo;Ivoire. La Co\u0302te d&rsquo;Ivoire poursuit sa trajectoire de de\u0301veloppement La Co\u0302te d&rsquo;Ivoire continue de progresser en matie\u0300re de de\u0301veloppement humain. C&rsquo;est ce qu&rsquo;a annonce\u0301 la ministre de l&rsquo;E\u0301conomie, du Plan et du De\u0301veloppement, Niale\u0301 Kaba, lors d&rsquo;une confe\u0301rence de presse. Selon les derniers chiffres, l&rsquo;Indice de De\u0301veloppement Humain (IDH) du pays a [&hellip;]\" \/>\n<meta property=\"og:url\" content=\"https:\/\/www.africa-press.net\/cotedivoire\/politique\/des-progres-significatifs-en-matiere-de-developpement-humain\" \/>\n<meta property=\"og:site_name\" content=\"C\u00f4te d&#039;Ivoire\" \/>\n<meta property=\"article:published_time\" content=\"2025-02-02T15:56:28+00:00\" \/>\n<meta name=\"author\" content=\"cfeditorfr\" \/>\n<meta name=\"twitter:card\" content=\"summary_large_image\" \/>\n<meta name=\"twitter:label1\" content=\"\u00c9crit par\" \/>\n\t<meta name=\"twitter:data1\" content=\"cfeditorfr\" \/>\n\t<meta name=\"twitter:label2\" content=\"Dur\u00e9e de lecture estim\u00e9e\" \/>\n\t<meta name=\"twitter:data2\" content=\"2 minutes\" \/>\n<script type=\"application\/ld+json\" class=\"yoast-schema-graph\">{\"@context\":\"https:\/\/schema.org\",\"@graph\":[{\"@type\":\"Article\",\"@id\":\"https:\/\/www.africa-press.net\/cotedivoire\/politique\/des-progres-significatifs-en-matiere-de-developpement-humain#article\",\"isPartOf\":{\"@id\":\"https:\/\/www.africa-press.net\/cotedivoire\/politique\/des-progres-significatifs-en-matiere-de-developpement-humain\"},\"author\":{\"name\":\"cfeditorfr\",\"@id\":\"https:\/\/www.africa-press.net\/cotedivoire\/#\/schema\/person\/2b1cf3cd81a31e3cd26889ca66d677f1\"},\"headline\":\"Des progr\u00e8s significatifs en mati\u00e8re de d\u00e9veloppement humain\",\"datePublished\":\"2025-02-02T15:56:28+00:00\",\"mainEntityOfPage\":{\"@id\":\"https:\/\/www.africa-press.net\/cotedivoire\/politique\/des-progres-significatifs-en-matiere-de-developpement-humain\"},\"wordCount\":401,\"commentCount\":0,\"image\":{\"@id\":\"https:\/\/www.africa-press.net\/cotedivoire\/politique\/des-progres-significatifs-en-matiere-de-developpement-humain#primaryimage\"},\"thumbnailUrl\":\"https:\/\/static.africa-press.net\/cote\/sites\/43\/2025\/02\/sm_1738499634.720489.jpg\",\"keywords\":[\"C\u00f4te d'Ivoire\"],\"articleSection\":[\"Politique\",\"Toutes les actualit\u00e9s\"],\"inLanguage\":\"fr-FR\",\"potentialAction\":[{\"@type\":\"CommentAction\",\"name\":\"Comment\",\"target\":[\"https:\/\/www.africa-press.net\/cotedivoire\/politique\/des-progres-significatifs-en-matiere-de-developpement-humain#respond\"]}]},{\"@type\":\"WebPage\",\"@id\":\"https:\/\/www.africa-press.net\/cotedivoire\/politique\/des-progres-significatifs-en-matiere-de-developpement-humain\",\"url\":\"https:\/\/www.africa-press.net\/cotedivoire\/politique\/des-progres-significatifs-en-matiere-de-developpement-humain\",\"name\":\"Des progr\u00e8s significatifs en mati\u00e8re de d\u00e9veloppement humain - C\u00f4te d&#039;Ivoire\",\"isPartOf\":{\"@id\":\"https:\/\/www.africa-press.net\/cotedivoire\/#website\"},\"primaryImageOfPage\":{\"@id\":\"https:\/\/www.africa-press.net\/cotedivoire\/politique\/des-progres-significatifs-en-matiere-de-developpement-humain#primaryimage\"},\"image\":{\"@id\":\"https:\/\/www.africa-press.net\/cotedivoire\/politique\/des-progres-significatifs-en-matiere-de-developpement-humain#primaryimage\"},\"thumbnailUrl\":\"https:\/\/static.africa-press.net\/cote\/sites\/43\/2025\/02\/sm_1738499634.720489.jpg\",\"datePublished\":\"2025-02-02T15:56:28+00:00\",\"author\":{\"@id\":\"https:\/\/www.africa-press.net\/cotedivoire\/#\/schema\/person\/2b1cf3cd81a31e3cd26889ca66d677f1\"},\"breadcrumb\":{\"@id\":\"https:\/\/www.africa-press.net\/cotedivoire\/politique\/des-progres-significatifs-en-matiere-de-developpement-humain#breadcrumb\"},\"inLanguage\":\"fr-FR\",\"potentialAction\":[{\"@type\":\"ReadAction\",\"target\":[\"https:\/\/www.africa-press.net\/cotedivoire\/politique\/des-progres-significatifs-en-matiere-de-developpement-humain\"]}]},{\"@type\":\"ImageObject\",\"inLanguage\":\"fr-FR\",\"@id\":\"https:\/\/www.africa-press.net\/cotedivoire\/politique\/des-progres-significatifs-en-matiere-de-developpement-humain#primaryimage\",\"url\":\"https:\/\/static.africa-press.net\/cote\/sites\/43\/2025\/02\/sm_1738499634.720489.jpg\",\"contentUrl\":\"https:\/\/static.africa-press.net\/cote\/sites\/43\/2025\/02\/sm_1738499634.720489.jpg\",\"width\":720,\"height\":480,\"caption\":\"Des progr\u00e8s significatifs en mati\u00e8re de d\u00e9veloppement humain\"},{\"@type\":\"BreadcrumbList\",\"@id\":\"https:\/\/www.africa-press.net\/cotedivoire\/politique\/des-progres-significatifs-en-matiere-de-developpement-humain#breadcrumb\",\"itemListElement\":[{\"@type\":\"ListItem\",\"position\":1,\"name\":\"Accueil\",\"item\":\"https:\/\/www.africa-press.net\/cotedivoire\/\"},{\"@type\":\"ListItem\",\"position\":2,\"name\":\"Des progr\u00e8s significatifs en mati\u00e8re de d\u00e9veloppement humain\"}]},{\"@type\":\"WebSite\",\"@id\":\"https:\/\/www.africa-press.net\/cotedivoire\/#website\",\"url\":\"https:\/\/www.africa-press.net\/cotedivoire\/\",\"name\":\"C\u00f4te d&#039;Ivoire\",\"description\":\"Just another Africa News Agency Sites site\",\"potentialAction\":[{\"@type\":\"SearchAction\",\"target\":{\"@type\":\"EntryPoint\",\"urlTemplate\":\"https:\/\/www.africa-press.net\/cotedivoire\/?s={search_term_string}\"},\"query-input\":{\"@type\":\"PropertyValueSpecification\",\"valueRequired\":true,\"valueName\":\"search_term_string\"}}],\"inLanguage\":\"fr-FR\"},{\"@type\":\"Person\",\"@id\":\"https:\/\/www.africa-press.net\/cotedivoire\/#\/schema\/person\/2b1cf3cd81a31e3cd26889ca66d677f1\",\"name\":\"cfeditorfr\"}]}<\/script>\n<!-- \/ Yoast SEO Premium plugin. -->","yoast_head_json":{"title":"Des progr\u00e8s significatifs en mati\u00e8re de d\u00e9veloppement humain - C\u00f4te d&#039;Ivoire","robots":{"index":"index","follow":"follow","max-snippet":"max-snippet:-1","max-image-preview":"max-image-preview:large","max-video-preview":"max-video-preview:-1"},"canonical":"https:\/\/www.africa-press.net\/cotedivoire\/politique\/des-progres-significatifs-en-matiere-de-developpement-humain","og_locale":"fr_FR","og_type":"article","og_title":"Des progr\u00e8s significatifs en mati\u00e8re de d\u00e9veloppement humain","og_description":"Africa-Press &#8211; C\u00f4te d&rsquo;Ivoire. La Co\u0302te d&rsquo;Ivoire poursuit sa trajectoire de de\u0301veloppement La Co\u0302te d&rsquo;Ivoire continue de progresser en matie\u0300re de de\u0301veloppement humain. C&rsquo;est ce qu&rsquo;a annonce\u0301 la ministre de l&rsquo;E\u0301conomie, du Plan et du De\u0301veloppement, Niale\u0301 Kaba, lors d&rsquo;une confe\u0301rence de presse. Selon les derniers chiffres, l&rsquo;Indice de De\u0301veloppement Humain (IDH) du pays a [&hellip;]","og_url":"https:\/\/www.africa-press.net\/cotedivoire\/politique\/des-progres-significatifs-en-matiere-de-developpement-humain","og_site_name":"C\u00f4te d&#039;Ivoire","article_published_time":"2025-02-02T15:56:28+00:00","author":"cfeditorfr","twitter_card":"summary_large_image","twitter_misc":{"\u00c9crit par":"cfeditorfr","Dur\u00e9e de lecture estim\u00e9e":"2 minutes"},"schema":{"@context":"https:\/\/schema.org","@graph":[{"@type":"Article","@id":"https:\/\/www.africa-press.net\/cotedivoire\/politique\/des-progres-significatifs-en-matiere-de-developpement-humain#article","isPartOf":{"@id":"https:\/\/www.africa-press.net\/cotedivoire\/politique\/des-progres-significatifs-en-matiere-de-developpement-humain"},"author":{"name":"cfeditorfr","@id":"https:\/\/www.africa-press.net\/cotedivoire\/#\/schema\/person\/2b1cf3cd81a31e3cd26889ca66d677f1"},"headline":"Des progr\u00e8s significatifs en mati\u00e8re de d\u00e9veloppement humain","datePublished":"2025-02-02T15:56:28+00:00","mainEntityOfPage":{"@id":"https:\/\/www.africa-press.net\/cotedivoire\/politique\/des-progres-significatifs-en-matiere-de-developpement-humain"},"wordCount":401,"commentCount":0,"image":{"@id":"https:\/\/www.africa-press.net\/cotedivoire\/politique\/des-progres-significatifs-en-matiere-de-developpement-humain#primaryimage"},"thumbnailUrl":"https:\/\/static.africa-press.net\/cote\/sites\/43\/2025\/02\/sm_1738499634.720489.jpg","keywords":["C\u00f4te d'Ivoire"],"articleSection":["Politique","Toutes les actualit\u00e9s"],"inLanguage":"fr-FR","potentialAction":[{"@type":"CommentAction","name":"Comment","target":["https:\/\/www.africa-press.net\/cotedivoire\/politique\/des-progres-significatifs-en-matiere-de-developpement-humain#respond"]}]},{"@type":"WebPage","@id":"https:\/\/www.africa-press.net\/cotedivoire\/politique\/des-progres-significatifs-en-matiere-de-developpement-humain","url":"https:\/\/www.africa-press.net\/cotedivoire\/politique\/des-progres-significatifs-en-matiere-de-developpement-humain","name":"Des progr\u00e8s significatifs en mati\u00e8re de d\u00e9veloppement humain - C\u00f4te d&#039;Ivoire","isPartOf":{"@id":"https:\/\/www.africa-press.net\/cotedivoire\/#website"},"primaryImageOfPage":{"@id":"https:\/\/www.africa-press.net\/cotedivoire\/politique\/des-progres-significatifs-en-matiere-de-developpement-humain#primaryimage"},"image":{"@id":"https:\/\/www.africa-press.net\/cotedivoire\/politique\/des-progres-significatifs-en-matiere-de-developpement-humain#primaryimage"},"thumbnailUrl":"https:\/\/static.africa-press.net\/cote\/sites\/43\/2025\/02\/sm_1738499634.720489.jpg","datePublished":"2025-02-02T15:56:28+00:00","author":{"@id":"https:\/\/www.africa-press.net\/cotedivoire\/#\/schema\/person\/2b1cf3cd81a31e3cd26889ca66d677f1"},"breadcrumb":{"@id":"https:\/\/www.africa-press.net\/cotedivoire\/politique\/des-progres-significatifs-en-matiere-de-developpement-humain#breadcrumb"},"inLanguage":"fr-FR","potentialAction":[{"@type":"ReadAction","target":["https:\/\/www.africa-press.net\/cotedivoire\/politique\/des-progres-significatifs-en-matiere-de-developpement-humain"]}]},{"@type":"ImageObject","inLanguage":"fr-FR","@id":"https:\/\/www.africa-press.net\/cotedivoire\/politique\/des-progres-significatifs-en-matiere-de-developpement-humain#primaryimage","url":"https:\/\/static.africa-press.net\/cote\/sites\/43\/2025\/02\/sm_1738499634.720489.jpg","contentUrl":"https:\/\/static.africa-press.net\/cote\/sites\/43\/2025\/02\/sm_1738499634.720489.jpg","width":720,"height":480,"caption":"Des progr\u00e8s significatifs en mati\u00e8re de d\u00e9veloppement humain"},{"@type":"BreadcrumbList","@id":"https:\/\/www.africa-press.net\/cotedivoire\/politique\/des-progres-significatifs-en-matiere-de-developpement-humain#breadcrumb","itemListElement":[{"@type":"ListItem","position":1,"name":"Accueil","item":"https:\/\/www.africa-press.net\/cotedivoire\/"},{"@type":"ListItem","position":2,"name":"Des progr\u00e8s significatifs en mati\u00e8re de d\u00e9veloppement humain"}]},{"@type":"WebSite","@id":"https:\/\/www.africa-press.net\/cotedivoire\/#website","url":"https:\/\/www.africa-press.net\/cotedivoire\/","name":"C\u00f4te d&#039;Ivoire","description":"Just another Africa News Agency Sites site","potentialAction":[{"@type":"SearchAction","target":{"@type":"EntryPoint","urlTemplate":"https:\/\/www.africa-press.net\/cotedivoire\/?s={search_term_string}"},"query-input":{"@type":"PropertyValueSpecification","valueRequired":true,"valueName":"search_term_string"}}],"inLanguage":"fr-FR"},{"@type":"Person","@id":"https:\/\/www.africa-press.net\/cotedivoire\/#\/schema\/person\/2b1cf3cd81a31e3cd26889ca66d677f1","name":"cfeditorfr"}]}},"_links":{"self":[{"href":"https:\/\/www.africa-press.net\/cotedivoire\/wp-json\/wp\/v2\/posts\/94586","targetHints":{"allow":["GET"]}}],"collection":[{"href":"https:\/\/www.africa-press.net\/cotedivoire\/wp-json\/wp\/v2\/posts"}],"about":[{"href":"https:\/\/www.africa-press.net\/cotedivoire\/wp-json\/wp\/v2\/types\/post"}],"author":[{"embeddable":true,"href":"https:\/\/www.africa-press.net\/cotedivoire\/wp-json\/wp\/v2\/users\/82"}],"replies":[{"embeddable":true,"href":"https:\/\/www.africa-press.net\/cotedivoire\/wp-json\/wp\/v2\/comments?post=94586"}],"version-history":[{"count":0,"href":"https:\/\/www.africa-press.net\/cotedivoire\/wp-json\/wp\/v2\/posts\/94586\/revisions"}],"wp:featuredmedia":[{"embeddable":true,"href":"https:\/\/www.africa-press.net\/cotedivoire\/wp-json\/wp\/v2\/media\/94585"}],"wp:attachment":[{"href":"https:\/\/www.africa-press.net\/cotedivoire\/wp-json\/wp\/v2\/media?parent=94586"}],"wp:term":[{"taxonomy":"category","embeddable":true,"href":"https:\/\/www.africa-press.net\/cotedivoire\/wp-json\/wp\/v2\/categories?post=94586"},{"taxonomy":"post_tag","embeddable":true,"href":"https:\/\/www.africa-press.net\/cotedivoire\/wp-json\/wp\/v2\/tags?post=94586"}],"curies":[{"name":"wp","href":"https:\/\/api.w.org\/{rel}","templated":true}]}}