{"id":94592,"date":"2025-02-02T15:00:55","date_gmt":"2025-02-02T15:00:55","guid":{"rendered":"https:\/\/www.africa-press.net\/cotedivoire\/politique\/le-pouvoir-insoupconne-des-odeurs-agreables"},"modified":"2025-02-02T15:00:55","modified_gmt":"2025-02-02T15:00:55","slug":"le-pouvoir-insoupconne-des-odeurs-agreables","status":"publish","type":"post","link":"https:\/\/www.africa-press.net\/cotedivoire\/toutes-les-actualites\/le-pouvoir-insoupconne-des-odeurs-agreables","title":{"rendered":"Le pouvoir insoup\u00e7onn\u00e9 des odeurs agr\u00e9ables"},"content":{"rendered":"<p><span style=\"color: #ff6600\"><strong>Africa-Press &#8211; C\u00f4te d&rsquo;Ivoire. <\/strong><\/span>Les odeurs du monde sont apporte\u0301es par le flux d&rsquo;air qui vient chatouiller les narines. Mais le lien entre odeurs et respiration va plus loin, comme l&rsquo;a montre\u0301 une expe\u0301rience italienne ou\u0300 les chercheurs ont injecte\u0301 des essences de menthe ou de citron dans le sang de volontaires. Quand ces derniers ont bloque\u0301 leur souffle, ils n&rsquo;ont rien perc\u0327u. Mais de\u0300s qu&rsquo;ils ont recommence\u0301 a\u0300 respirer, ils se sont mis a\u0300 sentir des effluves de menthe ou de citron, alors me\u0302me qu&rsquo;il n&rsquo;y avait pas la moindre trace de ces odeurs dans l&rsquo;air de la pie\u0300ce !<\/p>\n<p>Conclusion: pour que nous percevions consciemment des odeurs, il faut non seulement que des mole\u0301cules odorantes se fixent sur les cils olfactifs qui tapissent le fond des cavite\u0301s nasales (elles s&rsquo;e\u0301taient ici e\u0301chappe\u0301es des vaisseaux sanguins tre\u0300s fins qui irriguent la muqueuse), mais aussi que ces cils soient agite\u0301s par un flux d&rsquo;air. Or avec les odeurs, la respiration offre un autre outil antistress efficace.<\/p>\n<p>D&rsquo;abord, parce qu&rsquo;elles ont une capacite\u0301 incomparable a\u0300 faire revenir des e\u0301ve\u0301nements du passe\u0301 en me\u0301moire &#8211; on pense bien su\u0302r a\u0300 la ce\u0301le\u0300bre madeleine de la litte\u0301rature. En 2011, l&rsquo;e\u0301quipe du chercheur japonais Matsunaga Masahiro a montre\u0301 que respirer une odeur qui e\u0301voque un souvenir agre\u0301able ame\u0301liore l&rsquo;humeur et calme l&rsquo;anxie\u0301te\u0301.<\/p>\n<p><b>La lavande aurait un pouvoir anxiolytique<\/b><\/p>\n<p>Le second mode d&rsquo;action des odeurs est qu&rsquo;elles nous poussent inconsciemment a\u0300 ralentir et amplifier la respiration &#8211; autrement dit a\u0300 pratiquer la technique de la respiration lente, tre\u0300s apaisante -, comme l&rsquo;a montre\u0301 un autre chercheur japonais, Yuri Masaoka. A\u0300 condition qu&rsquo;elles soient agre\u0301ables ! Car respirer une mauvaise odeur fait, au contraire, acce\u0301le\u0301rer le rythme respiratoire. Dans son e\u0301tude, Yuri Masaoka l&rsquo;a teste\u0301 avec l&rsquo;acide isovale\u0301rique, qui e\u0301voque un me\u0301lange d&rsquo;aliment pourri et de transpiration&#8230;<\/p>\n<p>Qu&rsquo;en est-il des huiles essentielles, qui sont justement des concentre\u0301s de compose\u0301s odorants ? Quelques e\u0301tudes sugge\u0300rent que certaines, notamment celle de lavande, ont un pouvoir anxiolytique. Dans ces expe\u0301riences, leur inhalation a fait baisser le stress dans tout une se\u0301rie de situations, allant de la se\u0301ance de mots croise\u0301s en temps limite\u0301 &#8211; propose\u0301e a\u0300 des e\u0301tudiants pour mimer l&rsquo;anxie\u0301te\u0301 de performance lors des examens &#8211; jusqu&rsquo;a\u0300 l&rsquo;attente d&rsquo;une intervention chirurgicale ou du passage chez le dentiste. Toutefois, les me\u0301ta-analyses sur le sujet ont des conclusions prudentes et soulignent le besoin de recherches comple\u0301mentaires pour vraiment valider ce pouvoir.<\/p>\n<p><strong>Pour plus d&rsquo;informations et d&rsquo;analyses sur la <span style=\"color: #ff6600\">C\u00f4te d&rsquo;Ivoire<\/span>, suivez <span style=\"color: #ff6600\">Africa-Press<span style=\"color: #ff6600\"><\/span><\/strong><\/p>\n","protected":false},"excerpt":{"rendered":"<p>Africa-Press &#8211; C\u00f4te d&rsquo;Ivoire. Les odeurs du monde sont apporte\u0301es par le flux d&rsquo;air qui vient chatouiller les narines. Mais le lien entre odeurs et respiration va plus loin, comme l&rsquo;a montre\u0301 une expe\u0301rience italienne ou\u0300 les chercheurs ont injecte\u0301 des essences de menthe ou de citron dans le sang de volontaires. Quand ces derniers [&hellip;]<\/p>\n","protected":false},"author":82,"featured_media":94591,"comment_status":"open","ping_status":"closed","sticky":false,"template":"","format":"standard","meta":{"footnotes":""},"categories":[22,10],"tags":[37],"class_list":["post-94592","post","type-post","status-publish","format-standard","has-post-thumbnail","hentry","category-divers","category-toutes-les-actualites","tag-cote-divoire-2"],"yoast_head":"<!-- This site is optimized with the Yoast SEO Premium plugin v26.1 (Yoast SEO v27.0) - https:\/\/yoast.com\/product\/yoast-seo-premium-wordpress\/ -->\n<title>Le pouvoir insoup\u00e7onn\u00e9 des odeurs agr\u00e9ables - C\u00f4te d&#039;Ivoire<\/title>\n<meta name=\"robots\" content=\"index, follow, max-snippet:-1, max-image-preview:large, max-video-preview:-1\" \/>\n<link rel=\"canonical\" href=\"https:\/\/www.africa-press.net\/cotedivoire\/politique\/le-pouvoir-insoupconne-des-odeurs-agreables\" \/>\n<meta property=\"og:locale\" content=\"fr_FR\" \/>\n<meta property=\"og:type\" content=\"article\" \/>\n<meta property=\"og:title\" content=\"Le pouvoir insoup\u00e7onn\u00e9 des odeurs agr\u00e9ables\" \/>\n<meta property=\"og:description\" content=\"Africa-Press &#8211; C\u00f4te d&rsquo;Ivoire. Les odeurs du monde sont apporte\u0301es par le flux d&rsquo;air qui vient chatouiller les narines. Mais le lien entre odeurs et respiration va plus loin, comme l&rsquo;a montre\u0301 une expe\u0301rience italienne ou\u0300 les chercheurs ont injecte\u0301 des essences de menthe ou de citron dans le sang de volontaires. Quand ces derniers [&hellip;]\" \/>\n<meta property=\"og:url\" content=\"https:\/\/www.africa-press.net\/cotedivoire\/politique\/le-pouvoir-insoupconne-des-odeurs-agreables\" \/>\n<meta property=\"og:site_name\" content=\"C\u00f4te d&#039;Ivoire\" \/>\n<meta property=\"article:published_time\" content=\"2025-02-02T15:00:55+00:00\" \/>\n<meta name=\"author\" content=\"cfeditorfr\" \/>\n<meta name=\"twitter:card\" content=\"summary_large_image\" \/>\n<meta name=\"twitter:label1\" content=\"\u00c9crit par\" \/>\n\t<meta name=\"twitter:data1\" content=\"cfeditorfr\" \/>\n\t<meta name=\"twitter:label2\" content=\"Dur\u00e9e de lecture estim\u00e9e\" \/>\n\t<meta name=\"twitter:data2\" content=\"2 minutes\" \/>\n<script type=\"application\/ld+json\" class=\"yoast-schema-graph\">{\"@context\":\"https:\/\/schema.org\",\"@graph\":[{\"@type\":\"Article\",\"@id\":\"https:\/\/www.africa-press.net\/cotedivoire\/politique\/le-pouvoir-insoupconne-des-odeurs-agreables#article\",\"isPartOf\":{\"@id\":\"https:\/\/www.africa-press.net\/cotedivoire\/politique\/le-pouvoir-insoupconne-des-odeurs-agreables\"},\"author\":{\"name\":\"cfeditorfr\",\"@id\":\"https:\/\/www.africa-press.net\/cotedivoire\/#\/schema\/person\/2b1cf3cd81a31e3cd26889ca66d677f1\"},\"headline\":\"Le pouvoir insoup\u00e7onn\u00e9 des odeurs agr\u00e9ables\",\"datePublished\":\"2025-02-02T15:00:55+00:00\",\"mainEntityOfPage\":{\"@id\":\"https:\/\/www.africa-press.net\/cotedivoire\/politique\/le-pouvoir-insoupconne-des-odeurs-agreables\"},\"wordCount\":494,\"commentCount\":0,\"image\":{\"@id\":\"https:\/\/www.africa-press.net\/cotedivoire\/politique\/le-pouvoir-insoupconne-des-odeurs-agreables#primaryimage\"},\"thumbnailUrl\":\"https:\/\/static.africa-press.net\/cote\/sites\/43\/2025\/02\/sm_1738499806.325085.jpg\",\"keywords\":[\"C\u00f4te d'Ivoire\"],\"articleSection\":[\"Divers\",\"Toutes les actualit\u00e9s\"],\"inLanguage\":\"fr-FR\",\"potentialAction\":[{\"@type\":\"CommentAction\",\"name\":\"Comment\",\"target\":[\"https:\/\/www.africa-press.net\/cotedivoire\/politique\/le-pouvoir-insoupconne-des-odeurs-agreables#respond\"]}]},{\"@type\":\"WebPage\",\"@id\":\"https:\/\/www.africa-press.net\/cotedivoire\/politique\/le-pouvoir-insoupconne-des-odeurs-agreables\",\"url\":\"https:\/\/www.africa-press.net\/cotedivoire\/politique\/le-pouvoir-insoupconne-des-odeurs-agreables\",\"name\":\"Le pouvoir insoup\u00e7onn\u00e9 des odeurs agr\u00e9ables - C\u00f4te d&#039;Ivoire\",\"isPartOf\":{\"@id\":\"https:\/\/www.africa-press.net\/cotedivoire\/#website\"},\"primaryImageOfPage\":{\"@id\":\"https:\/\/www.africa-press.net\/cotedivoire\/politique\/le-pouvoir-insoupconne-des-odeurs-agreables#primaryimage\"},\"image\":{\"@id\":\"https:\/\/www.africa-press.net\/cotedivoire\/politique\/le-pouvoir-insoupconne-des-odeurs-agreables#primaryimage\"},\"thumbnailUrl\":\"https:\/\/static.africa-press.net\/cote\/sites\/43\/2025\/02\/sm_1738499806.325085.jpg\",\"datePublished\":\"2025-02-02T15:00:55+00:00\",\"author\":{\"@id\":\"https:\/\/www.africa-press.net\/cotedivoire\/#\/schema\/person\/2b1cf3cd81a31e3cd26889ca66d677f1\"},\"breadcrumb\":{\"@id\":\"https:\/\/www.africa-press.net\/cotedivoire\/politique\/le-pouvoir-insoupconne-des-odeurs-agreables#breadcrumb\"},\"inLanguage\":\"fr-FR\",\"potentialAction\":[{\"@type\":\"ReadAction\",\"target\":[\"https:\/\/www.africa-press.net\/cotedivoire\/politique\/le-pouvoir-insoupconne-des-odeurs-agreables\"]}]},{\"@type\":\"ImageObject\",\"inLanguage\":\"fr-FR\",\"@id\":\"https:\/\/www.africa-press.net\/cotedivoire\/politique\/le-pouvoir-insoupconne-des-odeurs-agreables#primaryimage\",\"url\":\"https:\/\/static.africa-press.net\/cote\/sites\/43\/2025\/02\/sm_1738499806.325085.jpg\",\"contentUrl\":\"https:\/\/static.africa-press.net\/cote\/sites\/43\/2025\/02\/sm_1738499806.325085.jpg\",\"width\":1200,\"height\":899,\"caption\":\"Le pouvoir insoup\u00e7onn\u00e9 des odeurs agr\u00e9ables\"},{\"@type\":\"BreadcrumbList\",\"@id\":\"https:\/\/www.africa-press.net\/cotedivoire\/politique\/le-pouvoir-insoupconne-des-odeurs-agreables#breadcrumb\",\"itemListElement\":[{\"@type\":\"ListItem\",\"position\":1,\"name\":\"Accueil\",\"item\":\"https:\/\/www.africa-press.net\/cotedivoire\/\"},{\"@type\":\"ListItem\",\"position\":2,\"name\":\"Le pouvoir insoup\u00e7onn\u00e9 des odeurs agr\u00e9ables\"}]},{\"@type\":\"WebSite\",\"@id\":\"https:\/\/www.africa-press.net\/cotedivoire\/#website\",\"url\":\"https:\/\/www.africa-press.net\/cotedivoire\/\",\"name\":\"C\u00f4te d&#039;Ivoire\",\"description\":\"Just another Africa News Agency Sites site\",\"potentialAction\":[{\"@type\":\"SearchAction\",\"target\":{\"@type\":\"EntryPoint\",\"urlTemplate\":\"https:\/\/www.africa-press.net\/cotedivoire\/?s={search_term_string}\"},\"query-input\":{\"@type\":\"PropertyValueSpecification\",\"valueRequired\":true,\"valueName\":\"search_term_string\"}}],\"inLanguage\":\"fr-FR\"},{\"@type\":\"Person\",\"@id\":\"https:\/\/www.africa-press.net\/cotedivoire\/#\/schema\/person\/2b1cf3cd81a31e3cd26889ca66d677f1\",\"name\":\"cfeditorfr\"}]}<\/script>\n<!-- \/ Yoast SEO Premium plugin. -->","yoast_head_json":{"title":"Le pouvoir insoup\u00e7onn\u00e9 des odeurs agr\u00e9ables - C\u00f4te d&#039;Ivoire","robots":{"index":"index","follow":"follow","max-snippet":"max-snippet:-1","max-image-preview":"max-image-preview:large","max-video-preview":"max-video-preview:-1"},"canonical":"https:\/\/www.africa-press.net\/cotedivoire\/politique\/le-pouvoir-insoupconne-des-odeurs-agreables","og_locale":"fr_FR","og_type":"article","og_title":"Le pouvoir insoup\u00e7onn\u00e9 des odeurs agr\u00e9ables","og_description":"Africa-Press &#8211; C\u00f4te d&rsquo;Ivoire. Les odeurs du monde sont apporte\u0301es par le flux d&rsquo;air qui vient chatouiller les narines. Mais le lien entre odeurs et respiration va plus loin, comme l&rsquo;a montre\u0301 une expe\u0301rience italienne ou\u0300 les chercheurs ont injecte\u0301 des essences de menthe ou de citron dans le sang de volontaires. Quand ces derniers [&hellip;]","og_url":"https:\/\/www.africa-press.net\/cotedivoire\/politique\/le-pouvoir-insoupconne-des-odeurs-agreables","og_site_name":"C\u00f4te d&#039;Ivoire","article_published_time":"2025-02-02T15:00:55+00:00","author":"cfeditorfr","twitter_card":"summary_large_image","twitter_misc":{"\u00c9crit par":"cfeditorfr","Dur\u00e9e de lecture estim\u00e9e":"2 minutes"},"schema":{"@context":"https:\/\/schema.org","@graph":[{"@type":"Article","@id":"https:\/\/www.africa-press.net\/cotedivoire\/politique\/le-pouvoir-insoupconne-des-odeurs-agreables#article","isPartOf":{"@id":"https:\/\/www.africa-press.net\/cotedivoire\/politique\/le-pouvoir-insoupconne-des-odeurs-agreables"},"author":{"name":"cfeditorfr","@id":"https:\/\/www.africa-press.net\/cotedivoire\/#\/schema\/person\/2b1cf3cd81a31e3cd26889ca66d677f1"},"headline":"Le pouvoir insoup\u00e7onn\u00e9 des odeurs agr\u00e9ables","datePublished":"2025-02-02T15:00:55+00:00","mainEntityOfPage":{"@id":"https:\/\/www.africa-press.net\/cotedivoire\/politique\/le-pouvoir-insoupconne-des-odeurs-agreables"},"wordCount":494,"commentCount":0,"image":{"@id":"https:\/\/www.africa-press.net\/cotedivoire\/politique\/le-pouvoir-insoupconne-des-odeurs-agreables#primaryimage"},"thumbnailUrl":"https:\/\/static.africa-press.net\/cote\/sites\/43\/2025\/02\/sm_1738499806.325085.jpg","keywords":["C\u00f4te d'Ivoire"],"articleSection":["Divers","Toutes les actualit\u00e9s"],"inLanguage":"fr-FR","potentialAction":[{"@type":"CommentAction","name":"Comment","target":["https:\/\/www.africa-press.net\/cotedivoire\/politique\/le-pouvoir-insoupconne-des-odeurs-agreables#respond"]}]},{"@type":"WebPage","@id":"https:\/\/www.africa-press.net\/cotedivoire\/politique\/le-pouvoir-insoupconne-des-odeurs-agreables","url":"https:\/\/www.africa-press.net\/cotedivoire\/politique\/le-pouvoir-insoupconne-des-odeurs-agreables","name":"Le pouvoir insoup\u00e7onn\u00e9 des odeurs agr\u00e9ables - C\u00f4te d&#039;Ivoire","isPartOf":{"@id":"https:\/\/www.africa-press.net\/cotedivoire\/#website"},"primaryImageOfPage":{"@id":"https:\/\/www.africa-press.net\/cotedivoire\/politique\/le-pouvoir-insoupconne-des-odeurs-agreables#primaryimage"},"image":{"@id":"https:\/\/www.africa-press.net\/cotedivoire\/politique\/le-pouvoir-insoupconne-des-odeurs-agreables#primaryimage"},"thumbnailUrl":"https:\/\/static.africa-press.net\/cote\/sites\/43\/2025\/02\/sm_1738499806.325085.jpg","datePublished":"2025-02-02T15:00:55+00:00","author":{"@id":"https:\/\/www.africa-press.net\/cotedivoire\/#\/schema\/person\/2b1cf3cd81a31e3cd26889ca66d677f1"},"breadcrumb":{"@id":"https:\/\/www.africa-press.net\/cotedivoire\/politique\/le-pouvoir-insoupconne-des-odeurs-agreables#breadcrumb"},"inLanguage":"fr-FR","potentialAction":[{"@type":"ReadAction","target":["https:\/\/www.africa-press.net\/cotedivoire\/politique\/le-pouvoir-insoupconne-des-odeurs-agreables"]}]},{"@type":"ImageObject","inLanguage":"fr-FR","@id":"https:\/\/www.africa-press.net\/cotedivoire\/politique\/le-pouvoir-insoupconne-des-odeurs-agreables#primaryimage","url":"https:\/\/static.africa-press.net\/cote\/sites\/43\/2025\/02\/sm_1738499806.325085.jpg","contentUrl":"https:\/\/static.africa-press.net\/cote\/sites\/43\/2025\/02\/sm_1738499806.325085.jpg","width":1200,"height":899,"caption":"Le pouvoir insoup\u00e7onn\u00e9 des odeurs agr\u00e9ables"},{"@type":"BreadcrumbList","@id":"https:\/\/www.africa-press.net\/cotedivoire\/politique\/le-pouvoir-insoupconne-des-odeurs-agreables#breadcrumb","itemListElement":[{"@type":"ListItem","position":1,"name":"Accueil","item":"https:\/\/www.africa-press.net\/cotedivoire\/"},{"@type":"ListItem","position":2,"name":"Le pouvoir insoup\u00e7onn\u00e9 des odeurs agr\u00e9ables"}]},{"@type":"WebSite","@id":"https:\/\/www.africa-press.net\/cotedivoire\/#website","url":"https:\/\/www.africa-press.net\/cotedivoire\/","name":"C\u00f4te d&#039;Ivoire","description":"Just another Africa News Agency Sites site","potentialAction":[{"@type":"SearchAction","target":{"@type":"EntryPoint","urlTemplate":"https:\/\/www.africa-press.net\/cotedivoire\/?s={search_term_string}"},"query-input":{"@type":"PropertyValueSpecification","valueRequired":true,"valueName":"search_term_string"}}],"inLanguage":"fr-FR"},{"@type":"Person","@id":"https:\/\/www.africa-press.net\/cotedivoire\/#\/schema\/person\/2b1cf3cd81a31e3cd26889ca66d677f1","name":"cfeditorfr"}]}},"_links":{"self":[{"href":"https:\/\/www.africa-press.net\/cotedivoire\/wp-json\/wp\/v2\/posts\/94592","targetHints":{"allow":["GET"]}}],"collection":[{"href":"https:\/\/www.africa-press.net\/cotedivoire\/wp-json\/wp\/v2\/posts"}],"about":[{"href":"https:\/\/www.africa-press.net\/cotedivoire\/wp-json\/wp\/v2\/types\/post"}],"author":[{"embeddable":true,"href":"https:\/\/www.africa-press.net\/cotedivoire\/wp-json\/wp\/v2\/users\/82"}],"replies":[{"embeddable":true,"href":"https:\/\/www.africa-press.net\/cotedivoire\/wp-json\/wp\/v2\/comments?post=94592"}],"version-history":[{"count":0,"href":"https:\/\/www.africa-press.net\/cotedivoire\/wp-json\/wp\/v2\/posts\/94592\/revisions"}],"wp:featuredmedia":[{"embeddable":true,"href":"https:\/\/www.africa-press.net\/cotedivoire\/wp-json\/wp\/v2\/media\/94591"}],"wp:attachment":[{"href":"https:\/\/www.africa-press.net\/cotedivoire\/wp-json\/wp\/v2\/media?parent=94592"}],"wp:term":[{"taxonomy":"category","embeddable":true,"href":"https:\/\/www.africa-press.net\/cotedivoire\/wp-json\/wp\/v2\/categories?post=94592"},{"taxonomy":"post_tag","embeddable":true,"href":"https:\/\/www.africa-press.net\/cotedivoire\/wp-json\/wp\/v2\/tags?post=94592"}],"curies":[{"name":"wp","href":"https:\/\/api.w.org\/{rel}","templated":true}]}}