{"id":94616,"date":"2025-02-03T15:17:10","date_gmt":"2025-02-03T15:17:10","guid":{"rendered":"https:\/\/www.africa-press.net\/cotedivoire\/politique\/2025-affi-a-ouattara-il-na-pas-le-droit-de-se-representer-son-appel-a-gbagbo-pour-un-rassemblement-de-lopposition"},"modified":"2025-02-04T18:49:48","modified_gmt":"2025-02-04T18:49:48","slug":"2025-affi-a-ouattara-il-na-pas-le-droit-de-se-representer-son-appel-a-gbagbo-pour-un-rassemblement-de-lopposition","status":"publish","type":"post","link":"https:\/\/www.africa-press.net\/cotedivoire\/politique\/2025-affi-a-ouattara-il-na-pas-le-droit-de-se-representer-son-appel-a-gbagbo-pour-un-rassemblement-de-lopposition","title":{"rendered":"2025, Affi \u00e0 Ouattara \u00ab Il n&rsquo;a pas le droit de se repr\u00e9senter \u00bb, son appel \u00e0 Gbagbo pour un rassemblement de l&rsquo;opposition"},"content":{"rendered":"<p><span style=\"color: #ff6600\"><strong>Africa-Press &#8211; C\u00f4te d&rsquo;Ivoire. <\/strong><\/span>A\u0300 l\u2019occasion de la pre\u0301sentation des v\u0153ux du nouvel an par la direction du Front Populaire Ivoirien (FPI) ce 1er fe\u0301vrier, Pascal Affi N\u2019Guessan, pre\u0301sident du parti, a prononce\u0301 un discours politique, s\u2019adressant directement aux pre\u0301sidents Alassane Ouattara et Laurent Gbagbo.<\/p>\n<p>Dans un contexte politique tendu a\u0300 l\u2019approche des e\u0301lections de 2025, Affi N\u2019Guessan a appele\u0301 a\u0300 la responsabilite\u0301, au dialogue et a\u0300 l\u2019unite\u0301 pour pre\u0301server la stabilite\u0301 du pays.<\/p>\n<p>S\u2019adressant au pre\u0301sident Alassane Ouattara, Affi N\u2019Guessan a insiste\u0301 sur l\u2019importance de respecter la Constitution ivoirienne.<\/p>\n<p>\u00ab Il n\u2019est pas trop tard pour faire le choix de ne pas violer une nouvelle fois la loi fondamentale du pays \u00bb, a-t-il de\u0301clare\u0301.<\/p>\n<p>Il a rappele\u0301 que la premie\u0300re violation de la Constitution ne saurait justifier une seconde, et a exhorte\u0301 Ouattara a\u0300 engager un dialogue since\u0300re avec l\u2019opposition afin d\u2019assurer des e\u0301lections apaise\u0301es en 2025.<\/p>\n<p>\u00ab Le pre\u0301sident Ouattara a une responsabilite\u0301 particulie\u0300re dans ce que sera cette anne\u0301e 2025. Il sera le premier comptable du sort de notre pays \u00bb, a-t-il affirme\u0301, soulignant que le respect des lois de la Re\u0301publique est le minimum attendu d\u2019un chef d\u2019E\u0301tat.<\/p>\n<p>Affi N\u2019Guessan a e\u0301galement mis en garde contre une e\u0301ventuelle candidature d\u2019Ouattara pour un quatrie\u0300me mandat, rappelant que la Constitution l\u2019interdit clairement.<\/p>\n<p>\u00ab Il n\u2019a pas le droit de se repre\u0301senter. Le respect de la parole donne\u0301e l\u2019oblige, et le contexte national et sous-re\u0301gional l\u2019exige \u00bb, a-t-il martele\u0301.<\/p>\n<p>Il a invite\u0301 Ouattara a\u0300 re\u0301fle\u0301chir a\u0300 l\u2019he\u0301ritage qu\u2019il souhaite laisser, insistant sur le fait que l\u2019histoire retient davantage la fin d\u2019un re\u0300gne que son commencement.<\/p>\n<p>\u00ab Pour entrer dans l\u2019histoire par la grande porte, il faut poser des actes politiques de porte\u0301e historique, comme Mandela l\u2019a fait en Afrique du Sud ou Rawlings au Ghana \u00bb, a-t-il ajoute\u0301, appelant a\u0300 la re\u0301conciliation et a\u0300 la de\u0301mocratisation.<\/p>\n<p>Le pre\u0301sident du FPI a e\u0301galement averti que la volonte\u0301 d\u2019Ouattara de s\u2019e\u0301terniser au pouvoir pourrait constituer une menace pour la stabilite\u0301 du pays, surtout dans un contexte sous-re\u0301gional marque\u0301 par des tensions diplomatiques et se\u0301curitaires.<\/p>\n<p>\u00ab La Co\u0302te d\u2019Ivoire est fatigue\u0301e et angoisse\u0301e, mais elle n\u2019est pas re\u0301signe\u0301e. Le pre\u0301sident ne doit pas se tromper d\u2019analyse: sa personne n\u2019est pas une garantie de stabilite\u0301 \u00bb, a-t-il de\u0301clare\u0301.<\/p>\n<p>Tournant son regard vers Laurent Gbagbo, l&rsquo;ancien premier ministre a appele\u0301 l&rsquo;ex-prisonnier de la cour pe\u0301nale internationale (CPI) a\u0300 jouer un ro\u0302le central dans le rassemblement de l\u2019opposition.<\/p>\n<p>\u00ab En tant que leader historique, vous avez une responsabilite\u0301 particulie\u0300re pour favoriser l\u2019unite\u0301 de l\u2019opposition \u00bb, a-t-il souligne\u0301. Il a rappele\u0301 l\u2019exemple de feu le pre\u0301sident Henri Konan Be\u0301die\u0301, qui avait su rassembler l\u2019opposition contre le troisie\u0300me mandat d\u2019Ouattara.<\/p>\n<p>Affi N\u2019Guessan a exhorte\u0301 Gbagbo a\u0300 \u0153uvrer pour la cre\u0301ation d\u2019un \u00ab Rassemblement pour une Alternance Pacifique, Inclusive et De\u0301mocratique (RAPID) \u00bb, afin de cre\u0301er les conditions d\u2019e\u0301lections libres, transparentes et pacifiques en 2025.<\/p>\n<p>Dans un message adresse\u0301 a\u0300 l\u2019ensemble des leaders de l\u2019opposition, le de\u0301pute\u0301 de Bongouanou a insiste\u0301 sur la ne\u0301cessite\u0301 de mettre de co\u0302te\u0301 les divergences pour se concentrer sur l\u2019essentiel: permettre une alternance politique et e\u0301viter une nouvelle crise.<\/p>\n<p>\u00ab L\u2019enjeu est de taille: il s\u2019agit de pre\u0301server la paix et la de\u0301mocratie en Co\u0302te d\u2019Ivoire \u00bb, a conclu un Affi N&rsquo;Guessan isole\u0301, politiquement victime de ses choix passe\u0301s, appelant ne\u0301anmoins a\u0300 la sagesse et a\u0300 l\u2019unite\u0301 pour e\u0301crire une nouvelle page de l\u2019histoire du pays.<\/p>\n<p><strong>Pour plus d&rsquo;informations et d&rsquo;analyses sur la <span style=\"color: #ff6600\">C\u00f4te d&rsquo;Ivoire<\/span>, suivez <span style=\"color: #ff6600\">Africa-Press<\/span><\/strong><\/p>\n","protected":false},"excerpt":{"rendered":"<p>Africa-Press &#8211; C\u00f4te d&rsquo;Ivoire. A\u0300 l\u2019occasion de la pre\u0301sentation des v\u0153ux du nouvel an par la direction du Front Populaire Ivoirien (FPI) ce 1er fe\u0301vrier, Pascal Affi N\u2019Guessan, pre\u0301sident du parti, a prononce\u0301 un discours politique, s\u2019adressant directement aux pre\u0301sidents Alassane Ouattara et Laurent Gbagbo. Dans un contexte politique tendu a\u0300 l\u2019approche des e\u0301lections de [&hellip;]<\/p>\n","protected":false},"author":82,"featured_media":94615,"comment_status":"open","ping_status":"closed","sticky":false,"template":"","format":"standard","meta":{"footnotes":""},"categories":[2,20,10],"tags":[396,29,693,360,320,3500,727],"class_list":["post-94616","post","type-post","status-publish","format-standard","has-post-thumbnail","hentry","category-politique","category-top-nouvelles","category-toutes-les-actualites","tag-affi","tag-cote-divoire","tag-cpi","tag-fpi","tag-gbagbo","tag-opposition","tag-ouattara"],"yoast_head":"<!-- This site is optimized with the Yoast SEO Premium plugin v26.1 (Yoast SEO v27.0) - https:\/\/yoast.com\/product\/yoast-seo-premium-wordpress\/ -->\n<title>2025, Affi \u00e0 Ouattara \u00ab Il n&#039;a pas le droit de se repr\u00e9senter \u00bb, son appel \u00e0 Gbagbo pour un rassemblement de l&#039;opposition - C\u00f4te d&#039;Ivoire<\/title>\n<meta name=\"description\" content=\"A\u0300 l\u2019occasion de la pre\u0301sentation des v\u0153ux du nouvel an par la direction du Front Populaire Ivoirien (FPI) ce 1er fe\u0301vri ...\" \/>\n<meta name=\"robots\" content=\"index, follow, max-snippet:-1, max-image-preview:large, max-video-preview:-1\" \/>\n<link rel=\"canonical\" href=\"https:\/\/www.africa-press.net\/cotedivoire\/politique\/2025-affi-a-ouattara-il-na-pas-le-droit-de-se-representer-son-appel-a-gbagbo-pour-un-rassemblement-de-lopposition\" \/>\n<meta property=\"og:locale\" content=\"fr_FR\" \/>\n<meta property=\"og:type\" content=\"article\" \/>\n<meta property=\"og:title\" content=\"2025, Affi \u00e0 Ouattara \u00ab Il n&#039;a pas le droit de se repr\u00e9senter \u00bb, son appel \u00e0 Gbagbo pour un rassemblement de l&#039;opposition\" \/>\n<meta property=\"og:description\" content=\"A\u0300 l\u2019occasion de la pre\u0301sentation des v\u0153ux du nouvel an par la direction du Front Populaire Ivoirien (FPI) ce 1er fe\u0301vri ...\" \/>\n<meta property=\"og:url\" content=\"https:\/\/www.africa-press.net\/cotedivoire\/politique\/2025-affi-a-ouattara-il-na-pas-le-droit-de-se-representer-son-appel-a-gbagbo-pour-un-rassemblement-de-lopposition\" \/>\n<meta property=\"og:site_name\" content=\"C\u00f4te d&#039;Ivoire\" \/>\n<meta property=\"article:published_time\" content=\"2025-02-03T15:17:10+00:00\" \/>\n<meta property=\"article:modified_time\" content=\"2025-02-04T18:49:48+00:00\" \/>\n<meta property=\"og:image\" content=\"https:\/\/static.africa-press.net\/cote\/sites\/43\/2025\/02\/sm_1738584700.659981.jpg\" \/>\n\t<meta property=\"og:image:width\" content=\"720\" \/>\n\t<meta property=\"og:image:height\" content=\"402\" \/>\n\t<meta property=\"og:image:type\" content=\"image\/jpeg\" \/>\n<meta name=\"author\" content=\"cfeditorfr\" \/>\n<meta name=\"twitter:card\" content=\"summary_large_image\" \/>\n<meta name=\"twitter:label1\" content=\"\u00c9crit par\" \/>\n\t<meta name=\"twitter:data1\" content=\"cfeditorfr\" \/>\n\t<meta name=\"twitter:label2\" content=\"Dur\u00e9e de lecture estim\u00e9e\" \/>\n\t<meta name=\"twitter:data2\" content=\"4 minutes\" \/>\n<script type=\"application\/ld+json\" class=\"yoast-schema-graph\">{\"@context\":\"https:\/\/schema.org\",\"@graph\":[{\"@type\":\"Article\",\"@id\":\"https:\/\/www.africa-press.net\/cotedivoire\/politique\/2025-affi-a-ouattara-il-na-pas-le-droit-de-se-representer-son-appel-a-gbagbo-pour-un-rassemblement-de-lopposition#article\",\"isPartOf\":{\"@id\":\"https:\/\/www.africa-press.net\/cotedivoire\/politique\/2025-affi-a-ouattara-il-na-pas-le-droit-de-se-representer-son-appel-a-gbagbo-pour-un-rassemblement-de-lopposition\"},\"author\":{\"name\":\"cfeditorfr\",\"@id\":\"https:\/\/www.africa-press.net\/cotedivoire\/#\/schema\/person\/2b1cf3cd81a31e3cd26889ca66d677f1\"},\"headline\":\"2025, Affi \u00e0 Ouattara \u00ab Il n&rsquo;a pas le droit de se repr\u00e9senter \u00bb, son appel \u00e0 Gbagbo pour un rassemblement de l&rsquo;opposition\",\"datePublished\":\"2025-02-03T15:17:10+00:00\",\"dateModified\":\"2025-02-04T18:49:48+00:00\",\"mainEntityOfPage\":{\"@id\":\"https:\/\/www.africa-press.net\/cotedivoire\/politique\/2025-affi-a-ouattara-il-na-pas-le-droit-de-se-representer-son-appel-a-gbagbo-pour-un-rassemblement-de-lopposition\"},\"wordCount\":696,\"commentCount\":0,\"image\":{\"@id\":\"https:\/\/www.africa-press.net\/cotedivoire\/politique\/2025-affi-a-ouattara-il-na-pas-le-droit-de-se-representer-son-appel-a-gbagbo-pour-un-rassemblement-de-lopposition#primaryimage\"},\"thumbnailUrl\":\"https:\/\/static.africa-press.net\/cote\/sites\/43\/2025\/02\/sm_1738584700.659981.jpg\",\"keywords\":[\"Affi\",\"C\u00d4TE D'IVOIRE\",\"Cpi\",\"FPI\",\"Gbagbo\",\"opposition\",\"Ouattara\"],\"articleSection\":[\"Politique\",\"Top Nouvelles\",\"Toutes les actualit\u00e9s\"],\"inLanguage\":\"fr-FR\",\"potentialAction\":[{\"@type\":\"CommentAction\",\"name\":\"Comment\",\"target\":[\"https:\/\/www.africa-press.net\/cotedivoire\/politique\/2025-affi-a-ouattara-il-na-pas-le-droit-de-se-representer-son-appel-a-gbagbo-pour-un-rassemblement-de-lopposition#respond\"]}]},{\"@type\":\"WebPage\",\"@id\":\"https:\/\/www.africa-press.net\/cotedivoire\/politique\/2025-affi-a-ouattara-il-na-pas-le-droit-de-se-representer-son-appel-a-gbagbo-pour-un-rassemblement-de-lopposition\",\"url\":\"https:\/\/www.africa-press.net\/cotedivoire\/politique\/2025-affi-a-ouattara-il-na-pas-le-droit-de-se-representer-son-appel-a-gbagbo-pour-un-rassemblement-de-lopposition\",\"name\":\"2025, Affi \u00e0 Ouattara \u00ab Il n'a pas le droit de se repr\u00e9senter \u00bb, son appel \u00e0 Gbagbo pour un rassemblement de l'opposition - C\u00f4te d&#039;Ivoire\",\"isPartOf\":{\"@id\":\"https:\/\/www.africa-press.net\/cotedivoire\/#website\"},\"primaryImageOfPage\":{\"@id\":\"https:\/\/www.africa-press.net\/cotedivoire\/politique\/2025-affi-a-ouattara-il-na-pas-le-droit-de-se-representer-son-appel-a-gbagbo-pour-un-rassemblement-de-lopposition#primaryimage\"},\"image\":{\"@id\":\"https:\/\/www.africa-press.net\/cotedivoire\/politique\/2025-affi-a-ouattara-il-na-pas-le-droit-de-se-representer-son-appel-a-gbagbo-pour-un-rassemblement-de-lopposition#primaryimage\"},\"thumbnailUrl\":\"https:\/\/static.africa-press.net\/cote\/sites\/43\/2025\/02\/sm_1738584700.659981.jpg\",\"datePublished\":\"2025-02-03T15:17:10+00:00\",\"dateModified\":\"2025-02-04T18:49:48+00:00\",\"author\":{\"@id\":\"https:\/\/www.africa-press.net\/cotedivoire\/#\/schema\/person\/2b1cf3cd81a31e3cd26889ca66d677f1\"},\"description\":\"A\u0300 l\u2019occasion de la pre\u0301sentation des v\u0153ux du nouvel an par la direction du Front Populaire Ivoirien (FPI) ce 1er fe\u0301vri ...\",\"breadcrumb\":{\"@id\":\"https:\/\/www.africa-press.net\/cotedivoire\/politique\/2025-affi-a-ouattara-il-na-pas-le-droit-de-se-representer-son-appel-a-gbagbo-pour-un-rassemblement-de-lopposition#breadcrumb\"},\"inLanguage\":\"fr-FR\",\"potentialAction\":[{\"@type\":\"ReadAction\",\"target\":[\"https:\/\/www.africa-press.net\/cotedivoire\/politique\/2025-affi-a-ouattara-il-na-pas-le-droit-de-se-representer-son-appel-a-gbagbo-pour-un-rassemblement-de-lopposition\"]}]},{\"@type\":\"ImageObject\",\"inLanguage\":\"fr-FR\",\"@id\":\"https:\/\/www.africa-press.net\/cotedivoire\/politique\/2025-affi-a-ouattara-il-na-pas-le-droit-de-se-representer-son-appel-a-gbagbo-pour-un-rassemblement-de-lopposition#primaryimage\",\"url\":\"https:\/\/static.africa-press.net\/cote\/sites\/43\/2025\/02\/sm_1738584700.659981.jpg\",\"contentUrl\":\"https:\/\/static.africa-press.net\/cote\/sites\/43\/2025\/02\/sm_1738584700.659981.jpg\",\"width\":720,\"height\":402,\"caption\":\"2025, Affi \u00e0 Ouattara \u00ab Il n'a pas le droit de se repr\u00e9senter \u00bb, son appel \u00e0 Gbagbo pour un rassemblement de l'opposition\"},{\"@type\":\"BreadcrumbList\",\"@id\":\"https:\/\/www.africa-press.net\/cotedivoire\/politique\/2025-affi-a-ouattara-il-na-pas-le-droit-de-se-representer-son-appel-a-gbagbo-pour-un-rassemblement-de-lopposition#breadcrumb\",\"itemListElement\":[{\"@type\":\"ListItem\",\"position\":1,\"name\":\"Accueil\",\"item\":\"https:\/\/www.africa-press.net\/cotedivoire\/\"},{\"@type\":\"ListItem\",\"position\":2,\"name\":\"2025, Affi \u00e0 Ouattara \u00ab Il n&rsquo;a pas le droit de se repr\u00e9senter \u00bb, son appel \u00e0 Gbagbo pour un rassemblement de l&rsquo;opposition\"}]},{\"@type\":\"WebSite\",\"@id\":\"https:\/\/www.africa-press.net\/cotedivoire\/#website\",\"url\":\"https:\/\/www.africa-press.net\/cotedivoire\/\",\"name\":\"C\u00f4te d&#039;Ivoire\",\"description\":\"Just another Africa News Agency Sites site\",\"potentialAction\":[{\"@type\":\"SearchAction\",\"target\":{\"@type\":\"EntryPoint\",\"urlTemplate\":\"https:\/\/www.africa-press.net\/cotedivoire\/?s={search_term_string}\"},\"query-input\":{\"@type\":\"PropertyValueSpecification\",\"valueRequired\":true,\"valueName\":\"search_term_string\"}}],\"inLanguage\":\"fr-FR\"},{\"@type\":\"Person\",\"@id\":\"https:\/\/www.africa-press.net\/cotedivoire\/#\/schema\/person\/2b1cf3cd81a31e3cd26889ca66d677f1\",\"name\":\"cfeditorfr\"}]}<\/script>\n<!-- \/ Yoast SEO Premium plugin. -->","yoast_head_json":{"title":"2025, Affi \u00e0 Ouattara \u00ab Il n'a pas le droit de se repr\u00e9senter \u00bb, son appel \u00e0 Gbagbo pour un rassemblement de l'opposition - C\u00f4te d&#039;Ivoire","description":"A\u0300 l\u2019occasion de la pre\u0301sentation des v\u0153ux du nouvel an par la direction du Front Populaire Ivoirien (FPI) ce 1er fe\u0301vri ...","robots":{"index":"index","follow":"follow","max-snippet":"max-snippet:-1","max-image-preview":"max-image-preview:large","max-video-preview":"max-video-preview:-1"},"canonical":"https:\/\/www.africa-press.net\/cotedivoire\/politique\/2025-affi-a-ouattara-il-na-pas-le-droit-de-se-representer-son-appel-a-gbagbo-pour-un-rassemblement-de-lopposition","og_locale":"fr_FR","og_type":"article","og_title":"2025, Affi \u00e0 Ouattara \u00ab Il n'a pas le droit de se repr\u00e9senter \u00bb, son appel \u00e0 Gbagbo pour un rassemblement de l'opposition","og_description":"A\u0300 l\u2019occasion de la pre\u0301sentation des v\u0153ux du nouvel an par la direction du Front Populaire Ivoirien (FPI) ce 1er fe\u0301vri ...","og_url":"https:\/\/www.africa-press.net\/cotedivoire\/politique\/2025-affi-a-ouattara-il-na-pas-le-droit-de-se-representer-son-appel-a-gbagbo-pour-un-rassemblement-de-lopposition","og_site_name":"C\u00f4te d&#039;Ivoire","article_published_time":"2025-02-03T15:17:10+00:00","article_modified_time":"2025-02-04T18:49:48+00:00","og_image":[{"width":720,"height":402,"url":"https:\/\/static.africa-press.net\/cote\/sites\/43\/2025\/02\/sm_1738584700.659981.jpg","type":"image\/jpeg"}],"author":"cfeditorfr","twitter_card":"summary_large_image","twitter_misc":{"\u00c9crit par":"cfeditorfr","Dur\u00e9e de lecture estim\u00e9e":"4 minutes"},"schema":{"@context":"https:\/\/schema.org","@graph":[{"@type":"Article","@id":"https:\/\/www.africa-press.net\/cotedivoire\/politique\/2025-affi-a-ouattara-il-na-pas-le-droit-de-se-representer-son-appel-a-gbagbo-pour-un-rassemblement-de-lopposition#article","isPartOf":{"@id":"https:\/\/www.africa-press.net\/cotedivoire\/politique\/2025-affi-a-ouattara-il-na-pas-le-droit-de-se-representer-son-appel-a-gbagbo-pour-un-rassemblement-de-lopposition"},"author":{"name":"cfeditorfr","@id":"https:\/\/www.africa-press.net\/cotedivoire\/#\/schema\/person\/2b1cf3cd81a31e3cd26889ca66d677f1"},"headline":"2025, Affi \u00e0 Ouattara \u00ab Il n&rsquo;a pas le droit de se repr\u00e9senter \u00bb, son appel \u00e0 Gbagbo pour un rassemblement de l&rsquo;opposition","datePublished":"2025-02-03T15:17:10+00:00","dateModified":"2025-02-04T18:49:48+00:00","mainEntityOfPage":{"@id":"https:\/\/www.africa-press.net\/cotedivoire\/politique\/2025-affi-a-ouattara-il-na-pas-le-droit-de-se-representer-son-appel-a-gbagbo-pour-un-rassemblement-de-lopposition"},"wordCount":696,"commentCount":0,"image":{"@id":"https:\/\/www.africa-press.net\/cotedivoire\/politique\/2025-affi-a-ouattara-il-na-pas-le-droit-de-se-representer-son-appel-a-gbagbo-pour-un-rassemblement-de-lopposition#primaryimage"},"thumbnailUrl":"https:\/\/static.africa-press.net\/cote\/sites\/43\/2025\/02\/sm_1738584700.659981.jpg","keywords":["Affi","C\u00d4TE D'IVOIRE","Cpi","FPI","Gbagbo","opposition","Ouattara"],"articleSection":["Politique","Top Nouvelles","Toutes les actualit\u00e9s"],"inLanguage":"fr-FR","potentialAction":[{"@type":"CommentAction","name":"Comment","target":["https:\/\/www.africa-press.net\/cotedivoire\/politique\/2025-affi-a-ouattara-il-na-pas-le-droit-de-se-representer-son-appel-a-gbagbo-pour-un-rassemblement-de-lopposition#respond"]}]},{"@type":"WebPage","@id":"https:\/\/www.africa-press.net\/cotedivoire\/politique\/2025-affi-a-ouattara-il-na-pas-le-droit-de-se-representer-son-appel-a-gbagbo-pour-un-rassemblement-de-lopposition","url":"https:\/\/www.africa-press.net\/cotedivoire\/politique\/2025-affi-a-ouattara-il-na-pas-le-droit-de-se-representer-son-appel-a-gbagbo-pour-un-rassemblement-de-lopposition","name":"2025, Affi \u00e0 Ouattara \u00ab Il n'a pas le droit de se repr\u00e9senter \u00bb, son appel \u00e0 Gbagbo pour un rassemblement de l'opposition - C\u00f4te d&#039;Ivoire","isPartOf":{"@id":"https:\/\/www.africa-press.net\/cotedivoire\/#website"},"primaryImageOfPage":{"@id":"https:\/\/www.africa-press.net\/cotedivoire\/politique\/2025-affi-a-ouattara-il-na-pas-le-droit-de-se-representer-son-appel-a-gbagbo-pour-un-rassemblement-de-lopposition#primaryimage"},"image":{"@id":"https:\/\/www.africa-press.net\/cotedivoire\/politique\/2025-affi-a-ouattara-il-na-pas-le-droit-de-se-representer-son-appel-a-gbagbo-pour-un-rassemblement-de-lopposition#primaryimage"},"thumbnailUrl":"https:\/\/static.africa-press.net\/cote\/sites\/43\/2025\/02\/sm_1738584700.659981.jpg","datePublished":"2025-02-03T15:17:10+00:00","dateModified":"2025-02-04T18:49:48+00:00","author":{"@id":"https:\/\/www.africa-press.net\/cotedivoire\/#\/schema\/person\/2b1cf3cd81a31e3cd26889ca66d677f1"},"description":"A\u0300 l\u2019occasion de la pre\u0301sentation des v\u0153ux du nouvel an par la direction du Front Populaire Ivoirien (FPI) ce 1er fe\u0301vri ...","breadcrumb":{"@id":"https:\/\/www.africa-press.net\/cotedivoire\/politique\/2025-affi-a-ouattara-il-na-pas-le-droit-de-se-representer-son-appel-a-gbagbo-pour-un-rassemblement-de-lopposition#breadcrumb"},"inLanguage":"fr-FR","potentialAction":[{"@type":"ReadAction","target":["https:\/\/www.africa-press.net\/cotedivoire\/politique\/2025-affi-a-ouattara-il-na-pas-le-droit-de-se-representer-son-appel-a-gbagbo-pour-un-rassemblement-de-lopposition"]}]},{"@type":"ImageObject","inLanguage":"fr-FR","@id":"https:\/\/www.africa-press.net\/cotedivoire\/politique\/2025-affi-a-ouattara-il-na-pas-le-droit-de-se-representer-son-appel-a-gbagbo-pour-un-rassemblement-de-lopposition#primaryimage","url":"https:\/\/static.africa-press.net\/cote\/sites\/43\/2025\/02\/sm_1738584700.659981.jpg","contentUrl":"https:\/\/static.africa-press.net\/cote\/sites\/43\/2025\/02\/sm_1738584700.659981.jpg","width":720,"height":402,"caption":"2025, Affi \u00e0 Ouattara \u00ab Il n'a pas le droit de se repr\u00e9senter \u00bb, son appel \u00e0 Gbagbo pour un rassemblement de l'opposition"},{"@type":"BreadcrumbList","@id":"https:\/\/www.africa-press.net\/cotedivoire\/politique\/2025-affi-a-ouattara-il-na-pas-le-droit-de-se-representer-son-appel-a-gbagbo-pour-un-rassemblement-de-lopposition#breadcrumb","itemListElement":[{"@type":"ListItem","position":1,"name":"Accueil","item":"https:\/\/www.africa-press.net\/cotedivoire\/"},{"@type":"ListItem","position":2,"name":"2025, Affi \u00e0 Ouattara \u00ab Il n&rsquo;a pas le droit de se repr\u00e9senter \u00bb, son appel \u00e0 Gbagbo pour un rassemblement de l&rsquo;opposition"}]},{"@type":"WebSite","@id":"https:\/\/www.africa-press.net\/cotedivoire\/#website","url":"https:\/\/www.africa-press.net\/cotedivoire\/","name":"C\u00f4te d&#039;Ivoire","description":"Just another Africa News Agency Sites site","potentialAction":[{"@type":"SearchAction","target":{"@type":"EntryPoint","urlTemplate":"https:\/\/www.africa-press.net\/cotedivoire\/?s={search_term_string}"},"query-input":{"@type":"PropertyValueSpecification","valueRequired":true,"valueName":"search_term_string"}}],"inLanguage":"fr-FR"},{"@type":"Person","@id":"https:\/\/www.africa-press.net\/cotedivoire\/#\/schema\/person\/2b1cf3cd81a31e3cd26889ca66d677f1","name":"cfeditorfr"}]}},"_links":{"self":[{"href":"https:\/\/www.africa-press.net\/cotedivoire\/wp-json\/wp\/v2\/posts\/94616","targetHints":{"allow":["GET"]}}],"collection":[{"href":"https:\/\/www.africa-press.net\/cotedivoire\/wp-json\/wp\/v2\/posts"}],"about":[{"href":"https:\/\/www.africa-press.net\/cotedivoire\/wp-json\/wp\/v2\/types\/post"}],"author":[{"embeddable":true,"href":"https:\/\/www.africa-press.net\/cotedivoire\/wp-json\/wp\/v2\/users\/82"}],"replies":[{"embeddable":true,"href":"https:\/\/www.africa-press.net\/cotedivoire\/wp-json\/wp\/v2\/comments?post=94616"}],"version-history":[{"count":0,"href":"https:\/\/www.africa-press.net\/cotedivoire\/wp-json\/wp\/v2\/posts\/94616\/revisions"}],"wp:featuredmedia":[{"embeddable":true,"href":"https:\/\/www.africa-press.net\/cotedivoire\/wp-json\/wp\/v2\/media\/94615"}],"wp:attachment":[{"href":"https:\/\/www.africa-press.net\/cotedivoire\/wp-json\/wp\/v2\/media?parent=94616"}],"wp:term":[{"taxonomy":"category","embeddable":true,"href":"https:\/\/www.africa-press.net\/cotedivoire\/wp-json\/wp\/v2\/categories?post=94616"},{"taxonomy":"post_tag","embeddable":true,"href":"https:\/\/www.africa-press.net\/cotedivoire\/wp-json\/wp\/v2\/tags?post=94616"}],"curies":[{"name":"wp","href":"https:\/\/api.w.org\/{rel}","templated":true}]}}