{"id":9462,"date":"2021-06-26T17:05:13","date_gmt":"2021-06-26T17:05:13","guid":{"rendered":"https:\/\/www.africa-press.net\/cotedivoire\/?p=9462"},"modified":"2021-06-26T18:15:31","modified_gmt":"2021-06-26T18:15:31","slug":"la-cote-divoire-honore-ses-cinq-soldats-tombes-a-tehini-et-tougbo","status":"publish","type":"post","link":"https:\/\/www.africa-press.net\/cotedivoire\/politique\/la-cote-divoire-honore-ses-cinq-soldats-tombes-a-tehini-et-tougbo","title":{"rendered":"La C\u00f4te d\u2019Ivoire honore ses cinq soldats tomb\u00e9s \u00e0 T\u00e9hini et Tougbo"},"content":{"rendered":"<p><span style=\"color: #ff6600\"><strong><a href=\"https:\/\/www.africa-press.net\/\">Africa-Press<\/a> &#8211; <a href=\"https:\/\/www.africa-press.net\/cotedivoire\">C\u00f4te d&rsquo;Ivoire<\/a>. <\/strong><\/span>Tomb\u00e9s les armes \u00e0 la main dans l\u2019accomplissement de leur mission de s\u00e9curisation et de protection du territoire national, la nation a rendu un ultime hommage aux soldats victimes des attaques terroristes de T\u00e9hini et de Tougbo perp\u00e9tr\u00e9es les 7 et 12 juin dernier.<\/p>\n<p>A la place d\u2019arme, Ouattara Thomas d\u2019Aquin o\u00f9 les d\u00e9pouilles ont \u00e9t\u00e9 expos\u00e9es devant le ministre d\u2019\u00c9tat, Ministre de la D\u00e9fense, T\u00e9n\u00e9 Birahima Ouattara accompagn\u00e9 de plusieurs membres du Gouvernement, de la haute hi\u00e9rarchie militaire avec \u00e0 sa t\u00eate le G\u00e9n\u00e9ral de Corps d\u2019Arm\u00e9e, chef d\u2019\u00e9tat-major g\u00e9n\u00e9ral des arm\u00e9es, Lassina Doumbia et devant les parents des victimes, la douleur et la tristesse se lisaient sur les visages.<\/p>\n<p>Mais, dignes dans l\u2019\u00e9preuve, les autorit\u00e9s ont traduit dans la sobri\u00e9t\u00e9 toute la reconnaissance de la nation \u00e0 ses valeureux serviteurs qui l\u2019ont d\u00e9fendu jusqu\u2019au sacrifice supr\u00eame. Ainsi, le Ministre de la D\u00e9fense a d\u00e9cor\u00e9 \u00e0 titre posthume les disparus dans l\u2019Ordre National. Ils ont \u00e9t\u00e9 \u00e9lev\u00e9s au grade de chevalier et les insignes de leur d\u00e9coration ont \u00e9t\u00e9 remis \u00e0 leurs familles respectives.<\/p>\n<p>Avant cette distinction au plan national, les d\u00e9funts ont re\u00e7u \u00e9galement \u00e0 titre posthume la m\u00e9daille des forces arm\u00e9es en reconnaissance \u00e0 la bravoure, \u00e0 l\u2019engagement et \u00e0 la d\u00e9termination dont ils ont fait preuve dans l\u2019exercice de leur m\u00e9tier.<\/p>\n<p>Aussi, dans son oraison fun\u00e8bre, le Colonel Major, Ouattara Zoumana, commandant de la zone op\u00e9rationnelle du Nord est-il revenu sur le d\u00e9vouement et l\u2019efficacit\u00e9 des soldats tomb\u00e9s au champ d\u2019honneur. Au bord des larmes, il a lou\u00e9 leur m\u00e9rite et exprim\u00e9 la douleur des fr\u00e8res d\u2019armes.<\/p>\n<p>\u00ab S\u2019il est vrai que la mort fait partie du cycle de l\u2019existence de l\u2019Homme, s\u2019il est admis que celle du soldat est un sacerdoce, les circonstances de leur d\u00e9c\u00e8s nous affligent et nous plongent dans une souffrance indicible. Oui, cette fin pr\u00e9matur\u00e9e, ce fauchage brutal de la mort dans la fleur de l\u2019\u00e2ge, ce terme soudain \u00e0 une carri\u00e8re prometteuse, l\u2019espoir fan\u00e9 d\u2019une vie pleine nous laisse ahuris et m\u00e9dus\u00e9s \u00bb, a-t-il affirm\u00e9, avant de rassurer sur l\u2019engagement des soldats encore sous le drapeau \u00e0 poursuivre la bataille contre les groupes terroristes pour \u00eatre dignes du sacrifice des disparus.<\/p>\n<p>\u00ab Allez en paix braves soldats. Je prie et implore le Tout-Puissant pour qu\u2019il vous re\u00e7oive dans son Royaume pour le repos \u00e9ternel. Que la terre de vos anc\u00eatres vous soit l\u00e9g\u00e8re ! \u00bb, a-t-il pri\u00e9.<\/p>\n","protected":false},"excerpt":{"rendered":"<p>Africa-Press &#8211; C\u00f4te d&rsquo;Ivoire. Tomb\u00e9s les armes \u00e0 la main dans l\u2019accomplissement de leur mission de s\u00e9curisation et de protection du territoire national, la nation a rendu un ultime hommage aux soldats victimes des attaques terroristes de T\u00e9hini et de Tougbo perp\u00e9tr\u00e9es les 7 et 12 juin dernier. A la place d\u2019arme, Ouattara Thomas d\u2019Aquin [&hellip;]<\/p>\n","protected":false},"author":82,"featured_media":9461,"comment_status":"open","ping_status":"closed","sticky":false,"template":"","format":"standard","meta":{"footnotes":""},"categories":[11,2,10],"tags":[56,63,29],"class_list":["post-9462","post","type-post","status-publish","format-standard","has-post-thumbnail","hentry","category-homepage-french","category-politique","category-toutes-les-actualites","tag-africa-press","tag-africa-press-cote-divoire","tag-cote-divoire"],"yoast_head":"<!-- This site is optimized with the Yoast SEO Premium plugin v26.1 (Yoast SEO v27.0) - https:\/\/yoast.com\/product\/yoast-seo-premium-wordpress\/ -->\n<title>La C\u00f4te d\u2019Ivoire honore ses cinq soldats tomb\u00e9s \u00e0 T\u00e9hini et Tougbo - C\u00f4te d&#039;Ivoire<\/title>\n<meta name=\"description\" content=\"Tomb\u00e9s les armes \u00e0 la main dans l\u2019accomplissement de leur mission de s\u00e9curisation et de protection du territoire nationa ...\" \/>\n<meta name=\"robots\" content=\"index, follow, max-snippet:-1, max-image-preview:large, max-video-preview:-1\" \/>\n<link rel=\"canonical\" href=\"https:\/\/www.africa-press.net\/cotedivoire\/politique\/la-cote-divoire-honore-ses-cinq-soldats-tombes-a-tehini-et-tougbo\" \/>\n<meta property=\"og:locale\" content=\"fr_FR\" \/>\n<meta property=\"og:type\" content=\"article\" \/>\n<meta property=\"og:title\" content=\"La C\u00f4te d\u2019Ivoire honore ses cinq soldats tomb\u00e9s \u00e0 T\u00e9hini et Tougbo\" \/>\n<meta property=\"og:description\" content=\"Tomb\u00e9s les armes \u00e0 la main dans l\u2019accomplissement de leur mission de s\u00e9curisation et de protection du territoire nationa ...\" \/>\n<meta property=\"og:url\" content=\"https:\/\/www.africa-press.net\/cotedivoire\/politique\/la-cote-divoire-honore-ses-cinq-soldats-tombes-a-tehini-et-tougbo\" \/>\n<meta property=\"og:site_name\" content=\"C\u00f4te d&#039;Ivoire\" \/>\n<meta property=\"article:published_time\" content=\"2021-06-26T17:05:13+00:00\" \/>\n<meta property=\"article:modified_time\" content=\"2021-06-26T18:15:31+00:00\" \/>\n<meta property=\"og:image\" content=\"https:\/\/static.africa-press.net\/cote\/sites\/43\/2021\/06\/img-60d75cf203b43.jpg\" \/>\n\t<meta property=\"og:image:width\" content=\"720\" \/>\n\t<meta property=\"og:image:height\" content=\"481\" \/>\n\t<meta property=\"og:image:type\" content=\"image\/jpeg\" \/>\n<meta name=\"author\" content=\"cfeditorfr\" \/>\n<meta name=\"twitter:card\" content=\"summary_large_image\" \/>\n<meta name=\"twitter:label1\" content=\"\u00c9crit par\" \/>\n\t<meta name=\"twitter:data1\" content=\"cfeditorfr\" \/>\n\t<meta name=\"twitter:label2\" content=\"Dur\u00e9e de lecture estim\u00e9e\" \/>\n\t<meta name=\"twitter:data2\" content=\"2 minutes\" \/>\n<script type=\"application\/ld+json\" class=\"yoast-schema-graph\">{\"@context\":\"https:\/\/schema.org\",\"@graph\":[{\"@type\":\"Article\",\"@id\":\"https:\/\/www.africa-press.net\/cotedivoire\/politique\/la-cote-divoire-honore-ses-cinq-soldats-tombes-a-tehini-et-tougbo#article\",\"isPartOf\":{\"@id\":\"https:\/\/www.africa-press.net\/cotedivoire\/politique\/la-cote-divoire-honore-ses-cinq-soldats-tombes-a-tehini-et-tougbo\"},\"author\":{\"name\":\"cfeditorfr\",\"@id\":\"https:\/\/www.africa-press.net\/cotedivoire\/#\/schema\/person\/2b1cf3cd81a31e3cd26889ca66d677f1\"},\"headline\":\"La C\u00f4te d\u2019Ivoire honore ses cinq soldats tomb\u00e9s \u00e0 T\u00e9hini et Tougbo\",\"datePublished\":\"2021-06-26T17:05:13+00:00\",\"dateModified\":\"2021-06-26T18:15:31+00:00\",\"mainEntityOfPage\":{\"@id\":\"https:\/\/www.africa-press.net\/cotedivoire\/politique\/la-cote-divoire-honore-ses-cinq-soldats-tombes-a-tehini-et-tougbo\"},\"wordCount\":472,\"commentCount\":0,\"image\":{\"@id\":\"https:\/\/www.africa-press.net\/cotedivoire\/politique\/la-cote-divoire-honore-ses-cinq-soldats-tombes-a-tehini-et-tougbo#primaryimage\"},\"thumbnailUrl\":\"https:\/\/static.africa-press.net\/cote\/sites\/43\/2021\/06\/img-60d75cf203b43.jpg\",\"keywords\":[\"Africa Press\",\"Africa Press-C\u00f4te d'Ivoire\",\"C\u00d4TE D'IVOIRE\"],\"articleSection\":[\"homepage-french\",\"Politique\",\"Toutes les actualit\u00e9s\"],\"inLanguage\":\"fr-FR\",\"potentialAction\":[{\"@type\":\"CommentAction\",\"name\":\"Comment\",\"target\":[\"https:\/\/www.africa-press.net\/cotedivoire\/politique\/la-cote-divoire-honore-ses-cinq-soldats-tombes-a-tehini-et-tougbo#respond\"]}]},{\"@type\":\"WebPage\",\"@id\":\"https:\/\/www.africa-press.net\/cotedivoire\/politique\/la-cote-divoire-honore-ses-cinq-soldats-tombes-a-tehini-et-tougbo\",\"url\":\"https:\/\/www.africa-press.net\/cotedivoire\/politique\/la-cote-divoire-honore-ses-cinq-soldats-tombes-a-tehini-et-tougbo\",\"name\":\"La C\u00f4te d\u2019Ivoire honore ses cinq soldats tomb\u00e9s \u00e0 T\u00e9hini et Tougbo - C\u00f4te d&#039;Ivoire\",\"isPartOf\":{\"@id\":\"https:\/\/www.africa-press.net\/cotedivoire\/#website\"},\"primaryImageOfPage\":{\"@id\":\"https:\/\/www.africa-press.net\/cotedivoire\/politique\/la-cote-divoire-honore-ses-cinq-soldats-tombes-a-tehini-et-tougbo#primaryimage\"},\"image\":{\"@id\":\"https:\/\/www.africa-press.net\/cotedivoire\/politique\/la-cote-divoire-honore-ses-cinq-soldats-tombes-a-tehini-et-tougbo#primaryimage\"},\"thumbnailUrl\":\"https:\/\/static.africa-press.net\/cote\/sites\/43\/2021\/06\/img-60d75cf203b43.jpg\",\"datePublished\":\"2021-06-26T17:05:13+00:00\",\"dateModified\":\"2021-06-26T18:15:31+00:00\",\"author\":{\"@id\":\"https:\/\/www.africa-press.net\/cotedivoire\/#\/schema\/person\/2b1cf3cd81a31e3cd26889ca66d677f1\"},\"description\":\"Tomb\u00e9s les armes \u00e0 la main dans l\u2019accomplissement de leur mission de s\u00e9curisation et de protection du territoire nationa ...\",\"breadcrumb\":{\"@id\":\"https:\/\/www.africa-press.net\/cotedivoire\/politique\/la-cote-divoire-honore-ses-cinq-soldats-tombes-a-tehini-et-tougbo#breadcrumb\"},\"inLanguage\":\"fr-FR\",\"potentialAction\":[{\"@type\":\"ReadAction\",\"target\":[\"https:\/\/www.africa-press.net\/cotedivoire\/politique\/la-cote-divoire-honore-ses-cinq-soldats-tombes-a-tehini-et-tougbo\"]}]},{\"@type\":\"ImageObject\",\"inLanguage\":\"fr-FR\",\"@id\":\"https:\/\/www.africa-press.net\/cotedivoire\/politique\/la-cote-divoire-honore-ses-cinq-soldats-tombes-a-tehini-et-tougbo#primaryimage\",\"url\":\"https:\/\/static.africa-press.net\/cote\/sites\/43\/2021\/06\/img-60d75cf203b43.jpg\",\"contentUrl\":\"https:\/\/static.africa-press.net\/cote\/sites\/43\/2021\/06\/img-60d75cf203b43.jpg\",\"width\":720,\"height\":481,\"caption\":\"La C\u00f4te d\u2019Ivoire honore ses cinq soldats tomb\u00e9s \u00e0 T\u00e9hini et Tougbo\"},{\"@type\":\"BreadcrumbList\",\"@id\":\"https:\/\/www.africa-press.net\/cotedivoire\/politique\/la-cote-divoire-honore-ses-cinq-soldats-tombes-a-tehini-et-tougbo#breadcrumb\",\"itemListElement\":[{\"@type\":\"ListItem\",\"position\":1,\"name\":\"Accueil\",\"item\":\"https:\/\/www.africa-press.net\/cotedivoire\/\"},{\"@type\":\"ListItem\",\"position\":2,\"name\":\"La C\u00f4te d\u2019Ivoire honore ses cinq soldats tomb\u00e9s \u00e0 T\u00e9hini et Tougbo\"}]},{\"@type\":\"WebSite\",\"@id\":\"https:\/\/www.africa-press.net\/cotedivoire\/#website\",\"url\":\"https:\/\/www.africa-press.net\/cotedivoire\/\",\"name\":\"C\u00f4te d&#039;Ivoire\",\"description\":\"Just another Africa News Agency Sites site\",\"potentialAction\":[{\"@type\":\"SearchAction\",\"target\":{\"@type\":\"EntryPoint\",\"urlTemplate\":\"https:\/\/www.africa-press.net\/cotedivoire\/?s={search_term_string}\"},\"query-input\":{\"@type\":\"PropertyValueSpecification\",\"valueRequired\":true,\"valueName\":\"search_term_string\"}}],\"inLanguage\":\"fr-FR\"},{\"@type\":\"Person\",\"@id\":\"https:\/\/www.africa-press.net\/cotedivoire\/#\/schema\/person\/2b1cf3cd81a31e3cd26889ca66d677f1\",\"name\":\"cfeditorfr\"}]}<\/script>\n<!-- \/ Yoast SEO Premium plugin. -->","yoast_head_json":{"title":"La C\u00f4te d\u2019Ivoire honore ses cinq soldats tomb\u00e9s \u00e0 T\u00e9hini et Tougbo - C\u00f4te d&#039;Ivoire","description":"Tomb\u00e9s les armes \u00e0 la main dans l\u2019accomplissement de leur mission de s\u00e9curisation et de protection du territoire nationa ...","robots":{"index":"index","follow":"follow","max-snippet":"max-snippet:-1","max-image-preview":"max-image-preview:large","max-video-preview":"max-video-preview:-1"},"canonical":"https:\/\/www.africa-press.net\/cotedivoire\/politique\/la-cote-divoire-honore-ses-cinq-soldats-tombes-a-tehini-et-tougbo","og_locale":"fr_FR","og_type":"article","og_title":"La C\u00f4te d\u2019Ivoire honore ses cinq soldats tomb\u00e9s \u00e0 T\u00e9hini et Tougbo","og_description":"Tomb\u00e9s les armes \u00e0 la main dans l\u2019accomplissement de leur mission de s\u00e9curisation et de protection du territoire nationa ...","og_url":"https:\/\/www.africa-press.net\/cotedivoire\/politique\/la-cote-divoire-honore-ses-cinq-soldats-tombes-a-tehini-et-tougbo","og_site_name":"C\u00f4te d&#039;Ivoire","article_published_time":"2021-06-26T17:05:13+00:00","article_modified_time":"2021-06-26T18:15:31+00:00","og_image":[{"width":720,"height":481,"url":"https:\/\/static.africa-press.net\/cote\/sites\/43\/2021\/06\/img-60d75cf203b43.jpg","type":"image\/jpeg"}],"author":"cfeditorfr","twitter_card":"summary_large_image","twitter_misc":{"\u00c9crit par":"cfeditorfr","Dur\u00e9e de lecture estim\u00e9e":"2 minutes"},"schema":{"@context":"https:\/\/schema.org","@graph":[{"@type":"Article","@id":"https:\/\/www.africa-press.net\/cotedivoire\/politique\/la-cote-divoire-honore-ses-cinq-soldats-tombes-a-tehini-et-tougbo#article","isPartOf":{"@id":"https:\/\/www.africa-press.net\/cotedivoire\/politique\/la-cote-divoire-honore-ses-cinq-soldats-tombes-a-tehini-et-tougbo"},"author":{"name":"cfeditorfr","@id":"https:\/\/www.africa-press.net\/cotedivoire\/#\/schema\/person\/2b1cf3cd81a31e3cd26889ca66d677f1"},"headline":"La C\u00f4te d\u2019Ivoire honore ses cinq soldats tomb\u00e9s \u00e0 T\u00e9hini et Tougbo","datePublished":"2021-06-26T17:05:13+00:00","dateModified":"2021-06-26T18:15:31+00:00","mainEntityOfPage":{"@id":"https:\/\/www.africa-press.net\/cotedivoire\/politique\/la-cote-divoire-honore-ses-cinq-soldats-tombes-a-tehini-et-tougbo"},"wordCount":472,"commentCount":0,"image":{"@id":"https:\/\/www.africa-press.net\/cotedivoire\/politique\/la-cote-divoire-honore-ses-cinq-soldats-tombes-a-tehini-et-tougbo#primaryimage"},"thumbnailUrl":"https:\/\/static.africa-press.net\/cote\/sites\/43\/2021\/06\/img-60d75cf203b43.jpg","keywords":["Africa Press","Africa Press-C\u00f4te d'Ivoire","C\u00d4TE D'IVOIRE"],"articleSection":["homepage-french","Politique","Toutes les actualit\u00e9s"],"inLanguage":"fr-FR","potentialAction":[{"@type":"CommentAction","name":"Comment","target":["https:\/\/www.africa-press.net\/cotedivoire\/politique\/la-cote-divoire-honore-ses-cinq-soldats-tombes-a-tehini-et-tougbo#respond"]}]},{"@type":"WebPage","@id":"https:\/\/www.africa-press.net\/cotedivoire\/politique\/la-cote-divoire-honore-ses-cinq-soldats-tombes-a-tehini-et-tougbo","url":"https:\/\/www.africa-press.net\/cotedivoire\/politique\/la-cote-divoire-honore-ses-cinq-soldats-tombes-a-tehini-et-tougbo","name":"La C\u00f4te d\u2019Ivoire honore ses cinq soldats tomb\u00e9s \u00e0 T\u00e9hini et Tougbo - C\u00f4te d&#039;Ivoire","isPartOf":{"@id":"https:\/\/www.africa-press.net\/cotedivoire\/#website"},"primaryImageOfPage":{"@id":"https:\/\/www.africa-press.net\/cotedivoire\/politique\/la-cote-divoire-honore-ses-cinq-soldats-tombes-a-tehini-et-tougbo#primaryimage"},"image":{"@id":"https:\/\/www.africa-press.net\/cotedivoire\/politique\/la-cote-divoire-honore-ses-cinq-soldats-tombes-a-tehini-et-tougbo#primaryimage"},"thumbnailUrl":"https:\/\/static.africa-press.net\/cote\/sites\/43\/2021\/06\/img-60d75cf203b43.jpg","datePublished":"2021-06-26T17:05:13+00:00","dateModified":"2021-06-26T18:15:31+00:00","author":{"@id":"https:\/\/www.africa-press.net\/cotedivoire\/#\/schema\/person\/2b1cf3cd81a31e3cd26889ca66d677f1"},"description":"Tomb\u00e9s les armes \u00e0 la main dans l\u2019accomplissement de leur mission de s\u00e9curisation et de protection du territoire nationa ...","breadcrumb":{"@id":"https:\/\/www.africa-press.net\/cotedivoire\/politique\/la-cote-divoire-honore-ses-cinq-soldats-tombes-a-tehini-et-tougbo#breadcrumb"},"inLanguage":"fr-FR","potentialAction":[{"@type":"ReadAction","target":["https:\/\/www.africa-press.net\/cotedivoire\/politique\/la-cote-divoire-honore-ses-cinq-soldats-tombes-a-tehini-et-tougbo"]}]},{"@type":"ImageObject","inLanguage":"fr-FR","@id":"https:\/\/www.africa-press.net\/cotedivoire\/politique\/la-cote-divoire-honore-ses-cinq-soldats-tombes-a-tehini-et-tougbo#primaryimage","url":"https:\/\/static.africa-press.net\/cote\/sites\/43\/2021\/06\/img-60d75cf203b43.jpg","contentUrl":"https:\/\/static.africa-press.net\/cote\/sites\/43\/2021\/06\/img-60d75cf203b43.jpg","width":720,"height":481,"caption":"La C\u00f4te d\u2019Ivoire honore ses cinq soldats tomb\u00e9s \u00e0 T\u00e9hini et Tougbo"},{"@type":"BreadcrumbList","@id":"https:\/\/www.africa-press.net\/cotedivoire\/politique\/la-cote-divoire-honore-ses-cinq-soldats-tombes-a-tehini-et-tougbo#breadcrumb","itemListElement":[{"@type":"ListItem","position":1,"name":"Accueil","item":"https:\/\/www.africa-press.net\/cotedivoire\/"},{"@type":"ListItem","position":2,"name":"La C\u00f4te d\u2019Ivoire honore ses cinq soldats tomb\u00e9s \u00e0 T\u00e9hini et Tougbo"}]},{"@type":"WebSite","@id":"https:\/\/www.africa-press.net\/cotedivoire\/#website","url":"https:\/\/www.africa-press.net\/cotedivoire\/","name":"C\u00f4te d&#039;Ivoire","description":"Just another Africa News Agency Sites site","potentialAction":[{"@type":"SearchAction","target":{"@type":"EntryPoint","urlTemplate":"https:\/\/www.africa-press.net\/cotedivoire\/?s={search_term_string}"},"query-input":{"@type":"PropertyValueSpecification","valueRequired":true,"valueName":"search_term_string"}}],"inLanguage":"fr-FR"},{"@type":"Person","@id":"https:\/\/www.africa-press.net\/cotedivoire\/#\/schema\/person\/2b1cf3cd81a31e3cd26889ca66d677f1","name":"cfeditorfr"}]}},"_links":{"self":[{"href":"https:\/\/www.africa-press.net\/cotedivoire\/wp-json\/wp\/v2\/posts\/9462","targetHints":{"allow":["GET"]}}],"collection":[{"href":"https:\/\/www.africa-press.net\/cotedivoire\/wp-json\/wp\/v2\/posts"}],"about":[{"href":"https:\/\/www.africa-press.net\/cotedivoire\/wp-json\/wp\/v2\/types\/post"}],"author":[{"embeddable":true,"href":"https:\/\/www.africa-press.net\/cotedivoire\/wp-json\/wp\/v2\/users\/82"}],"replies":[{"embeddable":true,"href":"https:\/\/www.africa-press.net\/cotedivoire\/wp-json\/wp\/v2\/comments?post=9462"}],"version-history":[{"count":0,"href":"https:\/\/www.africa-press.net\/cotedivoire\/wp-json\/wp\/v2\/posts\/9462\/revisions"}],"wp:featuredmedia":[{"embeddable":true,"href":"https:\/\/www.africa-press.net\/cotedivoire\/wp-json\/wp\/v2\/media\/9461"}],"wp:attachment":[{"href":"https:\/\/www.africa-press.net\/cotedivoire\/wp-json\/wp\/v2\/media?parent=9462"}],"wp:term":[{"taxonomy":"category","embeddable":true,"href":"https:\/\/www.africa-press.net\/cotedivoire\/wp-json\/wp\/v2\/categories?post=9462"},{"taxonomy":"post_tag","embeddable":true,"href":"https:\/\/www.africa-press.net\/cotedivoire\/wp-json\/wp\/v2\/tags?post=9462"}],"curies":[{"name":"wp","href":"https:\/\/api.w.org\/{rel}","templated":true}]}}