{"id":94686,"date":"2025-02-04T18:26:49","date_gmt":"2025-02-04T18:26:49","guid":{"rendered":"https:\/\/www.africa-press.net\/cotedivoire\/politique\/un-tournant-pour-la-formation-professionnelle-avec-la-remise-de-125-598-diplomes"},"modified":"2025-02-04T18:26:49","modified_gmt":"2025-02-04T18:26:49","slug":"un-tournant-pour-la-formation-professionnelle-avec-la-remise-de-125-598-diplomes","status":"publish","type":"post","link":"https:\/\/www.africa-press.net\/cotedivoire\/culture-et-art\/un-tournant-pour-la-formation-professionnelle-avec-la-remise-de-125-598-diplomes","title":{"rendered":"Un tournant pour la formation professionnelle avec la remise de 125 598 dipl\u00f4mes"},"content":{"rendered":"<p><span style=\"color: #ff6600\"><strong>Africa-Press &#8211; C\u00f4te d&rsquo;Ivoire. <\/strong><\/span><b>Un e\u0301ve\u0301nement historique pour la formation professionnelle en Co\u0302te d&rsquo;Ivoire<\/b><\/p>\n<p>Le vendredi 31 janvier 2025, une ce\u0301re\u0301monie historique s&rsquo;est tenue a\u0300 Abidjan. Le ministre de l&rsquo;Enseignement technique, de la Formation professionnelle et de l&rsquo;Apprentissage, N&rsquo;Guessan Koffi, a proce\u0301de\u0301 a\u0300 la remise officielle de 125 598 diplo\u0302mes couvrant la pe\u0301riode 2014-2023. Ces diplo\u0302mes, qui concernent les niveaux CAP, BEP, BP et BT, re\u0301compensent des milliers de jeunes Ivoiriens ayant suivi une formation professionnelle.<\/p>\n<p><b>Une reconnaissance pour les efforts des apprenants<\/b><\/p>\n<p>Cette ce\u0301re\u0301monie a e\u0301te\u0301 l&rsquo;occasion de ce\u0301le\u0301brer le succe\u0300s de ces jeunes qui ont choisi de se former pour mieux s&rsquo;inse\u0301rer dans le monde du travail. Le ministre N&rsquo;Guessan Koffi a souligne\u0301 l&rsquo;importance de cette e\u0301tape, soulignant que ces diplo\u0302mes repre\u0301sentaient bien plus que de simples papiers: ils incarnaient des vies transforme\u0301es, des carrie\u0300res lance\u0301es et des espoirs ravive\u0301s.<\/p>\n<p><b>Un engagement fort du gouvernement<\/b><\/p>\n<p>Le gouvernement ivoirien a re\u0301affirme\u0301 son engagement en faveur de la formation professionnelle, conside\u0301rant qu&rsquo;elle est un levier essentiel pour le de\u0301veloppement e\u0301conomique du pays. En remettant ces diplo\u0302mes, le ministre N&rsquo;Guessan Koffi a souligne\u0301 la volonte\u0301 du gouvernement de cre\u0301er les conditions ne\u0301cessaires pour une e\u0301ducation de qualite\u0301 et d&rsquo;offrir des opportunite\u0301s d&#8217;emploi a\u0300 tous les jeunes Ivoiriens.<\/p>\n<p><b>Les te\u0301moignages des diplo\u0302me\u0301s<\/b><\/p>\n<p>Les diplo\u0302me\u0301s pre\u0301sents a\u0300 la ce\u0301re\u0301monie ont exprime\u0301 leur joie et leur soulagement. Cyprienne Akissi Kouadio, titulaire d&rsquo;un BEP en Secre\u0301tariat, a souligne\u0301 l&rsquo;importance de cette reconnaissance officielle apre\u0300s plusieurs anne\u0301es d&rsquo;e\u0301tudes. Elle a e\u0301galement e\u0301voque\u0301 les difficulte\u0301s rencontre\u0301es pour obtenir ses diplo\u0302mes en raison de la proce\u0301dure administrative.<\/p>\n<p><b>Les de\u0301fis a\u0300 relever<\/b><\/p>\n<p>Si cette ce\u0301re\u0301monie est une e\u0301tape importante, de nombreux de\u0301fis restent a\u0300 relever pour renforcer le syste\u0300me de formation professionnelle en Co\u0302te d&rsquo;Ivoire. Il s&rsquo;agit notamment d&rsquo;adapter les formations aux besoins du marche\u0301 de l&#8217;emploi, de faciliter l&rsquo;insertion professionnelle des diplo\u0302me\u0301s et de renforcer les partenariats entre le monde de l&rsquo;e\u0301ducation et le monde de l&rsquo;entreprise.<\/p>\n<p><b>Conclusion<\/b><\/p>\n<p>La remise de ces 125 598 diplo\u0302mes marque un tournant pour la formation professionnelle en Co\u0302te d&rsquo;Ivoire. Elle te\u0301moigne de la volonte\u0301 du gouvernement de doter le pays d&rsquo;une main-d&rsquo;\u0153uvre qualifie\u0301e et de favoriser l&#8217;employabilite\u0301 des jeunes.<\/p>\n<p><strong>Pour plus d&rsquo;informations et d&rsquo;analyses sur la <span style=\"color: #ff6600\">C\u00f4te d&rsquo;Ivoire<\/span>, suivez <span style=\"color: #ff6600\">Africa-Press<span style=\"color: #ff6600\"><\/span><\/strong><\/p>\n","protected":false},"excerpt":{"rendered":"<p>Africa-Press &#8211; C\u00f4te d&rsquo;Ivoire. Un e\u0301ve\u0301nement historique pour la formation professionnelle en Co\u0302te d&rsquo;Ivoire Le vendredi 31 janvier 2025, une ce\u0301re\u0301monie historique s&rsquo;est tenue a\u0300 Abidjan. Le ministre de l&rsquo;Enseignement technique, de la Formation professionnelle et de l&rsquo;Apprentissage, N&rsquo;Guessan Koffi, a proce\u0301de\u0301 a\u0300 la remise officielle de 125 598 diplo\u0302mes couvrant la pe\u0301riode 2014-2023. Ces [&hellip;]<\/p>\n","protected":false},"author":82,"featured_media":94685,"comment_status":"open","ping_status":"closed","sticky":false,"template":"","format":"standard","meta":{"footnotes":""},"categories":[5,10],"tags":[37],"class_list":["post-94686","post","type-post","status-publish","format-standard","has-post-thumbnail","hentry","category-culture-et-art","category-toutes-les-actualites","tag-cote-divoire-2"],"yoast_head":"<!-- This site is optimized with the Yoast SEO Premium plugin v26.1 (Yoast SEO v27.0) - https:\/\/yoast.com\/product\/yoast-seo-premium-wordpress\/ -->\n<title>Un tournant pour la formation professionnelle avec la remise de 125 598 dipl\u00f4mes - C\u00f4te d&#039;Ivoire<\/title>\n<meta name=\"robots\" content=\"index, follow, max-snippet:-1, max-image-preview:large, max-video-preview:-1\" \/>\n<link rel=\"canonical\" href=\"https:\/\/www.africa-press.net\/cotedivoire\/politique\/un-tournant-pour-la-formation-professionnelle-avec-la-remise-de-125-598-diplomes\" \/>\n<meta property=\"og:locale\" content=\"fr_FR\" \/>\n<meta property=\"og:type\" content=\"article\" \/>\n<meta property=\"og:title\" content=\"Un tournant pour la formation professionnelle avec la remise de 125 598 dipl\u00f4mes\" \/>\n<meta property=\"og:description\" content=\"Africa-Press &#8211; C\u00f4te d&rsquo;Ivoire. Un e\u0301ve\u0301nement historique pour la formation professionnelle en Co\u0302te d&rsquo;Ivoire Le vendredi 31 janvier 2025, une ce\u0301re\u0301monie historique s&rsquo;est tenue a\u0300 Abidjan. Le ministre de l&rsquo;Enseignement technique, de la Formation professionnelle et de l&rsquo;Apprentissage, N&rsquo;Guessan Koffi, a proce\u0301de\u0301 a\u0300 la remise officielle de 125 598 diplo\u0302mes couvrant la pe\u0301riode 2014-2023. Ces [&hellip;]\" \/>\n<meta property=\"og:url\" content=\"https:\/\/www.africa-press.net\/cotedivoire\/politique\/un-tournant-pour-la-formation-professionnelle-avec-la-remise-de-125-598-diplomes\" \/>\n<meta property=\"og:site_name\" content=\"C\u00f4te d&#039;Ivoire\" \/>\n<meta property=\"article:published_time\" content=\"2025-02-04T18:26:49+00:00\" \/>\n<meta name=\"author\" content=\"cfeditorfr\" \/>\n<meta name=\"twitter:card\" content=\"summary_large_image\" \/>\n<meta name=\"twitter:label1\" content=\"\u00c9crit par\" \/>\n\t<meta name=\"twitter:data1\" content=\"cfeditorfr\" \/>\n\t<meta name=\"twitter:label2\" content=\"Dur\u00e9e de lecture estim\u00e9e\" \/>\n\t<meta name=\"twitter:data2\" content=\"2 minutes\" \/>\n<script type=\"application\/ld+json\" class=\"yoast-schema-graph\">{\"@context\":\"https:\/\/schema.org\",\"@graph\":[{\"@type\":\"Article\",\"@id\":\"https:\/\/www.africa-press.net\/cotedivoire\/politique\/un-tournant-pour-la-formation-professionnelle-avec-la-remise-de-125-598-diplomes#article\",\"isPartOf\":{\"@id\":\"https:\/\/www.africa-press.net\/cotedivoire\/politique\/un-tournant-pour-la-formation-professionnelle-avec-la-remise-de-125-598-diplomes\"},\"author\":{\"name\":\"cfeditorfr\",\"@id\":\"https:\/\/www.africa-press.net\/cotedivoire\/#\/schema\/person\/2b1cf3cd81a31e3cd26889ca66d677f1\"},\"headline\":\"Un tournant pour la formation professionnelle avec la remise de 125 598 dipl\u00f4mes\",\"datePublished\":\"2025-02-04T18:26:49+00:00\",\"mainEntityOfPage\":{\"@id\":\"https:\/\/www.africa-press.net\/cotedivoire\/politique\/un-tournant-pour-la-formation-professionnelle-avec-la-remise-de-125-598-diplomes\"},\"wordCount\":472,\"commentCount\":0,\"image\":{\"@id\":\"https:\/\/www.africa-press.net\/cotedivoire\/politique\/un-tournant-pour-la-formation-professionnelle-avec-la-remise-de-125-598-diplomes#primaryimage\"},\"thumbnailUrl\":\"https:\/\/static.africa-press.net\/cote\/sites\/43\/2025\/02\/sm_1738683674.874065.jpg\",\"keywords\":[\"C\u00f4te d'Ivoire\"],\"articleSection\":[\"Culture et Art\",\"Toutes les actualit\u00e9s\"],\"inLanguage\":\"fr-FR\",\"potentialAction\":[{\"@type\":\"CommentAction\",\"name\":\"Comment\",\"target\":[\"https:\/\/www.africa-press.net\/cotedivoire\/politique\/un-tournant-pour-la-formation-professionnelle-avec-la-remise-de-125-598-diplomes#respond\"]}]},{\"@type\":\"WebPage\",\"@id\":\"https:\/\/www.africa-press.net\/cotedivoire\/politique\/un-tournant-pour-la-formation-professionnelle-avec-la-remise-de-125-598-diplomes\",\"url\":\"https:\/\/www.africa-press.net\/cotedivoire\/politique\/un-tournant-pour-la-formation-professionnelle-avec-la-remise-de-125-598-diplomes\",\"name\":\"Un tournant pour la formation professionnelle avec la remise de 125 598 dipl\u00f4mes - C\u00f4te d&#039;Ivoire\",\"isPartOf\":{\"@id\":\"https:\/\/www.africa-press.net\/cotedivoire\/#website\"},\"primaryImageOfPage\":{\"@id\":\"https:\/\/www.africa-press.net\/cotedivoire\/politique\/un-tournant-pour-la-formation-professionnelle-avec-la-remise-de-125-598-diplomes#primaryimage\"},\"image\":{\"@id\":\"https:\/\/www.africa-press.net\/cotedivoire\/politique\/un-tournant-pour-la-formation-professionnelle-avec-la-remise-de-125-598-diplomes#primaryimage\"},\"thumbnailUrl\":\"https:\/\/static.africa-press.net\/cote\/sites\/43\/2025\/02\/sm_1738683674.874065.jpg\",\"datePublished\":\"2025-02-04T18:26:49+00:00\",\"author\":{\"@id\":\"https:\/\/www.africa-press.net\/cotedivoire\/#\/schema\/person\/2b1cf3cd81a31e3cd26889ca66d677f1\"},\"breadcrumb\":{\"@id\":\"https:\/\/www.africa-press.net\/cotedivoire\/politique\/un-tournant-pour-la-formation-professionnelle-avec-la-remise-de-125-598-diplomes#breadcrumb\"},\"inLanguage\":\"fr-FR\",\"potentialAction\":[{\"@type\":\"ReadAction\",\"target\":[\"https:\/\/www.africa-press.net\/cotedivoire\/politique\/un-tournant-pour-la-formation-professionnelle-avec-la-remise-de-125-598-diplomes\"]}]},{\"@type\":\"ImageObject\",\"inLanguage\":\"fr-FR\",\"@id\":\"https:\/\/www.africa-press.net\/cotedivoire\/politique\/un-tournant-pour-la-formation-professionnelle-avec-la-remise-de-125-598-diplomes#primaryimage\",\"url\":\"https:\/\/static.africa-press.net\/cote\/sites\/43\/2025\/02\/sm_1738683674.874065.jpg\",\"contentUrl\":\"https:\/\/static.africa-press.net\/cote\/sites\/43\/2025\/02\/sm_1738683674.874065.jpg\",\"width\":720,\"height\":499,\"caption\":\"Un tournant pour la formation professionnelle avec la remise de 125 598 dipl\u00f4mes\"},{\"@type\":\"BreadcrumbList\",\"@id\":\"https:\/\/www.africa-press.net\/cotedivoire\/politique\/un-tournant-pour-la-formation-professionnelle-avec-la-remise-de-125-598-diplomes#breadcrumb\",\"itemListElement\":[{\"@type\":\"ListItem\",\"position\":1,\"name\":\"Accueil\",\"item\":\"https:\/\/www.africa-press.net\/cotedivoire\/\"},{\"@type\":\"ListItem\",\"position\":2,\"name\":\"Un tournant pour la formation professionnelle avec la remise de 125 598 dipl\u00f4mes\"}]},{\"@type\":\"WebSite\",\"@id\":\"https:\/\/www.africa-press.net\/cotedivoire\/#website\",\"url\":\"https:\/\/www.africa-press.net\/cotedivoire\/\",\"name\":\"C\u00f4te d&#039;Ivoire\",\"description\":\"Just another Africa News Agency Sites site\",\"potentialAction\":[{\"@type\":\"SearchAction\",\"target\":{\"@type\":\"EntryPoint\",\"urlTemplate\":\"https:\/\/www.africa-press.net\/cotedivoire\/?s={search_term_string}\"},\"query-input\":{\"@type\":\"PropertyValueSpecification\",\"valueRequired\":true,\"valueName\":\"search_term_string\"}}],\"inLanguage\":\"fr-FR\"},{\"@type\":\"Person\",\"@id\":\"https:\/\/www.africa-press.net\/cotedivoire\/#\/schema\/person\/2b1cf3cd81a31e3cd26889ca66d677f1\",\"name\":\"cfeditorfr\"}]}<\/script>\n<!-- \/ Yoast SEO Premium plugin. -->","yoast_head_json":{"title":"Un tournant pour la formation professionnelle avec la remise de 125 598 dipl\u00f4mes - C\u00f4te d&#039;Ivoire","robots":{"index":"index","follow":"follow","max-snippet":"max-snippet:-1","max-image-preview":"max-image-preview:large","max-video-preview":"max-video-preview:-1"},"canonical":"https:\/\/www.africa-press.net\/cotedivoire\/politique\/un-tournant-pour-la-formation-professionnelle-avec-la-remise-de-125-598-diplomes","og_locale":"fr_FR","og_type":"article","og_title":"Un tournant pour la formation professionnelle avec la remise de 125 598 dipl\u00f4mes","og_description":"Africa-Press &#8211; C\u00f4te d&rsquo;Ivoire. Un e\u0301ve\u0301nement historique pour la formation professionnelle en Co\u0302te d&rsquo;Ivoire Le vendredi 31 janvier 2025, une ce\u0301re\u0301monie historique s&rsquo;est tenue a\u0300 Abidjan. Le ministre de l&rsquo;Enseignement technique, de la Formation professionnelle et de l&rsquo;Apprentissage, N&rsquo;Guessan Koffi, a proce\u0301de\u0301 a\u0300 la remise officielle de 125 598 diplo\u0302mes couvrant la pe\u0301riode 2014-2023. Ces [&hellip;]","og_url":"https:\/\/www.africa-press.net\/cotedivoire\/politique\/un-tournant-pour-la-formation-professionnelle-avec-la-remise-de-125-598-diplomes","og_site_name":"C\u00f4te d&#039;Ivoire","article_published_time":"2025-02-04T18:26:49+00:00","author":"cfeditorfr","twitter_card":"summary_large_image","twitter_misc":{"\u00c9crit par":"cfeditorfr","Dur\u00e9e de lecture estim\u00e9e":"2 minutes"},"schema":{"@context":"https:\/\/schema.org","@graph":[{"@type":"Article","@id":"https:\/\/www.africa-press.net\/cotedivoire\/politique\/un-tournant-pour-la-formation-professionnelle-avec-la-remise-de-125-598-diplomes#article","isPartOf":{"@id":"https:\/\/www.africa-press.net\/cotedivoire\/politique\/un-tournant-pour-la-formation-professionnelle-avec-la-remise-de-125-598-diplomes"},"author":{"name":"cfeditorfr","@id":"https:\/\/www.africa-press.net\/cotedivoire\/#\/schema\/person\/2b1cf3cd81a31e3cd26889ca66d677f1"},"headline":"Un tournant pour la formation professionnelle avec la remise de 125 598 dipl\u00f4mes","datePublished":"2025-02-04T18:26:49+00:00","mainEntityOfPage":{"@id":"https:\/\/www.africa-press.net\/cotedivoire\/politique\/un-tournant-pour-la-formation-professionnelle-avec-la-remise-de-125-598-diplomes"},"wordCount":472,"commentCount":0,"image":{"@id":"https:\/\/www.africa-press.net\/cotedivoire\/politique\/un-tournant-pour-la-formation-professionnelle-avec-la-remise-de-125-598-diplomes#primaryimage"},"thumbnailUrl":"https:\/\/static.africa-press.net\/cote\/sites\/43\/2025\/02\/sm_1738683674.874065.jpg","keywords":["C\u00f4te d'Ivoire"],"articleSection":["Culture et Art","Toutes les actualit\u00e9s"],"inLanguage":"fr-FR","potentialAction":[{"@type":"CommentAction","name":"Comment","target":["https:\/\/www.africa-press.net\/cotedivoire\/politique\/un-tournant-pour-la-formation-professionnelle-avec-la-remise-de-125-598-diplomes#respond"]}]},{"@type":"WebPage","@id":"https:\/\/www.africa-press.net\/cotedivoire\/politique\/un-tournant-pour-la-formation-professionnelle-avec-la-remise-de-125-598-diplomes","url":"https:\/\/www.africa-press.net\/cotedivoire\/politique\/un-tournant-pour-la-formation-professionnelle-avec-la-remise-de-125-598-diplomes","name":"Un tournant pour la formation professionnelle avec la remise de 125 598 dipl\u00f4mes - C\u00f4te d&#039;Ivoire","isPartOf":{"@id":"https:\/\/www.africa-press.net\/cotedivoire\/#website"},"primaryImageOfPage":{"@id":"https:\/\/www.africa-press.net\/cotedivoire\/politique\/un-tournant-pour-la-formation-professionnelle-avec-la-remise-de-125-598-diplomes#primaryimage"},"image":{"@id":"https:\/\/www.africa-press.net\/cotedivoire\/politique\/un-tournant-pour-la-formation-professionnelle-avec-la-remise-de-125-598-diplomes#primaryimage"},"thumbnailUrl":"https:\/\/static.africa-press.net\/cote\/sites\/43\/2025\/02\/sm_1738683674.874065.jpg","datePublished":"2025-02-04T18:26:49+00:00","author":{"@id":"https:\/\/www.africa-press.net\/cotedivoire\/#\/schema\/person\/2b1cf3cd81a31e3cd26889ca66d677f1"},"breadcrumb":{"@id":"https:\/\/www.africa-press.net\/cotedivoire\/politique\/un-tournant-pour-la-formation-professionnelle-avec-la-remise-de-125-598-diplomes#breadcrumb"},"inLanguage":"fr-FR","potentialAction":[{"@type":"ReadAction","target":["https:\/\/www.africa-press.net\/cotedivoire\/politique\/un-tournant-pour-la-formation-professionnelle-avec-la-remise-de-125-598-diplomes"]}]},{"@type":"ImageObject","inLanguage":"fr-FR","@id":"https:\/\/www.africa-press.net\/cotedivoire\/politique\/un-tournant-pour-la-formation-professionnelle-avec-la-remise-de-125-598-diplomes#primaryimage","url":"https:\/\/static.africa-press.net\/cote\/sites\/43\/2025\/02\/sm_1738683674.874065.jpg","contentUrl":"https:\/\/static.africa-press.net\/cote\/sites\/43\/2025\/02\/sm_1738683674.874065.jpg","width":720,"height":499,"caption":"Un tournant pour la formation professionnelle avec la remise de 125 598 dipl\u00f4mes"},{"@type":"BreadcrumbList","@id":"https:\/\/www.africa-press.net\/cotedivoire\/politique\/un-tournant-pour-la-formation-professionnelle-avec-la-remise-de-125-598-diplomes#breadcrumb","itemListElement":[{"@type":"ListItem","position":1,"name":"Accueil","item":"https:\/\/www.africa-press.net\/cotedivoire\/"},{"@type":"ListItem","position":2,"name":"Un tournant pour la formation professionnelle avec la remise de 125 598 dipl\u00f4mes"}]},{"@type":"WebSite","@id":"https:\/\/www.africa-press.net\/cotedivoire\/#website","url":"https:\/\/www.africa-press.net\/cotedivoire\/","name":"C\u00f4te d&#039;Ivoire","description":"Just another Africa News Agency Sites site","potentialAction":[{"@type":"SearchAction","target":{"@type":"EntryPoint","urlTemplate":"https:\/\/www.africa-press.net\/cotedivoire\/?s={search_term_string}"},"query-input":{"@type":"PropertyValueSpecification","valueRequired":true,"valueName":"search_term_string"}}],"inLanguage":"fr-FR"},{"@type":"Person","@id":"https:\/\/www.africa-press.net\/cotedivoire\/#\/schema\/person\/2b1cf3cd81a31e3cd26889ca66d677f1","name":"cfeditorfr"}]}},"_links":{"self":[{"href":"https:\/\/www.africa-press.net\/cotedivoire\/wp-json\/wp\/v2\/posts\/94686","targetHints":{"allow":["GET"]}}],"collection":[{"href":"https:\/\/www.africa-press.net\/cotedivoire\/wp-json\/wp\/v2\/posts"}],"about":[{"href":"https:\/\/www.africa-press.net\/cotedivoire\/wp-json\/wp\/v2\/types\/post"}],"author":[{"embeddable":true,"href":"https:\/\/www.africa-press.net\/cotedivoire\/wp-json\/wp\/v2\/users\/82"}],"replies":[{"embeddable":true,"href":"https:\/\/www.africa-press.net\/cotedivoire\/wp-json\/wp\/v2\/comments?post=94686"}],"version-history":[{"count":0,"href":"https:\/\/www.africa-press.net\/cotedivoire\/wp-json\/wp\/v2\/posts\/94686\/revisions"}],"wp:featuredmedia":[{"embeddable":true,"href":"https:\/\/www.africa-press.net\/cotedivoire\/wp-json\/wp\/v2\/media\/94685"}],"wp:attachment":[{"href":"https:\/\/www.africa-press.net\/cotedivoire\/wp-json\/wp\/v2\/media?parent=94686"}],"wp:term":[{"taxonomy":"category","embeddable":true,"href":"https:\/\/www.africa-press.net\/cotedivoire\/wp-json\/wp\/v2\/categories?post=94686"},{"taxonomy":"post_tag","embeddable":true,"href":"https:\/\/www.africa-press.net\/cotedivoire\/wp-json\/wp\/v2\/tags?post=94686"}],"curies":[{"name":"wp","href":"https:\/\/api.w.org\/{rel}","templated":true}]}}