{"id":94698,"date":"2025-02-04T18:43:48","date_gmt":"2025-02-04T18:43:48","guid":{"rendered":"https:\/\/www.africa-press.net\/cotedivoire\/politique\/lutte-contre-le-terrorisme-legypte-reaffirme-son-soutien-au-burkina"},"modified":"2025-02-04T18:43:48","modified_gmt":"2025-02-04T18:43:48","slug":"lutte-contre-le-terrorisme-legypte-reaffirme-son-soutien-au-burkina","status":"publish","type":"post","link":"https:\/\/www.africa-press.net\/cotedivoire\/politique\/lutte-contre-le-terrorisme-legypte-reaffirme-son-soutien-au-burkina","title":{"rendered":"Lutte contre le terrorisme: l\u2019Egypte r\u00e9affirme son soutien au Burkina"},"content":{"rendered":"<p><span style=\"color: #ff6600\"><strong>Africa-Press &#8211; C\u00f4te d&rsquo;Ivoire. <\/strong><\/span><b>Le Premier ministre, Rimtalba Jean Emmanuel Oue\u0301draogo, a accorde\u0301 une audience, ce lundi 3 fe\u0301vrier 2025, a\u0300 l\u2019ambassadeur de la Re\u0301publique arabe d\u2019Egypte au Burkina Faso, M. Sherif A. K. Nada. Les deux personnalite\u0301s ont aborde\u0301 des questions relatives au renforcement des relations bilate\u0301rales entre leurs pays.<\/b><\/p>\n<p>Le diplomate e\u0301gyptien e\u0301tait porteur d\u2019une lettre de fe\u0301licitation du Premier ministre e\u0301gyptien a\u0300 son homologue burkinabe\u0300. \u00ab Je suis porteur d\u2019un message de fe\u0301licitations de son Excellence monsieur le Premier ministre e\u0301gyptien a\u0300 son homologue burkinabe\u0300 pour sa prise de fonction a\u0300 la te\u0302te du gouvernement du Burkina Faso \u00bb, a-t-il de\u0301clare\u0301. Il a e\u0301galement re\u0301affirme\u0301 l\u2019engagement de l\u2019Egypte a\u0300 soutenir le Burkina Faso dans sa lutte contre le terrorisme et pour la reconque\u0302te de son inte\u0301grite\u0301 territoriale.<\/p>\n<p>\u00ab L\u2019Egypte se tient aux co\u0302te\u0301s du Burkina Faso dans cette e\u0301preuve et soutient ses efforts pour e\u0301radiquer les forces du mal \u00bb, a souligne\u0301 l\u2019ambassadeur. Un autre point cle\u0301 de cette audience a concerne\u0301 l\u2019exploration des diffe\u0301rents axes de coope\u0301ration entre les deux pays. Selon M. Sherif A. K. Nada, \u00ab le Burkina Faso et l\u2019Egypte entretiennent des relations excellentes et fructueuses \u00bb et les deux pays \u0153uvrent a\u0300 les consolider et a\u0300 les e\u0301largir vers de nouveaux horizons.<\/p>\n<p>Le Premier ministre Rimtalba Jean Emmanuel Oue\u0301draogo a, pour sa part, marque\u0301 sa disponibilite\u0301 a\u0300 renforcer cette coope\u0301ration et a encourage\u0301 l\u2019ambassade a\u0300 poursuivre dans cette dynamique. Il a insiste\u0301 sur l\u2019importance d\u2019intensifier les relations bilate\u0301rales afin de favoriser des inte\u0301re\u0302ts communs profitables aux deux nations. Au-dela\u0300 des collaborations gouvernementales, M. Nada a e\u0301galement souligne\u0301 les opportunite\u0301s de coope\u0301ration entre les secteurs prive\u0301s des deux pays.<\/p>\n<p>\u00ab Il y a vraiment de bonnes perspectives a\u0300 explorer, notamment dans le domaine du commerce. Les marche\u0301s seront ouverts pour les e\u0301changes au profit de nos populations \u00bb, a-t-il conclu. Cette rencontre marque une e\u0301tape supple\u0301mentaire dans le raffermissement des liens entre Ouagadougou et Caire, ouvrant la voie a\u0300 une nouvelle dynamique de coope\u0301ration profitable aux deux peuples.<br \/>\n<b> <\/b><\/p>\n<p><strong>Pour plus d&rsquo;informations et d&rsquo;analyses sur la <span style=\"color: #ff6600\">C\u00f4te d&rsquo;Ivoire<\/span>, suivez <span style=\"color: #ff6600\">Africa-Press<span style=\"color: #ff6600\"><\/span><\/strong><\/p>\n","protected":false},"excerpt":{"rendered":"<p>Africa-Press &#8211; C\u00f4te d&rsquo;Ivoire. Le Premier ministre, Rimtalba Jean Emmanuel Oue\u0301draogo, a accorde\u0301 une audience, ce lundi 3 fe\u0301vrier 2025, a\u0300 l\u2019ambassadeur de la Re\u0301publique arabe d\u2019Egypte au Burkina Faso, M. Sherif A. K. Nada. Les deux personnalite\u0301s ont aborde\u0301 des questions relatives au renforcement des relations bilate\u0301rales entre leurs pays. Le diplomate e\u0301gyptien e\u0301tait [&hellip;]<\/p>\n","protected":false},"author":82,"featured_media":94697,"comment_status":"open","ping_status":"closed","sticky":false,"template":"","format":"standard","meta":{"footnotes":""},"categories":[2,10],"tags":[4033,37,2629,166],"class_list":["post-94698","post","type-post","status-publish","format-standard","has-post-thumbnail","hentry","category-politique","category-toutes-les-actualites","tag-burkina","tag-cote-divoire-2","tag-egypte-2","tag-terrorisme"],"yoast_head":"<!-- This site is optimized with the Yoast SEO Premium plugin v26.1 (Yoast SEO v27.0) - https:\/\/yoast.com\/product\/yoast-seo-premium-wordpress\/ -->\n<title>Lutte contre le terrorisme: l\u2019Egypte r\u00e9affirme son soutien au Burkina - C\u00f4te d&#039;Ivoire<\/title>\n<meta name=\"robots\" content=\"index, follow, max-snippet:-1, max-image-preview:large, max-video-preview:-1\" \/>\n<link rel=\"canonical\" href=\"https:\/\/www.africa-press.net\/cotedivoire\/politique\/lutte-contre-le-terrorisme-legypte-reaffirme-son-soutien-au-burkina\" \/>\n<meta property=\"og:locale\" content=\"fr_FR\" \/>\n<meta property=\"og:type\" content=\"article\" \/>\n<meta property=\"og:title\" content=\"Lutte contre le terrorisme: l\u2019Egypte r\u00e9affirme son soutien au Burkina\" \/>\n<meta property=\"og:description\" content=\"Africa-Press &#8211; C\u00f4te d&rsquo;Ivoire. Le Premier ministre, Rimtalba Jean Emmanuel Oue\u0301draogo, a accorde\u0301 une audience, ce lundi 3 fe\u0301vrier 2025, a\u0300 l\u2019ambassadeur de la Re\u0301publique arabe d\u2019Egypte au Burkina Faso, M. Sherif A. K. Nada. Les deux personnalite\u0301s ont aborde\u0301 des questions relatives au renforcement des relations bilate\u0301rales entre leurs pays. Le diplomate e\u0301gyptien e\u0301tait [&hellip;]\" \/>\n<meta property=\"og:url\" content=\"https:\/\/www.africa-press.net\/cotedivoire\/politique\/lutte-contre-le-terrorisme-legypte-reaffirme-son-soutien-au-burkina\" \/>\n<meta property=\"og:site_name\" content=\"C\u00f4te d&#039;Ivoire\" \/>\n<meta property=\"article:published_time\" content=\"2025-02-04T18:43:48+00:00\" \/>\n<meta name=\"author\" content=\"cfeditorfr\" \/>\n<meta name=\"twitter:card\" content=\"summary_large_image\" \/>\n<meta name=\"twitter:label1\" content=\"\u00c9crit par\" \/>\n\t<meta name=\"twitter:data1\" content=\"cfeditorfr\" \/>\n\t<meta name=\"twitter:label2\" content=\"Dur\u00e9e de lecture estim\u00e9e\" \/>\n\t<meta name=\"twitter:data2\" content=\"2 minutes\" \/>\n<script type=\"application\/ld+json\" class=\"yoast-schema-graph\">{\"@context\":\"https:\/\/schema.org\",\"@graph\":[{\"@type\":\"Article\",\"@id\":\"https:\/\/www.africa-press.net\/cotedivoire\/politique\/lutte-contre-le-terrorisme-legypte-reaffirme-son-soutien-au-burkina#article\",\"isPartOf\":{\"@id\":\"https:\/\/www.africa-press.net\/cotedivoire\/politique\/lutte-contre-le-terrorisme-legypte-reaffirme-son-soutien-au-burkina\"},\"author\":{\"name\":\"cfeditorfr\",\"@id\":\"https:\/\/www.africa-press.net\/cotedivoire\/#\/schema\/person\/2b1cf3cd81a31e3cd26889ca66d677f1\"},\"headline\":\"Lutte contre le terrorisme: l\u2019Egypte r\u00e9affirme son soutien au Burkina\",\"datePublished\":\"2025-02-04T18:43:48+00:00\",\"mainEntityOfPage\":{\"@id\":\"https:\/\/www.africa-press.net\/cotedivoire\/politique\/lutte-contre-le-terrorisme-legypte-reaffirme-son-soutien-au-burkina\"},\"wordCount\":405,\"commentCount\":0,\"image\":{\"@id\":\"https:\/\/www.africa-press.net\/cotedivoire\/politique\/lutte-contre-le-terrorisme-legypte-reaffirme-son-soutien-au-burkina#primaryimage\"},\"thumbnailUrl\":\"https:\/\/static.africa-press.net\/cote\/sites\/43\/2025\/02\/sm_1738683876.347936.jpg\",\"keywords\":[\"Burkina\",\"C\u00f4te d'Ivoire\",\"EGYPTE\",\"Terrorisme\"],\"articleSection\":[\"Politique\",\"Toutes les actualit\u00e9s\"],\"inLanguage\":\"fr-FR\",\"potentialAction\":[{\"@type\":\"CommentAction\",\"name\":\"Comment\",\"target\":[\"https:\/\/www.africa-press.net\/cotedivoire\/politique\/lutte-contre-le-terrorisme-legypte-reaffirme-son-soutien-au-burkina#respond\"]}]},{\"@type\":\"WebPage\",\"@id\":\"https:\/\/www.africa-press.net\/cotedivoire\/politique\/lutte-contre-le-terrorisme-legypte-reaffirme-son-soutien-au-burkina\",\"url\":\"https:\/\/www.africa-press.net\/cotedivoire\/politique\/lutte-contre-le-terrorisme-legypte-reaffirme-son-soutien-au-burkina\",\"name\":\"Lutte contre le terrorisme: l\u2019Egypte r\u00e9affirme son soutien au Burkina - C\u00f4te d&#039;Ivoire\",\"isPartOf\":{\"@id\":\"https:\/\/www.africa-press.net\/cotedivoire\/#website\"},\"primaryImageOfPage\":{\"@id\":\"https:\/\/www.africa-press.net\/cotedivoire\/politique\/lutte-contre-le-terrorisme-legypte-reaffirme-son-soutien-au-burkina#primaryimage\"},\"image\":{\"@id\":\"https:\/\/www.africa-press.net\/cotedivoire\/politique\/lutte-contre-le-terrorisme-legypte-reaffirme-son-soutien-au-burkina#primaryimage\"},\"thumbnailUrl\":\"https:\/\/static.africa-press.net\/cote\/sites\/43\/2025\/02\/sm_1738683876.347936.jpg\",\"datePublished\":\"2025-02-04T18:43:48+00:00\",\"author\":{\"@id\":\"https:\/\/www.africa-press.net\/cotedivoire\/#\/schema\/person\/2b1cf3cd81a31e3cd26889ca66d677f1\"},\"breadcrumb\":{\"@id\":\"https:\/\/www.africa-press.net\/cotedivoire\/politique\/lutte-contre-le-terrorisme-legypte-reaffirme-son-soutien-au-burkina#breadcrumb\"},\"inLanguage\":\"fr-FR\",\"potentialAction\":[{\"@type\":\"ReadAction\",\"target\":[\"https:\/\/www.africa-press.net\/cotedivoire\/politique\/lutte-contre-le-terrorisme-legypte-reaffirme-son-soutien-au-burkina\"]}]},{\"@type\":\"ImageObject\",\"inLanguage\":\"fr-FR\",\"@id\":\"https:\/\/www.africa-press.net\/cotedivoire\/politique\/lutte-contre-le-terrorisme-legypte-reaffirme-son-soutien-au-burkina#primaryimage\",\"url\":\"https:\/\/static.africa-press.net\/cote\/sites\/43\/2025\/02\/sm_1738683876.347936.jpg\",\"contentUrl\":\"https:\/\/static.africa-press.net\/cote\/sites\/43\/2025\/02\/sm_1738683876.347936.jpg\",\"width\":787,\"height\":447,\"caption\":\"Lutte contre le terrorisme: l\u2019Egypte r\u00e9affirme son soutien au Burkina\"},{\"@type\":\"BreadcrumbList\",\"@id\":\"https:\/\/www.africa-press.net\/cotedivoire\/politique\/lutte-contre-le-terrorisme-legypte-reaffirme-son-soutien-au-burkina#breadcrumb\",\"itemListElement\":[{\"@type\":\"ListItem\",\"position\":1,\"name\":\"Accueil\",\"item\":\"https:\/\/www.africa-press.net\/cotedivoire\/\"},{\"@type\":\"ListItem\",\"position\":2,\"name\":\"Lutte contre le terrorisme: l\u2019Egypte r\u00e9affirme son soutien au Burkina\"}]},{\"@type\":\"WebSite\",\"@id\":\"https:\/\/www.africa-press.net\/cotedivoire\/#website\",\"url\":\"https:\/\/www.africa-press.net\/cotedivoire\/\",\"name\":\"C\u00f4te d&#039;Ivoire\",\"description\":\"Just another Africa News Agency Sites site\",\"potentialAction\":[{\"@type\":\"SearchAction\",\"target\":{\"@type\":\"EntryPoint\",\"urlTemplate\":\"https:\/\/www.africa-press.net\/cotedivoire\/?s={search_term_string}\"},\"query-input\":{\"@type\":\"PropertyValueSpecification\",\"valueRequired\":true,\"valueName\":\"search_term_string\"}}],\"inLanguage\":\"fr-FR\"},{\"@type\":\"Person\",\"@id\":\"https:\/\/www.africa-press.net\/cotedivoire\/#\/schema\/person\/2b1cf3cd81a31e3cd26889ca66d677f1\",\"name\":\"cfeditorfr\"}]}<\/script>\n<!-- \/ Yoast SEO Premium plugin. -->","yoast_head_json":{"title":"Lutte contre le terrorisme: l\u2019Egypte r\u00e9affirme son soutien au Burkina - C\u00f4te d&#039;Ivoire","robots":{"index":"index","follow":"follow","max-snippet":"max-snippet:-1","max-image-preview":"max-image-preview:large","max-video-preview":"max-video-preview:-1"},"canonical":"https:\/\/www.africa-press.net\/cotedivoire\/politique\/lutte-contre-le-terrorisme-legypte-reaffirme-son-soutien-au-burkina","og_locale":"fr_FR","og_type":"article","og_title":"Lutte contre le terrorisme: l\u2019Egypte r\u00e9affirme son soutien au Burkina","og_description":"Africa-Press &#8211; C\u00f4te d&rsquo;Ivoire. Le Premier ministre, Rimtalba Jean Emmanuel Oue\u0301draogo, a accorde\u0301 une audience, ce lundi 3 fe\u0301vrier 2025, a\u0300 l\u2019ambassadeur de la Re\u0301publique arabe d\u2019Egypte au Burkina Faso, M. Sherif A. K. Nada. Les deux personnalite\u0301s ont aborde\u0301 des questions relatives au renforcement des relations bilate\u0301rales entre leurs pays. Le diplomate e\u0301gyptien e\u0301tait [&hellip;]","og_url":"https:\/\/www.africa-press.net\/cotedivoire\/politique\/lutte-contre-le-terrorisme-legypte-reaffirme-son-soutien-au-burkina","og_site_name":"C\u00f4te d&#039;Ivoire","article_published_time":"2025-02-04T18:43:48+00:00","author":"cfeditorfr","twitter_card":"summary_large_image","twitter_misc":{"\u00c9crit par":"cfeditorfr","Dur\u00e9e de lecture estim\u00e9e":"2 minutes"},"schema":{"@context":"https:\/\/schema.org","@graph":[{"@type":"Article","@id":"https:\/\/www.africa-press.net\/cotedivoire\/politique\/lutte-contre-le-terrorisme-legypte-reaffirme-son-soutien-au-burkina#article","isPartOf":{"@id":"https:\/\/www.africa-press.net\/cotedivoire\/politique\/lutte-contre-le-terrorisme-legypte-reaffirme-son-soutien-au-burkina"},"author":{"name":"cfeditorfr","@id":"https:\/\/www.africa-press.net\/cotedivoire\/#\/schema\/person\/2b1cf3cd81a31e3cd26889ca66d677f1"},"headline":"Lutte contre le terrorisme: l\u2019Egypte r\u00e9affirme son soutien au Burkina","datePublished":"2025-02-04T18:43:48+00:00","mainEntityOfPage":{"@id":"https:\/\/www.africa-press.net\/cotedivoire\/politique\/lutte-contre-le-terrorisme-legypte-reaffirme-son-soutien-au-burkina"},"wordCount":405,"commentCount":0,"image":{"@id":"https:\/\/www.africa-press.net\/cotedivoire\/politique\/lutte-contre-le-terrorisme-legypte-reaffirme-son-soutien-au-burkina#primaryimage"},"thumbnailUrl":"https:\/\/static.africa-press.net\/cote\/sites\/43\/2025\/02\/sm_1738683876.347936.jpg","keywords":["Burkina","C\u00f4te d'Ivoire","EGYPTE","Terrorisme"],"articleSection":["Politique","Toutes les actualit\u00e9s"],"inLanguage":"fr-FR","potentialAction":[{"@type":"CommentAction","name":"Comment","target":["https:\/\/www.africa-press.net\/cotedivoire\/politique\/lutte-contre-le-terrorisme-legypte-reaffirme-son-soutien-au-burkina#respond"]}]},{"@type":"WebPage","@id":"https:\/\/www.africa-press.net\/cotedivoire\/politique\/lutte-contre-le-terrorisme-legypte-reaffirme-son-soutien-au-burkina","url":"https:\/\/www.africa-press.net\/cotedivoire\/politique\/lutte-contre-le-terrorisme-legypte-reaffirme-son-soutien-au-burkina","name":"Lutte contre le terrorisme: l\u2019Egypte r\u00e9affirme son soutien au Burkina - C\u00f4te d&#039;Ivoire","isPartOf":{"@id":"https:\/\/www.africa-press.net\/cotedivoire\/#website"},"primaryImageOfPage":{"@id":"https:\/\/www.africa-press.net\/cotedivoire\/politique\/lutte-contre-le-terrorisme-legypte-reaffirme-son-soutien-au-burkina#primaryimage"},"image":{"@id":"https:\/\/www.africa-press.net\/cotedivoire\/politique\/lutte-contre-le-terrorisme-legypte-reaffirme-son-soutien-au-burkina#primaryimage"},"thumbnailUrl":"https:\/\/static.africa-press.net\/cote\/sites\/43\/2025\/02\/sm_1738683876.347936.jpg","datePublished":"2025-02-04T18:43:48+00:00","author":{"@id":"https:\/\/www.africa-press.net\/cotedivoire\/#\/schema\/person\/2b1cf3cd81a31e3cd26889ca66d677f1"},"breadcrumb":{"@id":"https:\/\/www.africa-press.net\/cotedivoire\/politique\/lutte-contre-le-terrorisme-legypte-reaffirme-son-soutien-au-burkina#breadcrumb"},"inLanguage":"fr-FR","potentialAction":[{"@type":"ReadAction","target":["https:\/\/www.africa-press.net\/cotedivoire\/politique\/lutte-contre-le-terrorisme-legypte-reaffirme-son-soutien-au-burkina"]}]},{"@type":"ImageObject","inLanguage":"fr-FR","@id":"https:\/\/www.africa-press.net\/cotedivoire\/politique\/lutte-contre-le-terrorisme-legypte-reaffirme-son-soutien-au-burkina#primaryimage","url":"https:\/\/static.africa-press.net\/cote\/sites\/43\/2025\/02\/sm_1738683876.347936.jpg","contentUrl":"https:\/\/static.africa-press.net\/cote\/sites\/43\/2025\/02\/sm_1738683876.347936.jpg","width":787,"height":447,"caption":"Lutte contre le terrorisme: l\u2019Egypte r\u00e9affirme son soutien au Burkina"},{"@type":"BreadcrumbList","@id":"https:\/\/www.africa-press.net\/cotedivoire\/politique\/lutte-contre-le-terrorisme-legypte-reaffirme-son-soutien-au-burkina#breadcrumb","itemListElement":[{"@type":"ListItem","position":1,"name":"Accueil","item":"https:\/\/www.africa-press.net\/cotedivoire\/"},{"@type":"ListItem","position":2,"name":"Lutte contre le terrorisme: l\u2019Egypte r\u00e9affirme son soutien au Burkina"}]},{"@type":"WebSite","@id":"https:\/\/www.africa-press.net\/cotedivoire\/#website","url":"https:\/\/www.africa-press.net\/cotedivoire\/","name":"C\u00f4te d&#039;Ivoire","description":"Just another Africa News Agency Sites site","potentialAction":[{"@type":"SearchAction","target":{"@type":"EntryPoint","urlTemplate":"https:\/\/www.africa-press.net\/cotedivoire\/?s={search_term_string}"},"query-input":{"@type":"PropertyValueSpecification","valueRequired":true,"valueName":"search_term_string"}}],"inLanguage":"fr-FR"},{"@type":"Person","@id":"https:\/\/www.africa-press.net\/cotedivoire\/#\/schema\/person\/2b1cf3cd81a31e3cd26889ca66d677f1","name":"cfeditorfr"}]}},"_links":{"self":[{"href":"https:\/\/www.africa-press.net\/cotedivoire\/wp-json\/wp\/v2\/posts\/94698","targetHints":{"allow":["GET"]}}],"collection":[{"href":"https:\/\/www.africa-press.net\/cotedivoire\/wp-json\/wp\/v2\/posts"}],"about":[{"href":"https:\/\/www.africa-press.net\/cotedivoire\/wp-json\/wp\/v2\/types\/post"}],"author":[{"embeddable":true,"href":"https:\/\/www.africa-press.net\/cotedivoire\/wp-json\/wp\/v2\/users\/82"}],"replies":[{"embeddable":true,"href":"https:\/\/www.africa-press.net\/cotedivoire\/wp-json\/wp\/v2\/comments?post=94698"}],"version-history":[{"count":0,"href":"https:\/\/www.africa-press.net\/cotedivoire\/wp-json\/wp\/v2\/posts\/94698\/revisions"}],"wp:featuredmedia":[{"embeddable":true,"href":"https:\/\/www.africa-press.net\/cotedivoire\/wp-json\/wp\/v2\/media\/94697"}],"wp:attachment":[{"href":"https:\/\/www.africa-press.net\/cotedivoire\/wp-json\/wp\/v2\/media?parent=94698"}],"wp:term":[{"taxonomy":"category","embeddable":true,"href":"https:\/\/www.africa-press.net\/cotedivoire\/wp-json\/wp\/v2\/categories?post=94698"},{"taxonomy":"post_tag","embeddable":true,"href":"https:\/\/www.africa-press.net\/cotedivoire\/wp-json\/wp\/v2\/tags?post=94698"}],"curies":[{"name":"wp","href":"https:\/\/api.w.org\/{rel}","templated":true}]}}