{"id":9471,"date":"2021-06-26T17:26:14","date_gmt":"2021-06-26T17:26:14","guid":{"rendered":"https:\/\/www.africa-press.net\/cotedivoire\/?p=9471"},"modified":"2021-06-26T18:15:57","modified_gmt":"2021-06-26T18:15:57","slug":"les-avocats-de-soro-feront-appel-au-jugement-scelerat-apres-sa-condamnation-a-vie-en-cote-divoire","status":"publish","type":"post","link":"https:\/\/www.africa-press.net\/cotedivoire\/politique\/les-avocats-de-soro-feront-appel-au-jugement-scelerat-apres-sa-condamnation-a-vie-en-cote-divoire","title":{"rendered":"Les avocats de Soro feront appel au \u00ab\u00a0jugement sc\u00e9l\u00e9rat\u00a0\u00bb apr\u00e8s sa condamnation \u00e0 vie en C\u00f4te-d\u2019Ivoire"},"content":{"rendered":"<p><span style=\"color: #ff6600\"><strong><a href=\"https:\/\/www.africa-press.net\/\">Africa-Press<\/a> &#8211; <a href=\"https:\/\/www.africa-press.net\/cotedivoire\">C\u00f4te d&rsquo;Ivoire<\/a>. <\/strong><\/span>Le collectif des avocats de l\u2019ex-pr\u00e9sident de l\u2019Assembl\u00e9e nationale, Guillaume Soro, condamn\u00e9 mercredi \u00e0 la perp\u00e9tuit\u00e9 par la justice ivoirienne pour \u00ab complot et atteinte \u00e0 l\u2019autorit\u00e9 de l\u2019Etat \u00bb, ont annonc\u00e9 faire appel de ce jugement qu\u2019ils qualifient de \u00ab sc\u00e9l\u00e9rat \u00bb, dans une note vendredi.<\/p>\n<p>\u00ab Le jugement rendu par le Tribunal criminel d\u2019Abidjan-Plateau sera contest\u00e9 \u00e0 l\u2019aide de toutes les voies de droit possibles. Appel sera interjet\u00e9, et les juridictions internationales seront saisies \u00bb, peut-on lire dans la note sign\u00e9e de Me Affoussy Bamba et de Me Robin Binsard.<\/p>\n<p>Guillaume Soro, actuellement en exil, a \u00e9t\u00e9 condamn\u00e9 \u00e0 la prison \u00ab \u00e0 vie \u00bb pour complot et atteinte \u00e0 l\u2019autorit\u00e9 de l\u2019Etat, en plus de sa condamnation \u00e0 20 ans de prison en avril 2020 pour recel de deniers publics et blanchiment de capitaux.<\/p>\n<p>Pour ces deux avocats, \u00ab nul ne peut rester indiff\u00e9rent, et la honte et le discr\u00e9dit ont d\u00e9j\u00e0 emport\u00e9 tous ceux qui ont organis\u00e9 et particip\u00e9 \u00e0 ce complot, ainsi que les juges qui ont sign\u00e9 ce jugement sc\u00e9l\u00e9rat. \u00bb<\/p>\n<p>Les avocats ont d\u00e9nonc\u00e9 par ailleurs \u00ab un jugement \u00e9crit par avance, avait \u00e9t\u00e9 dict\u00e9 par le Pr\u00e9sident de la R\u00e9publique dans des d\u00e9clarations publiques, en violation flagrante de la s\u00e9paration des pouvoirs ex\u00e9cutif et judiciaire. \u00bb<\/p>\n<p>En effet, dans une interview accord\u00e9e \u00e0 Le Monde en octobre 2020, Alassane Ouattara a estim\u00e9 que M. Soro m\u00e9rite la prison \u00e0 perp\u00e9tuit\u00e9 pour ce qu\u2019il a fait \u00bb, relevant que \u00ab des tonnes d\u2019armes \u00bb ont \u00e9t\u00e9 retrouv\u00e9es chez ce dernier \u00ab apr\u00e8s les mutineries de 2017\u2033, ainsi qu\u2019 \u00bbau si\u00e8ge de son parti \u00bb fin 2019.<\/p>\n<p>La d\u00e9fense de M. Guillaume SORO dit ainsi \u00ab constater l\u2019\u00e9vidente partialit\u00e9 et l\u2019absence d\u2019ind\u00e9pendance des magistrats du Tribunal criminel, qui ont conduit ce proc\u00e8s au m\u00e9pris des plus \u00e9l\u00e9mentaires principes juridiques. \u00bb<\/p>\n<p>19 proches de l\u2019ex-pr\u00e9sident de l\u2019Assembl\u00e9e nationale ont \u00e9galement \u00e9t\u00e9 jug\u00e9s \u00e0 l\u2019issue du m\u00eame proc\u00e8s, plusieurs de ses collaborateurs dont son directeur de communication Moussa Tour\u00e9, son directeur de protocole Souleymane Kamarat\u00e9 ou encore des membres de sa s\u00e9curit\u00e9 ont \u00e9cop\u00e9 de 20 ans de prison.<\/p>\n<p>&nbsp;<\/p>\n","protected":false},"excerpt":{"rendered":"<p>Africa-Press &#8211; C\u00f4te d&rsquo;Ivoire. Le collectif des avocats de l\u2019ex-pr\u00e9sident de l\u2019Assembl\u00e9e nationale, Guillaume Soro, condamn\u00e9 mercredi \u00e0 la perp\u00e9tuit\u00e9 par la justice ivoirienne pour \u00ab complot et atteinte \u00e0 l\u2019autorit\u00e9 de l\u2019Etat \u00bb, ont annonc\u00e9 faire appel de ce jugement qu\u2019ils qualifient de \u00ab sc\u00e9l\u00e9rat \u00bb, dans une note vendredi. \u00ab Le jugement rendu [&hellip;]<\/p>\n","protected":false},"author":82,"featured_media":9470,"comment_status":"open","ping_status":"closed","sticky":false,"template":"","format":"standard","meta":{"footnotes":""},"categories":[11,2,10],"tags":[56,63,29],"class_list":["post-9471","post","type-post","status-publish","format-standard","has-post-thumbnail","hentry","category-homepage-french","category-politique","category-toutes-les-actualites","tag-africa-press","tag-africa-press-cote-divoire","tag-cote-divoire"],"yoast_head":"<!-- This site is optimized with the Yoast SEO Premium plugin v26.1 (Yoast SEO v27.0) - https:\/\/yoast.com\/product\/yoast-seo-premium-wordpress\/ -->\n<title>Les avocats de Soro feront appel au \u00ab\u00a0jugement sc\u00e9l\u00e9rat\u00a0\u00bb apr\u00e8s sa condamnation \u00e0 vie en C\u00f4te-d\u2019Ivoire - C\u00f4te d&#039;Ivoire<\/title>\n<meta name=\"description\" content=\"Jocelyne LIADE Le collectif des avocats de l\u2019ex-pr\u00e9sident de l\u2019Assembl\u00e9e nationale, Guillaume Soro, condamn\u00e9 mercredi \u00e0 ...\" \/>\n<meta name=\"robots\" content=\"index, follow, max-snippet:-1, max-image-preview:large, max-video-preview:-1\" \/>\n<link rel=\"canonical\" href=\"https:\/\/www.africa-press.net\/cotedivoire\/politique\/les-avocats-de-soro-feront-appel-au-jugement-scelerat-apres-sa-condamnation-a-vie-en-cote-divoire\" \/>\n<meta property=\"og:locale\" content=\"fr_FR\" \/>\n<meta property=\"og:type\" content=\"article\" \/>\n<meta property=\"og:title\" content=\"Les avocats de Soro feront appel au \u00ab\u00a0jugement sc\u00e9l\u00e9rat\u00a0\u00bb apr\u00e8s sa condamnation \u00e0 vie en C\u00f4te-d\u2019Ivoire\" \/>\n<meta property=\"og:description\" content=\"Jocelyne LIADE Le collectif des avocats de l\u2019ex-pr\u00e9sident de l\u2019Assembl\u00e9e nationale, Guillaume Soro, condamn\u00e9 mercredi \u00e0 ...\" \/>\n<meta property=\"og:url\" content=\"https:\/\/www.africa-press.net\/cotedivoire\/politique\/les-avocats-de-soro-feront-appel-au-jugement-scelerat-apres-sa-condamnation-a-vie-en-cote-divoire\" \/>\n<meta property=\"og:site_name\" content=\"C\u00f4te d&#039;Ivoire\" \/>\n<meta property=\"article:published_time\" content=\"2021-06-26T17:26:14+00:00\" \/>\n<meta property=\"article:modified_time\" content=\"2021-06-26T18:15:57+00:00\" \/>\n<meta property=\"og:image\" content=\"https:\/\/static.africa-press.net\/cote\/sites\/43\/2021\/06\/img-60d75dfd26ca6.jpg\" \/>\n\t<meta property=\"og:image:width\" content=\"861\" \/>\n\t<meta property=\"og:image:height\" content=\"470\" \/>\n\t<meta property=\"og:image:type\" content=\"image\/jpeg\" \/>\n<meta name=\"author\" content=\"cfeditorfr\" \/>\n<meta name=\"twitter:card\" content=\"summary_large_image\" \/>\n<meta name=\"twitter:label1\" content=\"\u00c9crit par\" \/>\n\t<meta name=\"twitter:data1\" content=\"cfeditorfr\" \/>\n\t<meta name=\"twitter:label2\" content=\"Dur\u00e9e de lecture estim\u00e9e\" \/>\n\t<meta name=\"twitter:data2\" content=\"2 minutes\" \/>\n<script type=\"application\/ld+json\" class=\"yoast-schema-graph\">{\"@context\":\"https:\/\/schema.org\",\"@graph\":[{\"@type\":\"Article\",\"@id\":\"https:\/\/www.africa-press.net\/cotedivoire\/politique\/les-avocats-de-soro-feront-appel-au-jugement-scelerat-apres-sa-condamnation-a-vie-en-cote-divoire#article\",\"isPartOf\":{\"@id\":\"https:\/\/www.africa-press.net\/cotedivoire\/politique\/les-avocats-de-soro-feront-appel-au-jugement-scelerat-apres-sa-condamnation-a-vie-en-cote-divoire\"},\"author\":{\"name\":\"cfeditorfr\",\"@id\":\"https:\/\/www.africa-press.net\/cotedivoire\/#\/schema\/person\/2b1cf3cd81a31e3cd26889ca66d677f1\"},\"headline\":\"Les avocats de Soro feront appel au \u00ab\u00a0jugement sc\u00e9l\u00e9rat\u00a0\u00bb apr\u00e8s sa condamnation \u00e0 vie en C\u00f4te-d\u2019Ivoire\",\"datePublished\":\"2021-06-26T17:26:14+00:00\",\"dateModified\":\"2021-06-26T18:15:57+00:00\",\"mainEntityOfPage\":{\"@id\":\"https:\/\/www.africa-press.net\/cotedivoire\/politique\/les-avocats-de-soro-feront-appel-au-jugement-scelerat-apres-sa-condamnation-a-vie-en-cote-divoire\"},\"wordCount\":394,\"commentCount\":0,\"image\":{\"@id\":\"https:\/\/www.africa-press.net\/cotedivoire\/politique\/les-avocats-de-soro-feront-appel-au-jugement-scelerat-apres-sa-condamnation-a-vie-en-cote-divoire#primaryimage\"},\"thumbnailUrl\":\"https:\/\/static.africa-press.net\/cote\/sites\/43\/2021\/06\/img-60d75dfd26ca6.jpg\",\"keywords\":[\"Africa Press\",\"Africa Press-C\u00f4te d'Ivoire\",\"C\u00d4TE D'IVOIRE\"],\"articleSection\":[\"homepage-french\",\"Politique\",\"Toutes les actualit\u00e9s\"],\"inLanguage\":\"fr-FR\",\"potentialAction\":[{\"@type\":\"CommentAction\",\"name\":\"Comment\",\"target\":[\"https:\/\/www.africa-press.net\/cotedivoire\/politique\/les-avocats-de-soro-feront-appel-au-jugement-scelerat-apres-sa-condamnation-a-vie-en-cote-divoire#respond\"]}]},{\"@type\":\"WebPage\",\"@id\":\"https:\/\/www.africa-press.net\/cotedivoire\/politique\/les-avocats-de-soro-feront-appel-au-jugement-scelerat-apres-sa-condamnation-a-vie-en-cote-divoire\",\"url\":\"https:\/\/www.africa-press.net\/cotedivoire\/politique\/les-avocats-de-soro-feront-appel-au-jugement-scelerat-apres-sa-condamnation-a-vie-en-cote-divoire\",\"name\":\"Les avocats de Soro feront appel au \u00ab\u00a0jugement sc\u00e9l\u00e9rat\u00a0\u00bb apr\u00e8s sa condamnation \u00e0 vie en C\u00f4te-d\u2019Ivoire - C\u00f4te d&#039;Ivoire\",\"isPartOf\":{\"@id\":\"https:\/\/www.africa-press.net\/cotedivoire\/#website\"},\"primaryImageOfPage\":{\"@id\":\"https:\/\/www.africa-press.net\/cotedivoire\/politique\/les-avocats-de-soro-feront-appel-au-jugement-scelerat-apres-sa-condamnation-a-vie-en-cote-divoire#primaryimage\"},\"image\":{\"@id\":\"https:\/\/www.africa-press.net\/cotedivoire\/politique\/les-avocats-de-soro-feront-appel-au-jugement-scelerat-apres-sa-condamnation-a-vie-en-cote-divoire#primaryimage\"},\"thumbnailUrl\":\"https:\/\/static.africa-press.net\/cote\/sites\/43\/2021\/06\/img-60d75dfd26ca6.jpg\",\"datePublished\":\"2021-06-26T17:26:14+00:00\",\"dateModified\":\"2021-06-26T18:15:57+00:00\",\"author\":{\"@id\":\"https:\/\/www.africa-press.net\/cotedivoire\/#\/schema\/person\/2b1cf3cd81a31e3cd26889ca66d677f1\"},\"description\":\"Jocelyne LIADE Le collectif des avocats de l\u2019ex-pr\u00e9sident de l\u2019Assembl\u00e9e nationale, Guillaume Soro, condamn\u00e9 mercredi \u00e0 ...\",\"breadcrumb\":{\"@id\":\"https:\/\/www.africa-press.net\/cotedivoire\/politique\/les-avocats-de-soro-feront-appel-au-jugement-scelerat-apres-sa-condamnation-a-vie-en-cote-divoire#breadcrumb\"},\"inLanguage\":\"fr-FR\",\"potentialAction\":[{\"@type\":\"ReadAction\",\"target\":[\"https:\/\/www.africa-press.net\/cotedivoire\/politique\/les-avocats-de-soro-feront-appel-au-jugement-scelerat-apres-sa-condamnation-a-vie-en-cote-divoire\"]}]},{\"@type\":\"ImageObject\",\"inLanguage\":\"fr-FR\",\"@id\":\"https:\/\/www.africa-press.net\/cotedivoire\/politique\/les-avocats-de-soro-feront-appel-au-jugement-scelerat-apres-sa-condamnation-a-vie-en-cote-divoire#primaryimage\",\"url\":\"https:\/\/static.africa-press.net\/cote\/sites\/43\/2021\/06\/img-60d75dfd26ca6.jpg\",\"contentUrl\":\"https:\/\/static.africa-press.net\/cote\/sites\/43\/2021\/06\/img-60d75dfd26ca6.jpg\",\"width\":861,\"height\":470,\"caption\":\"Les avocats de Soro feront appel au \u00ab\u00a0jugement sc\u00e9l\u00e9rat\u00a0\u00bb apr\u00e8s sa condamnation \u00e0 vie en C\u00f4te-d\u2019Ivoire\"},{\"@type\":\"BreadcrumbList\",\"@id\":\"https:\/\/www.africa-press.net\/cotedivoire\/politique\/les-avocats-de-soro-feront-appel-au-jugement-scelerat-apres-sa-condamnation-a-vie-en-cote-divoire#breadcrumb\",\"itemListElement\":[{\"@type\":\"ListItem\",\"position\":1,\"name\":\"Accueil\",\"item\":\"https:\/\/www.africa-press.net\/cotedivoire\/\"},{\"@type\":\"ListItem\",\"position\":2,\"name\":\"Les avocats de Soro feront appel au \u00ab\u00a0jugement sc\u00e9l\u00e9rat\u00a0\u00bb apr\u00e8s sa condamnation \u00e0 vie en C\u00f4te-d\u2019Ivoire\"}]},{\"@type\":\"WebSite\",\"@id\":\"https:\/\/www.africa-press.net\/cotedivoire\/#website\",\"url\":\"https:\/\/www.africa-press.net\/cotedivoire\/\",\"name\":\"C\u00f4te d&#039;Ivoire\",\"description\":\"Just another Africa News Agency Sites site\",\"potentialAction\":[{\"@type\":\"SearchAction\",\"target\":{\"@type\":\"EntryPoint\",\"urlTemplate\":\"https:\/\/www.africa-press.net\/cotedivoire\/?s={search_term_string}\"},\"query-input\":{\"@type\":\"PropertyValueSpecification\",\"valueRequired\":true,\"valueName\":\"search_term_string\"}}],\"inLanguage\":\"fr-FR\"},{\"@type\":\"Person\",\"@id\":\"https:\/\/www.africa-press.net\/cotedivoire\/#\/schema\/person\/2b1cf3cd81a31e3cd26889ca66d677f1\",\"name\":\"cfeditorfr\"}]}<\/script>\n<!-- \/ Yoast SEO Premium plugin. -->","yoast_head_json":{"title":"Les avocats de Soro feront appel au \u00ab\u00a0jugement sc\u00e9l\u00e9rat\u00a0\u00bb apr\u00e8s sa condamnation \u00e0 vie en C\u00f4te-d\u2019Ivoire - C\u00f4te d&#039;Ivoire","description":"Jocelyne LIADE Le collectif des avocats de l\u2019ex-pr\u00e9sident de l\u2019Assembl\u00e9e nationale, Guillaume Soro, condamn\u00e9 mercredi \u00e0 ...","robots":{"index":"index","follow":"follow","max-snippet":"max-snippet:-1","max-image-preview":"max-image-preview:large","max-video-preview":"max-video-preview:-1"},"canonical":"https:\/\/www.africa-press.net\/cotedivoire\/politique\/les-avocats-de-soro-feront-appel-au-jugement-scelerat-apres-sa-condamnation-a-vie-en-cote-divoire","og_locale":"fr_FR","og_type":"article","og_title":"Les avocats de Soro feront appel au \u00ab\u00a0jugement sc\u00e9l\u00e9rat\u00a0\u00bb apr\u00e8s sa condamnation \u00e0 vie en C\u00f4te-d\u2019Ivoire","og_description":"Jocelyne LIADE Le collectif des avocats de l\u2019ex-pr\u00e9sident de l\u2019Assembl\u00e9e nationale, Guillaume Soro, condamn\u00e9 mercredi \u00e0 ...","og_url":"https:\/\/www.africa-press.net\/cotedivoire\/politique\/les-avocats-de-soro-feront-appel-au-jugement-scelerat-apres-sa-condamnation-a-vie-en-cote-divoire","og_site_name":"C\u00f4te d&#039;Ivoire","article_published_time":"2021-06-26T17:26:14+00:00","article_modified_time":"2021-06-26T18:15:57+00:00","og_image":[{"width":861,"height":470,"url":"https:\/\/static.africa-press.net\/cote\/sites\/43\/2021\/06\/img-60d75dfd26ca6.jpg","type":"image\/jpeg"}],"author":"cfeditorfr","twitter_card":"summary_large_image","twitter_misc":{"\u00c9crit par":"cfeditorfr","Dur\u00e9e de lecture estim\u00e9e":"2 minutes"},"schema":{"@context":"https:\/\/schema.org","@graph":[{"@type":"Article","@id":"https:\/\/www.africa-press.net\/cotedivoire\/politique\/les-avocats-de-soro-feront-appel-au-jugement-scelerat-apres-sa-condamnation-a-vie-en-cote-divoire#article","isPartOf":{"@id":"https:\/\/www.africa-press.net\/cotedivoire\/politique\/les-avocats-de-soro-feront-appel-au-jugement-scelerat-apres-sa-condamnation-a-vie-en-cote-divoire"},"author":{"name":"cfeditorfr","@id":"https:\/\/www.africa-press.net\/cotedivoire\/#\/schema\/person\/2b1cf3cd81a31e3cd26889ca66d677f1"},"headline":"Les avocats de Soro feront appel au \u00ab\u00a0jugement sc\u00e9l\u00e9rat\u00a0\u00bb apr\u00e8s sa condamnation \u00e0 vie en C\u00f4te-d\u2019Ivoire","datePublished":"2021-06-26T17:26:14+00:00","dateModified":"2021-06-26T18:15:57+00:00","mainEntityOfPage":{"@id":"https:\/\/www.africa-press.net\/cotedivoire\/politique\/les-avocats-de-soro-feront-appel-au-jugement-scelerat-apres-sa-condamnation-a-vie-en-cote-divoire"},"wordCount":394,"commentCount":0,"image":{"@id":"https:\/\/www.africa-press.net\/cotedivoire\/politique\/les-avocats-de-soro-feront-appel-au-jugement-scelerat-apres-sa-condamnation-a-vie-en-cote-divoire#primaryimage"},"thumbnailUrl":"https:\/\/static.africa-press.net\/cote\/sites\/43\/2021\/06\/img-60d75dfd26ca6.jpg","keywords":["Africa Press","Africa Press-C\u00f4te d'Ivoire","C\u00d4TE D'IVOIRE"],"articleSection":["homepage-french","Politique","Toutes les actualit\u00e9s"],"inLanguage":"fr-FR","potentialAction":[{"@type":"CommentAction","name":"Comment","target":["https:\/\/www.africa-press.net\/cotedivoire\/politique\/les-avocats-de-soro-feront-appel-au-jugement-scelerat-apres-sa-condamnation-a-vie-en-cote-divoire#respond"]}]},{"@type":"WebPage","@id":"https:\/\/www.africa-press.net\/cotedivoire\/politique\/les-avocats-de-soro-feront-appel-au-jugement-scelerat-apres-sa-condamnation-a-vie-en-cote-divoire","url":"https:\/\/www.africa-press.net\/cotedivoire\/politique\/les-avocats-de-soro-feront-appel-au-jugement-scelerat-apres-sa-condamnation-a-vie-en-cote-divoire","name":"Les avocats de Soro feront appel au \u00ab\u00a0jugement sc\u00e9l\u00e9rat\u00a0\u00bb apr\u00e8s sa condamnation \u00e0 vie en C\u00f4te-d\u2019Ivoire - C\u00f4te d&#039;Ivoire","isPartOf":{"@id":"https:\/\/www.africa-press.net\/cotedivoire\/#website"},"primaryImageOfPage":{"@id":"https:\/\/www.africa-press.net\/cotedivoire\/politique\/les-avocats-de-soro-feront-appel-au-jugement-scelerat-apres-sa-condamnation-a-vie-en-cote-divoire#primaryimage"},"image":{"@id":"https:\/\/www.africa-press.net\/cotedivoire\/politique\/les-avocats-de-soro-feront-appel-au-jugement-scelerat-apres-sa-condamnation-a-vie-en-cote-divoire#primaryimage"},"thumbnailUrl":"https:\/\/static.africa-press.net\/cote\/sites\/43\/2021\/06\/img-60d75dfd26ca6.jpg","datePublished":"2021-06-26T17:26:14+00:00","dateModified":"2021-06-26T18:15:57+00:00","author":{"@id":"https:\/\/www.africa-press.net\/cotedivoire\/#\/schema\/person\/2b1cf3cd81a31e3cd26889ca66d677f1"},"description":"Jocelyne LIADE Le collectif des avocats de l\u2019ex-pr\u00e9sident de l\u2019Assembl\u00e9e nationale, Guillaume Soro, condamn\u00e9 mercredi \u00e0 ...","breadcrumb":{"@id":"https:\/\/www.africa-press.net\/cotedivoire\/politique\/les-avocats-de-soro-feront-appel-au-jugement-scelerat-apres-sa-condamnation-a-vie-en-cote-divoire#breadcrumb"},"inLanguage":"fr-FR","potentialAction":[{"@type":"ReadAction","target":["https:\/\/www.africa-press.net\/cotedivoire\/politique\/les-avocats-de-soro-feront-appel-au-jugement-scelerat-apres-sa-condamnation-a-vie-en-cote-divoire"]}]},{"@type":"ImageObject","inLanguage":"fr-FR","@id":"https:\/\/www.africa-press.net\/cotedivoire\/politique\/les-avocats-de-soro-feront-appel-au-jugement-scelerat-apres-sa-condamnation-a-vie-en-cote-divoire#primaryimage","url":"https:\/\/static.africa-press.net\/cote\/sites\/43\/2021\/06\/img-60d75dfd26ca6.jpg","contentUrl":"https:\/\/static.africa-press.net\/cote\/sites\/43\/2021\/06\/img-60d75dfd26ca6.jpg","width":861,"height":470,"caption":"Les avocats de Soro feront appel au \u00ab\u00a0jugement sc\u00e9l\u00e9rat\u00a0\u00bb apr\u00e8s sa condamnation \u00e0 vie en C\u00f4te-d\u2019Ivoire"},{"@type":"BreadcrumbList","@id":"https:\/\/www.africa-press.net\/cotedivoire\/politique\/les-avocats-de-soro-feront-appel-au-jugement-scelerat-apres-sa-condamnation-a-vie-en-cote-divoire#breadcrumb","itemListElement":[{"@type":"ListItem","position":1,"name":"Accueil","item":"https:\/\/www.africa-press.net\/cotedivoire\/"},{"@type":"ListItem","position":2,"name":"Les avocats de Soro feront appel au \u00ab\u00a0jugement sc\u00e9l\u00e9rat\u00a0\u00bb apr\u00e8s sa condamnation \u00e0 vie en C\u00f4te-d\u2019Ivoire"}]},{"@type":"WebSite","@id":"https:\/\/www.africa-press.net\/cotedivoire\/#website","url":"https:\/\/www.africa-press.net\/cotedivoire\/","name":"C\u00f4te d&#039;Ivoire","description":"Just another Africa News Agency Sites site","potentialAction":[{"@type":"SearchAction","target":{"@type":"EntryPoint","urlTemplate":"https:\/\/www.africa-press.net\/cotedivoire\/?s={search_term_string}"},"query-input":{"@type":"PropertyValueSpecification","valueRequired":true,"valueName":"search_term_string"}}],"inLanguage":"fr-FR"},{"@type":"Person","@id":"https:\/\/www.africa-press.net\/cotedivoire\/#\/schema\/person\/2b1cf3cd81a31e3cd26889ca66d677f1","name":"cfeditorfr"}]}},"_links":{"self":[{"href":"https:\/\/www.africa-press.net\/cotedivoire\/wp-json\/wp\/v2\/posts\/9471","targetHints":{"allow":["GET"]}}],"collection":[{"href":"https:\/\/www.africa-press.net\/cotedivoire\/wp-json\/wp\/v2\/posts"}],"about":[{"href":"https:\/\/www.africa-press.net\/cotedivoire\/wp-json\/wp\/v2\/types\/post"}],"author":[{"embeddable":true,"href":"https:\/\/www.africa-press.net\/cotedivoire\/wp-json\/wp\/v2\/users\/82"}],"replies":[{"embeddable":true,"href":"https:\/\/www.africa-press.net\/cotedivoire\/wp-json\/wp\/v2\/comments?post=9471"}],"version-history":[{"count":0,"href":"https:\/\/www.africa-press.net\/cotedivoire\/wp-json\/wp\/v2\/posts\/9471\/revisions"}],"wp:featuredmedia":[{"embeddable":true,"href":"https:\/\/www.africa-press.net\/cotedivoire\/wp-json\/wp\/v2\/media\/9470"}],"wp:attachment":[{"href":"https:\/\/www.africa-press.net\/cotedivoire\/wp-json\/wp\/v2\/media?parent=9471"}],"wp:term":[{"taxonomy":"category","embeddable":true,"href":"https:\/\/www.africa-press.net\/cotedivoire\/wp-json\/wp\/v2\/categories?post=9471"},{"taxonomy":"post_tag","embeddable":true,"href":"https:\/\/www.africa-press.net\/cotedivoire\/wp-json\/wp\/v2\/tags?post=9471"}],"curies":[{"name":"wp","href":"https:\/\/api.w.org\/{rel}","templated":true}]}}