{"id":94742,"date":"2025-02-05T19:10:52","date_gmt":"2025-02-05T19:10:52","guid":{"rendered":"https:\/\/www.africa-press.net\/cotedivoire\/politique\/pose-de-pierre-dune-centrale-solaire-photovoltaique-de-52-mw"},"modified":"2025-02-05T19:10:52","modified_gmt":"2025-02-05T19:10:52","slug":"pose-de-pierre-dune-centrale-solaire-photovoltaique-de-52-mw","status":"publish","type":"post","link":"https:\/\/www.africa-press.net\/cotedivoire\/economie\/pose-de-pierre-dune-centrale-solaire-photovoltaique-de-52-mw","title":{"rendered":"pose de pierre d&rsquo;une centrale solaire photovolta\u00efque de 52 Mw"},"content":{"rendered":"<p><span style=\"color: #ff6600\"><strong>Africa-Press &#8211; C\u00f4te d&rsquo;Ivoire. <\/strong><\/span>D&rsquo;une capacite\u0301 de 52,42 Me\u0301gawatts cre\u0302te, cette centrale solaire sera la deuxie\u0300me du genre apre\u0300s celle de Boundiali, chef-lieu de re\u0301gion de la Bagoue\u0301, mise en service le 03 avril 2024.<\/p>\n<p>Cette deuxie\u0300me centrale solaire photovoltai\u0308que du pays est de\u0301nomme\u0301e \u00ab Ferke\u0301 Solar \u00bb. Elle sera construite sur l&rsquo;axe Ferkesse\u0301dougou-Tafire\u0301, au niveau du village de Sokhoro 2, a\u0300 environ 5 km de Ferkesse\u0301dougou.<\/p>\n<p>D&rsquo;un cou\u0302t de 41 milliards de FCFA, le projet est re\u0301alise\u0301 par la socie\u0301te\u0301 ivoirienne PFO E\u0301nergies. Les travaux de construction sont pre\u0301vus sur une pe\u0301riode de 12 mois.<\/p>\n<p>Le ministre a pre\u0301cise\u0301 au cours de la ce\u0301re\u0301monie que ce projet est re\u0301alise\u0301 purement a\u0300 100 %, par un investisseur prive\u0301 national. Il permettra a\u0300 la Co\u0302te d&rsquo;Ivoire, d&rsquo;enrichir sa part de production d&rsquo;e\u0301nergie renouvelable et de remplir l&rsquo;un de ses engagements, qui est de parvenir a\u0300 un taux de 45 % des e\u0301nergies renouvelables, avant 2030, contre un taux de 31 % aujourd&rsquo;hui. Il a indique\u0301 que d&rsquo;ici 2030, la Co\u0302te d&rsquo;Ivoire aura pour pre\u0300s de 600 Me\u0301gawatts d&rsquo;e\u0301nergie solaire. \u00ab Cela va compter pour 9% de notre production d&rsquo;e\u0301nergie renouvelable. Ajoute\u0301 aux autres sources d&rsquo;e\u0301nergie propre, cela nous permettra d&rsquo;atteindre les 45% \u00bb, a-t-il de\u0301clare\u0301.<\/p>\n<p>Apre\u0300s Ferkesse\u0301dougou, d&rsquo;autres centrales solaire photovoltai\u0308ques seront construites dans diverses localite\u0301s du pays. Le ministre a cite\u0301 entre autres, Bondoukou, Korhogo, M&rsquo;Bengue\u0301, Katiola, Tengrela, Kong, Touba, Se\u0301re\u0301bou, Soubre\u0301, Odienne\u0301 Mankono.<\/p>\n<p>Clyde Fakhoury administrateur ge\u0301ne\u0301ral du Groupe PFO Africa, a indique\u0301 pour sa part, que cette centrale sera construite sur une superficie de 70 hectares. 70 000 panneaux solaires y seront implante\u0301s. Il a aussi indique\u0301 qu&rsquo;a\u0300 partir de fin 2025, cette centrale photovoltai\u0308que de dernie\u0300re ge\u0301ne\u0301ration produira chaque anne\u0301e pre\u0300s de 90 gigawatt-heures, d&rsquo;e\u0301nergie propre, permettant ainsi d&rsquo;alimenter plus de 370. 000 foyers, dans la re\u0301gion du Tchologo.<\/p>\n<p>A\u0300 l&rsquo;en croire, ce projet va ge\u0301ne\u0301rer plus de 600 emplois locaux, durant la phase de construction. Il sera aussi le vecteur de nombreuses actions communautaires, pour accompagner durablement le progre\u0300s dans la re\u0301gion.<\/p>\n<p><strong>Pour plus d&rsquo;informations et d&rsquo;analyses sur la <span style=\"color: #ff6600\">C\u00f4te d&rsquo;Ivoire<\/span>, suivez <span style=\"color: #ff6600\">Africa-Press<span style=\"color: #ff6600\"><\/span><\/strong><\/p>\n","protected":false},"excerpt":{"rendered":"<p>Africa-Press &#8211; C\u00f4te d&rsquo;Ivoire. D&rsquo;une capacite\u0301 de 52,42 Me\u0301gawatts cre\u0302te, cette centrale solaire sera la deuxie\u0300me du genre apre\u0300s celle de Boundiali, chef-lieu de re\u0301gion de la Bagoue\u0301, mise en service le 03 avril 2024. Cette deuxie\u0300me centrale solaire photovoltai\u0308que du pays est de\u0301nomme\u0301e \u00ab Ferke\u0301 Solar \u00bb. Elle sera construite sur l&rsquo;axe Ferkesse\u0301dougou-Tafire\u0301, au [&hellip;]<\/p>\n","protected":false},"author":82,"featured_media":94741,"comment_status":"open","ping_status":"closed","sticky":false,"template":"","format":"standard","meta":{"footnotes":""},"categories":[3,10],"tags":[37],"class_list":["post-94742","post","type-post","status-publish","format-standard","has-post-thumbnail","hentry","category-economie","category-toutes-les-actualites","tag-cote-divoire-2"],"yoast_head":"<!-- This site is optimized with the Yoast SEO Premium plugin v26.1 (Yoast SEO v27.0) - https:\/\/yoast.com\/product\/yoast-seo-premium-wordpress\/ -->\n<title>pose de pierre d&#039;une centrale solaire photovolta\u00efque de 52 Mw - C\u00f4te d&#039;Ivoire<\/title>\n<meta name=\"robots\" content=\"index, follow, max-snippet:-1, max-image-preview:large, max-video-preview:-1\" \/>\n<link rel=\"canonical\" href=\"https:\/\/www.africa-press.net\/cotedivoire\/politique\/pose-de-pierre-dune-centrale-solaire-photovoltaique-de-52-mw\" \/>\n<meta property=\"og:locale\" content=\"fr_FR\" \/>\n<meta property=\"og:type\" content=\"article\" \/>\n<meta property=\"og:title\" content=\"pose de pierre d&#039;une centrale solaire photovolta\u00efque de 52 Mw\" \/>\n<meta property=\"og:description\" content=\"Africa-Press &#8211; C\u00f4te d&rsquo;Ivoire. D&rsquo;une capacite\u0301 de 52,42 Me\u0301gawatts cre\u0302te, cette centrale solaire sera la deuxie\u0300me du genre apre\u0300s celle de Boundiali, chef-lieu de re\u0301gion de la Bagoue\u0301, mise en service le 03 avril 2024. Cette deuxie\u0300me centrale solaire photovoltai\u0308que du pays est de\u0301nomme\u0301e \u00ab Ferke\u0301 Solar \u00bb. Elle sera construite sur l&rsquo;axe Ferkesse\u0301dougou-Tafire\u0301, au [&hellip;]\" \/>\n<meta property=\"og:url\" content=\"https:\/\/www.africa-press.net\/cotedivoire\/politique\/pose-de-pierre-dune-centrale-solaire-photovoltaique-de-52-mw\" \/>\n<meta property=\"og:site_name\" content=\"C\u00f4te d&#039;Ivoire\" \/>\n<meta property=\"article:published_time\" content=\"2025-02-05T19:10:52+00:00\" \/>\n<meta name=\"author\" content=\"cfeditorfr\" \/>\n<meta name=\"twitter:card\" content=\"summary_large_image\" \/>\n<meta name=\"twitter:label1\" content=\"\u00c9crit par\" \/>\n\t<meta name=\"twitter:data1\" content=\"cfeditorfr\" \/>\n\t<meta name=\"twitter:label2\" content=\"Dur\u00e9e de lecture estim\u00e9e\" \/>\n\t<meta name=\"twitter:data2\" content=\"2 minutes\" \/>\n<script type=\"application\/ld+json\" class=\"yoast-schema-graph\">{\"@context\":\"https:\/\/schema.org\",\"@graph\":[{\"@type\":\"Article\",\"@id\":\"https:\/\/www.africa-press.net\/cotedivoire\/politique\/pose-de-pierre-dune-centrale-solaire-photovoltaique-de-52-mw#article\",\"isPartOf\":{\"@id\":\"https:\/\/www.africa-press.net\/cotedivoire\/politique\/pose-de-pierre-dune-centrale-solaire-photovoltaique-de-52-mw\"},\"author\":{\"name\":\"cfeditorfr\",\"@id\":\"https:\/\/www.africa-press.net\/cotedivoire\/#\/schema\/person\/2b1cf3cd81a31e3cd26889ca66d677f1\"},\"headline\":\"pose de pierre d&rsquo;une centrale solaire photovolta\u00efque de 52 Mw\",\"datePublished\":\"2025-02-05T19:10:52+00:00\",\"mainEntityOfPage\":{\"@id\":\"https:\/\/www.africa-press.net\/cotedivoire\/politique\/pose-de-pierre-dune-centrale-solaire-photovoltaique-de-52-mw\"},\"wordCount\":406,\"commentCount\":0,\"image\":{\"@id\":\"https:\/\/www.africa-press.net\/cotedivoire\/politique\/pose-de-pierre-dune-centrale-solaire-photovoltaique-de-52-mw#primaryimage\"},\"thumbnailUrl\":\"https:\/\/static.africa-press.net\/cote\/sites\/43\/2025\/02\/sm_1738772839.809921.jpg\",\"keywords\":[\"C\u00f4te d'Ivoire\"],\"articleSection\":[\"\u00c9conomie\",\"Toutes les actualit\u00e9s\"],\"inLanguage\":\"fr-FR\",\"potentialAction\":[{\"@type\":\"CommentAction\",\"name\":\"Comment\",\"target\":[\"https:\/\/www.africa-press.net\/cotedivoire\/politique\/pose-de-pierre-dune-centrale-solaire-photovoltaique-de-52-mw#respond\"]}]},{\"@type\":\"WebPage\",\"@id\":\"https:\/\/www.africa-press.net\/cotedivoire\/politique\/pose-de-pierre-dune-centrale-solaire-photovoltaique-de-52-mw\",\"url\":\"https:\/\/www.africa-press.net\/cotedivoire\/politique\/pose-de-pierre-dune-centrale-solaire-photovoltaique-de-52-mw\",\"name\":\"pose de pierre d'une centrale solaire photovolta\u00efque de 52 Mw - C\u00f4te d&#039;Ivoire\",\"isPartOf\":{\"@id\":\"https:\/\/www.africa-press.net\/cotedivoire\/#website\"},\"primaryImageOfPage\":{\"@id\":\"https:\/\/www.africa-press.net\/cotedivoire\/politique\/pose-de-pierre-dune-centrale-solaire-photovoltaique-de-52-mw#primaryimage\"},\"image\":{\"@id\":\"https:\/\/www.africa-press.net\/cotedivoire\/politique\/pose-de-pierre-dune-centrale-solaire-photovoltaique-de-52-mw#primaryimage\"},\"thumbnailUrl\":\"https:\/\/static.africa-press.net\/cote\/sites\/43\/2025\/02\/sm_1738772839.809921.jpg\",\"datePublished\":\"2025-02-05T19:10:52+00:00\",\"author\":{\"@id\":\"https:\/\/www.africa-press.net\/cotedivoire\/#\/schema\/person\/2b1cf3cd81a31e3cd26889ca66d677f1\"},\"breadcrumb\":{\"@id\":\"https:\/\/www.africa-press.net\/cotedivoire\/politique\/pose-de-pierre-dune-centrale-solaire-photovoltaique-de-52-mw#breadcrumb\"},\"inLanguage\":\"fr-FR\",\"potentialAction\":[{\"@type\":\"ReadAction\",\"target\":[\"https:\/\/www.africa-press.net\/cotedivoire\/politique\/pose-de-pierre-dune-centrale-solaire-photovoltaique-de-52-mw\"]}]},{\"@type\":\"ImageObject\",\"inLanguage\":\"fr-FR\",\"@id\":\"https:\/\/www.africa-press.net\/cotedivoire\/politique\/pose-de-pierre-dune-centrale-solaire-photovoltaique-de-52-mw#primaryimage\",\"url\":\"https:\/\/static.africa-press.net\/cote\/sites\/43\/2025\/02\/sm_1738772839.809921.jpg\",\"contentUrl\":\"https:\/\/static.africa-press.net\/cote\/sites\/43\/2025\/02\/sm_1738772839.809921.jpg\",\"width\":1080,\"height\":719,\"caption\":\"pose de pierre d'une centrale solaire photovolta\u00efque de 52 Mw\"},{\"@type\":\"BreadcrumbList\",\"@id\":\"https:\/\/www.africa-press.net\/cotedivoire\/politique\/pose-de-pierre-dune-centrale-solaire-photovoltaique-de-52-mw#breadcrumb\",\"itemListElement\":[{\"@type\":\"ListItem\",\"position\":1,\"name\":\"Accueil\",\"item\":\"https:\/\/www.africa-press.net\/cotedivoire\/\"},{\"@type\":\"ListItem\",\"position\":2,\"name\":\"pose de pierre d&rsquo;une centrale solaire photovolta\u00efque de 52 Mw\"}]},{\"@type\":\"WebSite\",\"@id\":\"https:\/\/www.africa-press.net\/cotedivoire\/#website\",\"url\":\"https:\/\/www.africa-press.net\/cotedivoire\/\",\"name\":\"C\u00f4te d&#039;Ivoire\",\"description\":\"Just another Africa News Agency Sites site\",\"potentialAction\":[{\"@type\":\"SearchAction\",\"target\":{\"@type\":\"EntryPoint\",\"urlTemplate\":\"https:\/\/www.africa-press.net\/cotedivoire\/?s={search_term_string}\"},\"query-input\":{\"@type\":\"PropertyValueSpecification\",\"valueRequired\":true,\"valueName\":\"search_term_string\"}}],\"inLanguage\":\"fr-FR\"},{\"@type\":\"Person\",\"@id\":\"https:\/\/www.africa-press.net\/cotedivoire\/#\/schema\/person\/2b1cf3cd81a31e3cd26889ca66d677f1\",\"name\":\"cfeditorfr\"}]}<\/script>\n<!-- \/ Yoast SEO Premium plugin. -->","yoast_head_json":{"title":"pose de pierre d'une centrale solaire photovolta\u00efque de 52 Mw - C\u00f4te d&#039;Ivoire","robots":{"index":"index","follow":"follow","max-snippet":"max-snippet:-1","max-image-preview":"max-image-preview:large","max-video-preview":"max-video-preview:-1"},"canonical":"https:\/\/www.africa-press.net\/cotedivoire\/politique\/pose-de-pierre-dune-centrale-solaire-photovoltaique-de-52-mw","og_locale":"fr_FR","og_type":"article","og_title":"pose de pierre d'une centrale solaire photovolta\u00efque de 52 Mw","og_description":"Africa-Press &#8211; C\u00f4te d&rsquo;Ivoire. D&rsquo;une capacite\u0301 de 52,42 Me\u0301gawatts cre\u0302te, cette centrale solaire sera la deuxie\u0300me du genre apre\u0300s celle de Boundiali, chef-lieu de re\u0301gion de la Bagoue\u0301, mise en service le 03 avril 2024. Cette deuxie\u0300me centrale solaire photovoltai\u0308que du pays est de\u0301nomme\u0301e \u00ab Ferke\u0301 Solar \u00bb. Elle sera construite sur l&rsquo;axe Ferkesse\u0301dougou-Tafire\u0301, au [&hellip;]","og_url":"https:\/\/www.africa-press.net\/cotedivoire\/politique\/pose-de-pierre-dune-centrale-solaire-photovoltaique-de-52-mw","og_site_name":"C\u00f4te d&#039;Ivoire","article_published_time":"2025-02-05T19:10:52+00:00","author":"cfeditorfr","twitter_card":"summary_large_image","twitter_misc":{"\u00c9crit par":"cfeditorfr","Dur\u00e9e de lecture estim\u00e9e":"2 minutes"},"schema":{"@context":"https:\/\/schema.org","@graph":[{"@type":"Article","@id":"https:\/\/www.africa-press.net\/cotedivoire\/politique\/pose-de-pierre-dune-centrale-solaire-photovoltaique-de-52-mw#article","isPartOf":{"@id":"https:\/\/www.africa-press.net\/cotedivoire\/politique\/pose-de-pierre-dune-centrale-solaire-photovoltaique-de-52-mw"},"author":{"name":"cfeditorfr","@id":"https:\/\/www.africa-press.net\/cotedivoire\/#\/schema\/person\/2b1cf3cd81a31e3cd26889ca66d677f1"},"headline":"pose de pierre d&rsquo;une centrale solaire photovolta\u00efque de 52 Mw","datePublished":"2025-02-05T19:10:52+00:00","mainEntityOfPage":{"@id":"https:\/\/www.africa-press.net\/cotedivoire\/politique\/pose-de-pierre-dune-centrale-solaire-photovoltaique-de-52-mw"},"wordCount":406,"commentCount":0,"image":{"@id":"https:\/\/www.africa-press.net\/cotedivoire\/politique\/pose-de-pierre-dune-centrale-solaire-photovoltaique-de-52-mw#primaryimage"},"thumbnailUrl":"https:\/\/static.africa-press.net\/cote\/sites\/43\/2025\/02\/sm_1738772839.809921.jpg","keywords":["C\u00f4te d'Ivoire"],"articleSection":["\u00c9conomie","Toutes les actualit\u00e9s"],"inLanguage":"fr-FR","potentialAction":[{"@type":"CommentAction","name":"Comment","target":["https:\/\/www.africa-press.net\/cotedivoire\/politique\/pose-de-pierre-dune-centrale-solaire-photovoltaique-de-52-mw#respond"]}]},{"@type":"WebPage","@id":"https:\/\/www.africa-press.net\/cotedivoire\/politique\/pose-de-pierre-dune-centrale-solaire-photovoltaique-de-52-mw","url":"https:\/\/www.africa-press.net\/cotedivoire\/politique\/pose-de-pierre-dune-centrale-solaire-photovoltaique-de-52-mw","name":"pose de pierre d'une centrale solaire photovolta\u00efque de 52 Mw - C\u00f4te d&#039;Ivoire","isPartOf":{"@id":"https:\/\/www.africa-press.net\/cotedivoire\/#website"},"primaryImageOfPage":{"@id":"https:\/\/www.africa-press.net\/cotedivoire\/politique\/pose-de-pierre-dune-centrale-solaire-photovoltaique-de-52-mw#primaryimage"},"image":{"@id":"https:\/\/www.africa-press.net\/cotedivoire\/politique\/pose-de-pierre-dune-centrale-solaire-photovoltaique-de-52-mw#primaryimage"},"thumbnailUrl":"https:\/\/static.africa-press.net\/cote\/sites\/43\/2025\/02\/sm_1738772839.809921.jpg","datePublished":"2025-02-05T19:10:52+00:00","author":{"@id":"https:\/\/www.africa-press.net\/cotedivoire\/#\/schema\/person\/2b1cf3cd81a31e3cd26889ca66d677f1"},"breadcrumb":{"@id":"https:\/\/www.africa-press.net\/cotedivoire\/politique\/pose-de-pierre-dune-centrale-solaire-photovoltaique-de-52-mw#breadcrumb"},"inLanguage":"fr-FR","potentialAction":[{"@type":"ReadAction","target":["https:\/\/www.africa-press.net\/cotedivoire\/politique\/pose-de-pierre-dune-centrale-solaire-photovoltaique-de-52-mw"]}]},{"@type":"ImageObject","inLanguage":"fr-FR","@id":"https:\/\/www.africa-press.net\/cotedivoire\/politique\/pose-de-pierre-dune-centrale-solaire-photovoltaique-de-52-mw#primaryimage","url":"https:\/\/static.africa-press.net\/cote\/sites\/43\/2025\/02\/sm_1738772839.809921.jpg","contentUrl":"https:\/\/static.africa-press.net\/cote\/sites\/43\/2025\/02\/sm_1738772839.809921.jpg","width":1080,"height":719,"caption":"pose de pierre d'une centrale solaire photovolta\u00efque de 52 Mw"},{"@type":"BreadcrumbList","@id":"https:\/\/www.africa-press.net\/cotedivoire\/politique\/pose-de-pierre-dune-centrale-solaire-photovoltaique-de-52-mw#breadcrumb","itemListElement":[{"@type":"ListItem","position":1,"name":"Accueil","item":"https:\/\/www.africa-press.net\/cotedivoire\/"},{"@type":"ListItem","position":2,"name":"pose de pierre d&rsquo;une centrale solaire photovolta\u00efque de 52 Mw"}]},{"@type":"WebSite","@id":"https:\/\/www.africa-press.net\/cotedivoire\/#website","url":"https:\/\/www.africa-press.net\/cotedivoire\/","name":"C\u00f4te d&#039;Ivoire","description":"Just another Africa News Agency Sites site","potentialAction":[{"@type":"SearchAction","target":{"@type":"EntryPoint","urlTemplate":"https:\/\/www.africa-press.net\/cotedivoire\/?s={search_term_string}"},"query-input":{"@type":"PropertyValueSpecification","valueRequired":true,"valueName":"search_term_string"}}],"inLanguage":"fr-FR"},{"@type":"Person","@id":"https:\/\/www.africa-press.net\/cotedivoire\/#\/schema\/person\/2b1cf3cd81a31e3cd26889ca66d677f1","name":"cfeditorfr"}]}},"_links":{"self":[{"href":"https:\/\/www.africa-press.net\/cotedivoire\/wp-json\/wp\/v2\/posts\/94742","targetHints":{"allow":["GET"]}}],"collection":[{"href":"https:\/\/www.africa-press.net\/cotedivoire\/wp-json\/wp\/v2\/posts"}],"about":[{"href":"https:\/\/www.africa-press.net\/cotedivoire\/wp-json\/wp\/v2\/types\/post"}],"author":[{"embeddable":true,"href":"https:\/\/www.africa-press.net\/cotedivoire\/wp-json\/wp\/v2\/users\/82"}],"replies":[{"embeddable":true,"href":"https:\/\/www.africa-press.net\/cotedivoire\/wp-json\/wp\/v2\/comments?post=94742"}],"version-history":[{"count":0,"href":"https:\/\/www.africa-press.net\/cotedivoire\/wp-json\/wp\/v2\/posts\/94742\/revisions"}],"wp:featuredmedia":[{"embeddable":true,"href":"https:\/\/www.africa-press.net\/cotedivoire\/wp-json\/wp\/v2\/media\/94741"}],"wp:attachment":[{"href":"https:\/\/www.africa-press.net\/cotedivoire\/wp-json\/wp\/v2\/media?parent=94742"}],"wp:term":[{"taxonomy":"category","embeddable":true,"href":"https:\/\/www.africa-press.net\/cotedivoire\/wp-json\/wp\/v2\/categories?post=94742"},{"taxonomy":"post_tag","embeddable":true,"href":"https:\/\/www.africa-press.net\/cotedivoire\/wp-json\/wp\/v2\/tags?post=94742"}],"curies":[{"name":"wp","href":"https:\/\/api.w.org\/{rel}","templated":true}]}}