{"id":94769,"date":"2025-02-06T16:38:12","date_gmt":"2025-02-06T16:38:12","guid":{"rendered":"https:\/\/www.africa-press.net\/cotedivoire\/politique\/nouveau-record-surprenant-janvier-2025-est-le-mois-de-janvier-le-plus-chaud-jamais-mesure-dans-le-monde"},"modified":"2025-02-06T16:38:12","modified_gmt":"2025-02-06T16:38:12","slug":"nouveau-record-surprenant-janvier-2025-est-le-mois-de-janvier-le-plus-chaud-jamais-mesure-dans-le-monde","status":"publish","type":"post","link":"https:\/\/www.africa-press.net\/cotedivoire\/toutes-les-actualites\/nouveau-record-surprenant-janvier-2025-est-le-mois-de-janvier-le-plus-chaud-jamais-mesure-dans-le-monde","title":{"rendered":"Nouveau record \u00ab\u00a0surprenant\u00a0\u00bb : janvier 2025 est le mois de janvier le plus chaud jamais mesur\u00e9 dans le monde"},"content":{"rendered":"<p><span style=\"color: #ff6600\"><strong>Africa-Press &#8211; C\u00f4te d&rsquo;Ivoire. <\/strong><\/span>Janvier 2025 est un autre mois surprenant, poursuivant les tempe\u0301ratures record observe\u0301es au cours des deux dernie\u0300res anne\u0301es, malgre\u0301 le de\u0301veloppement des conditions La Nin\u0303a dans le Pacifique tropical et leur effet de refroidissement temporaire sur les tempe\u0301ratures mondiales\u00a0\u00bb, a de\u0301clare\u0301 Samantha Burgess, directrice adjointe du service changement climatique (C3S) de Copernicus, dans son bulletin mensuel publie\u0301 jeudi.<\/p>\n<p>Avec une tempe\u0301rature moyenne de 13,23\u00b0C selon Copernicus, \u00ab\u00a0janvier 2025 a de\u0301passe\u0301 de 1,75\u00b0C le niveau pre\u0301industriel\u00a0\u00bb, avant que les humains modifient en profondeur le climat par l&rsquo;utilisation massive du charbon, du pe\u0301trole et du gaz fossile. Les scientifiques s&rsquo;attendaient a\u0300 ce que la se\u0301rie de records des anne\u0301es 2023 et 2024, les deux plus chaudes jamais mesure\u0301es, s&rsquo;interrompe avec la fin du phe\u0301nome\u0300ne naturel re\u0301chauffant El Nin\u0303o et l&rsquo;arrive\u0301e de son oppose\u0301, La Nin\u0303a.<\/p>\n<p><b>\u00ab\u00a0On ne voit pas cet effet de refroidissement, ou du moins de frein temporaire\u00a0\u00bb<\/b><\/p>\n<p>\u00ab\u00a0C&rsquo;est ce qui est un peu surprenant&#8230; on ne voit pas cet effet de refroidissement, ou du moins de frein temporaire, sur la tempe\u0301rature mondiale que l&rsquo;on s&rsquo;attendait a\u0300 voir\u00a0\u00bb, a de\u0301clare\u0301 a\u0300 l&rsquo;AFP Julien Nicolas, un climatologue de Copernicus. Copernicus rele\u0300ve me\u0302me des signes \u00ab\u00a0d&rsquo;un ralentissement ou d&rsquo;un arre\u0302t de l&rsquo;e\u0301volution vers des conditions La Nin\u0303a\u00a0\u00bb, qui pourrait disparai\u0302tre comple\u0300tement d&rsquo;ici mars, selon le climatologue.<\/p>\n<p>Les tempe\u0301ratures mondiales, dont la hausse a alimente\u0301 se\u0301cheresses, canicules ou inondations de\u0301vastatrices, sont fortement de\u0301pendantes de celles des mers. Or les tempe\u0301ratures a\u0300 la surface des oce\u0301ans, re\u0301gulateurs primordiaux du climat qui couvrent plus de 70% du globe, se maintiennent a\u0300 des niveaux jamais vus avant avril 2023.<\/p>\n<p>Pour la surface des oce\u0301ans, janvier 2025 se classe toutefois deuxie\u0300me mois le plus chaud derrie\u0300re le record absolu de janvier 2024. En Arctique, ou\u0300 l&rsquo;hiver est tre\u0300s anormalement chaud, la banquise a atteint sa plus faible e\u0301tendue pour un mois de janvier, pratiquement e\u0301gale a\u0300 2018, selon Copernicus.<\/p>\n<p><b>\u00ab\u00a0Il ne faut pas e\u0302tre surpris qu&rsquo;on batte des records de chaud\u00a0\u00bb<\/b><\/p>\n<p>Avec ce record de tempe\u0301rature, janvier 2025 devient \u00ab\u00a0le dix-huitie\u0300me des dix-neuf derniers mois pour lequel la tempe\u0301rature moyenne de l&rsquo;air a\u0300 la surface du globe a de\u0301passe\u0301 de plus de 1,5\u00b0C le niveau pre\u0301industriel\u00a0\u00bb, note encore l&rsquo;observatoire europe\u0301en. Soit davantage que la barre symbolique des +1,5\u00b0C, correspondant a\u0300 la limite la plus ambitieuse de l&rsquo;accord de Paris de 2015, qui vise a\u0300 contenir le re\u0301chauffement bien en dessous de 2\u00b0C et a\u0300 poursuivre les efforts pour le limiter a\u0300 1,5\u00b0C.<\/p>\n<p>Cet accord fait toutefois re\u0301fe\u0301rence a\u0300 des tendances de long terme: une telle moyenne de re\u0301chauffement devra e\u0302tre observe\u0301e sur au moins 20 ans pour conside\u0301rer la limite franchie. En prenant ce crite\u0300re, le climat est actuellement re\u0301chauffe\u0301 d&rsquo;environ 1,3\u00b0C. Le Giec estime que la barre d&rsquo;1,5\u00b0C sera probablement atteinte entre 2030 et 2035. Et ce, quelle que soit l&rsquo;e\u0301volution des e\u0301missions de gaz a\u0300 effet de serre de l&rsquo;humanite\u0301, aujourd&rsquo;hui proches du pic, mais pas encore en de\u0301clin.<\/p>\n<p>Si la plupart des climatologues estiment que ces records successifs n&rsquo;invalident pas les projections, tout en se situant dans la fourchette haute de leurs estimations, certains scientifiques a\u0300 la marge formulent l&rsquo;hypothe\u0300se que le climat se re\u0301chauffe plus vite sous l&rsquo;effet des e\u0301missions de gaz a\u0300 effet de serre d&rsquo;origine humaine. \u00ab\u00a0Est-ce qu&rsquo;on arrive a\u0300 discerner une re\u0301ponse du climat plus forte ? Pour l&rsquo;instant, il y a quelques e\u0301le\u0301ments, mais pas encore je dirais de constat, de de\u0301monstration, d&rsquo;une re\u0301ponse plus forte que celle attendue\u00a0\u00bb, re\u0301sume Vale\u0301rie Masson-Delmotte, e\u0301minente climatologue.<\/p>\n<p>Les e\u0301tudes sont en cours pour se prononcer, mais quoi qu&rsquo;il en soit, \u00ab\u00a0dans un climat ou\u0300 on continue a\u0300 ajouter des gaz a\u0300 effet de serre, il ne faut pas e\u0302tre surpris qu&rsquo;on batte des records de chaud\u00a0\u00bb, rappelle cette ancienne haut responsable du Giec.<\/p>\n<p><strong>Pour plus d&rsquo;informations et d&rsquo;analyses sur la <span style=\"color: #ff6600\">C\u00f4te d&rsquo;Ivoire<\/span>, suivez <span style=\"color: #ff6600\">Africa-Press<span style=\"color: #ff6600\"><\/span><\/strong><\/p>\n","protected":false},"excerpt":{"rendered":"<p>Africa-Press &#8211; C\u00f4te d&rsquo;Ivoire. Janvier 2025 est un autre mois surprenant, poursuivant les tempe\u0301ratures record observe\u0301es au cours des deux dernie\u0300res anne\u0301es, malgre\u0301 le de\u0301veloppement des conditions La Nin\u0303a dans le Pacifique tropical et leur effet de refroidissement temporaire sur les tempe\u0301ratures mondiales\u00a0\u00bb, a de\u0301clare\u0301 Samantha Burgess, directrice adjointe du service changement climatique (C3S) de [&hellip;]<\/p>\n","protected":false},"author":82,"featured_media":94768,"comment_status":"open","ping_status":"closed","sticky":false,"template":"","format":"standard","meta":{"footnotes":""},"categories":[22,10],"tags":[37],"class_list":["post-94769","post","type-post","status-publish","format-standard","has-post-thumbnail","hentry","category-divers","category-toutes-les-actualites","tag-cote-divoire-2"],"yoast_head":"<!-- This site is optimized with the Yoast SEO Premium plugin v26.1 (Yoast SEO v27.0) - https:\/\/yoast.com\/product\/yoast-seo-premium-wordpress\/ -->\n<title>Nouveau record &quot;surprenant&quot; : janvier 2025 est le mois de janvier le plus chaud jamais mesur\u00e9 dans le monde - C\u00f4te d&#039;Ivoire<\/title>\n<meta name=\"robots\" content=\"index, follow, max-snippet:-1, max-image-preview:large, max-video-preview:-1\" \/>\n<link rel=\"canonical\" href=\"https:\/\/www.africa-press.net\/cotedivoire\/politique\/nouveau-record-surprenant-janvier-2025-est-le-mois-de-janvier-le-plus-chaud-jamais-mesure-dans-le-monde\" \/>\n<meta property=\"og:locale\" content=\"fr_FR\" \/>\n<meta property=\"og:type\" content=\"article\" \/>\n<meta property=\"og:title\" content=\"Nouveau record &quot;surprenant&quot; : janvier 2025 est le mois de janvier le plus chaud jamais mesur\u00e9 dans le monde\" \/>\n<meta property=\"og:description\" content=\"Africa-Press &#8211; C\u00f4te d&rsquo;Ivoire. Janvier 2025 est un autre mois surprenant, poursuivant les tempe\u0301ratures record observe\u0301es au cours des deux dernie\u0300res anne\u0301es, malgre\u0301 le de\u0301veloppement des conditions La Nin\u0303a dans le Pacifique tropical et leur effet de refroidissement temporaire sur les tempe\u0301ratures mondiales\u00a0\u00bb, a de\u0301clare\u0301 Samantha Burgess, directrice adjointe du service changement climatique (C3S) de [&hellip;]\" \/>\n<meta property=\"og:url\" content=\"https:\/\/www.africa-press.net\/cotedivoire\/politique\/nouveau-record-surprenant-janvier-2025-est-le-mois-de-janvier-le-plus-chaud-jamais-mesure-dans-le-monde\" \/>\n<meta property=\"og:site_name\" content=\"C\u00f4te d&#039;Ivoire\" \/>\n<meta property=\"article:published_time\" content=\"2025-02-06T16:38:12+00:00\" \/>\n<meta name=\"author\" content=\"cfeditorfr\" \/>\n<meta name=\"twitter:card\" content=\"summary_large_image\" \/>\n<meta name=\"twitter:label1\" content=\"\u00c9crit par\" \/>\n\t<meta name=\"twitter:data1\" content=\"cfeditorfr\" \/>\n\t<meta name=\"twitter:label2\" content=\"Dur\u00e9e de lecture estim\u00e9e\" \/>\n\t<meta name=\"twitter:data2\" content=\"3 minutes\" \/>\n<script type=\"application\/ld+json\" class=\"yoast-schema-graph\">{\"@context\":\"https:\/\/schema.org\",\"@graph\":[{\"@type\":\"Article\",\"@id\":\"https:\/\/www.africa-press.net\/cotedivoire\/politique\/nouveau-record-surprenant-janvier-2025-est-le-mois-de-janvier-le-plus-chaud-jamais-mesure-dans-le-monde#article\",\"isPartOf\":{\"@id\":\"https:\/\/www.africa-press.net\/cotedivoire\/politique\/nouveau-record-surprenant-janvier-2025-est-le-mois-de-janvier-le-plus-chaud-jamais-mesure-dans-le-monde\"},\"author\":{\"name\":\"cfeditorfr\",\"@id\":\"https:\/\/www.africa-press.net\/cotedivoire\/#\/schema\/person\/2b1cf3cd81a31e3cd26889ca66d677f1\"},\"headline\":\"Nouveau record \u00ab\u00a0surprenant\u00a0\u00bb : janvier 2025 est le mois de janvier le plus chaud jamais mesur\u00e9 dans le monde\",\"datePublished\":\"2025-02-06T16:38:12+00:00\",\"mainEntityOfPage\":{\"@id\":\"https:\/\/www.africa-press.net\/cotedivoire\/politique\/nouveau-record-surprenant-janvier-2025-est-le-mois-de-janvier-le-plus-chaud-jamais-mesure-dans-le-monde\"},\"wordCount\":750,\"commentCount\":0,\"image\":{\"@id\":\"https:\/\/www.africa-press.net\/cotedivoire\/politique\/nouveau-record-surprenant-janvier-2025-est-le-mois-de-janvier-le-plus-chaud-jamais-mesure-dans-le-monde#primaryimage\"},\"thumbnailUrl\":\"https:\/\/static.africa-press.net\/cote\/sites\/43\/2025\/02\/sm_1738847411.861543.jpg\",\"keywords\":[\"C\u00f4te d'Ivoire\"],\"articleSection\":[\"Divers\",\"Toutes les actualit\u00e9s\"],\"inLanguage\":\"fr-FR\",\"potentialAction\":[{\"@type\":\"CommentAction\",\"name\":\"Comment\",\"target\":[\"https:\/\/www.africa-press.net\/cotedivoire\/politique\/nouveau-record-surprenant-janvier-2025-est-le-mois-de-janvier-le-plus-chaud-jamais-mesure-dans-le-monde#respond\"]}]},{\"@type\":\"WebPage\",\"@id\":\"https:\/\/www.africa-press.net\/cotedivoire\/politique\/nouveau-record-surprenant-janvier-2025-est-le-mois-de-janvier-le-plus-chaud-jamais-mesure-dans-le-monde\",\"url\":\"https:\/\/www.africa-press.net\/cotedivoire\/politique\/nouveau-record-surprenant-janvier-2025-est-le-mois-de-janvier-le-plus-chaud-jamais-mesure-dans-le-monde\",\"name\":\"Nouveau record \\\"surprenant\\\" : janvier 2025 est le mois de janvier le plus chaud jamais mesur\u00e9 dans le monde - C\u00f4te d&#039;Ivoire\",\"isPartOf\":{\"@id\":\"https:\/\/www.africa-press.net\/cotedivoire\/#website\"},\"primaryImageOfPage\":{\"@id\":\"https:\/\/www.africa-press.net\/cotedivoire\/politique\/nouveau-record-surprenant-janvier-2025-est-le-mois-de-janvier-le-plus-chaud-jamais-mesure-dans-le-monde#primaryimage\"},\"image\":{\"@id\":\"https:\/\/www.africa-press.net\/cotedivoire\/politique\/nouveau-record-surprenant-janvier-2025-est-le-mois-de-janvier-le-plus-chaud-jamais-mesure-dans-le-monde#primaryimage\"},\"thumbnailUrl\":\"https:\/\/static.africa-press.net\/cote\/sites\/43\/2025\/02\/sm_1738847411.861543.jpg\",\"datePublished\":\"2025-02-06T16:38:12+00:00\",\"author\":{\"@id\":\"https:\/\/www.africa-press.net\/cotedivoire\/#\/schema\/person\/2b1cf3cd81a31e3cd26889ca66d677f1\"},\"breadcrumb\":{\"@id\":\"https:\/\/www.africa-press.net\/cotedivoire\/politique\/nouveau-record-surprenant-janvier-2025-est-le-mois-de-janvier-le-plus-chaud-jamais-mesure-dans-le-monde#breadcrumb\"},\"inLanguage\":\"fr-FR\",\"potentialAction\":[{\"@type\":\"ReadAction\",\"target\":[\"https:\/\/www.africa-press.net\/cotedivoire\/politique\/nouveau-record-surprenant-janvier-2025-est-le-mois-de-janvier-le-plus-chaud-jamais-mesure-dans-le-monde\"]}]},{\"@type\":\"ImageObject\",\"inLanguage\":\"fr-FR\",\"@id\":\"https:\/\/www.africa-press.net\/cotedivoire\/politique\/nouveau-record-surprenant-janvier-2025-est-le-mois-de-janvier-le-plus-chaud-jamais-mesure-dans-le-monde#primaryimage\",\"url\":\"https:\/\/static.africa-press.net\/cote\/sites\/43\/2025\/02\/sm_1738847411.861543.jpg\",\"contentUrl\":\"https:\/\/static.africa-press.net\/cote\/sites\/43\/2025\/02\/sm_1738847411.861543.jpg\",\"width\":1200,\"height\":900,\"caption\":\"Nouveau record \\\"surprenant\\\" : janvier 2025 est le mois de janvier le plus chaud jamais mesur\u00e9 dans le monde\"},{\"@type\":\"BreadcrumbList\",\"@id\":\"https:\/\/www.africa-press.net\/cotedivoire\/politique\/nouveau-record-surprenant-janvier-2025-est-le-mois-de-janvier-le-plus-chaud-jamais-mesure-dans-le-monde#breadcrumb\",\"itemListElement\":[{\"@type\":\"ListItem\",\"position\":1,\"name\":\"Accueil\",\"item\":\"https:\/\/www.africa-press.net\/cotedivoire\/\"},{\"@type\":\"ListItem\",\"position\":2,\"name\":\"Nouveau record \u00ab\u00a0surprenant\u00a0\u00bb : janvier 2025 est le mois de janvier le plus chaud jamais mesur\u00e9 dans le monde\"}]},{\"@type\":\"WebSite\",\"@id\":\"https:\/\/www.africa-press.net\/cotedivoire\/#website\",\"url\":\"https:\/\/www.africa-press.net\/cotedivoire\/\",\"name\":\"C\u00f4te d&#039;Ivoire\",\"description\":\"Just another Africa News Agency Sites site\",\"potentialAction\":[{\"@type\":\"SearchAction\",\"target\":{\"@type\":\"EntryPoint\",\"urlTemplate\":\"https:\/\/www.africa-press.net\/cotedivoire\/?s={search_term_string}\"},\"query-input\":{\"@type\":\"PropertyValueSpecification\",\"valueRequired\":true,\"valueName\":\"search_term_string\"}}],\"inLanguage\":\"fr-FR\"},{\"@type\":\"Person\",\"@id\":\"https:\/\/www.africa-press.net\/cotedivoire\/#\/schema\/person\/2b1cf3cd81a31e3cd26889ca66d677f1\",\"name\":\"cfeditorfr\"}]}<\/script>\n<!-- \/ Yoast SEO Premium plugin. -->","yoast_head_json":{"title":"Nouveau record \"surprenant\" : janvier 2025 est le mois de janvier le plus chaud jamais mesur\u00e9 dans le monde - C\u00f4te d&#039;Ivoire","robots":{"index":"index","follow":"follow","max-snippet":"max-snippet:-1","max-image-preview":"max-image-preview:large","max-video-preview":"max-video-preview:-1"},"canonical":"https:\/\/www.africa-press.net\/cotedivoire\/politique\/nouveau-record-surprenant-janvier-2025-est-le-mois-de-janvier-le-plus-chaud-jamais-mesure-dans-le-monde","og_locale":"fr_FR","og_type":"article","og_title":"Nouveau record \"surprenant\" : janvier 2025 est le mois de janvier le plus chaud jamais mesur\u00e9 dans le monde","og_description":"Africa-Press &#8211; C\u00f4te d&rsquo;Ivoire. Janvier 2025 est un autre mois surprenant, poursuivant les tempe\u0301ratures record observe\u0301es au cours des deux dernie\u0300res anne\u0301es, malgre\u0301 le de\u0301veloppement des conditions La Nin\u0303a dans le Pacifique tropical et leur effet de refroidissement temporaire sur les tempe\u0301ratures mondiales\u00a0\u00bb, a de\u0301clare\u0301 Samantha Burgess, directrice adjointe du service changement climatique (C3S) de [&hellip;]","og_url":"https:\/\/www.africa-press.net\/cotedivoire\/politique\/nouveau-record-surprenant-janvier-2025-est-le-mois-de-janvier-le-plus-chaud-jamais-mesure-dans-le-monde","og_site_name":"C\u00f4te d&#039;Ivoire","article_published_time":"2025-02-06T16:38:12+00:00","author":"cfeditorfr","twitter_card":"summary_large_image","twitter_misc":{"\u00c9crit par":"cfeditorfr","Dur\u00e9e de lecture estim\u00e9e":"3 minutes"},"schema":{"@context":"https:\/\/schema.org","@graph":[{"@type":"Article","@id":"https:\/\/www.africa-press.net\/cotedivoire\/politique\/nouveau-record-surprenant-janvier-2025-est-le-mois-de-janvier-le-plus-chaud-jamais-mesure-dans-le-monde#article","isPartOf":{"@id":"https:\/\/www.africa-press.net\/cotedivoire\/politique\/nouveau-record-surprenant-janvier-2025-est-le-mois-de-janvier-le-plus-chaud-jamais-mesure-dans-le-monde"},"author":{"name":"cfeditorfr","@id":"https:\/\/www.africa-press.net\/cotedivoire\/#\/schema\/person\/2b1cf3cd81a31e3cd26889ca66d677f1"},"headline":"Nouveau record \u00ab\u00a0surprenant\u00a0\u00bb : janvier 2025 est le mois de janvier le plus chaud jamais mesur\u00e9 dans le monde","datePublished":"2025-02-06T16:38:12+00:00","mainEntityOfPage":{"@id":"https:\/\/www.africa-press.net\/cotedivoire\/politique\/nouveau-record-surprenant-janvier-2025-est-le-mois-de-janvier-le-plus-chaud-jamais-mesure-dans-le-monde"},"wordCount":750,"commentCount":0,"image":{"@id":"https:\/\/www.africa-press.net\/cotedivoire\/politique\/nouveau-record-surprenant-janvier-2025-est-le-mois-de-janvier-le-plus-chaud-jamais-mesure-dans-le-monde#primaryimage"},"thumbnailUrl":"https:\/\/static.africa-press.net\/cote\/sites\/43\/2025\/02\/sm_1738847411.861543.jpg","keywords":["C\u00f4te d'Ivoire"],"articleSection":["Divers","Toutes les actualit\u00e9s"],"inLanguage":"fr-FR","potentialAction":[{"@type":"CommentAction","name":"Comment","target":["https:\/\/www.africa-press.net\/cotedivoire\/politique\/nouveau-record-surprenant-janvier-2025-est-le-mois-de-janvier-le-plus-chaud-jamais-mesure-dans-le-monde#respond"]}]},{"@type":"WebPage","@id":"https:\/\/www.africa-press.net\/cotedivoire\/politique\/nouveau-record-surprenant-janvier-2025-est-le-mois-de-janvier-le-plus-chaud-jamais-mesure-dans-le-monde","url":"https:\/\/www.africa-press.net\/cotedivoire\/politique\/nouveau-record-surprenant-janvier-2025-est-le-mois-de-janvier-le-plus-chaud-jamais-mesure-dans-le-monde","name":"Nouveau record \"surprenant\" : janvier 2025 est le mois de janvier le plus chaud jamais mesur\u00e9 dans le monde - C\u00f4te d&#039;Ivoire","isPartOf":{"@id":"https:\/\/www.africa-press.net\/cotedivoire\/#website"},"primaryImageOfPage":{"@id":"https:\/\/www.africa-press.net\/cotedivoire\/politique\/nouveau-record-surprenant-janvier-2025-est-le-mois-de-janvier-le-plus-chaud-jamais-mesure-dans-le-monde#primaryimage"},"image":{"@id":"https:\/\/www.africa-press.net\/cotedivoire\/politique\/nouveau-record-surprenant-janvier-2025-est-le-mois-de-janvier-le-plus-chaud-jamais-mesure-dans-le-monde#primaryimage"},"thumbnailUrl":"https:\/\/static.africa-press.net\/cote\/sites\/43\/2025\/02\/sm_1738847411.861543.jpg","datePublished":"2025-02-06T16:38:12+00:00","author":{"@id":"https:\/\/www.africa-press.net\/cotedivoire\/#\/schema\/person\/2b1cf3cd81a31e3cd26889ca66d677f1"},"breadcrumb":{"@id":"https:\/\/www.africa-press.net\/cotedivoire\/politique\/nouveau-record-surprenant-janvier-2025-est-le-mois-de-janvier-le-plus-chaud-jamais-mesure-dans-le-monde#breadcrumb"},"inLanguage":"fr-FR","potentialAction":[{"@type":"ReadAction","target":["https:\/\/www.africa-press.net\/cotedivoire\/politique\/nouveau-record-surprenant-janvier-2025-est-le-mois-de-janvier-le-plus-chaud-jamais-mesure-dans-le-monde"]}]},{"@type":"ImageObject","inLanguage":"fr-FR","@id":"https:\/\/www.africa-press.net\/cotedivoire\/politique\/nouveau-record-surprenant-janvier-2025-est-le-mois-de-janvier-le-plus-chaud-jamais-mesure-dans-le-monde#primaryimage","url":"https:\/\/static.africa-press.net\/cote\/sites\/43\/2025\/02\/sm_1738847411.861543.jpg","contentUrl":"https:\/\/static.africa-press.net\/cote\/sites\/43\/2025\/02\/sm_1738847411.861543.jpg","width":1200,"height":900,"caption":"Nouveau record \"surprenant\" : janvier 2025 est le mois de janvier le plus chaud jamais mesur\u00e9 dans le monde"},{"@type":"BreadcrumbList","@id":"https:\/\/www.africa-press.net\/cotedivoire\/politique\/nouveau-record-surprenant-janvier-2025-est-le-mois-de-janvier-le-plus-chaud-jamais-mesure-dans-le-monde#breadcrumb","itemListElement":[{"@type":"ListItem","position":1,"name":"Accueil","item":"https:\/\/www.africa-press.net\/cotedivoire\/"},{"@type":"ListItem","position":2,"name":"Nouveau record \u00ab\u00a0surprenant\u00a0\u00bb : janvier 2025 est le mois de janvier le plus chaud jamais mesur\u00e9 dans le monde"}]},{"@type":"WebSite","@id":"https:\/\/www.africa-press.net\/cotedivoire\/#website","url":"https:\/\/www.africa-press.net\/cotedivoire\/","name":"C\u00f4te d&#039;Ivoire","description":"Just another Africa News Agency Sites site","potentialAction":[{"@type":"SearchAction","target":{"@type":"EntryPoint","urlTemplate":"https:\/\/www.africa-press.net\/cotedivoire\/?s={search_term_string}"},"query-input":{"@type":"PropertyValueSpecification","valueRequired":true,"valueName":"search_term_string"}}],"inLanguage":"fr-FR"},{"@type":"Person","@id":"https:\/\/www.africa-press.net\/cotedivoire\/#\/schema\/person\/2b1cf3cd81a31e3cd26889ca66d677f1","name":"cfeditorfr"}]}},"_links":{"self":[{"href":"https:\/\/www.africa-press.net\/cotedivoire\/wp-json\/wp\/v2\/posts\/94769","targetHints":{"allow":["GET"]}}],"collection":[{"href":"https:\/\/www.africa-press.net\/cotedivoire\/wp-json\/wp\/v2\/posts"}],"about":[{"href":"https:\/\/www.africa-press.net\/cotedivoire\/wp-json\/wp\/v2\/types\/post"}],"author":[{"embeddable":true,"href":"https:\/\/www.africa-press.net\/cotedivoire\/wp-json\/wp\/v2\/users\/82"}],"replies":[{"embeddable":true,"href":"https:\/\/www.africa-press.net\/cotedivoire\/wp-json\/wp\/v2\/comments?post=94769"}],"version-history":[{"count":0,"href":"https:\/\/www.africa-press.net\/cotedivoire\/wp-json\/wp\/v2\/posts\/94769\/revisions"}],"wp:featuredmedia":[{"embeddable":true,"href":"https:\/\/www.africa-press.net\/cotedivoire\/wp-json\/wp\/v2\/media\/94768"}],"wp:attachment":[{"href":"https:\/\/www.africa-press.net\/cotedivoire\/wp-json\/wp\/v2\/media?parent=94769"}],"wp:term":[{"taxonomy":"category","embeddable":true,"href":"https:\/\/www.africa-press.net\/cotedivoire\/wp-json\/wp\/v2\/categories?post=94769"},{"taxonomy":"post_tag","embeddable":true,"href":"https:\/\/www.africa-press.net\/cotedivoire\/wp-json\/wp\/v2\/tags?post=94769"}],"curies":[{"name":"wp","href":"https:\/\/api.w.org\/{rel}","templated":true}]}}