{"id":94778,"date":"2025-02-06T18:09:44","date_gmt":"2025-02-06T18:09:44","guid":{"rendered":"https:\/\/www.africa-press.net\/cotedivoire\/politique\/agl-cote-divoire-et-abidjan-terminal-sengagent-a-promouvoir-les-fruits-ivoiriens-au-salon-fruit-logistica-en-allemagne-2"},"modified":"2025-02-06T18:09:44","modified_gmt":"2025-02-06T18:09:44","slug":"agl-cote-divoire-et-abidjan-terminal-sengagent-a-promouvoir-les-fruits-ivoiriens-au-salon-fruit-logistica-en-allemagne-2","status":"publish","type":"post","link":"https:\/\/www.africa-press.net\/cotedivoire\/economie\/agl-cote-divoire-et-abidjan-terminal-sengagent-a-promouvoir-les-fruits-ivoiriens-au-salon-fruit-logistica-en-allemagne-2","title":{"rendered":"AGL C\u00f4te d&rsquo;Ivoire et Abidjan Terminal s&rsquo;engagent \u00e0 promouvoir les fruits ivoiriens au salon fruit Logistica en Allemagne"},"content":{"rendered":"<p><span style=\"color: #ff6600\"><strong>Africa-Press &#8211; C\u00f4te d&rsquo;Ivoire. <\/strong><\/span>AGL Co\u0302te d\u2019Ivoire et Abidjan Terminal participent, du 5 au 7 fe\u0301vrier 2025, a\u0300 Berlin, en Allemagne, a\u0300 la 32e e\u0301dition du salon Fruit Logistica, un rendez-vous incontournable pour les professionnels des fruits frais. Cet e\u0301ve\u0301nement international qui re\u0301unit pre\u0300s de 2 800 exposants et plus de 66 000 visiteurs professionnels issus de 145 pays, permet a\u0300 AGL de renforcer ses partenariats internationaux, afin de proposer ses solutions logistiques sur mesure, pour accompagner efficacement la croissance durable du secteur des fruits en Co\u0302te d\u2019Ivoire.<\/p>\n<p>Cette participation offre a\u0300 AGL Co\u0302te d\u2019Ivoire une plateforme strate\u0301gique pour pre\u0301senter ses services inte\u0301gre\u0301s gra\u0302ce a\u0300 son re\u0301seau multimodal a\u0300 travers le chemin de fer et la route. L\u2019entreprise assure la chaine de froid a\u0300 travers les ope\u0301rations de transport dans des conteneurs frigorifiques, de manutention, d\u2019entreposage ainsi que la re\u0301alisation des formalite\u0301s douanie\u0300res et de transit. Cette expertise permet d\u2019optimiser la conservation et la qualite\u0301 des produits frais tout au long de la chai\u0302ne logistique.<\/p>\n<p>AGL Co\u0302te d\u2019Ivoire dispose e\u0301galement de plus de 100.000 m2 d\u2019entrepo\u0302ts de\u0301die\u0301s et de bases logistiques implante\u0301es a\u0300 Abidjan, San Pedro, Bouake\u0301 et Ferkesse\u0301dougou, pour garantir la prise en charge des fruits, depuis les zones de production jusqu\u2019a\u0300 leur exportation. Entre 2023 et 2024, l\u2019entreprise a traite\u0301 plus de 22000 conteneurs de bananes et 2000 conteneurs de mangues, dans le respect des normes de qualite\u0301 et de se\u0301curite\u0301.<\/p>\n<p>Aussi, la construction a\u0300 Abidjan terminal d\u2019infrastructures, a\u0300 savoir ; une guerite de\u0301die\u0301e aux conteneurs frigorifiques (reefers) a\u0300 l\u2019export et l\u2019installation de prises frigorifiques sur le parc a\u0300 conteneurs permettent de maintenir la chai\u0302ne de froid et garantir la frai\u0302cheur des fruits. A cela, s\u2019ajoutent des lignes maritimes hebdomadaires vers diverses destinations qui contribuent a\u0300 l\u2019approvisionnement re\u0301guliers des marche\u0301s locaux et internationaux.<\/p>\n<p>Par ailleurs, gra\u0302ce a\u0300 ses synergies ope\u0301rationnelles avec Sitarail et Abidjan terminal, AGL Co\u0302te d\u2019Ivoire accompagne les acteurs locaux en mettant a\u0300 leur disposition des conteneurs frigorifiques vides pre\u0302ts pour l\u2019empotage bord champ. Abidjan Terminal accorde aussi aux acteurs de la filie\u0300re fruit un meilleur de\u0301lai de franchise sur le branchement des conteneurs a\u0300 l\u2019export et a\u0300 l\u2019import. Le stationnement non facture\u0301 des conteneurs a\u0300 l\u2019export, contribue a\u0300 re\u0301duire conside\u0301rablement les cou\u0302ts de passage de la marchandise.<\/p>\n<p>\u00ab La participation d\u2019AGL Co\u0302te d\u2019Ivoire et d\u2019Abidjan Terminal au salon Fruit Logistica, illustre notre engagement a\u0300 promouvoir l\u2019excellence logistique au service de la filie\u0300re fruits en Co\u0302te d\u2019Ivoire. Ce rendez-vous strate\u0301gique renforce nos partenariats internationaux et valorise nos solutions innovantes et inte\u0301gre\u0301es, depuis la prise en charge bord champ jusqu\u2019a\u0300 l\u2019exportation. Gra\u0302ce a\u0300 nos infrastructures modernes et nos synergies ope\u0301rationnelles, nous contribuons a\u0300 garantir la qualite\u0301 et la frai\u0302cheur des produits, tout en soutenant la compe\u0301titivite\u0301 des acteurs locaux. \u00bb, a indique\u0301 Asta-Rosa Cisse\u0301, Directrice Re\u0301gionale d\u2019AGL Co\u0302te d\u2019Ivoire-Burkina Faso.<\/p>\n<p>AGL Co\u0302te d\u2019Ivoire est certifie\u0301 TAPA pour la su\u0302rete\u0301 du fret ainsi que pour le transport et la logistique et mise sur l\u2019innovation en proposant des solutions digitales sur mesure. L\u2019entreprise a ainsi mis en place SPEED, son logiciel de gestion des flux qui permet d\u2019optimiser la gestion des stocks, d\u2019ame\u0301liorer la trac\u0327abilite\u0301 des marchandises et de re\u0301duire les cou\u0302ts ope\u0301rationnels, offrant un avantage strate\u0301gique aux producteurs et exportateurs de fruits. En outre, la coordination ope\u0301rationnelle entre les entite\u0301s d\u2019AGL que sont: Abidjan Terminal, AGL Co\u0302te d\u2019Ivoire, SITARAIL, PACOCI et Co\u0302te d\u2019Ivoire Terminal assurent des solutions logistiques entie\u0300rement inte\u0301gre\u0301es pour le de\u0301veloppement de filie\u0300re fruit.<\/p>\n<p><strong>Pour plus d&rsquo;informations et d&rsquo;analyses sur la <span style=\"color: #ff6600\">C\u00f4te d&rsquo;Ivoire<\/span>, suivez <span style=\"color: #ff6600\">Africa-Press<span style=\"color: #ff6600\"><\/span><\/strong><\/p>\n","protected":false},"excerpt":{"rendered":"<p>Africa-Press &#8211; C\u00f4te d&rsquo;Ivoire. AGL Co\u0302te d\u2019Ivoire et Abidjan Terminal participent, du 5 au 7 fe\u0301vrier 2025, a\u0300 Berlin, en Allemagne, a\u0300 la 32e e\u0301dition du salon Fruit Logistica, un rendez-vous incontournable pour les professionnels des fruits frais. Cet e\u0301ve\u0301nement international qui re\u0301unit pre\u0300s de 2 800 exposants et plus de 66 000 visiteurs professionnels [&hellip;]<\/p>\n","protected":false},"author":82,"featured_media":94777,"comment_status":"open","ping_status":"closed","sticky":false,"template":"","format":"standard","meta":{"footnotes":""},"categories":[3,10],"tags":[9613,37,16629],"class_list":["post-94778","post","type-post","status-publish","format-standard","has-post-thumbnail","hentry","category-economie","category-toutes-les-actualites","tag-agl","tag-cote-divoire-2","tag-fruit"],"yoast_head":"<!-- This site is optimized with the Yoast SEO Premium plugin v26.1 (Yoast SEO v27.0) - https:\/\/yoast.com\/product\/yoast-seo-premium-wordpress\/ -->\n<title>AGL C\u00f4te d&#039;Ivoire et Abidjan Terminal s&#039;engagent \u00e0 promouvoir les fruits ivoiriens au salon fruit Logistica en Allemagne - C\u00f4te d&#039;Ivoire<\/title>\n<meta name=\"robots\" content=\"index, follow, max-snippet:-1, max-image-preview:large, max-video-preview:-1\" \/>\n<link rel=\"canonical\" href=\"https:\/\/www.africa-press.net\/cotedivoire\/politique\/agl-cote-divoire-et-abidjan-terminal-sengagent-a-promouvoir-les-fruits-ivoiriens-au-salon-fruit-logistica-en-allemagne-2\" \/>\n<meta property=\"og:locale\" content=\"fr_FR\" \/>\n<meta property=\"og:type\" content=\"article\" \/>\n<meta property=\"og:title\" content=\"AGL C\u00f4te d&#039;Ivoire et Abidjan Terminal s&#039;engagent \u00e0 promouvoir les fruits ivoiriens au salon fruit Logistica en Allemagne\" \/>\n<meta property=\"og:description\" content=\"Africa-Press &#8211; C\u00f4te d&rsquo;Ivoire. AGL Co\u0302te d\u2019Ivoire et Abidjan Terminal participent, du 5 au 7 fe\u0301vrier 2025, a\u0300 Berlin, en Allemagne, a\u0300 la 32e e\u0301dition du salon Fruit Logistica, un rendez-vous incontournable pour les professionnels des fruits frais. Cet e\u0301ve\u0301nement international qui re\u0301unit pre\u0300s de 2 800 exposants et plus de 66 000 visiteurs professionnels [&hellip;]\" \/>\n<meta property=\"og:url\" content=\"https:\/\/www.africa-press.net\/cotedivoire\/politique\/agl-cote-divoire-et-abidjan-terminal-sengagent-a-promouvoir-les-fruits-ivoiriens-au-salon-fruit-logistica-en-allemagne-2\" \/>\n<meta property=\"og:site_name\" content=\"C\u00f4te d&#039;Ivoire\" \/>\n<meta property=\"article:published_time\" content=\"2025-02-06T18:09:44+00:00\" \/>\n<meta name=\"author\" content=\"cfeditorfr\" \/>\n<meta name=\"twitter:card\" content=\"summary_large_image\" \/>\n<meta name=\"twitter:label1\" content=\"\u00c9crit par\" \/>\n\t<meta name=\"twitter:data1\" content=\"cfeditorfr\" \/>\n\t<meta name=\"twitter:label2\" content=\"Dur\u00e9e de lecture estim\u00e9e\" \/>\n\t<meta name=\"twitter:data2\" content=\"3 minutes\" \/>\n<script type=\"application\/ld+json\" class=\"yoast-schema-graph\">{\"@context\":\"https:\/\/schema.org\",\"@graph\":[{\"@type\":\"Article\",\"@id\":\"https:\/\/www.africa-press.net\/cotedivoire\/politique\/agl-cote-divoire-et-abidjan-terminal-sengagent-a-promouvoir-les-fruits-ivoiriens-au-salon-fruit-logistica-en-allemagne-2#article\",\"isPartOf\":{\"@id\":\"https:\/\/www.africa-press.net\/cotedivoire\/politique\/agl-cote-divoire-et-abidjan-terminal-sengagent-a-promouvoir-les-fruits-ivoiriens-au-salon-fruit-logistica-en-allemagne-2\"},\"author\":{\"name\":\"cfeditorfr\",\"@id\":\"https:\/\/www.africa-press.net\/cotedivoire\/#\/schema\/person\/2b1cf3cd81a31e3cd26889ca66d677f1\"},\"headline\":\"AGL C\u00f4te d&rsquo;Ivoire et Abidjan Terminal s&rsquo;engagent \u00e0 promouvoir les fruits ivoiriens au salon fruit Logistica en Allemagne\",\"datePublished\":\"2025-02-06T18:09:44+00:00\",\"mainEntityOfPage\":{\"@id\":\"https:\/\/www.africa-press.net\/cotedivoire\/politique\/agl-cote-divoire-et-abidjan-terminal-sengagent-a-promouvoir-les-fruits-ivoiriens-au-salon-fruit-logistica-en-allemagne-2\"},\"wordCount\":698,\"commentCount\":0,\"image\":{\"@id\":\"https:\/\/www.africa-press.net\/cotedivoire\/politique\/agl-cote-divoire-et-abidjan-terminal-sengagent-a-promouvoir-les-fruits-ivoiriens-au-salon-fruit-logistica-en-allemagne-2#primaryimage\"},\"thumbnailUrl\":\"https:\/\/static.africa-press.net\/cote\/sites\/43\/2025\/02\/sm_1738853648.507646.jpg\",\"keywords\":[\"AGL\",\"C\u00f4te d'Ivoire\",\"fruit\"],\"articleSection\":[\"\u00c9conomie\",\"Toutes les actualit\u00e9s\"],\"inLanguage\":\"fr-FR\",\"potentialAction\":[{\"@type\":\"CommentAction\",\"name\":\"Comment\",\"target\":[\"https:\/\/www.africa-press.net\/cotedivoire\/politique\/agl-cote-divoire-et-abidjan-terminal-sengagent-a-promouvoir-les-fruits-ivoiriens-au-salon-fruit-logistica-en-allemagne-2#respond\"]}]},{\"@type\":\"WebPage\",\"@id\":\"https:\/\/www.africa-press.net\/cotedivoire\/politique\/agl-cote-divoire-et-abidjan-terminal-sengagent-a-promouvoir-les-fruits-ivoiriens-au-salon-fruit-logistica-en-allemagne-2\",\"url\":\"https:\/\/www.africa-press.net\/cotedivoire\/politique\/agl-cote-divoire-et-abidjan-terminal-sengagent-a-promouvoir-les-fruits-ivoiriens-au-salon-fruit-logistica-en-allemagne-2\",\"name\":\"AGL C\u00f4te d'Ivoire et Abidjan Terminal s'engagent \u00e0 promouvoir les fruits ivoiriens au salon fruit Logistica en Allemagne - C\u00f4te d&#039;Ivoire\",\"isPartOf\":{\"@id\":\"https:\/\/www.africa-press.net\/cotedivoire\/#website\"},\"primaryImageOfPage\":{\"@id\":\"https:\/\/www.africa-press.net\/cotedivoire\/politique\/agl-cote-divoire-et-abidjan-terminal-sengagent-a-promouvoir-les-fruits-ivoiriens-au-salon-fruit-logistica-en-allemagne-2#primaryimage\"},\"image\":{\"@id\":\"https:\/\/www.africa-press.net\/cotedivoire\/politique\/agl-cote-divoire-et-abidjan-terminal-sengagent-a-promouvoir-les-fruits-ivoiriens-au-salon-fruit-logistica-en-allemagne-2#primaryimage\"},\"thumbnailUrl\":\"https:\/\/static.africa-press.net\/cote\/sites\/43\/2025\/02\/sm_1738853648.507646.jpg\",\"datePublished\":\"2025-02-06T18:09:44+00:00\",\"author\":{\"@id\":\"https:\/\/www.africa-press.net\/cotedivoire\/#\/schema\/person\/2b1cf3cd81a31e3cd26889ca66d677f1\"},\"breadcrumb\":{\"@id\":\"https:\/\/www.africa-press.net\/cotedivoire\/politique\/agl-cote-divoire-et-abidjan-terminal-sengagent-a-promouvoir-les-fruits-ivoiriens-au-salon-fruit-logistica-en-allemagne-2#breadcrumb\"},\"inLanguage\":\"fr-FR\",\"potentialAction\":[{\"@type\":\"ReadAction\",\"target\":[\"https:\/\/www.africa-press.net\/cotedivoire\/politique\/agl-cote-divoire-et-abidjan-terminal-sengagent-a-promouvoir-les-fruits-ivoiriens-au-salon-fruit-logistica-en-allemagne-2\"]}]},{\"@type\":\"ImageObject\",\"inLanguage\":\"fr-FR\",\"@id\":\"https:\/\/www.africa-press.net\/cotedivoire\/politique\/agl-cote-divoire-et-abidjan-terminal-sengagent-a-promouvoir-les-fruits-ivoiriens-au-salon-fruit-logistica-en-allemagne-2#primaryimage\",\"url\":\"https:\/\/static.africa-press.net\/cote\/sites\/43\/2025\/02\/sm_1738853648.507646.jpg\",\"contentUrl\":\"https:\/\/static.africa-press.net\/cote\/sites\/43\/2025\/02\/sm_1738853648.507646.jpg\",\"width\":720,\"height\":342,\"caption\":\"AGL C\u00f4te d'Ivoire et Abidjan Terminal s'engagent \u00e0 promouvoir les fruits ivoiriens au salon fruit Logistica en Allemagne\"},{\"@type\":\"BreadcrumbList\",\"@id\":\"https:\/\/www.africa-press.net\/cotedivoire\/politique\/agl-cote-divoire-et-abidjan-terminal-sengagent-a-promouvoir-les-fruits-ivoiriens-au-salon-fruit-logistica-en-allemagne-2#breadcrumb\",\"itemListElement\":[{\"@type\":\"ListItem\",\"position\":1,\"name\":\"Accueil\",\"item\":\"https:\/\/www.africa-press.net\/cotedivoire\/\"},{\"@type\":\"ListItem\",\"position\":2,\"name\":\"AGL C\u00f4te d&rsquo;Ivoire et Abidjan Terminal s&rsquo;engagent \u00e0 promouvoir les fruits ivoiriens au salon fruit Logistica en Allemagne\"}]},{\"@type\":\"WebSite\",\"@id\":\"https:\/\/www.africa-press.net\/cotedivoire\/#website\",\"url\":\"https:\/\/www.africa-press.net\/cotedivoire\/\",\"name\":\"C\u00f4te d&#039;Ivoire\",\"description\":\"Just another Africa News Agency Sites site\",\"potentialAction\":[{\"@type\":\"SearchAction\",\"target\":{\"@type\":\"EntryPoint\",\"urlTemplate\":\"https:\/\/www.africa-press.net\/cotedivoire\/?s={search_term_string}\"},\"query-input\":{\"@type\":\"PropertyValueSpecification\",\"valueRequired\":true,\"valueName\":\"search_term_string\"}}],\"inLanguage\":\"fr-FR\"},{\"@type\":\"Person\",\"@id\":\"https:\/\/www.africa-press.net\/cotedivoire\/#\/schema\/person\/2b1cf3cd81a31e3cd26889ca66d677f1\",\"name\":\"cfeditorfr\"}]}<\/script>\n<!-- \/ Yoast SEO Premium plugin. -->","yoast_head_json":{"title":"AGL C\u00f4te d'Ivoire et Abidjan Terminal s'engagent \u00e0 promouvoir les fruits ivoiriens au salon fruit Logistica en Allemagne - C\u00f4te d&#039;Ivoire","robots":{"index":"index","follow":"follow","max-snippet":"max-snippet:-1","max-image-preview":"max-image-preview:large","max-video-preview":"max-video-preview:-1"},"canonical":"https:\/\/www.africa-press.net\/cotedivoire\/politique\/agl-cote-divoire-et-abidjan-terminal-sengagent-a-promouvoir-les-fruits-ivoiriens-au-salon-fruit-logistica-en-allemagne-2","og_locale":"fr_FR","og_type":"article","og_title":"AGL C\u00f4te d'Ivoire et Abidjan Terminal s'engagent \u00e0 promouvoir les fruits ivoiriens au salon fruit Logistica en Allemagne","og_description":"Africa-Press &#8211; C\u00f4te d&rsquo;Ivoire. AGL Co\u0302te d\u2019Ivoire et Abidjan Terminal participent, du 5 au 7 fe\u0301vrier 2025, a\u0300 Berlin, en Allemagne, a\u0300 la 32e e\u0301dition du salon Fruit Logistica, un rendez-vous incontournable pour les professionnels des fruits frais. Cet e\u0301ve\u0301nement international qui re\u0301unit pre\u0300s de 2 800 exposants et plus de 66 000 visiteurs professionnels [&hellip;]","og_url":"https:\/\/www.africa-press.net\/cotedivoire\/politique\/agl-cote-divoire-et-abidjan-terminal-sengagent-a-promouvoir-les-fruits-ivoiriens-au-salon-fruit-logistica-en-allemagne-2","og_site_name":"C\u00f4te d&#039;Ivoire","article_published_time":"2025-02-06T18:09:44+00:00","author":"cfeditorfr","twitter_card":"summary_large_image","twitter_misc":{"\u00c9crit par":"cfeditorfr","Dur\u00e9e de lecture estim\u00e9e":"3 minutes"},"schema":{"@context":"https:\/\/schema.org","@graph":[{"@type":"Article","@id":"https:\/\/www.africa-press.net\/cotedivoire\/politique\/agl-cote-divoire-et-abidjan-terminal-sengagent-a-promouvoir-les-fruits-ivoiriens-au-salon-fruit-logistica-en-allemagne-2#article","isPartOf":{"@id":"https:\/\/www.africa-press.net\/cotedivoire\/politique\/agl-cote-divoire-et-abidjan-terminal-sengagent-a-promouvoir-les-fruits-ivoiriens-au-salon-fruit-logistica-en-allemagne-2"},"author":{"name":"cfeditorfr","@id":"https:\/\/www.africa-press.net\/cotedivoire\/#\/schema\/person\/2b1cf3cd81a31e3cd26889ca66d677f1"},"headline":"AGL C\u00f4te d&rsquo;Ivoire et Abidjan Terminal s&rsquo;engagent \u00e0 promouvoir les fruits ivoiriens au salon fruit Logistica en Allemagne","datePublished":"2025-02-06T18:09:44+00:00","mainEntityOfPage":{"@id":"https:\/\/www.africa-press.net\/cotedivoire\/politique\/agl-cote-divoire-et-abidjan-terminal-sengagent-a-promouvoir-les-fruits-ivoiriens-au-salon-fruit-logistica-en-allemagne-2"},"wordCount":698,"commentCount":0,"image":{"@id":"https:\/\/www.africa-press.net\/cotedivoire\/politique\/agl-cote-divoire-et-abidjan-terminal-sengagent-a-promouvoir-les-fruits-ivoiriens-au-salon-fruit-logistica-en-allemagne-2#primaryimage"},"thumbnailUrl":"https:\/\/static.africa-press.net\/cote\/sites\/43\/2025\/02\/sm_1738853648.507646.jpg","keywords":["AGL","C\u00f4te d'Ivoire","fruit"],"articleSection":["\u00c9conomie","Toutes les actualit\u00e9s"],"inLanguage":"fr-FR","potentialAction":[{"@type":"CommentAction","name":"Comment","target":["https:\/\/www.africa-press.net\/cotedivoire\/politique\/agl-cote-divoire-et-abidjan-terminal-sengagent-a-promouvoir-les-fruits-ivoiriens-au-salon-fruit-logistica-en-allemagne-2#respond"]}]},{"@type":"WebPage","@id":"https:\/\/www.africa-press.net\/cotedivoire\/politique\/agl-cote-divoire-et-abidjan-terminal-sengagent-a-promouvoir-les-fruits-ivoiriens-au-salon-fruit-logistica-en-allemagne-2","url":"https:\/\/www.africa-press.net\/cotedivoire\/politique\/agl-cote-divoire-et-abidjan-terminal-sengagent-a-promouvoir-les-fruits-ivoiriens-au-salon-fruit-logistica-en-allemagne-2","name":"AGL C\u00f4te d'Ivoire et Abidjan Terminal s'engagent \u00e0 promouvoir les fruits ivoiriens au salon fruit Logistica en Allemagne - C\u00f4te d&#039;Ivoire","isPartOf":{"@id":"https:\/\/www.africa-press.net\/cotedivoire\/#website"},"primaryImageOfPage":{"@id":"https:\/\/www.africa-press.net\/cotedivoire\/politique\/agl-cote-divoire-et-abidjan-terminal-sengagent-a-promouvoir-les-fruits-ivoiriens-au-salon-fruit-logistica-en-allemagne-2#primaryimage"},"image":{"@id":"https:\/\/www.africa-press.net\/cotedivoire\/politique\/agl-cote-divoire-et-abidjan-terminal-sengagent-a-promouvoir-les-fruits-ivoiriens-au-salon-fruit-logistica-en-allemagne-2#primaryimage"},"thumbnailUrl":"https:\/\/static.africa-press.net\/cote\/sites\/43\/2025\/02\/sm_1738853648.507646.jpg","datePublished":"2025-02-06T18:09:44+00:00","author":{"@id":"https:\/\/www.africa-press.net\/cotedivoire\/#\/schema\/person\/2b1cf3cd81a31e3cd26889ca66d677f1"},"breadcrumb":{"@id":"https:\/\/www.africa-press.net\/cotedivoire\/politique\/agl-cote-divoire-et-abidjan-terminal-sengagent-a-promouvoir-les-fruits-ivoiriens-au-salon-fruit-logistica-en-allemagne-2#breadcrumb"},"inLanguage":"fr-FR","potentialAction":[{"@type":"ReadAction","target":["https:\/\/www.africa-press.net\/cotedivoire\/politique\/agl-cote-divoire-et-abidjan-terminal-sengagent-a-promouvoir-les-fruits-ivoiriens-au-salon-fruit-logistica-en-allemagne-2"]}]},{"@type":"ImageObject","inLanguage":"fr-FR","@id":"https:\/\/www.africa-press.net\/cotedivoire\/politique\/agl-cote-divoire-et-abidjan-terminal-sengagent-a-promouvoir-les-fruits-ivoiriens-au-salon-fruit-logistica-en-allemagne-2#primaryimage","url":"https:\/\/static.africa-press.net\/cote\/sites\/43\/2025\/02\/sm_1738853648.507646.jpg","contentUrl":"https:\/\/static.africa-press.net\/cote\/sites\/43\/2025\/02\/sm_1738853648.507646.jpg","width":720,"height":342,"caption":"AGL C\u00f4te d'Ivoire et Abidjan Terminal s'engagent \u00e0 promouvoir les fruits ivoiriens au salon fruit Logistica en Allemagne"},{"@type":"BreadcrumbList","@id":"https:\/\/www.africa-press.net\/cotedivoire\/politique\/agl-cote-divoire-et-abidjan-terminal-sengagent-a-promouvoir-les-fruits-ivoiriens-au-salon-fruit-logistica-en-allemagne-2#breadcrumb","itemListElement":[{"@type":"ListItem","position":1,"name":"Accueil","item":"https:\/\/www.africa-press.net\/cotedivoire\/"},{"@type":"ListItem","position":2,"name":"AGL C\u00f4te d&rsquo;Ivoire et Abidjan Terminal s&rsquo;engagent \u00e0 promouvoir les fruits ivoiriens au salon fruit Logistica en Allemagne"}]},{"@type":"WebSite","@id":"https:\/\/www.africa-press.net\/cotedivoire\/#website","url":"https:\/\/www.africa-press.net\/cotedivoire\/","name":"C\u00f4te d&#039;Ivoire","description":"Just another Africa News Agency Sites site","potentialAction":[{"@type":"SearchAction","target":{"@type":"EntryPoint","urlTemplate":"https:\/\/www.africa-press.net\/cotedivoire\/?s={search_term_string}"},"query-input":{"@type":"PropertyValueSpecification","valueRequired":true,"valueName":"search_term_string"}}],"inLanguage":"fr-FR"},{"@type":"Person","@id":"https:\/\/www.africa-press.net\/cotedivoire\/#\/schema\/person\/2b1cf3cd81a31e3cd26889ca66d677f1","name":"cfeditorfr"}]}},"_links":{"self":[{"href":"https:\/\/www.africa-press.net\/cotedivoire\/wp-json\/wp\/v2\/posts\/94778","targetHints":{"allow":["GET"]}}],"collection":[{"href":"https:\/\/www.africa-press.net\/cotedivoire\/wp-json\/wp\/v2\/posts"}],"about":[{"href":"https:\/\/www.africa-press.net\/cotedivoire\/wp-json\/wp\/v2\/types\/post"}],"author":[{"embeddable":true,"href":"https:\/\/www.africa-press.net\/cotedivoire\/wp-json\/wp\/v2\/users\/82"}],"replies":[{"embeddable":true,"href":"https:\/\/www.africa-press.net\/cotedivoire\/wp-json\/wp\/v2\/comments?post=94778"}],"version-history":[{"count":0,"href":"https:\/\/www.africa-press.net\/cotedivoire\/wp-json\/wp\/v2\/posts\/94778\/revisions"}],"wp:featuredmedia":[{"embeddable":true,"href":"https:\/\/www.africa-press.net\/cotedivoire\/wp-json\/wp\/v2\/media\/94777"}],"wp:attachment":[{"href":"https:\/\/www.africa-press.net\/cotedivoire\/wp-json\/wp\/v2\/media?parent=94778"}],"wp:term":[{"taxonomy":"category","embeddable":true,"href":"https:\/\/www.africa-press.net\/cotedivoire\/wp-json\/wp\/v2\/categories?post=94778"},{"taxonomy":"post_tag","embeddable":true,"href":"https:\/\/www.africa-press.net\/cotedivoire\/wp-json\/wp\/v2\/tags?post=94778"}],"curies":[{"name":"wp","href":"https:\/\/api.w.org\/{rel}","templated":true}]}}