{"id":94825,"date":"2025-02-07T19:34:33","date_gmt":"2025-02-07T19:34:33","guid":{"rendered":"https:\/\/www.africa-press.net\/cotedivoire\/politique\/ivoiriens-victimes-darnaque-migratoire-au-nigeria-la-senatrice-chantal-fanny-presente-a-abuja-raconte-les-faits"},"modified":"2025-02-07T19:34:33","modified_gmt":"2025-02-07T19:34:33","slug":"ivoiriens-victimes-darnaque-migratoire-au-nigeria-la-senatrice-chantal-fanny-presente-a-abuja-raconte-les-faits","status":"publish","type":"post","link":"https:\/\/www.africa-press.net\/cotedivoire\/politique\/ivoiriens-victimes-darnaque-migratoire-au-nigeria-la-senatrice-chantal-fanny-presente-a-abuja-raconte-les-faits","title":{"rendered":"Ivoiriens victimes d&rsquo;arnaque migratoire au Nigeria, la S\u00e9natrice Chantal Fanny pr\u00e9sente \u00e0 Abuja raconte les faits"},"content":{"rendered":"<p><span style=\"color: #ff6600\"><strong>Africa-Press &#8211; C\u00f4te d&rsquo;Ivoire. <\/strong><\/span>Comme nous le relayions dans un pre\u0301ce\u0301dent article, des jeunes ivoiriens ont e\u0301te\u0301 victimes d\u2019un re\u0301seau criminel Nige\u0301rian de trafic humain.<\/p>\n<p>La Se\u0301natrice Chantal Fanny a eu l\u2019honneur d&rsquo;e\u0302tre aux co\u0302te\u0301s de l\u2019Ambassadeur de Co\u0302te d\u2019Ivoire au Nige\u0301ria a\u0300 Abuja et de contribuer a\u0300 faciliter le retour de jeunes ivoiriens en de\u0301tresse.<\/p>\n<p>Invite\u0301e par Sa Majeste\u0301 Ogiame Atuwatse III, Roi de Warri, et la Reine Olori Atuwatse III, j&rsquo;ai effectue\u0301 une visite au Royaume de Warri, dans l&rsquo;E\u0301tat du Delta au Nigeria, du 23 au 26 janvier 2025 et durant mon passage a\u0300 Abuja, elle a e\u0301te\u0301 interpelle\u0301e par Son Excellence Traore\u0301 Kalilou, Ambassadeur de la Co\u0302te d\u2019Ivoire au Nige\u0301ria, qui lutte depuis un an contre un fle\u0301au touchant des jeunes de 15 a\u0300 27 ans.<\/p>\n<p>\u00ab Ces jeunes sont appa\u0302te\u0301s par de fausses promesses d&#8217;emplois mieux re\u0301mune\u0301re\u0301s ou de possibilite\u0301s d\u2019obtenir des visas pour l\u2019Europe. Une fois sur place, ils se retrouvent souvent parque\u0301s et se\u0301questre\u0301s. Gra\u0302ce a\u0300 un jeune qui a re\u0301ussi a\u0300 fuir et a\u0300 contacter notre ambassade, nous avons pu re\u0301cupe\u0301rer 9 d&rsquo;entre eux sur une vingtaine. Informe\u0301e de cette situation, j&rsquo;ai demande\u0301 a\u0300 rencontrer ces jeunes. Apre\u0300s des e\u0301changes et des conseils a\u0300 leur intention, j\u2019ai de\u0301cide\u0301 d\u2019apporter ma modeste contribution a\u0300 l&rsquo;ambassade de Co\u0302te d\u2019Ivoire pour faciliter leur retour aupre\u0300s de leurs familles \u00bb, rapporte la Se\u0301natrice.<\/p>\n<p>C&rsquo;est l&rsquo;occasion pour Mme Fanny d\u2019interpeller les jeunes: \u00ab Je sais que vous recherchez un avenir meilleur, mais les risques sont e\u0301normes, et beaucoup n&rsquo;ont pas la chance de revenir et on n\u2019a plus de nouvelles d\u2019eux parce que mort dans des conditions parfois horrible&#8230;&#8230; \u00bb<\/p>\n<p>Enfin, la Se\u0301natrice invite a\u0300 cre\u0301er une chai\u0302ne de solidarite\u0301 pour e\u0301radiquer les arnaques de ces personnes malveillantes.<\/p>\n<p>\u00ab Ensemble, prote\u0301geons nos jeunes et construisons un avenir meilleur \u00bb, a lance\u0301 Chantal Fanny.<\/p>\n<p><strong>Pour plus d&rsquo;informations et d&rsquo;analyses sur la <span style=\"color: #ff6600\">C\u00f4te d&rsquo;Ivoire<\/span>, suivez <span style=\"color: #ff6600\">Africa-Press<span style=\"color: #ff6600\"><\/span><\/strong><\/p>\n","protected":false},"excerpt":{"rendered":"<p>Africa-Press &#8211; C\u00f4te d&rsquo;Ivoire. Comme nous le relayions dans un pre\u0301ce\u0301dent article, des jeunes ivoiriens ont e\u0301te\u0301 victimes d\u2019un re\u0301seau criminel Nige\u0301rian de trafic humain. La Se\u0301natrice Chantal Fanny a eu l\u2019honneur d&rsquo;e\u0302tre aux co\u0302te\u0301s de l\u2019Ambassadeur de Co\u0302te d\u2019Ivoire au Nige\u0301ria a\u0300 Abuja et de contribuer a\u0300 faciliter le retour de jeunes ivoiriens en [&hellip;]<\/p>\n","protected":false},"author":82,"featured_media":94824,"comment_status":"open","ping_status":"closed","sticky":false,"template":"","format":"standard","meta":{"footnotes":""},"categories":[2,10],"tags":[3256,3170,16682,37,2066,6261],"class_list":["post-94825","post","type-post","status-publish","format-standard","has-post-thumbnail","hentry","category-politique","category-toutes-les-actualites","tag-abuja","tag-arnaque","tag-chantal-fanny","tag-cote-divoire-2","tag-ivoiriens","tag-migratoire"],"yoast_head":"<!-- This site is optimized with the Yoast SEO Premium plugin v26.1 (Yoast SEO v27.0) - https:\/\/yoast.com\/product\/yoast-seo-premium-wordpress\/ -->\n<title>Ivoiriens victimes d&#039;arnaque migratoire au Nigeria, la S\u00e9natrice Chantal Fanny pr\u00e9sente \u00e0 Abuja raconte les faits - C\u00f4te d&#039;Ivoire<\/title>\n<meta name=\"robots\" content=\"index, follow, max-snippet:-1, max-image-preview:large, max-video-preview:-1\" \/>\n<link rel=\"canonical\" href=\"https:\/\/www.africa-press.net\/cotedivoire\/politique\/ivoiriens-victimes-darnaque-migratoire-au-nigeria-la-senatrice-chantal-fanny-presente-a-abuja-raconte-les-faits\" \/>\n<meta property=\"og:locale\" content=\"fr_FR\" \/>\n<meta property=\"og:type\" content=\"article\" \/>\n<meta property=\"og:title\" content=\"Ivoiriens victimes d&#039;arnaque migratoire au Nigeria, la S\u00e9natrice Chantal Fanny pr\u00e9sente \u00e0 Abuja raconte les faits\" \/>\n<meta property=\"og:description\" content=\"Africa-Press &#8211; C\u00f4te d&rsquo;Ivoire. Comme nous le relayions dans un pre\u0301ce\u0301dent article, des jeunes ivoiriens ont e\u0301te\u0301 victimes d\u2019un re\u0301seau criminel Nige\u0301rian de trafic humain. La Se\u0301natrice Chantal Fanny a eu l\u2019honneur d&rsquo;e\u0302tre aux co\u0302te\u0301s de l\u2019Ambassadeur de Co\u0302te d\u2019Ivoire au Nige\u0301ria a\u0300 Abuja et de contribuer a\u0300 faciliter le retour de jeunes ivoiriens en [&hellip;]\" \/>\n<meta property=\"og:url\" content=\"https:\/\/www.africa-press.net\/cotedivoire\/politique\/ivoiriens-victimes-darnaque-migratoire-au-nigeria-la-senatrice-chantal-fanny-presente-a-abuja-raconte-les-faits\" \/>\n<meta property=\"og:site_name\" content=\"C\u00f4te d&#039;Ivoire\" \/>\n<meta property=\"article:published_time\" content=\"2025-02-07T19:34:33+00:00\" \/>\n<meta name=\"author\" content=\"cfeditorfr\" \/>\n<meta name=\"twitter:card\" content=\"summary_large_image\" \/>\n<meta name=\"twitter:label1\" content=\"\u00c9crit par\" \/>\n\t<meta name=\"twitter:data1\" content=\"cfeditorfr\" \/>\n\t<meta name=\"twitter:label2\" content=\"Dur\u00e9e de lecture estim\u00e9e\" \/>\n\t<meta name=\"twitter:data2\" content=\"2 minutes\" \/>\n<script type=\"application\/ld+json\" class=\"yoast-schema-graph\">{\"@context\":\"https:\/\/schema.org\",\"@graph\":[{\"@type\":\"Article\",\"@id\":\"https:\/\/www.africa-press.net\/cotedivoire\/politique\/ivoiriens-victimes-darnaque-migratoire-au-nigeria-la-senatrice-chantal-fanny-presente-a-abuja-raconte-les-faits#article\",\"isPartOf\":{\"@id\":\"https:\/\/www.africa-press.net\/cotedivoire\/politique\/ivoiriens-victimes-darnaque-migratoire-au-nigeria-la-senatrice-chantal-fanny-presente-a-abuja-raconte-les-faits\"},\"author\":{\"name\":\"cfeditorfr\",\"@id\":\"https:\/\/www.africa-press.net\/cotedivoire\/#\/schema\/person\/2b1cf3cd81a31e3cd26889ca66d677f1\"},\"headline\":\"Ivoiriens victimes d&rsquo;arnaque migratoire au Nigeria, la S\u00e9natrice Chantal Fanny pr\u00e9sente \u00e0 Abuja raconte les faits\",\"datePublished\":\"2025-02-07T19:34:33+00:00\",\"mainEntityOfPage\":{\"@id\":\"https:\/\/www.africa-press.net\/cotedivoire\/politique\/ivoiriens-victimes-darnaque-migratoire-au-nigeria-la-senatrice-chantal-fanny-presente-a-abuja-raconte-les-faits\"},\"wordCount\":397,\"commentCount\":0,\"image\":{\"@id\":\"https:\/\/www.africa-press.net\/cotedivoire\/politique\/ivoiriens-victimes-darnaque-migratoire-au-nigeria-la-senatrice-chantal-fanny-presente-a-abuja-raconte-les-faits#primaryimage\"},\"thumbnailUrl\":\"https:\/\/static.africa-press.net\/cote\/sites\/43\/2025\/02\/sm_1738944555.326409.jpg\",\"keywords\":[\"Abuja\",\"arnaque\",\"Chantal Fanny\",\"C\u00f4te d'Ivoire\",\"Ivoiriens\",\"migratoire\"],\"articleSection\":[\"Politique\",\"Toutes les actualit\u00e9s\"],\"inLanguage\":\"fr-FR\",\"potentialAction\":[{\"@type\":\"CommentAction\",\"name\":\"Comment\",\"target\":[\"https:\/\/www.africa-press.net\/cotedivoire\/politique\/ivoiriens-victimes-darnaque-migratoire-au-nigeria-la-senatrice-chantal-fanny-presente-a-abuja-raconte-les-faits#respond\"]}]},{\"@type\":\"WebPage\",\"@id\":\"https:\/\/www.africa-press.net\/cotedivoire\/politique\/ivoiriens-victimes-darnaque-migratoire-au-nigeria-la-senatrice-chantal-fanny-presente-a-abuja-raconte-les-faits\",\"url\":\"https:\/\/www.africa-press.net\/cotedivoire\/politique\/ivoiriens-victimes-darnaque-migratoire-au-nigeria-la-senatrice-chantal-fanny-presente-a-abuja-raconte-les-faits\",\"name\":\"Ivoiriens victimes d'arnaque migratoire au Nigeria, la S\u00e9natrice Chantal Fanny pr\u00e9sente \u00e0 Abuja raconte les faits - C\u00f4te d&#039;Ivoire\",\"isPartOf\":{\"@id\":\"https:\/\/www.africa-press.net\/cotedivoire\/#website\"},\"primaryImageOfPage\":{\"@id\":\"https:\/\/www.africa-press.net\/cotedivoire\/politique\/ivoiriens-victimes-darnaque-migratoire-au-nigeria-la-senatrice-chantal-fanny-presente-a-abuja-raconte-les-faits#primaryimage\"},\"image\":{\"@id\":\"https:\/\/www.africa-press.net\/cotedivoire\/politique\/ivoiriens-victimes-darnaque-migratoire-au-nigeria-la-senatrice-chantal-fanny-presente-a-abuja-raconte-les-faits#primaryimage\"},\"thumbnailUrl\":\"https:\/\/static.africa-press.net\/cote\/sites\/43\/2025\/02\/sm_1738944555.326409.jpg\",\"datePublished\":\"2025-02-07T19:34:33+00:00\",\"author\":{\"@id\":\"https:\/\/www.africa-press.net\/cotedivoire\/#\/schema\/person\/2b1cf3cd81a31e3cd26889ca66d677f1\"},\"breadcrumb\":{\"@id\":\"https:\/\/www.africa-press.net\/cotedivoire\/politique\/ivoiriens-victimes-darnaque-migratoire-au-nigeria-la-senatrice-chantal-fanny-presente-a-abuja-raconte-les-faits#breadcrumb\"},\"inLanguage\":\"fr-FR\",\"potentialAction\":[{\"@type\":\"ReadAction\",\"target\":[\"https:\/\/www.africa-press.net\/cotedivoire\/politique\/ivoiriens-victimes-darnaque-migratoire-au-nigeria-la-senatrice-chantal-fanny-presente-a-abuja-raconte-les-faits\"]}]},{\"@type\":\"ImageObject\",\"inLanguage\":\"fr-FR\",\"@id\":\"https:\/\/www.africa-press.net\/cotedivoire\/politique\/ivoiriens-victimes-darnaque-migratoire-au-nigeria-la-senatrice-chantal-fanny-presente-a-abuja-raconte-les-faits#primaryimage\",\"url\":\"https:\/\/static.africa-press.net\/cote\/sites\/43\/2025\/02\/sm_1738944555.326409.jpg\",\"contentUrl\":\"https:\/\/static.africa-press.net\/cote\/sites\/43\/2025\/02\/sm_1738944555.326409.jpg\",\"width\":720,\"height\":514,\"caption\":\"Ivoiriens victimes d'arnaque migratoire au Nigeria, la S\u00e9natrice Chantal Fanny pr\u00e9sente \u00e0 Abuja raconte les faits\"},{\"@type\":\"BreadcrumbList\",\"@id\":\"https:\/\/www.africa-press.net\/cotedivoire\/politique\/ivoiriens-victimes-darnaque-migratoire-au-nigeria-la-senatrice-chantal-fanny-presente-a-abuja-raconte-les-faits#breadcrumb\",\"itemListElement\":[{\"@type\":\"ListItem\",\"position\":1,\"name\":\"Accueil\",\"item\":\"https:\/\/www.africa-press.net\/cotedivoire\/\"},{\"@type\":\"ListItem\",\"position\":2,\"name\":\"Ivoiriens victimes d&rsquo;arnaque migratoire au Nigeria, la S\u00e9natrice Chantal Fanny pr\u00e9sente \u00e0 Abuja raconte les faits\"}]},{\"@type\":\"WebSite\",\"@id\":\"https:\/\/www.africa-press.net\/cotedivoire\/#website\",\"url\":\"https:\/\/www.africa-press.net\/cotedivoire\/\",\"name\":\"C\u00f4te d&#039;Ivoire\",\"description\":\"Just another Africa News Agency Sites site\",\"potentialAction\":[{\"@type\":\"SearchAction\",\"target\":{\"@type\":\"EntryPoint\",\"urlTemplate\":\"https:\/\/www.africa-press.net\/cotedivoire\/?s={search_term_string}\"},\"query-input\":{\"@type\":\"PropertyValueSpecification\",\"valueRequired\":true,\"valueName\":\"search_term_string\"}}],\"inLanguage\":\"fr-FR\"},{\"@type\":\"Person\",\"@id\":\"https:\/\/www.africa-press.net\/cotedivoire\/#\/schema\/person\/2b1cf3cd81a31e3cd26889ca66d677f1\",\"name\":\"cfeditorfr\"}]}<\/script>\n<!-- \/ Yoast SEO Premium plugin. -->","yoast_head_json":{"title":"Ivoiriens victimes d'arnaque migratoire au Nigeria, la S\u00e9natrice Chantal Fanny pr\u00e9sente \u00e0 Abuja raconte les faits - C\u00f4te d&#039;Ivoire","robots":{"index":"index","follow":"follow","max-snippet":"max-snippet:-1","max-image-preview":"max-image-preview:large","max-video-preview":"max-video-preview:-1"},"canonical":"https:\/\/www.africa-press.net\/cotedivoire\/politique\/ivoiriens-victimes-darnaque-migratoire-au-nigeria-la-senatrice-chantal-fanny-presente-a-abuja-raconte-les-faits","og_locale":"fr_FR","og_type":"article","og_title":"Ivoiriens victimes d'arnaque migratoire au Nigeria, la S\u00e9natrice Chantal Fanny pr\u00e9sente \u00e0 Abuja raconte les faits","og_description":"Africa-Press &#8211; C\u00f4te d&rsquo;Ivoire. Comme nous le relayions dans un pre\u0301ce\u0301dent article, des jeunes ivoiriens ont e\u0301te\u0301 victimes d\u2019un re\u0301seau criminel Nige\u0301rian de trafic humain. La Se\u0301natrice Chantal Fanny a eu l\u2019honneur d&rsquo;e\u0302tre aux co\u0302te\u0301s de l\u2019Ambassadeur de Co\u0302te d\u2019Ivoire au Nige\u0301ria a\u0300 Abuja et de contribuer a\u0300 faciliter le retour de jeunes ivoiriens en [&hellip;]","og_url":"https:\/\/www.africa-press.net\/cotedivoire\/politique\/ivoiriens-victimes-darnaque-migratoire-au-nigeria-la-senatrice-chantal-fanny-presente-a-abuja-raconte-les-faits","og_site_name":"C\u00f4te d&#039;Ivoire","article_published_time":"2025-02-07T19:34:33+00:00","author":"cfeditorfr","twitter_card":"summary_large_image","twitter_misc":{"\u00c9crit par":"cfeditorfr","Dur\u00e9e de lecture estim\u00e9e":"2 minutes"},"schema":{"@context":"https:\/\/schema.org","@graph":[{"@type":"Article","@id":"https:\/\/www.africa-press.net\/cotedivoire\/politique\/ivoiriens-victimes-darnaque-migratoire-au-nigeria-la-senatrice-chantal-fanny-presente-a-abuja-raconte-les-faits#article","isPartOf":{"@id":"https:\/\/www.africa-press.net\/cotedivoire\/politique\/ivoiriens-victimes-darnaque-migratoire-au-nigeria-la-senatrice-chantal-fanny-presente-a-abuja-raconte-les-faits"},"author":{"name":"cfeditorfr","@id":"https:\/\/www.africa-press.net\/cotedivoire\/#\/schema\/person\/2b1cf3cd81a31e3cd26889ca66d677f1"},"headline":"Ivoiriens victimes d&rsquo;arnaque migratoire au Nigeria, la S\u00e9natrice Chantal Fanny pr\u00e9sente \u00e0 Abuja raconte les faits","datePublished":"2025-02-07T19:34:33+00:00","mainEntityOfPage":{"@id":"https:\/\/www.africa-press.net\/cotedivoire\/politique\/ivoiriens-victimes-darnaque-migratoire-au-nigeria-la-senatrice-chantal-fanny-presente-a-abuja-raconte-les-faits"},"wordCount":397,"commentCount":0,"image":{"@id":"https:\/\/www.africa-press.net\/cotedivoire\/politique\/ivoiriens-victimes-darnaque-migratoire-au-nigeria-la-senatrice-chantal-fanny-presente-a-abuja-raconte-les-faits#primaryimage"},"thumbnailUrl":"https:\/\/static.africa-press.net\/cote\/sites\/43\/2025\/02\/sm_1738944555.326409.jpg","keywords":["Abuja","arnaque","Chantal Fanny","C\u00f4te d'Ivoire","Ivoiriens","migratoire"],"articleSection":["Politique","Toutes les actualit\u00e9s"],"inLanguage":"fr-FR","potentialAction":[{"@type":"CommentAction","name":"Comment","target":["https:\/\/www.africa-press.net\/cotedivoire\/politique\/ivoiriens-victimes-darnaque-migratoire-au-nigeria-la-senatrice-chantal-fanny-presente-a-abuja-raconte-les-faits#respond"]}]},{"@type":"WebPage","@id":"https:\/\/www.africa-press.net\/cotedivoire\/politique\/ivoiriens-victimes-darnaque-migratoire-au-nigeria-la-senatrice-chantal-fanny-presente-a-abuja-raconte-les-faits","url":"https:\/\/www.africa-press.net\/cotedivoire\/politique\/ivoiriens-victimes-darnaque-migratoire-au-nigeria-la-senatrice-chantal-fanny-presente-a-abuja-raconte-les-faits","name":"Ivoiriens victimes d'arnaque migratoire au Nigeria, la S\u00e9natrice Chantal Fanny pr\u00e9sente \u00e0 Abuja raconte les faits - C\u00f4te d&#039;Ivoire","isPartOf":{"@id":"https:\/\/www.africa-press.net\/cotedivoire\/#website"},"primaryImageOfPage":{"@id":"https:\/\/www.africa-press.net\/cotedivoire\/politique\/ivoiriens-victimes-darnaque-migratoire-au-nigeria-la-senatrice-chantal-fanny-presente-a-abuja-raconte-les-faits#primaryimage"},"image":{"@id":"https:\/\/www.africa-press.net\/cotedivoire\/politique\/ivoiriens-victimes-darnaque-migratoire-au-nigeria-la-senatrice-chantal-fanny-presente-a-abuja-raconte-les-faits#primaryimage"},"thumbnailUrl":"https:\/\/static.africa-press.net\/cote\/sites\/43\/2025\/02\/sm_1738944555.326409.jpg","datePublished":"2025-02-07T19:34:33+00:00","author":{"@id":"https:\/\/www.africa-press.net\/cotedivoire\/#\/schema\/person\/2b1cf3cd81a31e3cd26889ca66d677f1"},"breadcrumb":{"@id":"https:\/\/www.africa-press.net\/cotedivoire\/politique\/ivoiriens-victimes-darnaque-migratoire-au-nigeria-la-senatrice-chantal-fanny-presente-a-abuja-raconte-les-faits#breadcrumb"},"inLanguage":"fr-FR","potentialAction":[{"@type":"ReadAction","target":["https:\/\/www.africa-press.net\/cotedivoire\/politique\/ivoiriens-victimes-darnaque-migratoire-au-nigeria-la-senatrice-chantal-fanny-presente-a-abuja-raconte-les-faits"]}]},{"@type":"ImageObject","inLanguage":"fr-FR","@id":"https:\/\/www.africa-press.net\/cotedivoire\/politique\/ivoiriens-victimes-darnaque-migratoire-au-nigeria-la-senatrice-chantal-fanny-presente-a-abuja-raconte-les-faits#primaryimage","url":"https:\/\/static.africa-press.net\/cote\/sites\/43\/2025\/02\/sm_1738944555.326409.jpg","contentUrl":"https:\/\/static.africa-press.net\/cote\/sites\/43\/2025\/02\/sm_1738944555.326409.jpg","width":720,"height":514,"caption":"Ivoiriens victimes d'arnaque migratoire au Nigeria, la S\u00e9natrice Chantal Fanny pr\u00e9sente \u00e0 Abuja raconte les faits"},{"@type":"BreadcrumbList","@id":"https:\/\/www.africa-press.net\/cotedivoire\/politique\/ivoiriens-victimes-darnaque-migratoire-au-nigeria-la-senatrice-chantal-fanny-presente-a-abuja-raconte-les-faits#breadcrumb","itemListElement":[{"@type":"ListItem","position":1,"name":"Accueil","item":"https:\/\/www.africa-press.net\/cotedivoire\/"},{"@type":"ListItem","position":2,"name":"Ivoiriens victimes d&rsquo;arnaque migratoire au Nigeria, la S\u00e9natrice Chantal Fanny pr\u00e9sente \u00e0 Abuja raconte les faits"}]},{"@type":"WebSite","@id":"https:\/\/www.africa-press.net\/cotedivoire\/#website","url":"https:\/\/www.africa-press.net\/cotedivoire\/","name":"C\u00f4te d&#039;Ivoire","description":"Just another Africa News Agency Sites site","potentialAction":[{"@type":"SearchAction","target":{"@type":"EntryPoint","urlTemplate":"https:\/\/www.africa-press.net\/cotedivoire\/?s={search_term_string}"},"query-input":{"@type":"PropertyValueSpecification","valueRequired":true,"valueName":"search_term_string"}}],"inLanguage":"fr-FR"},{"@type":"Person","@id":"https:\/\/www.africa-press.net\/cotedivoire\/#\/schema\/person\/2b1cf3cd81a31e3cd26889ca66d677f1","name":"cfeditorfr"}]}},"_links":{"self":[{"href":"https:\/\/www.africa-press.net\/cotedivoire\/wp-json\/wp\/v2\/posts\/94825","targetHints":{"allow":["GET"]}}],"collection":[{"href":"https:\/\/www.africa-press.net\/cotedivoire\/wp-json\/wp\/v2\/posts"}],"about":[{"href":"https:\/\/www.africa-press.net\/cotedivoire\/wp-json\/wp\/v2\/types\/post"}],"author":[{"embeddable":true,"href":"https:\/\/www.africa-press.net\/cotedivoire\/wp-json\/wp\/v2\/users\/82"}],"replies":[{"embeddable":true,"href":"https:\/\/www.africa-press.net\/cotedivoire\/wp-json\/wp\/v2\/comments?post=94825"}],"version-history":[{"count":0,"href":"https:\/\/www.africa-press.net\/cotedivoire\/wp-json\/wp\/v2\/posts\/94825\/revisions"}],"wp:featuredmedia":[{"embeddable":true,"href":"https:\/\/www.africa-press.net\/cotedivoire\/wp-json\/wp\/v2\/media\/94824"}],"wp:attachment":[{"href":"https:\/\/www.africa-press.net\/cotedivoire\/wp-json\/wp\/v2\/media?parent=94825"}],"wp:term":[{"taxonomy":"category","embeddable":true,"href":"https:\/\/www.africa-press.net\/cotedivoire\/wp-json\/wp\/v2\/categories?post=94825"},{"taxonomy":"post_tag","embeddable":true,"href":"https:\/\/www.africa-press.net\/cotedivoire\/wp-json\/wp\/v2\/tags?post=94825"}],"curies":[{"name":"wp","href":"https:\/\/api.w.org\/{rel}","templated":true}]}}