{"id":94851,"date":"2025-02-08T17:52:40","date_gmt":"2025-02-08T17:52:40","guid":{"rendered":"https:\/\/www.africa-press.net\/cotedivoire\/politique\/presidentielle-doctobre-2025-lagence-americaine-fitch-rassure"},"modified":"2025-02-08T17:52:40","modified_gmt":"2025-02-08T17:52:40","slug":"presidentielle-doctobre-2025-lagence-americaine-fitch-rassure","status":"publish","type":"post","link":"https:\/\/www.africa-press.net\/cotedivoire\/politique\/presidentielle-doctobre-2025-lagence-americaine-fitch-rassure","title":{"rendered":"Pr\u00e9sidentielle d&rsquo;octobre 2025 &#8211; L&rsquo;agence am\u00e9ricaine Fitch rassure"},"content":{"rendered":"<p><span style=\"color: #ff6600\"><strong>Africa-Press &#8211; C\u00f4te d&rsquo;Ivoire. <\/strong><\/span>La consultation pre\u0301sidentielle a\u0300 venir ne saurait e\u0302tre une menace pour l&rsquo;e\u0301conomie ivoirienne. Bien au contraire, elle garde ses bases solides. C&rsquo;est le message que traduit le maintien de la note BB-, perspective stable, que vient d&rsquo;attribuer l&rsquo;agence Fitch ratings.<\/p>\n<p>L&rsquo;argent n&rsquo;aime pas le bruit, dit-on dans la haute sphe\u0300re e\u0301conomique. C&rsquo;est a\u0300 dessein.<\/p>\n<p>En effet, l&rsquo;e\u0301conomie ne peut prospe\u0301rer que dans un climat de paix. Bien des politiciens et d&rsquo;observateurs font malheureusement de la pre\u0301sidentielle d&rsquo;octobre 2025 en Co\u0302te d&rsquo;Ivoire, un e\u0301pouvantail. Chose de nature a\u0300 inquie\u0301ter hommes d&rsquo;affaires, industriels et autres ope\u0301rateurs e\u0301conomiques. Il n&rsquo;en est rien.<\/p>\n<p>La Co\u0302te d&rsquo;Ivoire reste une e\u0301conomie solide. La nouvelle vient d&rsquo;une des deux agences internationales ame\u0301ricaines de notation financie\u0300re, Fitch ratings. Le 31 janvier dernier, en effet, cette socie\u0301te\u0301 internationale d&rsquo;appre\u0301ciation a maintenu la note BB-, perspective stable, a\u0300 l&rsquo;e\u0301gard de la Co\u0302te d&rsquo;Ivoire.<\/p>\n<p>C&rsquo;est un message fort a\u0300 l&rsquo;endroit du milieu des affaires. Autrement dit, les incertitudes socio-politiques que brandissent les oiseaux de mauvais augure ne sauraient se re\u0301aliser et freiner la marche vertueuse de l&rsquo;e\u0301conomie ivoirienne.<\/p>\n<p>Dans une note publie\u0301e a\u0300 l&rsquo;occasion de sa dernie\u0300re e\u0301valuation, Fitch pre\u0301cise en effet: \u00ab La pre\u0301sidentielle a\u0300 venir constitue un moment cle\u0301 pour la stabilite\u0301 politique et sociale du pays. Bien que l&rsquo;historique des violences post-e\u0301lectorales, notamment en 2010-2011, souligne la fragilite\u0301 du contexte politique, tout affrontement potentiel restera limite\u0301 et ne compromettra ni la croissance e\u0301conomique ni les efforts de consolidation budge\u0301taire \u00bb.<\/p>\n<p>Le disant, l&rsquo;agence ame\u0301ricaine fait allusion a\u0300 la robustesse de l&rsquo;e\u0301conomie ivoirienne. Pour elle, les de\u0301fis e\u0301lectoraux ne pourraient saper les bases solides des efforts de\u0301ploye\u0301s par le gouvernement ivoirien.<\/p>\n<p>Et les arguments se trouvent dans les chiffres que produit l&rsquo;agence de notation. Pour Fitch, les 6,1% de croissance enregistre\u0301e en 2024 devraient connai\u0302tre une progression. Ainsi, elle table sur une e\u0301volution a\u0300 6,5% dans le moyen terme. Un taux qui se trouve tre\u0300s au-dessus de la moyenne des pays note\u0301s BB. C&rsquo;est que les pays de cette cate\u0301gorie (BB) ont ge\u0301ne\u0301ralement un taux de croissance de 3,8%.<\/p>\n<p>L&rsquo;estimation d&rsquo;une croissance soutenue, a\u0300 6,5%, tire son explication des investissements publics ambitieux d&rsquo;une part et d&rsquo;une monte\u0301e en puissance des secteurs du pe\u0301trole (avec les champs Baleine et Calao) et de l&rsquo;exploitation aurife\u0300re d&rsquo; autre part. Ce n&rsquo;est pas tout.<\/p>\n<p>Le renforcement des re\u0301serves internationales de la Banque centrale des E\u0301tats de l&rsquo;Afrique de l&rsquo;Ouest (Bceao) constitue un atout pour la Co\u0302te d&rsquo;Ivoire. Re\u0301serves passe\u0301es de 15,9 milliards de dollars (9 858 milliards de FCfa) a\u0300 21,4 milliards de dollars (13 268 milliards de FCfa). A cela s&rsquo;ajoute la hausse des cours du cacao dont le pays est le premier producteur mondial.<\/p>\n<p>Au-dela\u0300, les gendarmes de l&rsquo;e\u0301conomie n&rsquo;oublient pas la performance de la rigueur budge\u0301taire. \u00ab Pour 2024, le de\u0301ficit budge\u0301taire est estime\u0301 a\u0300 4% du Produit inte\u0301rieur brut (Pib), conforme\u0301ment aux objectifs nationaux, gra\u0302ce a\u0300 une mobilisation accrue des recettes \u00bb, souligne-t-on.<\/p>\n<p>Au ministe\u0300re des Finances et du Budget, l&rsquo;on table sur un ratio impo\u0302ts sur Pib, en progression de 0,5 point par an d&rsquo;ici 2028. Toute chose qui sera soutenue par des re\u0301formes fiscales, telles que la rationalisation des exemptions et une meilleure administration, indiquent les services du ministre Adama Coulibaly. Si Fitch note que le niveau de revenu par habitant est perfectible, elle reste optimiste quant a\u0300 la gestion de la dette publique.<\/p>\n<p>La machine est rode\u0301e, et la gouvernance applique\u0301e autour de cette dette laisse envisager une baisse de 58% du Pib en 2024 et a\u0300 52,7% en 2026. Pour rappel, en mars 2024, l&rsquo;autre agence de notation financie\u0300re, Moody&rsquo;s, relevait la note de la Co\u0302te d&rsquo;Ivoire a\u0300 Ba2. Hissant le pays au deuxie\u0300me rang des cre\u0301dits en Afrique subsaharienne, apre\u0300s l&rsquo;Afrique du Sud.<\/p>\n<p><strong>Pour plus d&rsquo;informations et d&rsquo;analyses sur la <span style=\"color: #ff6600\">C\u00f4te d&rsquo;Ivoire<\/span>, suivez <span style=\"color: #ff6600\">Africa-Press<span style=\"color: #ff6600\"><\/span><\/strong><\/p>\n","protected":false},"excerpt":{"rendered":"<p>Africa-Press &#8211; C\u00f4te d&rsquo;Ivoire. La consultation pre\u0301sidentielle a\u0300 venir ne saurait e\u0302tre une menace pour l&rsquo;e\u0301conomie ivoirienne. Bien au contraire, elle garde ses bases solides. C&rsquo;est le message que traduit le maintien de la note BB-, perspective stable, que vient d&rsquo;attribuer l&rsquo;agence Fitch ratings. L&rsquo;argent n&rsquo;aime pas le bruit, dit-on dans la haute sphe\u0300re e\u0301conomique. [&hellip;]<\/p>\n","protected":false},"author":82,"featured_media":94850,"comment_status":"open","ping_status":"closed","sticky":false,"template":"","format":"standard","meta":{"footnotes":""},"categories":[2,10],"tags":[37],"class_list":["post-94851","post","type-post","status-publish","format-standard","has-post-thumbnail","hentry","category-politique","category-toutes-les-actualites","tag-cote-divoire-2"],"yoast_head":"<!-- This site is optimized with the Yoast SEO Premium plugin v26.1 (Yoast SEO v27.0) - https:\/\/yoast.com\/product\/yoast-seo-premium-wordpress\/ -->\n<title>Pr\u00e9sidentielle d&#039;octobre 2025 - L&#039;agence am\u00e9ricaine Fitch rassure - C\u00f4te d&#039;Ivoire<\/title>\n<meta name=\"robots\" content=\"index, follow, max-snippet:-1, max-image-preview:large, max-video-preview:-1\" \/>\n<link rel=\"canonical\" href=\"https:\/\/www.africa-press.net\/cotedivoire\/politique\/presidentielle-doctobre-2025-lagence-americaine-fitch-rassure\" \/>\n<meta property=\"og:locale\" content=\"fr_FR\" \/>\n<meta property=\"og:type\" content=\"article\" \/>\n<meta property=\"og:title\" content=\"Pr\u00e9sidentielle d&#039;octobre 2025 - L&#039;agence am\u00e9ricaine Fitch rassure\" \/>\n<meta property=\"og:description\" content=\"Africa-Press &#8211; C\u00f4te d&rsquo;Ivoire. La consultation pre\u0301sidentielle a\u0300 venir ne saurait e\u0302tre une menace pour l&rsquo;e\u0301conomie ivoirienne. Bien au contraire, elle garde ses bases solides. C&rsquo;est le message que traduit le maintien de la note BB-, perspective stable, que vient d&rsquo;attribuer l&rsquo;agence Fitch ratings. L&rsquo;argent n&rsquo;aime pas le bruit, dit-on dans la haute sphe\u0300re e\u0301conomique. [&hellip;]\" \/>\n<meta property=\"og:url\" content=\"https:\/\/www.africa-press.net\/cotedivoire\/politique\/presidentielle-doctobre-2025-lagence-americaine-fitch-rassure\" \/>\n<meta property=\"og:site_name\" content=\"C\u00f4te d&#039;Ivoire\" \/>\n<meta property=\"article:published_time\" content=\"2025-02-08T17:52:40+00:00\" \/>\n<meta name=\"author\" content=\"cfeditorfr\" \/>\n<meta name=\"twitter:card\" content=\"summary_large_image\" \/>\n<meta name=\"twitter:label1\" content=\"\u00c9crit par\" \/>\n\t<meta name=\"twitter:data1\" content=\"cfeditorfr\" \/>\n\t<meta name=\"twitter:label2\" content=\"Dur\u00e9e de lecture estim\u00e9e\" \/>\n\t<meta name=\"twitter:data2\" content=\"3 minutes\" \/>\n<script type=\"application\/ld+json\" class=\"yoast-schema-graph\">{\"@context\":\"https:\/\/schema.org\",\"@graph\":[{\"@type\":\"Article\",\"@id\":\"https:\/\/www.africa-press.net\/cotedivoire\/politique\/presidentielle-doctobre-2025-lagence-americaine-fitch-rassure#article\",\"isPartOf\":{\"@id\":\"https:\/\/www.africa-press.net\/cotedivoire\/politique\/presidentielle-doctobre-2025-lagence-americaine-fitch-rassure\"},\"author\":{\"name\":\"cfeditorfr\",\"@id\":\"https:\/\/www.africa-press.net\/cotedivoire\/#\/schema\/person\/2b1cf3cd81a31e3cd26889ca66d677f1\"},\"headline\":\"Pr\u00e9sidentielle d&rsquo;octobre 2025 &#8211; L&rsquo;agence am\u00e9ricaine Fitch rassure\",\"datePublished\":\"2025-02-08T17:52:40+00:00\",\"mainEntityOfPage\":{\"@id\":\"https:\/\/www.africa-press.net\/cotedivoire\/politique\/presidentielle-doctobre-2025-lagence-americaine-fitch-rassure\"},\"wordCount\":740,\"commentCount\":0,\"image\":{\"@id\":\"https:\/\/www.africa-press.net\/cotedivoire\/politique\/presidentielle-doctobre-2025-lagence-americaine-fitch-rassure#primaryimage\"},\"thumbnailUrl\":\"https:\/\/static.africa-press.net\/cote\/sites\/43\/2025\/02\/sm_1739025693.168456.jpg\",\"keywords\":[\"C\u00f4te d'Ivoire\"],\"articleSection\":[\"Politique\",\"Toutes les actualit\u00e9s\"],\"inLanguage\":\"fr-FR\",\"potentialAction\":[{\"@type\":\"CommentAction\",\"name\":\"Comment\",\"target\":[\"https:\/\/www.africa-press.net\/cotedivoire\/politique\/presidentielle-doctobre-2025-lagence-americaine-fitch-rassure#respond\"]}]},{\"@type\":\"WebPage\",\"@id\":\"https:\/\/www.africa-press.net\/cotedivoire\/politique\/presidentielle-doctobre-2025-lagence-americaine-fitch-rassure\",\"url\":\"https:\/\/www.africa-press.net\/cotedivoire\/politique\/presidentielle-doctobre-2025-lagence-americaine-fitch-rassure\",\"name\":\"Pr\u00e9sidentielle d'octobre 2025 - L'agence am\u00e9ricaine Fitch rassure - C\u00f4te d&#039;Ivoire\",\"isPartOf\":{\"@id\":\"https:\/\/www.africa-press.net\/cotedivoire\/#website\"},\"primaryImageOfPage\":{\"@id\":\"https:\/\/www.africa-press.net\/cotedivoire\/politique\/presidentielle-doctobre-2025-lagence-americaine-fitch-rassure#primaryimage\"},\"image\":{\"@id\":\"https:\/\/www.africa-press.net\/cotedivoire\/politique\/presidentielle-doctobre-2025-lagence-americaine-fitch-rassure#primaryimage\"},\"thumbnailUrl\":\"https:\/\/static.africa-press.net\/cote\/sites\/43\/2025\/02\/sm_1739025693.168456.jpg\",\"datePublished\":\"2025-02-08T17:52:40+00:00\",\"author\":{\"@id\":\"https:\/\/www.africa-press.net\/cotedivoire\/#\/schema\/person\/2b1cf3cd81a31e3cd26889ca66d677f1\"},\"breadcrumb\":{\"@id\":\"https:\/\/www.africa-press.net\/cotedivoire\/politique\/presidentielle-doctobre-2025-lagence-americaine-fitch-rassure#breadcrumb\"},\"inLanguage\":\"fr-FR\",\"potentialAction\":[{\"@type\":\"ReadAction\",\"target\":[\"https:\/\/www.africa-press.net\/cotedivoire\/politique\/presidentielle-doctobre-2025-lagence-americaine-fitch-rassure\"]}]},{\"@type\":\"ImageObject\",\"inLanguage\":\"fr-FR\",\"@id\":\"https:\/\/www.africa-press.net\/cotedivoire\/politique\/presidentielle-doctobre-2025-lagence-americaine-fitch-rassure#primaryimage\",\"url\":\"https:\/\/static.africa-press.net\/cote\/sites\/43\/2025\/02\/sm_1739025693.168456.jpg\",\"contentUrl\":\"https:\/\/static.africa-press.net\/cote\/sites\/43\/2025\/02\/sm_1739025693.168456.jpg\",\"width\":800,\"height\":483,\"caption\":\"Pr\u00e9sidentielle d'octobre 2025 - L'agence am\u00e9ricaine Fitch rassure\"},{\"@type\":\"BreadcrumbList\",\"@id\":\"https:\/\/www.africa-press.net\/cotedivoire\/politique\/presidentielle-doctobre-2025-lagence-americaine-fitch-rassure#breadcrumb\",\"itemListElement\":[{\"@type\":\"ListItem\",\"position\":1,\"name\":\"Accueil\",\"item\":\"https:\/\/www.africa-press.net\/cotedivoire\/\"},{\"@type\":\"ListItem\",\"position\":2,\"name\":\"Pr\u00e9sidentielle d&rsquo;octobre 2025 &#8211; L&rsquo;agence am\u00e9ricaine Fitch rassure\"}]},{\"@type\":\"WebSite\",\"@id\":\"https:\/\/www.africa-press.net\/cotedivoire\/#website\",\"url\":\"https:\/\/www.africa-press.net\/cotedivoire\/\",\"name\":\"C\u00f4te d&#039;Ivoire\",\"description\":\"Just another Africa News Agency Sites site\",\"potentialAction\":[{\"@type\":\"SearchAction\",\"target\":{\"@type\":\"EntryPoint\",\"urlTemplate\":\"https:\/\/www.africa-press.net\/cotedivoire\/?s={search_term_string}\"},\"query-input\":{\"@type\":\"PropertyValueSpecification\",\"valueRequired\":true,\"valueName\":\"search_term_string\"}}],\"inLanguage\":\"fr-FR\"},{\"@type\":\"Person\",\"@id\":\"https:\/\/www.africa-press.net\/cotedivoire\/#\/schema\/person\/2b1cf3cd81a31e3cd26889ca66d677f1\",\"name\":\"cfeditorfr\"}]}<\/script>\n<!-- \/ Yoast SEO Premium plugin. -->","yoast_head_json":{"title":"Pr\u00e9sidentielle d'octobre 2025 - L'agence am\u00e9ricaine Fitch rassure - C\u00f4te d&#039;Ivoire","robots":{"index":"index","follow":"follow","max-snippet":"max-snippet:-1","max-image-preview":"max-image-preview:large","max-video-preview":"max-video-preview:-1"},"canonical":"https:\/\/www.africa-press.net\/cotedivoire\/politique\/presidentielle-doctobre-2025-lagence-americaine-fitch-rassure","og_locale":"fr_FR","og_type":"article","og_title":"Pr\u00e9sidentielle d'octobre 2025 - L'agence am\u00e9ricaine Fitch rassure","og_description":"Africa-Press &#8211; C\u00f4te d&rsquo;Ivoire. La consultation pre\u0301sidentielle a\u0300 venir ne saurait e\u0302tre une menace pour l&rsquo;e\u0301conomie ivoirienne. Bien au contraire, elle garde ses bases solides. C&rsquo;est le message que traduit le maintien de la note BB-, perspective stable, que vient d&rsquo;attribuer l&rsquo;agence Fitch ratings. L&rsquo;argent n&rsquo;aime pas le bruit, dit-on dans la haute sphe\u0300re e\u0301conomique. [&hellip;]","og_url":"https:\/\/www.africa-press.net\/cotedivoire\/politique\/presidentielle-doctobre-2025-lagence-americaine-fitch-rassure","og_site_name":"C\u00f4te d&#039;Ivoire","article_published_time":"2025-02-08T17:52:40+00:00","author":"cfeditorfr","twitter_card":"summary_large_image","twitter_misc":{"\u00c9crit par":"cfeditorfr","Dur\u00e9e de lecture estim\u00e9e":"3 minutes"},"schema":{"@context":"https:\/\/schema.org","@graph":[{"@type":"Article","@id":"https:\/\/www.africa-press.net\/cotedivoire\/politique\/presidentielle-doctobre-2025-lagence-americaine-fitch-rassure#article","isPartOf":{"@id":"https:\/\/www.africa-press.net\/cotedivoire\/politique\/presidentielle-doctobre-2025-lagence-americaine-fitch-rassure"},"author":{"name":"cfeditorfr","@id":"https:\/\/www.africa-press.net\/cotedivoire\/#\/schema\/person\/2b1cf3cd81a31e3cd26889ca66d677f1"},"headline":"Pr\u00e9sidentielle d&rsquo;octobre 2025 &#8211; L&rsquo;agence am\u00e9ricaine Fitch rassure","datePublished":"2025-02-08T17:52:40+00:00","mainEntityOfPage":{"@id":"https:\/\/www.africa-press.net\/cotedivoire\/politique\/presidentielle-doctobre-2025-lagence-americaine-fitch-rassure"},"wordCount":740,"commentCount":0,"image":{"@id":"https:\/\/www.africa-press.net\/cotedivoire\/politique\/presidentielle-doctobre-2025-lagence-americaine-fitch-rassure#primaryimage"},"thumbnailUrl":"https:\/\/static.africa-press.net\/cote\/sites\/43\/2025\/02\/sm_1739025693.168456.jpg","keywords":["C\u00f4te d'Ivoire"],"articleSection":["Politique","Toutes les actualit\u00e9s"],"inLanguage":"fr-FR","potentialAction":[{"@type":"CommentAction","name":"Comment","target":["https:\/\/www.africa-press.net\/cotedivoire\/politique\/presidentielle-doctobre-2025-lagence-americaine-fitch-rassure#respond"]}]},{"@type":"WebPage","@id":"https:\/\/www.africa-press.net\/cotedivoire\/politique\/presidentielle-doctobre-2025-lagence-americaine-fitch-rassure","url":"https:\/\/www.africa-press.net\/cotedivoire\/politique\/presidentielle-doctobre-2025-lagence-americaine-fitch-rassure","name":"Pr\u00e9sidentielle d'octobre 2025 - L'agence am\u00e9ricaine Fitch rassure - C\u00f4te d&#039;Ivoire","isPartOf":{"@id":"https:\/\/www.africa-press.net\/cotedivoire\/#website"},"primaryImageOfPage":{"@id":"https:\/\/www.africa-press.net\/cotedivoire\/politique\/presidentielle-doctobre-2025-lagence-americaine-fitch-rassure#primaryimage"},"image":{"@id":"https:\/\/www.africa-press.net\/cotedivoire\/politique\/presidentielle-doctobre-2025-lagence-americaine-fitch-rassure#primaryimage"},"thumbnailUrl":"https:\/\/static.africa-press.net\/cote\/sites\/43\/2025\/02\/sm_1739025693.168456.jpg","datePublished":"2025-02-08T17:52:40+00:00","author":{"@id":"https:\/\/www.africa-press.net\/cotedivoire\/#\/schema\/person\/2b1cf3cd81a31e3cd26889ca66d677f1"},"breadcrumb":{"@id":"https:\/\/www.africa-press.net\/cotedivoire\/politique\/presidentielle-doctobre-2025-lagence-americaine-fitch-rassure#breadcrumb"},"inLanguage":"fr-FR","potentialAction":[{"@type":"ReadAction","target":["https:\/\/www.africa-press.net\/cotedivoire\/politique\/presidentielle-doctobre-2025-lagence-americaine-fitch-rassure"]}]},{"@type":"ImageObject","inLanguage":"fr-FR","@id":"https:\/\/www.africa-press.net\/cotedivoire\/politique\/presidentielle-doctobre-2025-lagence-americaine-fitch-rassure#primaryimage","url":"https:\/\/static.africa-press.net\/cote\/sites\/43\/2025\/02\/sm_1739025693.168456.jpg","contentUrl":"https:\/\/static.africa-press.net\/cote\/sites\/43\/2025\/02\/sm_1739025693.168456.jpg","width":800,"height":483,"caption":"Pr\u00e9sidentielle d'octobre 2025 - L'agence am\u00e9ricaine Fitch rassure"},{"@type":"BreadcrumbList","@id":"https:\/\/www.africa-press.net\/cotedivoire\/politique\/presidentielle-doctobre-2025-lagence-americaine-fitch-rassure#breadcrumb","itemListElement":[{"@type":"ListItem","position":1,"name":"Accueil","item":"https:\/\/www.africa-press.net\/cotedivoire\/"},{"@type":"ListItem","position":2,"name":"Pr\u00e9sidentielle d&rsquo;octobre 2025 &#8211; L&rsquo;agence am\u00e9ricaine Fitch rassure"}]},{"@type":"WebSite","@id":"https:\/\/www.africa-press.net\/cotedivoire\/#website","url":"https:\/\/www.africa-press.net\/cotedivoire\/","name":"C\u00f4te d&#039;Ivoire","description":"Just another Africa News Agency Sites site","potentialAction":[{"@type":"SearchAction","target":{"@type":"EntryPoint","urlTemplate":"https:\/\/www.africa-press.net\/cotedivoire\/?s={search_term_string}"},"query-input":{"@type":"PropertyValueSpecification","valueRequired":true,"valueName":"search_term_string"}}],"inLanguage":"fr-FR"},{"@type":"Person","@id":"https:\/\/www.africa-press.net\/cotedivoire\/#\/schema\/person\/2b1cf3cd81a31e3cd26889ca66d677f1","name":"cfeditorfr"}]}},"_links":{"self":[{"href":"https:\/\/www.africa-press.net\/cotedivoire\/wp-json\/wp\/v2\/posts\/94851","targetHints":{"allow":["GET"]}}],"collection":[{"href":"https:\/\/www.africa-press.net\/cotedivoire\/wp-json\/wp\/v2\/posts"}],"about":[{"href":"https:\/\/www.africa-press.net\/cotedivoire\/wp-json\/wp\/v2\/types\/post"}],"author":[{"embeddable":true,"href":"https:\/\/www.africa-press.net\/cotedivoire\/wp-json\/wp\/v2\/users\/82"}],"replies":[{"embeddable":true,"href":"https:\/\/www.africa-press.net\/cotedivoire\/wp-json\/wp\/v2\/comments?post=94851"}],"version-history":[{"count":0,"href":"https:\/\/www.africa-press.net\/cotedivoire\/wp-json\/wp\/v2\/posts\/94851\/revisions"}],"wp:featuredmedia":[{"embeddable":true,"href":"https:\/\/www.africa-press.net\/cotedivoire\/wp-json\/wp\/v2\/media\/94850"}],"wp:attachment":[{"href":"https:\/\/www.africa-press.net\/cotedivoire\/wp-json\/wp\/v2\/media?parent=94851"}],"wp:term":[{"taxonomy":"category","embeddable":true,"href":"https:\/\/www.africa-press.net\/cotedivoire\/wp-json\/wp\/v2\/categories?post=94851"},{"taxonomy":"post_tag","embeddable":true,"href":"https:\/\/www.africa-press.net\/cotedivoire\/wp-json\/wp\/v2\/tags?post=94851"}],"curies":[{"name":"wp","href":"https:\/\/api.w.org\/{rel}","templated":true}]}}