{"id":94853,"date":"2025-02-08T17:53:32","date_gmt":"2025-02-08T17:53:32","guid":{"rendered":"https:\/\/www.africa-press.net\/cotedivoire\/politique\/tidjane-thiam-va-renoncer-a-sa-nationalite-francaise"},"modified":"2025-02-08T17:53:32","modified_gmt":"2025-02-08T17:53:32","slug":"tidjane-thiam-va-renoncer-a-sa-nationalite-francaise","status":"publish","type":"post","link":"https:\/\/www.africa-press.net\/cotedivoire\/politique\/tidjane-thiam-va-renoncer-a-sa-nationalite-francaise","title":{"rendered":"\u00ab Tidjane Thiam va renoncer \u00e0 sa nationalit\u00e9 fran\u00e7aise \u00bb"},"content":{"rendered":"<p><span style=\"color: #ff6600\"><strong>Africa-Press &#8211; C\u00f4te d&rsquo;Ivoire. <\/strong><\/span>Entourez de ses avocats dont mai\u0302tre Blessy, l\u2019ancien ministre ivoirien Tidjane Thiam, le pre\u0301sident du PDCI-RDA a confirme\u0301 qu\u2019il finalise sa demande de libe\u0301ration de la nationalite\u0301 franc\u0327aise.<\/p>\n<p>Une e\u0301tape cle\u0301 pour e\u0302tre exclusivement ivoirien et ainsi remplir les conditions d\u2019e\u0301ligibilite\u0301 a\u0300 la pre\u0301sidentielle de 2025.<\/p>\n<p><strong>Pour plus d&rsquo;informations et d&rsquo;analyses sur la <span style=\"color: #ff6600\">C\u00f4te d&rsquo;Ivoire<\/span>, suivez <span style=\"color: #ff6600\">Africa-Press<span style=\"color: #ff6600\"><\/span><\/strong><\/p>\n","protected":false},"excerpt":{"rendered":"<p>Africa-Press &#8211; C\u00f4te d&rsquo;Ivoire. Entourez de ses avocats dont mai\u0302tre Blessy, l\u2019ancien ministre ivoirien Tidjane Thiam, le pre\u0301sident du PDCI-RDA a confirme\u0301 qu\u2019il finalise sa demande de libe\u0301ration de la nationalite\u0301 franc\u0327aise. Une e\u0301tape cle\u0301 pour e\u0302tre exclusivement ivoirien et ainsi remplir les conditions d\u2019e\u0301ligibilite\u0301 a\u0300 la pre\u0301sidentielle de 2025. Pour plus d&rsquo;informations et d&rsquo;analyses [&hellip;]<\/p>\n","protected":false},"author":82,"featured_media":94852,"comment_status":"open","ping_status":"closed","sticky":false,"template":"","format":"standard","meta":{"footnotes":""},"categories":[2,10],"tags":[37],"class_list":["post-94853","post","type-post","status-publish","format-standard","has-post-thumbnail","hentry","category-politique","category-toutes-les-actualites","tag-cote-divoire-2"],"yoast_head":"<!-- This site is optimized with the Yoast SEO Premium plugin v26.1 (Yoast SEO v27.0) - https:\/\/yoast.com\/product\/yoast-seo-premium-wordpress\/ -->\n<title>\u00ab Tidjane Thiam va renoncer \u00e0 sa nationalit\u00e9 fran\u00e7aise \u00bb - C\u00f4te d&#039;Ivoire<\/title>\n<meta name=\"robots\" content=\"index, follow, max-snippet:-1, max-image-preview:large, max-video-preview:-1\" \/>\n<link rel=\"canonical\" href=\"https:\/\/www.africa-press.net\/cotedivoire\/politique\/tidjane-thiam-va-renoncer-a-sa-nationalite-francaise\" \/>\n<meta property=\"og:locale\" content=\"fr_FR\" \/>\n<meta property=\"og:type\" content=\"article\" \/>\n<meta property=\"og:title\" content=\"\u00ab Tidjane Thiam va renoncer \u00e0 sa nationalit\u00e9 fran\u00e7aise \u00bb\" \/>\n<meta property=\"og:description\" content=\"Africa-Press &#8211; C\u00f4te d&rsquo;Ivoire. Entourez de ses avocats dont mai\u0302tre Blessy, l\u2019ancien ministre ivoirien Tidjane Thiam, le pre\u0301sident du PDCI-RDA a confirme\u0301 qu\u2019il finalise sa demande de libe\u0301ration de la nationalite\u0301 franc\u0327aise. Une e\u0301tape cle\u0301 pour e\u0302tre exclusivement ivoirien et ainsi remplir les conditions d\u2019e\u0301ligibilite\u0301 a\u0300 la pre\u0301sidentielle de 2025. Pour plus d&rsquo;informations et d&rsquo;analyses [&hellip;]\" \/>\n<meta property=\"og:url\" content=\"https:\/\/www.africa-press.net\/cotedivoire\/politique\/tidjane-thiam-va-renoncer-a-sa-nationalite-francaise\" \/>\n<meta property=\"og:site_name\" content=\"C\u00f4te d&#039;Ivoire\" \/>\n<meta property=\"article:published_time\" content=\"2025-02-08T17:53:32+00:00\" \/>\n<meta name=\"author\" content=\"cfeditorfr\" \/>\n<meta name=\"twitter:card\" content=\"summary_large_image\" \/>\n<meta name=\"twitter:label1\" content=\"\u00c9crit par\" \/>\n\t<meta name=\"twitter:data1\" content=\"cfeditorfr\" \/>\n<script type=\"application\/ld+json\" class=\"yoast-schema-graph\">{\"@context\":\"https:\/\/schema.org\",\"@graph\":[{\"@type\":\"Article\",\"@id\":\"https:\/\/www.africa-press.net\/cotedivoire\/politique\/tidjane-thiam-va-renoncer-a-sa-nationalite-francaise#article\",\"isPartOf\":{\"@id\":\"https:\/\/www.africa-press.net\/cotedivoire\/politique\/tidjane-thiam-va-renoncer-a-sa-nationalite-francaise\"},\"author\":{\"name\":\"cfeditorfr\",\"@id\":\"https:\/\/www.africa-press.net\/cotedivoire\/#\/schema\/person\/2b1cf3cd81a31e3cd26889ca66d677f1\"},\"headline\":\"\u00ab Tidjane Thiam va renoncer \u00e0 sa nationalit\u00e9 fran\u00e7aise \u00bb\",\"datePublished\":\"2025-02-08T17:53:32+00:00\",\"mainEntityOfPage\":{\"@id\":\"https:\/\/www.africa-press.net\/cotedivoire\/politique\/tidjane-thiam-va-renoncer-a-sa-nationalite-francaise\"},\"wordCount\":85,\"commentCount\":0,\"image\":{\"@id\":\"https:\/\/www.africa-press.net\/cotedivoire\/politique\/tidjane-thiam-va-renoncer-a-sa-nationalite-francaise#primaryimage\"},\"thumbnailUrl\":\"https:\/\/static.africa-press.net\/cote\/sites\/43\/2025\/02\/sm_1739025703.541232.jpg\",\"keywords\":[\"C\u00f4te d'Ivoire\"],\"articleSection\":[\"Politique\",\"Toutes les actualit\u00e9s\"],\"inLanguage\":\"fr-FR\",\"potentialAction\":[{\"@type\":\"CommentAction\",\"name\":\"Comment\",\"target\":[\"https:\/\/www.africa-press.net\/cotedivoire\/politique\/tidjane-thiam-va-renoncer-a-sa-nationalite-francaise#respond\"]}]},{\"@type\":\"WebPage\",\"@id\":\"https:\/\/www.africa-press.net\/cotedivoire\/politique\/tidjane-thiam-va-renoncer-a-sa-nationalite-francaise\",\"url\":\"https:\/\/www.africa-press.net\/cotedivoire\/politique\/tidjane-thiam-va-renoncer-a-sa-nationalite-francaise\",\"name\":\"\u00ab Tidjane Thiam va renoncer \u00e0 sa nationalit\u00e9 fran\u00e7aise \u00bb - C\u00f4te d&#039;Ivoire\",\"isPartOf\":{\"@id\":\"https:\/\/www.africa-press.net\/cotedivoire\/#website\"},\"primaryImageOfPage\":{\"@id\":\"https:\/\/www.africa-press.net\/cotedivoire\/politique\/tidjane-thiam-va-renoncer-a-sa-nationalite-francaise#primaryimage\"},\"image\":{\"@id\":\"https:\/\/www.africa-press.net\/cotedivoire\/politique\/tidjane-thiam-va-renoncer-a-sa-nationalite-francaise#primaryimage\"},\"thumbnailUrl\":\"https:\/\/static.africa-press.net\/cote\/sites\/43\/2025\/02\/sm_1739025703.541232.jpg\",\"datePublished\":\"2025-02-08T17:53:32+00:00\",\"author\":{\"@id\":\"https:\/\/www.africa-press.net\/cotedivoire\/#\/schema\/person\/2b1cf3cd81a31e3cd26889ca66d677f1\"},\"breadcrumb\":{\"@id\":\"https:\/\/www.africa-press.net\/cotedivoire\/politique\/tidjane-thiam-va-renoncer-a-sa-nationalite-francaise#breadcrumb\"},\"inLanguage\":\"fr-FR\",\"potentialAction\":[{\"@type\":\"ReadAction\",\"target\":[\"https:\/\/www.africa-press.net\/cotedivoire\/politique\/tidjane-thiam-va-renoncer-a-sa-nationalite-francaise\"]}]},{\"@type\":\"ImageObject\",\"inLanguage\":\"fr-FR\",\"@id\":\"https:\/\/www.africa-press.net\/cotedivoire\/politique\/tidjane-thiam-va-renoncer-a-sa-nationalite-francaise#primaryimage\",\"url\":\"https:\/\/static.africa-press.net\/cote\/sites\/43\/2025\/02\/sm_1739025703.541232.jpg\",\"contentUrl\":\"https:\/\/static.africa-press.net\/cote\/sites\/43\/2025\/02\/sm_1739025703.541232.jpg\",\"width\":741,\"height\":454,\"caption\":\"\u00ab Tidjane Thiam va renoncer \u00e0 sa nationalit\u00e9 fran\u00e7aise \u00bb\"},{\"@type\":\"BreadcrumbList\",\"@id\":\"https:\/\/www.africa-press.net\/cotedivoire\/politique\/tidjane-thiam-va-renoncer-a-sa-nationalite-francaise#breadcrumb\",\"itemListElement\":[{\"@type\":\"ListItem\",\"position\":1,\"name\":\"Accueil\",\"item\":\"https:\/\/www.africa-press.net\/cotedivoire\/\"},{\"@type\":\"ListItem\",\"position\":2,\"name\":\"\u00ab Tidjane Thiam va renoncer \u00e0 sa nationalit\u00e9 fran\u00e7aise \u00bb\"}]},{\"@type\":\"WebSite\",\"@id\":\"https:\/\/www.africa-press.net\/cotedivoire\/#website\",\"url\":\"https:\/\/www.africa-press.net\/cotedivoire\/\",\"name\":\"C\u00f4te d&#039;Ivoire\",\"description\":\"Just another Africa News Agency Sites site\",\"potentialAction\":[{\"@type\":\"SearchAction\",\"target\":{\"@type\":\"EntryPoint\",\"urlTemplate\":\"https:\/\/www.africa-press.net\/cotedivoire\/?s={search_term_string}\"},\"query-input\":{\"@type\":\"PropertyValueSpecification\",\"valueRequired\":true,\"valueName\":\"search_term_string\"}}],\"inLanguage\":\"fr-FR\"},{\"@type\":\"Person\",\"@id\":\"https:\/\/www.africa-press.net\/cotedivoire\/#\/schema\/person\/2b1cf3cd81a31e3cd26889ca66d677f1\",\"name\":\"cfeditorfr\"}]}<\/script>\n<!-- \/ Yoast SEO Premium plugin. -->","yoast_head_json":{"title":"\u00ab Tidjane Thiam va renoncer \u00e0 sa nationalit\u00e9 fran\u00e7aise \u00bb - C\u00f4te d&#039;Ivoire","robots":{"index":"index","follow":"follow","max-snippet":"max-snippet:-1","max-image-preview":"max-image-preview:large","max-video-preview":"max-video-preview:-1"},"canonical":"https:\/\/www.africa-press.net\/cotedivoire\/politique\/tidjane-thiam-va-renoncer-a-sa-nationalite-francaise","og_locale":"fr_FR","og_type":"article","og_title":"\u00ab Tidjane Thiam va renoncer \u00e0 sa nationalit\u00e9 fran\u00e7aise \u00bb","og_description":"Africa-Press &#8211; C\u00f4te d&rsquo;Ivoire. Entourez de ses avocats dont mai\u0302tre Blessy, l\u2019ancien ministre ivoirien Tidjane Thiam, le pre\u0301sident du PDCI-RDA a confirme\u0301 qu\u2019il finalise sa demande de libe\u0301ration de la nationalite\u0301 franc\u0327aise. Une e\u0301tape cle\u0301 pour e\u0302tre exclusivement ivoirien et ainsi remplir les conditions d\u2019e\u0301ligibilite\u0301 a\u0300 la pre\u0301sidentielle de 2025. Pour plus d&rsquo;informations et d&rsquo;analyses [&hellip;]","og_url":"https:\/\/www.africa-press.net\/cotedivoire\/politique\/tidjane-thiam-va-renoncer-a-sa-nationalite-francaise","og_site_name":"C\u00f4te d&#039;Ivoire","article_published_time":"2025-02-08T17:53:32+00:00","author":"cfeditorfr","twitter_card":"summary_large_image","twitter_misc":{"\u00c9crit par":"cfeditorfr"},"schema":{"@context":"https:\/\/schema.org","@graph":[{"@type":"Article","@id":"https:\/\/www.africa-press.net\/cotedivoire\/politique\/tidjane-thiam-va-renoncer-a-sa-nationalite-francaise#article","isPartOf":{"@id":"https:\/\/www.africa-press.net\/cotedivoire\/politique\/tidjane-thiam-va-renoncer-a-sa-nationalite-francaise"},"author":{"name":"cfeditorfr","@id":"https:\/\/www.africa-press.net\/cotedivoire\/#\/schema\/person\/2b1cf3cd81a31e3cd26889ca66d677f1"},"headline":"\u00ab Tidjane Thiam va renoncer \u00e0 sa nationalit\u00e9 fran\u00e7aise \u00bb","datePublished":"2025-02-08T17:53:32+00:00","mainEntityOfPage":{"@id":"https:\/\/www.africa-press.net\/cotedivoire\/politique\/tidjane-thiam-va-renoncer-a-sa-nationalite-francaise"},"wordCount":85,"commentCount":0,"image":{"@id":"https:\/\/www.africa-press.net\/cotedivoire\/politique\/tidjane-thiam-va-renoncer-a-sa-nationalite-francaise#primaryimage"},"thumbnailUrl":"https:\/\/static.africa-press.net\/cote\/sites\/43\/2025\/02\/sm_1739025703.541232.jpg","keywords":["C\u00f4te d'Ivoire"],"articleSection":["Politique","Toutes les actualit\u00e9s"],"inLanguage":"fr-FR","potentialAction":[{"@type":"CommentAction","name":"Comment","target":["https:\/\/www.africa-press.net\/cotedivoire\/politique\/tidjane-thiam-va-renoncer-a-sa-nationalite-francaise#respond"]}]},{"@type":"WebPage","@id":"https:\/\/www.africa-press.net\/cotedivoire\/politique\/tidjane-thiam-va-renoncer-a-sa-nationalite-francaise","url":"https:\/\/www.africa-press.net\/cotedivoire\/politique\/tidjane-thiam-va-renoncer-a-sa-nationalite-francaise","name":"\u00ab Tidjane Thiam va renoncer \u00e0 sa nationalit\u00e9 fran\u00e7aise \u00bb - C\u00f4te d&#039;Ivoire","isPartOf":{"@id":"https:\/\/www.africa-press.net\/cotedivoire\/#website"},"primaryImageOfPage":{"@id":"https:\/\/www.africa-press.net\/cotedivoire\/politique\/tidjane-thiam-va-renoncer-a-sa-nationalite-francaise#primaryimage"},"image":{"@id":"https:\/\/www.africa-press.net\/cotedivoire\/politique\/tidjane-thiam-va-renoncer-a-sa-nationalite-francaise#primaryimage"},"thumbnailUrl":"https:\/\/static.africa-press.net\/cote\/sites\/43\/2025\/02\/sm_1739025703.541232.jpg","datePublished":"2025-02-08T17:53:32+00:00","author":{"@id":"https:\/\/www.africa-press.net\/cotedivoire\/#\/schema\/person\/2b1cf3cd81a31e3cd26889ca66d677f1"},"breadcrumb":{"@id":"https:\/\/www.africa-press.net\/cotedivoire\/politique\/tidjane-thiam-va-renoncer-a-sa-nationalite-francaise#breadcrumb"},"inLanguage":"fr-FR","potentialAction":[{"@type":"ReadAction","target":["https:\/\/www.africa-press.net\/cotedivoire\/politique\/tidjane-thiam-va-renoncer-a-sa-nationalite-francaise"]}]},{"@type":"ImageObject","inLanguage":"fr-FR","@id":"https:\/\/www.africa-press.net\/cotedivoire\/politique\/tidjane-thiam-va-renoncer-a-sa-nationalite-francaise#primaryimage","url":"https:\/\/static.africa-press.net\/cote\/sites\/43\/2025\/02\/sm_1739025703.541232.jpg","contentUrl":"https:\/\/static.africa-press.net\/cote\/sites\/43\/2025\/02\/sm_1739025703.541232.jpg","width":741,"height":454,"caption":"\u00ab Tidjane Thiam va renoncer \u00e0 sa nationalit\u00e9 fran\u00e7aise \u00bb"},{"@type":"BreadcrumbList","@id":"https:\/\/www.africa-press.net\/cotedivoire\/politique\/tidjane-thiam-va-renoncer-a-sa-nationalite-francaise#breadcrumb","itemListElement":[{"@type":"ListItem","position":1,"name":"Accueil","item":"https:\/\/www.africa-press.net\/cotedivoire\/"},{"@type":"ListItem","position":2,"name":"\u00ab Tidjane Thiam va renoncer \u00e0 sa nationalit\u00e9 fran\u00e7aise \u00bb"}]},{"@type":"WebSite","@id":"https:\/\/www.africa-press.net\/cotedivoire\/#website","url":"https:\/\/www.africa-press.net\/cotedivoire\/","name":"C\u00f4te d&#039;Ivoire","description":"Just another Africa News Agency Sites site","potentialAction":[{"@type":"SearchAction","target":{"@type":"EntryPoint","urlTemplate":"https:\/\/www.africa-press.net\/cotedivoire\/?s={search_term_string}"},"query-input":{"@type":"PropertyValueSpecification","valueRequired":true,"valueName":"search_term_string"}}],"inLanguage":"fr-FR"},{"@type":"Person","@id":"https:\/\/www.africa-press.net\/cotedivoire\/#\/schema\/person\/2b1cf3cd81a31e3cd26889ca66d677f1","name":"cfeditorfr"}]}},"_links":{"self":[{"href":"https:\/\/www.africa-press.net\/cotedivoire\/wp-json\/wp\/v2\/posts\/94853","targetHints":{"allow":["GET"]}}],"collection":[{"href":"https:\/\/www.africa-press.net\/cotedivoire\/wp-json\/wp\/v2\/posts"}],"about":[{"href":"https:\/\/www.africa-press.net\/cotedivoire\/wp-json\/wp\/v2\/types\/post"}],"author":[{"embeddable":true,"href":"https:\/\/www.africa-press.net\/cotedivoire\/wp-json\/wp\/v2\/users\/82"}],"replies":[{"embeddable":true,"href":"https:\/\/www.africa-press.net\/cotedivoire\/wp-json\/wp\/v2\/comments?post=94853"}],"version-history":[{"count":0,"href":"https:\/\/www.africa-press.net\/cotedivoire\/wp-json\/wp\/v2\/posts\/94853\/revisions"}],"wp:featuredmedia":[{"embeddable":true,"href":"https:\/\/www.africa-press.net\/cotedivoire\/wp-json\/wp\/v2\/media\/94852"}],"wp:attachment":[{"href":"https:\/\/www.africa-press.net\/cotedivoire\/wp-json\/wp\/v2\/media?parent=94853"}],"wp:term":[{"taxonomy":"category","embeddable":true,"href":"https:\/\/www.africa-press.net\/cotedivoire\/wp-json\/wp\/v2\/categories?post=94853"},{"taxonomy":"post_tag","embeddable":true,"href":"https:\/\/www.africa-press.net\/cotedivoire\/wp-json\/wp\/v2\/tags?post=94853"}],"curies":[{"name":"wp","href":"https:\/\/api.w.org\/{rel}","templated":true}]}}