{"id":94855,"date":"2025-02-08T17:54:27","date_gmt":"2025-02-08T17:54:27","guid":{"rendered":"https:\/\/www.africa-press.net\/cotedivoire\/politique\/en-cote-divoire-au-moins-30-des-citoyens-toujours-prives-de-leurs-droits-delecteurs-la-commission-electorale-accusee"},"modified":"2025-02-08T17:54:27","modified_gmt":"2025-02-08T17:54:27","slug":"en-cote-divoire-au-moins-30-des-citoyens-toujours-prives-de-leurs-droits-delecteurs-la-commission-electorale-accusee","status":"publish","type":"post","link":"https:\/\/www.africa-press.net\/cotedivoire\/politique\/en-cote-divoire-au-moins-30-des-citoyens-toujours-prives-de-leurs-droits-delecteurs-la-commission-electorale-accusee","title":{"rendered":"En C\u00f4te-d\u2019Ivoire au moins 30 % des citoyens toujours priv\u00e9s de leurs droits d\u2019\u00e9lecteurs (la commission \u00e9lectorale accus\u00e9e)"},"content":{"rendered":"<p><span style=\"color: #ff6600\"><strong>Africa-Press &#8211; C\u00f4te d&rsquo;Ivoire. <\/strong><\/span>En Co\u0302te d\u2019Ivoire, au moins 30 % des citoyens en a\u0302ge de voter restent exclus du processus e\u0301lectoral en cours.<\/p>\n<p>Ce constat alarmant, qui intervient a\u0300 environ neuf mois de l\u2019e\u0301lection pre\u0301sidentielle de 2025, a e\u0301te\u0301 dresse\u0301 par <b>Alpha Diallo,<\/b> pre\u0301sident de l\u2019Alliance de\u0301mocratique africaine-Co\u0302te d\u2019Ivoire (ADA-CI).<\/p>\n<p><b>Au 3,6 millions d\u2019e\u0301lecteurs exclus<\/b><\/p>\n<p>Selon lui, au moins 3,6 millions d\u2019Ivoiriens en a\u0302ge de voter, soit environ 30 % de l\u2019e\u0301lectorat potentiel, ne sont toujours pas inscrits sur la liste e\u0301lectorale et sont donc exclus du processus e\u0301lectoral.<\/p>\n<p>Dans son intervention, Alpha Diallo rappelle que la Commission e\u0301lectorale inde\u0301pendante (CEI) a certes conduit une phase de recensement dans le cadre de la re\u0301vision de la liste e\u0301lectorale entre le 19 octobre et le 17 novembre 2024. Cependant, seuls 943 157 citoyens ont pu solliciter une premie\u0300re inscription sur les listes e\u0301lectorales, selon les chiffres officiels publie\u0301s le 21 novembre dernier. Ce chiffre est bien en dec\u0327a\u0300 des 4,5 millions de nouveaux inscrits attendus.<\/p>\n<p>Apre\u0300s une phase de recensement limite\u0301e a\u0300 seulement quatre semaines, nous ne pouvons que constater et de\u0301plorer que plus de 30 % des Ivoiriens en a\u0302ge de voter sont toujours exclus du processus e\u0301lectoral et prive\u0301s de leur droit de vote<\/p>\n<p>\u00ab Apre\u0300s une phase de recensement limite\u0301e a\u0300 seulement quatre semaines, nous ne pouvons que constater et de\u0301plorer que plus de 30 % des Ivoiriens en a\u0302ge de voter sont toujours exclus du processus e\u0301lectoral et prive\u0301s de leur droit de vote. Comment se satisfaire, comme le fait la CEI, d\u2019un tel re\u0301sultat alors que, dans quelques mois, la population ivoirienne sera appele\u0301e a\u0300 e\u0301lire son prochain pre\u0301sident de la Re\u0301publique ? Cette situation est loin, tre\u0300s loin, des exigences de\u0301mocratiques que devrait garantir la CEI \u00bb, a-t-il de\u0301clare\u0301.<\/p>\n<p><b>Un bras de fer entre la CEI et l\u2019opposition<\/b><\/p>\n<p>L\u2019interpellation de l\u2019ADA-CI survient dans un contexte socio-politique tendu, marque\u0301 par des de\u0301saccords sur la ne\u0301cessite\u0301 d\u2019une nouvelle re\u0301vision e\u0301lectorale avant la pre\u0301sidentielle de 2025. La CEI, dont la position est aligne\u0301e sur celle du Rassemblement des Houphoue\u0308tistes pour la De\u0301mocratie et la Paix (RHDP, parti au pouvoir), s\u2019oppose a\u0300 l\u2019organisation d\u2019une nouvelle re\u0301vision du fichier e\u0301lectoral, invoquant des contraintes de calendrier. Son pre\u0301sident, Coulibaly Kuibiert, estime qu\u2019une mise a\u0300 jour du fichier e\u0301lectoral serait plus pertinente apre\u0300s l\u2019e\u0301lection pre\u0301sidentielle de 2025.<\/p>\n<p>Dans ces conditions, comment ne pas craindre que la cre\u0301dibilite\u0301 de la prochaine e\u0301lection soit remise en cause et que 2025 ne se termine sous de mauvais auspices ?<\/p>\n<p>Une position fermement rejete\u0301e par l\u2019opposition, qui exige une re\u0301vision imme\u0301diate du fichier e\u0301lectoral afin de garantir l\u2019inclusivite\u0301 du scrutin. Des de\u0301saccords qui laissent peser un climat de tension sur la prochaine e\u0301lection. \u00ab Dans ces conditions, comment ne pas craindre que la cre\u0301dibilite\u0301 de la prochaine e\u0301lection soit remise en cause et que 2025 ne se termine sous de mauvais auspices ? \u00bb s\u2019inquie\u0300te l\u2019ADA-CI.<\/p>\n<p><b>Un budget conse\u0301quent mais des re\u0301sultats mitige\u0301s<\/b><\/p>\n<p>Il convient de souligner que la Commission e\u0301lectorale inde\u0301pendante a be\u0301ne\u0301ficie\u0301 d\u2019une enveloppe de plus de 27,5 milliards de FCFA pour organiser cette nouvelle ope\u0301ration de re\u0301vision de la liste e\u0301lectorale dans le cadre de son budget 2025.<\/p>\n<p>Les chiffres de la CEI montrent une augmentation re\u0301gulie\u0300re du nombre d\u2019e\u0301lecteurs inscrits. En 2000, la liste e\u0301lectorale comptait 5,4 millions d\u2019inscrits, un chiffre passe\u0301 a\u0300 7,4 millions en 2020. Plus re\u0301cemment, en 2023 et 2024, 1,6 million de nouveaux e\u0301lecteurs ont e\u0301te\u0301 enregistre\u0301s. Une nouvelle re\u0301vision en 2025 pourrait porter ce total a\u0300 plus de 2,5 millions d\u2019inscriptions supple\u0301mentaires depuis la pre\u0301sidentielle de 2020.<\/p>\n<p>Toutefois, l\u2019ampleur du de\u0301fi reste conside\u0301rable, et les divergences entre le pouvoir et l\u2019opposition sur la question du fichier e\u0301lectoral risquent de peser lourdement sur l\u2019organisation du scrutin pre\u0301sidentiel a\u0300 venir.<\/p>\n<p><strong>Pour plus d&rsquo;informations et d&rsquo;analyses sur la <span style=\"color: #ff6600\">C\u00f4te d&rsquo;Ivoire<\/span>, suivez <span style=\"color: #ff6600\">Africa-Press<span style=\"color: #ff6600\"><\/span><\/strong><\/p>\n","protected":false},"excerpt":{"rendered":"<p>Africa-Press &#8211; C\u00f4te d&rsquo;Ivoire. En Co\u0302te d\u2019Ivoire, au moins 30 % des citoyens en a\u0302ge de voter restent exclus du processus e\u0301lectoral en cours. Ce constat alarmant, qui intervient a\u0300 environ neuf mois de l\u2019e\u0301lection pre\u0301sidentielle de 2025, a e\u0301te\u0301 dresse\u0301 par Alpha Diallo, pre\u0301sident de l\u2019Alliance de\u0301mocratique africaine-Co\u0302te d\u2019Ivoire (ADA-CI). Au 3,6 millions d\u2019e\u0301lecteurs [&hellip;]<\/p>\n","protected":false},"author":82,"featured_media":94854,"comment_status":"open","ping_status":"closed","sticky":false,"template":"","format":"standard","meta":{"footnotes":""},"categories":[2,10],"tags":[37],"class_list":["post-94855","post","type-post","status-publish","format-standard","has-post-thumbnail","hentry","category-politique","category-toutes-les-actualites","tag-cote-divoire-2"],"yoast_head":"<!-- This site is optimized with the Yoast SEO Premium plugin v26.1 (Yoast SEO v27.0) - https:\/\/yoast.com\/product\/yoast-seo-premium-wordpress\/ -->\n<title>En C\u00f4te-d\u2019Ivoire au moins 30 % des citoyens toujours priv\u00e9s de leurs droits d\u2019\u00e9lecteurs (la commission \u00e9lectorale accus\u00e9e) - C\u00f4te d&#039;Ivoire<\/title>\n<meta name=\"robots\" content=\"index, follow, max-snippet:-1, max-image-preview:large, max-video-preview:-1\" \/>\n<link rel=\"canonical\" href=\"https:\/\/www.africa-press.net\/cotedivoire\/politique\/en-cote-divoire-au-moins-30-des-citoyens-toujours-prives-de-leurs-droits-delecteurs-la-commission-electorale-accusee\" \/>\n<meta property=\"og:locale\" content=\"fr_FR\" \/>\n<meta property=\"og:type\" content=\"article\" \/>\n<meta property=\"og:title\" content=\"En C\u00f4te-d\u2019Ivoire au moins 30 % des citoyens toujours priv\u00e9s de leurs droits d\u2019\u00e9lecteurs (la commission \u00e9lectorale accus\u00e9e)\" \/>\n<meta property=\"og:description\" content=\"Africa-Press &#8211; C\u00f4te d&rsquo;Ivoire. En Co\u0302te d\u2019Ivoire, au moins 30 % des citoyens en a\u0302ge de voter restent exclus du processus e\u0301lectoral en cours. Ce constat alarmant, qui intervient a\u0300 environ neuf mois de l\u2019e\u0301lection pre\u0301sidentielle de 2025, a e\u0301te\u0301 dresse\u0301 par Alpha Diallo, pre\u0301sident de l\u2019Alliance de\u0301mocratique africaine-Co\u0302te d\u2019Ivoire (ADA-CI). Au 3,6 millions d\u2019e\u0301lecteurs [&hellip;]\" \/>\n<meta property=\"og:url\" content=\"https:\/\/www.africa-press.net\/cotedivoire\/politique\/en-cote-divoire-au-moins-30-des-citoyens-toujours-prives-de-leurs-droits-delecteurs-la-commission-electorale-accusee\" \/>\n<meta property=\"og:site_name\" content=\"C\u00f4te d&#039;Ivoire\" \/>\n<meta property=\"article:published_time\" content=\"2025-02-08T17:54:27+00:00\" \/>\n<meta name=\"author\" content=\"cfeditorfr\" \/>\n<meta name=\"twitter:card\" content=\"summary_large_image\" \/>\n<meta name=\"twitter:label1\" content=\"\u00c9crit par\" \/>\n\t<meta name=\"twitter:data1\" content=\"cfeditorfr\" \/>\n\t<meta name=\"twitter:label2\" content=\"Dur\u00e9e de lecture estim\u00e9e\" \/>\n\t<meta name=\"twitter:data2\" content=\"4 minutes\" \/>\n<script type=\"application\/ld+json\" class=\"yoast-schema-graph\">{\"@context\":\"https:\/\/schema.org\",\"@graph\":[{\"@type\":\"Article\",\"@id\":\"https:\/\/www.africa-press.net\/cotedivoire\/politique\/en-cote-divoire-au-moins-30-des-citoyens-toujours-prives-de-leurs-droits-delecteurs-la-commission-electorale-accusee#article\",\"isPartOf\":{\"@id\":\"https:\/\/www.africa-press.net\/cotedivoire\/politique\/en-cote-divoire-au-moins-30-des-citoyens-toujours-prives-de-leurs-droits-delecteurs-la-commission-electorale-accusee\"},\"author\":{\"name\":\"cfeditorfr\",\"@id\":\"https:\/\/www.africa-press.net\/cotedivoire\/#\/schema\/person\/2b1cf3cd81a31e3cd26889ca66d677f1\"},\"headline\":\"En C\u00f4te-d\u2019Ivoire au moins 30 % des citoyens toujours priv\u00e9s de leurs droits d\u2019\u00e9lecteurs (la commission \u00e9lectorale accus\u00e9e)\",\"datePublished\":\"2025-02-08T17:54:27+00:00\",\"mainEntityOfPage\":{\"@id\":\"https:\/\/www.africa-press.net\/cotedivoire\/politique\/en-cote-divoire-au-moins-30-des-citoyens-toujours-prives-de-leurs-droits-delecteurs-la-commission-electorale-accusee\"},\"wordCount\":740,\"commentCount\":0,\"image\":{\"@id\":\"https:\/\/www.africa-press.net\/cotedivoire\/politique\/en-cote-divoire-au-moins-30-des-citoyens-toujours-prives-de-leurs-droits-delecteurs-la-commission-electorale-accusee#primaryimage\"},\"thumbnailUrl\":\"https:\/\/static.africa-press.net\/cote\/sites\/43\/2025\/02\/sm_1739025713.711053.jpg\",\"keywords\":[\"C\u00f4te d'Ivoire\"],\"articleSection\":[\"Politique\",\"Toutes les actualit\u00e9s\"],\"inLanguage\":\"fr-FR\",\"potentialAction\":[{\"@type\":\"CommentAction\",\"name\":\"Comment\",\"target\":[\"https:\/\/www.africa-press.net\/cotedivoire\/politique\/en-cote-divoire-au-moins-30-des-citoyens-toujours-prives-de-leurs-droits-delecteurs-la-commission-electorale-accusee#respond\"]}]},{\"@type\":\"WebPage\",\"@id\":\"https:\/\/www.africa-press.net\/cotedivoire\/politique\/en-cote-divoire-au-moins-30-des-citoyens-toujours-prives-de-leurs-droits-delecteurs-la-commission-electorale-accusee\",\"url\":\"https:\/\/www.africa-press.net\/cotedivoire\/politique\/en-cote-divoire-au-moins-30-des-citoyens-toujours-prives-de-leurs-droits-delecteurs-la-commission-electorale-accusee\",\"name\":\"En C\u00f4te-d\u2019Ivoire au moins 30 % des citoyens toujours priv\u00e9s de leurs droits d\u2019\u00e9lecteurs (la commission \u00e9lectorale accus\u00e9e) - C\u00f4te d&#039;Ivoire\",\"isPartOf\":{\"@id\":\"https:\/\/www.africa-press.net\/cotedivoire\/#website\"},\"primaryImageOfPage\":{\"@id\":\"https:\/\/www.africa-press.net\/cotedivoire\/politique\/en-cote-divoire-au-moins-30-des-citoyens-toujours-prives-de-leurs-droits-delecteurs-la-commission-electorale-accusee#primaryimage\"},\"image\":{\"@id\":\"https:\/\/www.africa-press.net\/cotedivoire\/politique\/en-cote-divoire-au-moins-30-des-citoyens-toujours-prives-de-leurs-droits-delecteurs-la-commission-electorale-accusee#primaryimage\"},\"thumbnailUrl\":\"https:\/\/static.africa-press.net\/cote\/sites\/43\/2025\/02\/sm_1739025713.711053.jpg\",\"datePublished\":\"2025-02-08T17:54:27+00:00\",\"author\":{\"@id\":\"https:\/\/www.africa-press.net\/cotedivoire\/#\/schema\/person\/2b1cf3cd81a31e3cd26889ca66d677f1\"},\"breadcrumb\":{\"@id\":\"https:\/\/www.africa-press.net\/cotedivoire\/politique\/en-cote-divoire-au-moins-30-des-citoyens-toujours-prives-de-leurs-droits-delecteurs-la-commission-electorale-accusee#breadcrumb\"},\"inLanguage\":\"fr-FR\",\"potentialAction\":[{\"@type\":\"ReadAction\",\"target\":[\"https:\/\/www.africa-press.net\/cotedivoire\/politique\/en-cote-divoire-au-moins-30-des-citoyens-toujours-prives-de-leurs-droits-delecteurs-la-commission-electorale-accusee\"]}]},{\"@type\":\"ImageObject\",\"inLanguage\":\"fr-FR\",\"@id\":\"https:\/\/www.africa-press.net\/cotedivoire\/politique\/en-cote-divoire-au-moins-30-des-citoyens-toujours-prives-de-leurs-droits-delecteurs-la-commission-electorale-accusee#primaryimage\",\"url\":\"https:\/\/static.africa-press.net\/cote\/sites\/43\/2025\/02\/sm_1739025713.711053.jpg\",\"contentUrl\":\"https:\/\/static.africa-press.net\/cote\/sites\/43\/2025\/02\/sm_1739025713.711053.jpg\",\"width\":768,\"height\":425,\"caption\":\"En C\u00f4te-d\u2019Ivoire au moins 30 % des citoyens toujours priv\u00e9s de leurs droits d\u2019\u00e9lecteurs (la commission \u00e9lectorale accus\u00e9e)\"},{\"@type\":\"BreadcrumbList\",\"@id\":\"https:\/\/www.africa-press.net\/cotedivoire\/politique\/en-cote-divoire-au-moins-30-des-citoyens-toujours-prives-de-leurs-droits-delecteurs-la-commission-electorale-accusee#breadcrumb\",\"itemListElement\":[{\"@type\":\"ListItem\",\"position\":1,\"name\":\"Accueil\",\"item\":\"https:\/\/www.africa-press.net\/cotedivoire\/\"},{\"@type\":\"ListItem\",\"position\":2,\"name\":\"En C\u00f4te-d\u2019Ivoire au moins 30 % des citoyens toujours priv\u00e9s de leurs droits d\u2019\u00e9lecteurs (la commission \u00e9lectorale accus\u00e9e)\"}]},{\"@type\":\"WebSite\",\"@id\":\"https:\/\/www.africa-press.net\/cotedivoire\/#website\",\"url\":\"https:\/\/www.africa-press.net\/cotedivoire\/\",\"name\":\"C\u00f4te d&#039;Ivoire\",\"description\":\"Just another Africa News Agency Sites site\",\"potentialAction\":[{\"@type\":\"SearchAction\",\"target\":{\"@type\":\"EntryPoint\",\"urlTemplate\":\"https:\/\/www.africa-press.net\/cotedivoire\/?s={search_term_string}\"},\"query-input\":{\"@type\":\"PropertyValueSpecification\",\"valueRequired\":true,\"valueName\":\"search_term_string\"}}],\"inLanguage\":\"fr-FR\"},{\"@type\":\"Person\",\"@id\":\"https:\/\/www.africa-press.net\/cotedivoire\/#\/schema\/person\/2b1cf3cd81a31e3cd26889ca66d677f1\",\"name\":\"cfeditorfr\"}]}<\/script>\n<!-- \/ Yoast SEO Premium plugin. -->","yoast_head_json":{"title":"En C\u00f4te-d\u2019Ivoire au moins 30 % des citoyens toujours priv\u00e9s de leurs droits d\u2019\u00e9lecteurs (la commission \u00e9lectorale accus\u00e9e) - C\u00f4te d&#039;Ivoire","robots":{"index":"index","follow":"follow","max-snippet":"max-snippet:-1","max-image-preview":"max-image-preview:large","max-video-preview":"max-video-preview:-1"},"canonical":"https:\/\/www.africa-press.net\/cotedivoire\/politique\/en-cote-divoire-au-moins-30-des-citoyens-toujours-prives-de-leurs-droits-delecteurs-la-commission-electorale-accusee","og_locale":"fr_FR","og_type":"article","og_title":"En C\u00f4te-d\u2019Ivoire au moins 30 % des citoyens toujours priv\u00e9s de leurs droits d\u2019\u00e9lecteurs (la commission \u00e9lectorale accus\u00e9e)","og_description":"Africa-Press &#8211; C\u00f4te d&rsquo;Ivoire. En Co\u0302te d\u2019Ivoire, au moins 30 % des citoyens en a\u0302ge de voter restent exclus du processus e\u0301lectoral en cours. Ce constat alarmant, qui intervient a\u0300 environ neuf mois de l\u2019e\u0301lection pre\u0301sidentielle de 2025, a e\u0301te\u0301 dresse\u0301 par Alpha Diallo, pre\u0301sident de l\u2019Alliance de\u0301mocratique africaine-Co\u0302te d\u2019Ivoire (ADA-CI). Au 3,6 millions d\u2019e\u0301lecteurs [&hellip;]","og_url":"https:\/\/www.africa-press.net\/cotedivoire\/politique\/en-cote-divoire-au-moins-30-des-citoyens-toujours-prives-de-leurs-droits-delecteurs-la-commission-electorale-accusee","og_site_name":"C\u00f4te d&#039;Ivoire","article_published_time":"2025-02-08T17:54:27+00:00","author":"cfeditorfr","twitter_card":"summary_large_image","twitter_misc":{"\u00c9crit par":"cfeditorfr","Dur\u00e9e de lecture estim\u00e9e":"4 minutes"},"schema":{"@context":"https:\/\/schema.org","@graph":[{"@type":"Article","@id":"https:\/\/www.africa-press.net\/cotedivoire\/politique\/en-cote-divoire-au-moins-30-des-citoyens-toujours-prives-de-leurs-droits-delecteurs-la-commission-electorale-accusee#article","isPartOf":{"@id":"https:\/\/www.africa-press.net\/cotedivoire\/politique\/en-cote-divoire-au-moins-30-des-citoyens-toujours-prives-de-leurs-droits-delecteurs-la-commission-electorale-accusee"},"author":{"name":"cfeditorfr","@id":"https:\/\/www.africa-press.net\/cotedivoire\/#\/schema\/person\/2b1cf3cd81a31e3cd26889ca66d677f1"},"headline":"En C\u00f4te-d\u2019Ivoire au moins 30 % des citoyens toujours priv\u00e9s de leurs droits d\u2019\u00e9lecteurs (la commission \u00e9lectorale accus\u00e9e)","datePublished":"2025-02-08T17:54:27+00:00","mainEntityOfPage":{"@id":"https:\/\/www.africa-press.net\/cotedivoire\/politique\/en-cote-divoire-au-moins-30-des-citoyens-toujours-prives-de-leurs-droits-delecteurs-la-commission-electorale-accusee"},"wordCount":740,"commentCount":0,"image":{"@id":"https:\/\/www.africa-press.net\/cotedivoire\/politique\/en-cote-divoire-au-moins-30-des-citoyens-toujours-prives-de-leurs-droits-delecteurs-la-commission-electorale-accusee#primaryimage"},"thumbnailUrl":"https:\/\/static.africa-press.net\/cote\/sites\/43\/2025\/02\/sm_1739025713.711053.jpg","keywords":["C\u00f4te d'Ivoire"],"articleSection":["Politique","Toutes les actualit\u00e9s"],"inLanguage":"fr-FR","potentialAction":[{"@type":"CommentAction","name":"Comment","target":["https:\/\/www.africa-press.net\/cotedivoire\/politique\/en-cote-divoire-au-moins-30-des-citoyens-toujours-prives-de-leurs-droits-delecteurs-la-commission-electorale-accusee#respond"]}]},{"@type":"WebPage","@id":"https:\/\/www.africa-press.net\/cotedivoire\/politique\/en-cote-divoire-au-moins-30-des-citoyens-toujours-prives-de-leurs-droits-delecteurs-la-commission-electorale-accusee","url":"https:\/\/www.africa-press.net\/cotedivoire\/politique\/en-cote-divoire-au-moins-30-des-citoyens-toujours-prives-de-leurs-droits-delecteurs-la-commission-electorale-accusee","name":"En C\u00f4te-d\u2019Ivoire au moins 30 % des citoyens toujours priv\u00e9s de leurs droits d\u2019\u00e9lecteurs (la commission \u00e9lectorale accus\u00e9e) - C\u00f4te d&#039;Ivoire","isPartOf":{"@id":"https:\/\/www.africa-press.net\/cotedivoire\/#website"},"primaryImageOfPage":{"@id":"https:\/\/www.africa-press.net\/cotedivoire\/politique\/en-cote-divoire-au-moins-30-des-citoyens-toujours-prives-de-leurs-droits-delecteurs-la-commission-electorale-accusee#primaryimage"},"image":{"@id":"https:\/\/www.africa-press.net\/cotedivoire\/politique\/en-cote-divoire-au-moins-30-des-citoyens-toujours-prives-de-leurs-droits-delecteurs-la-commission-electorale-accusee#primaryimage"},"thumbnailUrl":"https:\/\/static.africa-press.net\/cote\/sites\/43\/2025\/02\/sm_1739025713.711053.jpg","datePublished":"2025-02-08T17:54:27+00:00","author":{"@id":"https:\/\/www.africa-press.net\/cotedivoire\/#\/schema\/person\/2b1cf3cd81a31e3cd26889ca66d677f1"},"breadcrumb":{"@id":"https:\/\/www.africa-press.net\/cotedivoire\/politique\/en-cote-divoire-au-moins-30-des-citoyens-toujours-prives-de-leurs-droits-delecteurs-la-commission-electorale-accusee#breadcrumb"},"inLanguage":"fr-FR","potentialAction":[{"@type":"ReadAction","target":["https:\/\/www.africa-press.net\/cotedivoire\/politique\/en-cote-divoire-au-moins-30-des-citoyens-toujours-prives-de-leurs-droits-delecteurs-la-commission-electorale-accusee"]}]},{"@type":"ImageObject","inLanguage":"fr-FR","@id":"https:\/\/www.africa-press.net\/cotedivoire\/politique\/en-cote-divoire-au-moins-30-des-citoyens-toujours-prives-de-leurs-droits-delecteurs-la-commission-electorale-accusee#primaryimage","url":"https:\/\/static.africa-press.net\/cote\/sites\/43\/2025\/02\/sm_1739025713.711053.jpg","contentUrl":"https:\/\/static.africa-press.net\/cote\/sites\/43\/2025\/02\/sm_1739025713.711053.jpg","width":768,"height":425,"caption":"En C\u00f4te-d\u2019Ivoire au moins 30 % des citoyens toujours priv\u00e9s de leurs droits d\u2019\u00e9lecteurs (la commission \u00e9lectorale accus\u00e9e)"},{"@type":"BreadcrumbList","@id":"https:\/\/www.africa-press.net\/cotedivoire\/politique\/en-cote-divoire-au-moins-30-des-citoyens-toujours-prives-de-leurs-droits-delecteurs-la-commission-electorale-accusee#breadcrumb","itemListElement":[{"@type":"ListItem","position":1,"name":"Accueil","item":"https:\/\/www.africa-press.net\/cotedivoire\/"},{"@type":"ListItem","position":2,"name":"En C\u00f4te-d\u2019Ivoire au moins 30 % des citoyens toujours priv\u00e9s de leurs droits d\u2019\u00e9lecteurs (la commission \u00e9lectorale accus\u00e9e)"}]},{"@type":"WebSite","@id":"https:\/\/www.africa-press.net\/cotedivoire\/#website","url":"https:\/\/www.africa-press.net\/cotedivoire\/","name":"C\u00f4te d&#039;Ivoire","description":"Just another Africa News Agency Sites site","potentialAction":[{"@type":"SearchAction","target":{"@type":"EntryPoint","urlTemplate":"https:\/\/www.africa-press.net\/cotedivoire\/?s={search_term_string}"},"query-input":{"@type":"PropertyValueSpecification","valueRequired":true,"valueName":"search_term_string"}}],"inLanguage":"fr-FR"},{"@type":"Person","@id":"https:\/\/www.africa-press.net\/cotedivoire\/#\/schema\/person\/2b1cf3cd81a31e3cd26889ca66d677f1","name":"cfeditorfr"}]}},"_links":{"self":[{"href":"https:\/\/www.africa-press.net\/cotedivoire\/wp-json\/wp\/v2\/posts\/94855","targetHints":{"allow":["GET"]}}],"collection":[{"href":"https:\/\/www.africa-press.net\/cotedivoire\/wp-json\/wp\/v2\/posts"}],"about":[{"href":"https:\/\/www.africa-press.net\/cotedivoire\/wp-json\/wp\/v2\/types\/post"}],"author":[{"embeddable":true,"href":"https:\/\/www.africa-press.net\/cotedivoire\/wp-json\/wp\/v2\/users\/82"}],"replies":[{"embeddable":true,"href":"https:\/\/www.africa-press.net\/cotedivoire\/wp-json\/wp\/v2\/comments?post=94855"}],"version-history":[{"count":0,"href":"https:\/\/www.africa-press.net\/cotedivoire\/wp-json\/wp\/v2\/posts\/94855\/revisions"}],"wp:featuredmedia":[{"embeddable":true,"href":"https:\/\/www.africa-press.net\/cotedivoire\/wp-json\/wp\/v2\/media\/94854"}],"wp:attachment":[{"href":"https:\/\/www.africa-press.net\/cotedivoire\/wp-json\/wp\/v2\/media?parent=94855"}],"wp:term":[{"taxonomy":"category","embeddable":true,"href":"https:\/\/www.africa-press.net\/cotedivoire\/wp-json\/wp\/v2\/categories?post=94855"},{"taxonomy":"post_tag","embeddable":true,"href":"https:\/\/www.africa-press.net\/cotedivoire\/wp-json\/wp\/v2\/tags?post=94855"}],"curies":[{"name":"wp","href":"https:\/\/api.w.org\/{rel}","templated":true}]}}