{"id":94859,"date":"2025-02-08T18:18:33","date_gmt":"2025-02-08T18:18:33","guid":{"rendered":"https:\/\/www.africa-press.net\/cotedivoire\/politique\/retrocession-de-la-base-militaire-francaise-a-la-cote-divoire-la-date-serait-fixee"},"modified":"2025-02-08T18:18:33","modified_gmt":"2025-02-08T18:18:33","slug":"retrocession-de-la-base-militaire-francaise-a-la-cote-divoire-la-date-serait-fixee","status":"publish","type":"post","link":"https:\/\/www.africa-press.net\/cotedivoire\/politique\/retrocession-de-la-base-militaire-francaise-a-la-cote-divoire-la-date-serait-fixee","title":{"rendered":"R\u00e9trocession de la base militaire fran\u00e7aise \u00e0 la C\u00f4te d&rsquo;Ivoire : la date serait fix\u00e9e"},"content":{"rendered":"<p><span style=\"color: #ff6600\"><strong>Africa-Press &#8211; C\u00f4te d&rsquo;Ivoire. <\/strong><\/span>La ce\u0301re\u0301monie de la transmission de la base militaire franc\u0327aise d\u2019Abidjan a\u0300 la Co\u0302te d\u2019Ivoire est pre\u0301vue pour le 20 fe\u0301vrier, selon les me\u0301dias franc\u0327ais. L&rsquo;e\u0301ve\u0301nement officiel se de\u0301roulerait en pre\u0301sence des ministres de la De\u0301fense des deux pays, assurent des sources proches du dossier.<\/p>\n<p>Les militaires ivoiriens sont de\u0301ja\u0300 entre\u0301s sur le camp du 43e bataillon d&rsquo;infanterie de marine de Port-Bouet, dans la commune d&rsquo;Abidjan, en janvier, co\u0302toyant de\u0301sormais les militaires franc\u0327ais.<\/p>\n<p>Cela suit la de\u0301cision du Pre\u0301sident Ouattara de mettre fin a\u0300 la pre\u0301sence militaire franc\u0327aise sur le sol ivoirien et d&rsquo;organiser la re\u0301trocession de cette base, annonce\u0301e dans son discours du Nouvel An.<\/p>\n<p>Chasse\u0301e progressivement du continent africain, l\u2019arme\u0301e franc\u0327aise a de\u0301ja\u0300 du\u0302 quitter le Mali, le Burkina Faso, le Niger, et le Tchad. Les militaires de l&rsquo;Hexagone devront partir e\u0301galement du Se\u0301ne\u0301gal d&rsquo;ici fin 2025.<\/p>\n<p><strong>Pour plus d&rsquo;informations et d&rsquo;analyses sur la <span style=\"color: #ff6600\">C\u00f4te d&rsquo;Ivoire<\/span>, suivez <span style=\"color: #ff6600\">Africa-Press<span style=\"color: #ff6600\"><\/span><\/strong><\/p>\n","protected":false},"excerpt":{"rendered":"<p>Africa-Press &#8211; C\u00f4te d&rsquo;Ivoire. La ce\u0301re\u0301monie de la transmission de la base militaire franc\u0327aise d\u2019Abidjan a\u0300 la Co\u0302te d\u2019Ivoire est pre\u0301vue pour le 20 fe\u0301vrier, selon les me\u0301dias franc\u0327ais. L&rsquo;e\u0301ve\u0301nement officiel se de\u0301roulerait en pre\u0301sence des ministres de la De\u0301fense des deux pays, assurent des sources proches du dossier. Les militaires ivoiriens sont de\u0301ja\u0300 entre\u0301s [&hellip;]<\/p>\n","protected":false},"author":82,"featured_media":94858,"comment_status":"open","ping_status":"closed","sticky":false,"template":"","format":"standard","meta":{"footnotes":""},"categories":[2,20,10],"tags":[37],"class_list":["post-94859","post","type-post","status-publish","format-standard","has-post-thumbnail","hentry","category-politique","category-top-nouvelles","category-toutes-les-actualites","tag-cote-divoire-2"],"yoast_head":"<!-- This site is optimized with the Yoast SEO Premium plugin v26.1 (Yoast SEO v27.0) - https:\/\/yoast.com\/product\/yoast-seo-premium-wordpress\/ -->\n<title>R\u00e9trocession de la base militaire fran\u00e7aise \u00e0 la C\u00f4te d&#039;Ivoire : la date serait fix\u00e9e - C\u00f4te d&#039;Ivoire<\/title>\n<meta name=\"robots\" content=\"index, follow, max-snippet:-1, max-image-preview:large, max-video-preview:-1\" \/>\n<link rel=\"canonical\" href=\"https:\/\/www.africa-press.net\/cotedivoire\/politique\/retrocession-de-la-base-militaire-francaise-a-la-cote-divoire-la-date-serait-fixee\" \/>\n<meta property=\"og:locale\" content=\"fr_FR\" \/>\n<meta property=\"og:type\" content=\"article\" \/>\n<meta property=\"og:title\" content=\"R\u00e9trocession de la base militaire fran\u00e7aise \u00e0 la C\u00f4te d&#039;Ivoire : la date serait fix\u00e9e\" \/>\n<meta property=\"og:description\" content=\"Africa-Press &#8211; C\u00f4te d&rsquo;Ivoire. La ce\u0301re\u0301monie de la transmission de la base militaire franc\u0327aise d\u2019Abidjan a\u0300 la Co\u0302te d\u2019Ivoire est pre\u0301vue pour le 20 fe\u0301vrier, selon les me\u0301dias franc\u0327ais. L&rsquo;e\u0301ve\u0301nement officiel se de\u0301roulerait en pre\u0301sence des ministres de la De\u0301fense des deux pays, assurent des sources proches du dossier. Les militaires ivoiriens sont de\u0301ja\u0300 entre\u0301s [&hellip;]\" \/>\n<meta property=\"og:url\" content=\"https:\/\/www.africa-press.net\/cotedivoire\/politique\/retrocession-de-la-base-militaire-francaise-a-la-cote-divoire-la-date-serait-fixee\" \/>\n<meta property=\"og:site_name\" content=\"C\u00f4te d&#039;Ivoire\" \/>\n<meta property=\"article:published_time\" content=\"2025-02-08T18:18:33+00:00\" \/>\n<meta name=\"author\" content=\"cfeditorfr\" \/>\n<meta name=\"twitter:card\" content=\"summary_large_image\" \/>\n<meta name=\"twitter:label1\" content=\"\u00c9crit par\" \/>\n\t<meta name=\"twitter:data1\" content=\"cfeditorfr\" \/>\n\t<meta name=\"twitter:label2\" content=\"Dur\u00e9e de lecture estim\u00e9e\" \/>\n\t<meta name=\"twitter:data2\" content=\"1 minute\" \/>\n<script type=\"application\/ld+json\" class=\"yoast-schema-graph\">{\"@context\":\"https:\/\/schema.org\",\"@graph\":[{\"@type\":\"Article\",\"@id\":\"https:\/\/www.africa-press.net\/cotedivoire\/politique\/retrocession-de-la-base-militaire-francaise-a-la-cote-divoire-la-date-serait-fixee#article\",\"isPartOf\":{\"@id\":\"https:\/\/www.africa-press.net\/cotedivoire\/politique\/retrocession-de-la-base-militaire-francaise-a-la-cote-divoire-la-date-serait-fixee\"},\"author\":{\"name\":\"cfeditorfr\",\"@id\":\"https:\/\/www.africa-press.net\/cotedivoire\/#\/schema\/person\/2b1cf3cd81a31e3cd26889ca66d677f1\"},\"headline\":\"R\u00e9trocession de la base militaire fran\u00e7aise \u00e0 la C\u00f4te d&rsquo;Ivoire : la date serait fix\u00e9e\",\"datePublished\":\"2025-02-08T18:18:33+00:00\",\"mainEntityOfPage\":{\"@id\":\"https:\/\/www.africa-press.net\/cotedivoire\/politique\/retrocession-de-la-base-militaire-francaise-a-la-cote-divoire-la-date-serait-fixee\"},\"wordCount\":216,\"commentCount\":0,\"image\":{\"@id\":\"https:\/\/www.africa-press.net\/cotedivoire\/politique\/retrocession-de-la-base-militaire-francaise-a-la-cote-divoire-la-date-serait-fixee#primaryimage\"},\"thumbnailUrl\":\"https:\/\/static.africa-press.net\/cote\/sites\/43\/2025\/02\/sm_1739026364.194937.jpg\",\"keywords\":[\"C\u00f4te d'Ivoire\"],\"articleSection\":[\"Politique\",\"Top Nouvelles\",\"Toutes les actualit\u00e9s\"],\"inLanguage\":\"fr-FR\",\"potentialAction\":[{\"@type\":\"CommentAction\",\"name\":\"Comment\",\"target\":[\"https:\/\/www.africa-press.net\/cotedivoire\/politique\/retrocession-de-la-base-militaire-francaise-a-la-cote-divoire-la-date-serait-fixee#respond\"]}]},{\"@type\":\"WebPage\",\"@id\":\"https:\/\/www.africa-press.net\/cotedivoire\/politique\/retrocession-de-la-base-militaire-francaise-a-la-cote-divoire-la-date-serait-fixee\",\"url\":\"https:\/\/www.africa-press.net\/cotedivoire\/politique\/retrocession-de-la-base-militaire-francaise-a-la-cote-divoire-la-date-serait-fixee\",\"name\":\"R\u00e9trocession de la base militaire fran\u00e7aise \u00e0 la C\u00f4te d'Ivoire : la date serait fix\u00e9e - C\u00f4te d&#039;Ivoire\",\"isPartOf\":{\"@id\":\"https:\/\/www.africa-press.net\/cotedivoire\/#website\"},\"primaryImageOfPage\":{\"@id\":\"https:\/\/www.africa-press.net\/cotedivoire\/politique\/retrocession-de-la-base-militaire-francaise-a-la-cote-divoire-la-date-serait-fixee#primaryimage\"},\"image\":{\"@id\":\"https:\/\/www.africa-press.net\/cotedivoire\/politique\/retrocession-de-la-base-militaire-francaise-a-la-cote-divoire-la-date-serait-fixee#primaryimage\"},\"thumbnailUrl\":\"https:\/\/static.africa-press.net\/cote\/sites\/43\/2025\/02\/sm_1739026364.194937.jpg\",\"datePublished\":\"2025-02-08T18:18:33+00:00\",\"author\":{\"@id\":\"https:\/\/www.africa-press.net\/cotedivoire\/#\/schema\/person\/2b1cf3cd81a31e3cd26889ca66d677f1\"},\"breadcrumb\":{\"@id\":\"https:\/\/www.africa-press.net\/cotedivoire\/politique\/retrocession-de-la-base-militaire-francaise-a-la-cote-divoire-la-date-serait-fixee#breadcrumb\"},\"inLanguage\":\"fr-FR\",\"potentialAction\":[{\"@type\":\"ReadAction\",\"target\":[\"https:\/\/www.africa-press.net\/cotedivoire\/politique\/retrocession-de-la-base-militaire-francaise-a-la-cote-divoire-la-date-serait-fixee\"]}]},{\"@type\":\"ImageObject\",\"inLanguage\":\"fr-FR\",\"@id\":\"https:\/\/www.africa-press.net\/cotedivoire\/politique\/retrocession-de-la-base-militaire-francaise-a-la-cote-divoire-la-date-serait-fixee#primaryimage\",\"url\":\"https:\/\/static.africa-press.net\/cote\/sites\/43\/2025\/02\/sm_1739026364.194937.jpg\",\"contentUrl\":\"https:\/\/static.africa-press.net\/cote\/sites\/43\/2025\/02\/sm_1739026364.194937.jpg\",\"width\":1080,\"height\":718,\"caption\":\"R\u00e9trocession de la base militaire fran\u00e7aise \u00e0 la C\u00f4te d'Ivoire : la date serait fix\u00e9e\"},{\"@type\":\"BreadcrumbList\",\"@id\":\"https:\/\/www.africa-press.net\/cotedivoire\/politique\/retrocession-de-la-base-militaire-francaise-a-la-cote-divoire-la-date-serait-fixee#breadcrumb\",\"itemListElement\":[{\"@type\":\"ListItem\",\"position\":1,\"name\":\"Accueil\",\"item\":\"https:\/\/www.africa-press.net\/cotedivoire\/\"},{\"@type\":\"ListItem\",\"position\":2,\"name\":\"R\u00e9trocession de la base militaire fran\u00e7aise \u00e0 la C\u00f4te d&rsquo;Ivoire : la date serait fix\u00e9e\"}]},{\"@type\":\"WebSite\",\"@id\":\"https:\/\/www.africa-press.net\/cotedivoire\/#website\",\"url\":\"https:\/\/www.africa-press.net\/cotedivoire\/\",\"name\":\"C\u00f4te d&#039;Ivoire\",\"description\":\"Just another Africa News Agency Sites site\",\"potentialAction\":[{\"@type\":\"SearchAction\",\"target\":{\"@type\":\"EntryPoint\",\"urlTemplate\":\"https:\/\/www.africa-press.net\/cotedivoire\/?s={search_term_string}\"},\"query-input\":{\"@type\":\"PropertyValueSpecification\",\"valueRequired\":true,\"valueName\":\"search_term_string\"}}],\"inLanguage\":\"fr-FR\"},{\"@type\":\"Person\",\"@id\":\"https:\/\/www.africa-press.net\/cotedivoire\/#\/schema\/person\/2b1cf3cd81a31e3cd26889ca66d677f1\",\"name\":\"cfeditorfr\"}]}<\/script>\n<!-- \/ Yoast SEO Premium plugin. -->","yoast_head_json":{"title":"R\u00e9trocession de la base militaire fran\u00e7aise \u00e0 la C\u00f4te d'Ivoire : la date serait fix\u00e9e - C\u00f4te d&#039;Ivoire","robots":{"index":"index","follow":"follow","max-snippet":"max-snippet:-1","max-image-preview":"max-image-preview:large","max-video-preview":"max-video-preview:-1"},"canonical":"https:\/\/www.africa-press.net\/cotedivoire\/politique\/retrocession-de-la-base-militaire-francaise-a-la-cote-divoire-la-date-serait-fixee","og_locale":"fr_FR","og_type":"article","og_title":"R\u00e9trocession de la base militaire fran\u00e7aise \u00e0 la C\u00f4te d'Ivoire : la date serait fix\u00e9e","og_description":"Africa-Press &#8211; C\u00f4te d&rsquo;Ivoire. La ce\u0301re\u0301monie de la transmission de la base militaire franc\u0327aise d\u2019Abidjan a\u0300 la Co\u0302te d\u2019Ivoire est pre\u0301vue pour le 20 fe\u0301vrier, selon les me\u0301dias franc\u0327ais. L&rsquo;e\u0301ve\u0301nement officiel se de\u0301roulerait en pre\u0301sence des ministres de la De\u0301fense des deux pays, assurent des sources proches du dossier. Les militaires ivoiriens sont de\u0301ja\u0300 entre\u0301s [&hellip;]","og_url":"https:\/\/www.africa-press.net\/cotedivoire\/politique\/retrocession-de-la-base-militaire-francaise-a-la-cote-divoire-la-date-serait-fixee","og_site_name":"C\u00f4te d&#039;Ivoire","article_published_time":"2025-02-08T18:18:33+00:00","author":"cfeditorfr","twitter_card":"summary_large_image","twitter_misc":{"\u00c9crit par":"cfeditorfr","Dur\u00e9e de lecture estim\u00e9e":"1 minute"},"schema":{"@context":"https:\/\/schema.org","@graph":[{"@type":"Article","@id":"https:\/\/www.africa-press.net\/cotedivoire\/politique\/retrocession-de-la-base-militaire-francaise-a-la-cote-divoire-la-date-serait-fixee#article","isPartOf":{"@id":"https:\/\/www.africa-press.net\/cotedivoire\/politique\/retrocession-de-la-base-militaire-francaise-a-la-cote-divoire-la-date-serait-fixee"},"author":{"name":"cfeditorfr","@id":"https:\/\/www.africa-press.net\/cotedivoire\/#\/schema\/person\/2b1cf3cd81a31e3cd26889ca66d677f1"},"headline":"R\u00e9trocession de la base militaire fran\u00e7aise \u00e0 la C\u00f4te d&rsquo;Ivoire : la date serait fix\u00e9e","datePublished":"2025-02-08T18:18:33+00:00","mainEntityOfPage":{"@id":"https:\/\/www.africa-press.net\/cotedivoire\/politique\/retrocession-de-la-base-militaire-francaise-a-la-cote-divoire-la-date-serait-fixee"},"wordCount":216,"commentCount":0,"image":{"@id":"https:\/\/www.africa-press.net\/cotedivoire\/politique\/retrocession-de-la-base-militaire-francaise-a-la-cote-divoire-la-date-serait-fixee#primaryimage"},"thumbnailUrl":"https:\/\/static.africa-press.net\/cote\/sites\/43\/2025\/02\/sm_1739026364.194937.jpg","keywords":["C\u00f4te d'Ivoire"],"articleSection":["Politique","Top Nouvelles","Toutes les actualit\u00e9s"],"inLanguage":"fr-FR","potentialAction":[{"@type":"CommentAction","name":"Comment","target":["https:\/\/www.africa-press.net\/cotedivoire\/politique\/retrocession-de-la-base-militaire-francaise-a-la-cote-divoire-la-date-serait-fixee#respond"]}]},{"@type":"WebPage","@id":"https:\/\/www.africa-press.net\/cotedivoire\/politique\/retrocession-de-la-base-militaire-francaise-a-la-cote-divoire-la-date-serait-fixee","url":"https:\/\/www.africa-press.net\/cotedivoire\/politique\/retrocession-de-la-base-militaire-francaise-a-la-cote-divoire-la-date-serait-fixee","name":"R\u00e9trocession de la base militaire fran\u00e7aise \u00e0 la C\u00f4te d'Ivoire : la date serait fix\u00e9e - C\u00f4te d&#039;Ivoire","isPartOf":{"@id":"https:\/\/www.africa-press.net\/cotedivoire\/#website"},"primaryImageOfPage":{"@id":"https:\/\/www.africa-press.net\/cotedivoire\/politique\/retrocession-de-la-base-militaire-francaise-a-la-cote-divoire-la-date-serait-fixee#primaryimage"},"image":{"@id":"https:\/\/www.africa-press.net\/cotedivoire\/politique\/retrocession-de-la-base-militaire-francaise-a-la-cote-divoire-la-date-serait-fixee#primaryimage"},"thumbnailUrl":"https:\/\/static.africa-press.net\/cote\/sites\/43\/2025\/02\/sm_1739026364.194937.jpg","datePublished":"2025-02-08T18:18:33+00:00","author":{"@id":"https:\/\/www.africa-press.net\/cotedivoire\/#\/schema\/person\/2b1cf3cd81a31e3cd26889ca66d677f1"},"breadcrumb":{"@id":"https:\/\/www.africa-press.net\/cotedivoire\/politique\/retrocession-de-la-base-militaire-francaise-a-la-cote-divoire-la-date-serait-fixee#breadcrumb"},"inLanguage":"fr-FR","potentialAction":[{"@type":"ReadAction","target":["https:\/\/www.africa-press.net\/cotedivoire\/politique\/retrocession-de-la-base-militaire-francaise-a-la-cote-divoire-la-date-serait-fixee"]}]},{"@type":"ImageObject","inLanguage":"fr-FR","@id":"https:\/\/www.africa-press.net\/cotedivoire\/politique\/retrocession-de-la-base-militaire-francaise-a-la-cote-divoire-la-date-serait-fixee#primaryimage","url":"https:\/\/static.africa-press.net\/cote\/sites\/43\/2025\/02\/sm_1739026364.194937.jpg","contentUrl":"https:\/\/static.africa-press.net\/cote\/sites\/43\/2025\/02\/sm_1739026364.194937.jpg","width":1080,"height":718,"caption":"R\u00e9trocession de la base militaire fran\u00e7aise \u00e0 la C\u00f4te d'Ivoire : la date serait fix\u00e9e"},{"@type":"BreadcrumbList","@id":"https:\/\/www.africa-press.net\/cotedivoire\/politique\/retrocession-de-la-base-militaire-francaise-a-la-cote-divoire-la-date-serait-fixee#breadcrumb","itemListElement":[{"@type":"ListItem","position":1,"name":"Accueil","item":"https:\/\/www.africa-press.net\/cotedivoire\/"},{"@type":"ListItem","position":2,"name":"R\u00e9trocession de la base militaire fran\u00e7aise \u00e0 la C\u00f4te d&rsquo;Ivoire : la date serait fix\u00e9e"}]},{"@type":"WebSite","@id":"https:\/\/www.africa-press.net\/cotedivoire\/#website","url":"https:\/\/www.africa-press.net\/cotedivoire\/","name":"C\u00f4te d&#039;Ivoire","description":"Just another Africa News Agency Sites site","potentialAction":[{"@type":"SearchAction","target":{"@type":"EntryPoint","urlTemplate":"https:\/\/www.africa-press.net\/cotedivoire\/?s={search_term_string}"},"query-input":{"@type":"PropertyValueSpecification","valueRequired":true,"valueName":"search_term_string"}}],"inLanguage":"fr-FR"},{"@type":"Person","@id":"https:\/\/www.africa-press.net\/cotedivoire\/#\/schema\/person\/2b1cf3cd81a31e3cd26889ca66d677f1","name":"cfeditorfr"}]}},"_links":{"self":[{"href":"https:\/\/www.africa-press.net\/cotedivoire\/wp-json\/wp\/v2\/posts\/94859","targetHints":{"allow":["GET"]}}],"collection":[{"href":"https:\/\/www.africa-press.net\/cotedivoire\/wp-json\/wp\/v2\/posts"}],"about":[{"href":"https:\/\/www.africa-press.net\/cotedivoire\/wp-json\/wp\/v2\/types\/post"}],"author":[{"embeddable":true,"href":"https:\/\/www.africa-press.net\/cotedivoire\/wp-json\/wp\/v2\/users\/82"}],"replies":[{"embeddable":true,"href":"https:\/\/www.africa-press.net\/cotedivoire\/wp-json\/wp\/v2\/comments?post=94859"}],"version-history":[{"count":0,"href":"https:\/\/www.africa-press.net\/cotedivoire\/wp-json\/wp\/v2\/posts\/94859\/revisions"}],"wp:featuredmedia":[{"embeddable":true,"href":"https:\/\/www.africa-press.net\/cotedivoire\/wp-json\/wp\/v2\/media\/94858"}],"wp:attachment":[{"href":"https:\/\/www.africa-press.net\/cotedivoire\/wp-json\/wp\/v2\/media?parent=94859"}],"wp:term":[{"taxonomy":"category","embeddable":true,"href":"https:\/\/www.africa-press.net\/cotedivoire\/wp-json\/wp\/v2\/categories?post=94859"},{"taxonomy":"post_tag","embeddable":true,"href":"https:\/\/www.africa-press.net\/cotedivoire\/wp-json\/wp\/v2\/tags?post=94859"}],"curies":[{"name":"wp","href":"https:\/\/api.w.org\/{rel}","templated":true}]}}