{"id":94865,"date":"2025-02-09T12:44:50","date_gmt":"2025-02-09T12:44:50","guid":{"rendered":"https:\/\/www.africa-press.net\/cotedivoire\/politique\/hausse-de-40-des-emissions-carbone-des-systemes-agroalimentaires-africains-en-20-ans"},"modified":"2025-02-09T12:44:50","modified_gmt":"2025-02-09T12:44:50","slug":"hausse-de-40-des-emissions-carbone-des-systemes-agroalimentaires-africains-en-20-ans","status":"publish","type":"post","link":"https:\/\/www.africa-press.net\/cotedivoire\/economie\/hausse-de-40-des-emissions-carbone-des-systemes-agroalimentaires-africains-en-20-ans","title":{"rendered":"Hausse de 40 % des \u00e9missions carbone des syst\u00e8mes agroalimentaires africains en 20 ans"},"content":{"rendered":"<p><b>St\u00e9phanas Assocle<\/p>\n<p><\/b><\/p>\n<p><span style=\"color: #ff6600\"><strong>Africa-Press &#8211; C\u00f4te d&rsquo;Ivoire. <\/strong><\/span>Les syste\u0300mes alimentaires repre\u0301sentent environ un tiers des e\u0301missions mondiales de gaz a\u0300 effet de serre (GES). L\u2019Afrique figure parmi les re\u0301gions du monde ou\u0300 ces syste\u0300mes ge\u0301ne\u0300rent le plus d\u2019e\u0301missions.<\/p>\n<p>En Afrique, les e\u0301missions de gaz a\u0300 effet de serre associe\u0301es aux syste\u0300mes agroalimentaires ont augmente\u0301 de 40 % pour atteindre 2,9 gigatonnes e\u0301quivalent CO2 (CO2eq) entre 2000 et 2022. C\u2019est ce qu\u2019indiquent les estimations de la FAO dans un rapport publie\u0301 en novembre 2024.<\/p>\n<p>Intitule\u0301 \u00ab Greenhouse gas emissions from agrifood systems \u00bb, le rapport souligne qu\u2019avec un tel niveau d\u2019e\u0301missions carbone, le continent est devenu la troisie\u0300me re\u0301gion du globe ou\u0300 les e\u0301missions de gaz a\u0300 effet de serre ge\u0301ne\u0301re\u0301es par les pratiques agroalimentaires sont les plus importantes derrie\u0300re l\u2019Asie (6,8 Gt CO2eq) et l\u2019Ame\u0301rique (4,3 Gt CO2eq).<\/p>\n<p><img loading=\"lazy\" decoding=\"async\" width=\"733\" height=\"507\" class=\"alignnone wp-image-94862 size-full\" src=\"https:\/\/static.africa-press.net\/cote\/sites\/43\/2025\/02\/sm_1739093050.610037.jpg\" srcset=\"https:\/\/static.africa-press.net\/cote\/sites\/43\/2025\/02\/sm_1739093050.610037.jpg 733w, https:\/\/static.africa-press.net\/cote\/sites\/43\/2025\/02\/sm_1739093050.610037-300x208.jpg 300w, https:\/\/static.africa-press.net\/cote\/sites\/43\/2025\/02\/sm_1739093050.610037-100x70.jpg 100w, https:\/\/static.africa-press.net\/cote\/sites\/43\/2025\/02\/sm_1739093050.610037-218x150.jpg 218w\" sizes=\"auto, (max-width: 733px) 100vw, 733px\" \/><\/p>\n<p>D\u2019apre\u0300s l\u2019Organisation onusienne, la principale cause des e\u0301missions de gaz a\u0300 effet de serre dans les syste\u0300mes agroalimentaires en Afrique demeure les changements d\u2019affectation des terres se traduisant par une de\u0301forestation massive et la conversion des terres en surface agricole. En 2022, ces diffe\u0301rentes pratiques ont repre\u0301sente\u0301 43 % des e\u0301missions carbone du secteur pour l\u2019ensemble des pays du continent, soit 1,24 Gt CO2eq.<\/p>\n<p>L\u2019expansion des activite\u0301s agricoles (culture, e\u0301levage) arrive en deuxie\u0300me position, concentrant 41 % des e\u0301missions de gaz a\u0300 effet de serre dans les syste\u0300mes agroalimentaires, suivies par les activite\u0301s lie\u0301es a\u0300 la transformation.<\/p>\n<p>La croissance des e\u0301missions en Afrique contraste cependant avec la dynamique globale. D\u2019apre\u0300s la FAO, la part des e\u0301missions de gaz a\u0300 effet de serre des syste\u0300mes agroalimentaires a continue\u0301 de diminuer a\u0300 travers le monde, passant de 38 % en 2000 a\u0300 29,7 % en 2022, soit la premie\u0300re fois qu\u2019elle descend en dessous de 30 %.<\/p>\n<p><img loading=\"lazy\" decoding=\"async\" width=\"745\" height=\"486\" class=\"alignnone wp-image-94863 size-full\" src=\"https:\/\/static.africa-press.net\/cote\/sites\/43\/2025\/02\/sm_1739093053.210474.jpg\" srcset=\"https:\/\/static.africa-press.net\/cote\/sites\/43\/2025\/02\/sm_1739093053.210474.jpg 745w, https:\/\/static.africa-press.net\/cote\/sites\/43\/2025\/02\/sm_1739093053.210474-300x196.jpg 300w\" sizes=\"auto, (max-width: 745px) 100vw, 745px\" \/><\/p>\n<p>Toutefois, cette dynamique baissie\u0300re masque de fortes disparite\u0301s re\u0301gionales. Entre 2000 et 2022, les e\u0301missions de gaz a\u0300 effet de serre ge\u0301ne\u0301re\u0301es par les syste\u0300mes agroalimentaires ont progresse\u0301 de 40 % en Afrique et de 45 % en Asie, tandis qu\u2019elles ont recule\u0301 de 9 % en Ame\u0301rique, 6 % en Europe et 25 % en Oce\u0301anie.<\/p>\n<p><strong>Pour plus d&rsquo;informations et d&rsquo;analyses sur la <span style=\"color: #ff6600\">C\u00f4te d&rsquo;Ivoire<\/span>, suivez <span style=\"color: #ff6600\">Africa-Press<span style=\"color: #ff6600\"><\/span><\/strong><\/p>\n","protected":false},"excerpt":{"rendered":"<p>St\u00e9phanas Assocle Africa-Press &#8211; C\u00f4te d&rsquo;Ivoire. Les syste\u0300mes alimentaires repre\u0301sentent environ un tiers des e\u0301missions mondiales de gaz a\u0300 effet de serre (GES). L\u2019Afrique figure parmi les re\u0301gions du monde ou\u0300 ces syste\u0300mes ge\u0301ne\u0300rent le plus d\u2019e\u0301missions. En Afrique, les e\u0301missions de gaz a\u0300 effet de serre associe\u0301es aux syste\u0300mes agroalimentaires ont augmente\u0301 de 40 [&hellip;]<\/p>\n","protected":false},"author":82,"featured_media":94864,"comment_status":"open","ping_status":"closed","sticky":false,"template":"","format":"standard","meta":{"footnotes":""},"categories":[3,10],"tags":[37],"class_list":["post-94865","post","type-post","status-publish","format-standard","has-post-thumbnail","hentry","category-economie","category-toutes-les-actualites","tag-cote-divoire-2"],"yoast_head":"<!-- This site is optimized with the Yoast SEO Premium plugin v26.1 (Yoast SEO v27.0) - https:\/\/yoast.com\/product\/yoast-seo-premium-wordpress\/ -->\n<title>Hausse de 40 % des \u00e9missions carbone des syst\u00e8mes agroalimentaires africains en 20 ans - C\u00f4te d&#039;Ivoire<\/title>\n<meta name=\"robots\" content=\"index, follow, max-snippet:-1, max-image-preview:large, max-video-preview:-1\" \/>\n<link rel=\"canonical\" href=\"https:\/\/www.africa-press.net\/cotedivoire\/politique\/hausse-de-40-des-emissions-carbone-des-systemes-agroalimentaires-africains-en-20-ans\" \/>\n<meta property=\"og:locale\" content=\"fr_FR\" \/>\n<meta property=\"og:type\" content=\"article\" \/>\n<meta property=\"og:title\" content=\"Hausse de 40 % des \u00e9missions carbone des syst\u00e8mes agroalimentaires africains en 20 ans\" \/>\n<meta property=\"og:description\" content=\"St\u00e9phanas Assocle Africa-Press &#8211; C\u00f4te d&rsquo;Ivoire. Les syste\u0300mes alimentaires repre\u0301sentent environ un tiers des e\u0301missions mondiales de gaz a\u0300 effet de serre (GES). L\u2019Afrique figure parmi les re\u0301gions du monde ou\u0300 ces syste\u0300mes ge\u0301ne\u0300rent le plus d\u2019e\u0301missions. En Afrique, les e\u0301missions de gaz a\u0300 effet de serre associe\u0301es aux syste\u0300mes agroalimentaires ont augmente\u0301 de 40 [&hellip;]\" \/>\n<meta property=\"og:url\" content=\"https:\/\/www.africa-press.net\/cotedivoire\/politique\/hausse-de-40-des-emissions-carbone-des-systemes-agroalimentaires-africains-en-20-ans\" \/>\n<meta property=\"og:site_name\" content=\"C\u00f4te d&#039;Ivoire\" \/>\n<meta property=\"article:published_time\" content=\"2025-02-09T12:44:50+00:00\" \/>\n<meta property=\"og:image\" content=\"https:\/\/static.africa-press.net\/cote\/sites\/43\/2025\/02\/sm_1739093050.610037.jpg\" \/>\n\t<meta property=\"og:image:width\" content=\"733\" \/>\n\t<meta property=\"og:image:height\" content=\"507\" \/>\n\t<meta property=\"og:image:type\" content=\"image\/jpeg\" \/>\n<meta name=\"author\" content=\"cfeditorfr\" \/>\n<meta name=\"twitter:card\" content=\"summary_large_image\" \/>\n<meta name=\"twitter:label1\" content=\"\u00c9crit par\" \/>\n\t<meta name=\"twitter:data1\" content=\"cfeditorfr\" \/>\n\t<meta name=\"twitter:label2\" content=\"Dur\u00e9e de lecture estim\u00e9e\" \/>\n\t<meta name=\"twitter:data2\" content=\"2 minutes\" \/>\n<script type=\"application\/ld+json\" class=\"yoast-schema-graph\">{\"@context\":\"https:\/\/schema.org\",\"@graph\":[{\"@type\":\"Article\",\"@id\":\"https:\/\/www.africa-press.net\/cotedivoire\/politique\/hausse-de-40-des-emissions-carbone-des-systemes-agroalimentaires-africains-en-20-ans#article\",\"isPartOf\":{\"@id\":\"https:\/\/www.africa-press.net\/cotedivoire\/politique\/hausse-de-40-des-emissions-carbone-des-systemes-agroalimentaires-africains-en-20-ans\"},\"author\":{\"name\":\"cfeditorfr\",\"@id\":\"https:\/\/www.africa-press.net\/cotedivoire\/#\/schema\/person\/2b1cf3cd81a31e3cd26889ca66d677f1\"},\"headline\":\"Hausse de 40 % des \u00e9missions carbone des syst\u00e8mes agroalimentaires africains en 20 ans\",\"datePublished\":\"2025-02-09T12:44:50+00:00\",\"mainEntityOfPage\":{\"@id\":\"https:\/\/www.africa-press.net\/cotedivoire\/politique\/hausse-de-40-des-emissions-carbone-des-systemes-agroalimentaires-africains-en-20-ans\"},\"wordCount\":413,\"commentCount\":0,\"image\":{\"@id\":\"https:\/\/www.africa-press.net\/cotedivoire\/politique\/hausse-de-40-des-emissions-carbone-des-systemes-agroalimentaires-africains-en-20-ans#primaryimage\"},\"thumbnailUrl\":\"https:\/\/static.africa-press.net\/cote\/sites\/43\/2025\/02\/sm_1739093056.14684.jpg\",\"keywords\":[\"C\u00f4te d'Ivoire\"],\"articleSection\":[\"\u00c9conomie\",\"Toutes les actualit\u00e9s\"],\"inLanguage\":\"fr-FR\",\"potentialAction\":[{\"@type\":\"CommentAction\",\"name\":\"Comment\",\"target\":[\"https:\/\/www.africa-press.net\/cotedivoire\/politique\/hausse-de-40-des-emissions-carbone-des-systemes-agroalimentaires-africains-en-20-ans#respond\"]}]},{\"@type\":\"WebPage\",\"@id\":\"https:\/\/www.africa-press.net\/cotedivoire\/politique\/hausse-de-40-des-emissions-carbone-des-systemes-agroalimentaires-africains-en-20-ans\",\"url\":\"https:\/\/www.africa-press.net\/cotedivoire\/politique\/hausse-de-40-des-emissions-carbone-des-systemes-agroalimentaires-africains-en-20-ans\",\"name\":\"Hausse de 40 % des \u00e9missions carbone des syst\u00e8mes agroalimentaires africains en 20 ans - C\u00f4te d&#039;Ivoire\",\"isPartOf\":{\"@id\":\"https:\/\/www.africa-press.net\/cotedivoire\/#website\"},\"primaryImageOfPage\":{\"@id\":\"https:\/\/www.africa-press.net\/cotedivoire\/politique\/hausse-de-40-des-emissions-carbone-des-systemes-agroalimentaires-africains-en-20-ans#primaryimage\"},\"image\":{\"@id\":\"https:\/\/www.africa-press.net\/cotedivoire\/politique\/hausse-de-40-des-emissions-carbone-des-systemes-agroalimentaires-africains-en-20-ans#primaryimage\"},\"thumbnailUrl\":\"https:\/\/static.africa-press.net\/cote\/sites\/43\/2025\/02\/sm_1739093056.14684.jpg\",\"datePublished\":\"2025-02-09T12:44:50+00:00\",\"author\":{\"@id\":\"https:\/\/www.africa-press.net\/cotedivoire\/#\/schema\/person\/2b1cf3cd81a31e3cd26889ca66d677f1\"},\"breadcrumb\":{\"@id\":\"https:\/\/www.africa-press.net\/cotedivoire\/politique\/hausse-de-40-des-emissions-carbone-des-systemes-agroalimentaires-africains-en-20-ans#breadcrumb\"},\"inLanguage\":\"fr-FR\",\"potentialAction\":[{\"@type\":\"ReadAction\",\"target\":[\"https:\/\/www.africa-press.net\/cotedivoire\/politique\/hausse-de-40-des-emissions-carbone-des-systemes-agroalimentaires-africains-en-20-ans\"]}]},{\"@type\":\"ImageObject\",\"inLanguage\":\"fr-FR\",\"@id\":\"https:\/\/www.africa-press.net\/cotedivoire\/politique\/hausse-de-40-des-emissions-carbone-des-systemes-agroalimentaires-africains-en-20-ans#primaryimage\",\"url\":\"https:\/\/static.africa-press.net\/cote\/sites\/43\/2025\/02\/sm_1739093056.14684.jpg\",\"contentUrl\":\"https:\/\/static.africa-press.net\/cote\/sites\/43\/2025\/02\/sm_1739093056.14684.jpg\",\"width\":450,\"height\":314,\"caption\":\"Hausse de 40 % des \u00e9missions carbone des syst\u00e8mes agroalimentaires africains en 20 ans\"},{\"@type\":\"BreadcrumbList\",\"@id\":\"https:\/\/www.africa-press.net\/cotedivoire\/politique\/hausse-de-40-des-emissions-carbone-des-systemes-agroalimentaires-africains-en-20-ans#breadcrumb\",\"itemListElement\":[{\"@type\":\"ListItem\",\"position\":1,\"name\":\"Accueil\",\"item\":\"https:\/\/www.africa-press.net\/cotedivoire\/\"},{\"@type\":\"ListItem\",\"position\":2,\"name\":\"Hausse de 40 % des \u00e9missions carbone des syst\u00e8mes agroalimentaires africains en 20 ans\"}]},{\"@type\":\"WebSite\",\"@id\":\"https:\/\/www.africa-press.net\/cotedivoire\/#website\",\"url\":\"https:\/\/www.africa-press.net\/cotedivoire\/\",\"name\":\"C\u00f4te d&#039;Ivoire\",\"description\":\"Just another Africa News Agency Sites site\",\"potentialAction\":[{\"@type\":\"SearchAction\",\"target\":{\"@type\":\"EntryPoint\",\"urlTemplate\":\"https:\/\/www.africa-press.net\/cotedivoire\/?s={search_term_string}\"},\"query-input\":{\"@type\":\"PropertyValueSpecification\",\"valueRequired\":true,\"valueName\":\"search_term_string\"}}],\"inLanguage\":\"fr-FR\"},{\"@type\":\"Person\",\"@id\":\"https:\/\/www.africa-press.net\/cotedivoire\/#\/schema\/person\/2b1cf3cd81a31e3cd26889ca66d677f1\",\"name\":\"cfeditorfr\"}]}<\/script>\n<!-- \/ Yoast SEO Premium plugin. -->","yoast_head_json":{"title":"Hausse de 40 % des \u00e9missions carbone des syst\u00e8mes agroalimentaires africains en 20 ans - C\u00f4te d&#039;Ivoire","robots":{"index":"index","follow":"follow","max-snippet":"max-snippet:-1","max-image-preview":"max-image-preview:large","max-video-preview":"max-video-preview:-1"},"canonical":"https:\/\/www.africa-press.net\/cotedivoire\/politique\/hausse-de-40-des-emissions-carbone-des-systemes-agroalimentaires-africains-en-20-ans","og_locale":"fr_FR","og_type":"article","og_title":"Hausse de 40 % des \u00e9missions carbone des syst\u00e8mes agroalimentaires africains en 20 ans","og_description":"St\u00e9phanas Assocle Africa-Press &#8211; C\u00f4te d&rsquo;Ivoire. Les syste\u0300mes alimentaires repre\u0301sentent environ un tiers des e\u0301missions mondiales de gaz a\u0300 effet de serre (GES). L\u2019Afrique figure parmi les re\u0301gions du monde ou\u0300 ces syste\u0300mes ge\u0301ne\u0300rent le plus d\u2019e\u0301missions. En Afrique, les e\u0301missions de gaz a\u0300 effet de serre associe\u0301es aux syste\u0300mes agroalimentaires ont augmente\u0301 de 40 [&hellip;]","og_url":"https:\/\/www.africa-press.net\/cotedivoire\/politique\/hausse-de-40-des-emissions-carbone-des-systemes-agroalimentaires-africains-en-20-ans","og_site_name":"C\u00f4te d&#039;Ivoire","article_published_time":"2025-02-09T12:44:50+00:00","og_image":[{"width":733,"height":507,"url":"https:\/\/static.africa-press.net\/cote\/sites\/43\/2025\/02\/sm_1739093050.610037.jpg","type":"image\/jpeg"}],"author":"cfeditorfr","twitter_card":"summary_large_image","twitter_misc":{"\u00c9crit par":"cfeditorfr","Dur\u00e9e de lecture estim\u00e9e":"2 minutes"},"schema":{"@context":"https:\/\/schema.org","@graph":[{"@type":"Article","@id":"https:\/\/www.africa-press.net\/cotedivoire\/politique\/hausse-de-40-des-emissions-carbone-des-systemes-agroalimentaires-africains-en-20-ans#article","isPartOf":{"@id":"https:\/\/www.africa-press.net\/cotedivoire\/politique\/hausse-de-40-des-emissions-carbone-des-systemes-agroalimentaires-africains-en-20-ans"},"author":{"name":"cfeditorfr","@id":"https:\/\/www.africa-press.net\/cotedivoire\/#\/schema\/person\/2b1cf3cd81a31e3cd26889ca66d677f1"},"headline":"Hausse de 40 % des \u00e9missions carbone des syst\u00e8mes agroalimentaires africains en 20 ans","datePublished":"2025-02-09T12:44:50+00:00","mainEntityOfPage":{"@id":"https:\/\/www.africa-press.net\/cotedivoire\/politique\/hausse-de-40-des-emissions-carbone-des-systemes-agroalimentaires-africains-en-20-ans"},"wordCount":413,"commentCount":0,"image":{"@id":"https:\/\/www.africa-press.net\/cotedivoire\/politique\/hausse-de-40-des-emissions-carbone-des-systemes-agroalimentaires-africains-en-20-ans#primaryimage"},"thumbnailUrl":"https:\/\/static.africa-press.net\/cote\/sites\/43\/2025\/02\/sm_1739093056.14684.jpg","keywords":["C\u00f4te d'Ivoire"],"articleSection":["\u00c9conomie","Toutes les actualit\u00e9s"],"inLanguage":"fr-FR","potentialAction":[{"@type":"CommentAction","name":"Comment","target":["https:\/\/www.africa-press.net\/cotedivoire\/politique\/hausse-de-40-des-emissions-carbone-des-systemes-agroalimentaires-africains-en-20-ans#respond"]}]},{"@type":"WebPage","@id":"https:\/\/www.africa-press.net\/cotedivoire\/politique\/hausse-de-40-des-emissions-carbone-des-systemes-agroalimentaires-africains-en-20-ans","url":"https:\/\/www.africa-press.net\/cotedivoire\/politique\/hausse-de-40-des-emissions-carbone-des-systemes-agroalimentaires-africains-en-20-ans","name":"Hausse de 40 % des \u00e9missions carbone des syst\u00e8mes agroalimentaires africains en 20 ans - C\u00f4te d&#039;Ivoire","isPartOf":{"@id":"https:\/\/www.africa-press.net\/cotedivoire\/#website"},"primaryImageOfPage":{"@id":"https:\/\/www.africa-press.net\/cotedivoire\/politique\/hausse-de-40-des-emissions-carbone-des-systemes-agroalimentaires-africains-en-20-ans#primaryimage"},"image":{"@id":"https:\/\/www.africa-press.net\/cotedivoire\/politique\/hausse-de-40-des-emissions-carbone-des-systemes-agroalimentaires-africains-en-20-ans#primaryimage"},"thumbnailUrl":"https:\/\/static.africa-press.net\/cote\/sites\/43\/2025\/02\/sm_1739093056.14684.jpg","datePublished":"2025-02-09T12:44:50+00:00","author":{"@id":"https:\/\/www.africa-press.net\/cotedivoire\/#\/schema\/person\/2b1cf3cd81a31e3cd26889ca66d677f1"},"breadcrumb":{"@id":"https:\/\/www.africa-press.net\/cotedivoire\/politique\/hausse-de-40-des-emissions-carbone-des-systemes-agroalimentaires-africains-en-20-ans#breadcrumb"},"inLanguage":"fr-FR","potentialAction":[{"@type":"ReadAction","target":["https:\/\/www.africa-press.net\/cotedivoire\/politique\/hausse-de-40-des-emissions-carbone-des-systemes-agroalimentaires-africains-en-20-ans"]}]},{"@type":"ImageObject","inLanguage":"fr-FR","@id":"https:\/\/www.africa-press.net\/cotedivoire\/politique\/hausse-de-40-des-emissions-carbone-des-systemes-agroalimentaires-africains-en-20-ans#primaryimage","url":"https:\/\/static.africa-press.net\/cote\/sites\/43\/2025\/02\/sm_1739093056.14684.jpg","contentUrl":"https:\/\/static.africa-press.net\/cote\/sites\/43\/2025\/02\/sm_1739093056.14684.jpg","width":450,"height":314,"caption":"Hausse de 40 % des \u00e9missions carbone des syst\u00e8mes agroalimentaires africains en 20 ans"},{"@type":"BreadcrumbList","@id":"https:\/\/www.africa-press.net\/cotedivoire\/politique\/hausse-de-40-des-emissions-carbone-des-systemes-agroalimentaires-africains-en-20-ans#breadcrumb","itemListElement":[{"@type":"ListItem","position":1,"name":"Accueil","item":"https:\/\/www.africa-press.net\/cotedivoire\/"},{"@type":"ListItem","position":2,"name":"Hausse de 40 % des \u00e9missions carbone des syst\u00e8mes agroalimentaires africains en 20 ans"}]},{"@type":"WebSite","@id":"https:\/\/www.africa-press.net\/cotedivoire\/#website","url":"https:\/\/www.africa-press.net\/cotedivoire\/","name":"C\u00f4te d&#039;Ivoire","description":"Just another Africa News Agency Sites site","potentialAction":[{"@type":"SearchAction","target":{"@type":"EntryPoint","urlTemplate":"https:\/\/www.africa-press.net\/cotedivoire\/?s={search_term_string}"},"query-input":{"@type":"PropertyValueSpecification","valueRequired":true,"valueName":"search_term_string"}}],"inLanguage":"fr-FR"},{"@type":"Person","@id":"https:\/\/www.africa-press.net\/cotedivoire\/#\/schema\/person\/2b1cf3cd81a31e3cd26889ca66d677f1","name":"cfeditorfr"}]}},"_links":{"self":[{"href":"https:\/\/www.africa-press.net\/cotedivoire\/wp-json\/wp\/v2\/posts\/94865","targetHints":{"allow":["GET"]}}],"collection":[{"href":"https:\/\/www.africa-press.net\/cotedivoire\/wp-json\/wp\/v2\/posts"}],"about":[{"href":"https:\/\/www.africa-press.net\/cotedivoire\/wp-json\/wp\/v2\/types\/post"}],"author":[{"embeddable":true,"href":"https:\/\/www.africa-press.net\/cotedivoire\/wp-json\/wp\/v2\/users\/82"}],"replies":[{"embeddable":true,"href":"https:\/\/www.africa-press.net\/cotedivoire\/wp-json\/wp\/v2\/comments?post=94865"}],"version-history":[{"count":0,"href":"https:\/\/www.africa-press.net\/cotedivoire\/wp-json\/wp\/v2\/posts\/94865\/revisions"}],"wp:featuredmedia":[{"embeddable":true,"href":"https:\/\/www.africa-press.net\/cotedivoire\/wp-json\/wp\/v2\/media\/94864"}],"wp:attachment":[{"href":"https:\/\/www.africa-press.net\/cotedivoire\/wp-json\/wp\/v2\/media?parent=94865"}],"wp:term":[{"taxonomy":"category","embeddable":true,"href":"https:\/\/www.africa-press.net\/cotedivoire\/wp-json\/wp\/v2\/categories?post=94865"},{"taxonomy":"post_tag","embeddable":true,"href":"https:\/\/www.africa-press.net\/cotedivoire\/wp-json\/wp\/v2\/tags?post=94865"}],"curies":[{"name":"wp","href":"https:\/\/api.w.org\/{rel}","templated":true}]}}