{"id":94871,"date":"2025-02-09T12:33:03","date_gmt":"2025-02-09T12:33:03","guid":{"rendered":"https:\/\/www.africa-press.net\/cotedivoire\/politique\/intelligence-artificielle-qui-sont-les-vip-africains-du-prochain-sommet-de-paris"},"modified":"2025-02-09T12:33:03","modified_gmt":"2025-02-09T12:33:03","slug":"intelligence-artificielle-qui-sont-les-vip-africains-du-prochain-sommet-de-paris","status":"publish","type":"post","link":"https:\/\/www.africa-press.net\/cotedivoire\/economie\/intelligence-artificielle-qui-sont-les-vip-africains-du-prochain-sommet-de-paris","title":{"rendered":"Intelligence artificielle : qui sont les VIP africains du prochain sommet de Paris ?"},"content":{"rendered":"<p><b>Quentin Velluet<\/b><\/p>\n<p><span style=\"color: #ff6600\"><strong>Africa-Press &#8211; C\u00f4te d&rsquo;Ivoire. <\/strong><\/span>Le Sommet pour l\u2019action sur l\u2019intelligence artificielle organise\u0301 par la France les 10 et 11 fe\u0301vrier espe\u0300re mettre autour de la table la fine fleur de la tech mondiale et les repre\u0301sentants d\u2019E\u0301tats et d\u2019organisation internationales.<\/p>\n<p>\u00ab Adapter et pre\u0301parer de manie\u0300re collaborative la socie\u0301te\u0301 aux e\u0301volutions entrai\u0302ne\u0301es par l\u2019intelligence artificielle \u00bb. C\u2019est la promesse que souhaite tenir le pre\u0301sident franc\u0327ais Emmanuel Macron lors du Sommet pour l\u2019action sur l\u2019intelligence artificielle qui se de\u0301roulera les 10 et 11 fe\u0301vrier prochains a\u0300 Paris. L\u2019e\u0301ve\u0301nement doit re\u0301unir l\u2019ensemble des parties prenantes du secteur, des chefs d\u2019E\u0301tat aux chercheurs en passant par les dirigeants des grandes entreprises de la tech, d\u2019ONG et d\u2019institutions multilate\u0301rales.<\/p>\n<p>L\u2019Afrique aura bel et bien sa place dans cette re\u0301union internationale sur l\u2019intelligence artificielle (IA), et ce, sous plusieurs formes. Co\u0302te\u0301 de\u0301le\u0301gations, plusieurs ministres de l\u2019E\u0301conomie nume\u0301rique sont attendus, notamment la Togolaise Cina Lawson, la Be\u0301ninoise Aure\u0301lie Adam Soule\u0301 Zoumarou, la Marocaine Amal El Fallah Seghrouchni, le Nige\u0301rian Bosun Tijani, le Ke\u0301nyan William Kabogo Gitau, la Rwandaise Paula Ingabire mais e\u0301galement Salima Monorma Bah du Sierra Leone, Nthathi Moorosi du Lesotho, ainsi qu\u2019une de\u0301le\u0301gation de Guine\u0301e Bissau.<\/p>\n<p>La ministre togolaise est notamment attendue dans les locaux de l\u2019AFD le 11 fe\u0301vrier, dans le cadre d\u2019un e\u0301ve\u0301nement sur l\u2019IA au service du de\u0301veloppement, organise\u0301 en marge du sommet.<\/p>\n<p><b>Des discussions sur l\u2019IA pour l\u2019Afrique<\/b><\/p>\n<p>Une partie de ces dirigeants interviendra dans le cadre de l\u2019Africa AI Village, un e\u0301ve\u0301nement paralle\u0300le organise\u0301 sur les deux jours du sommet et consacre\u0301 aux re\u0301flexions a\u0300 mener sur les besoins du continent sur le sujet.<\/p>\n<p>Lacina Kone\u0301, directeur ge\u0301ne\u0301ral de l\u2019Alliance Smart Africa, y sera e\u0301galement pour promouvoir le lancement du Conseil africain pour l\u2019intelligence artificielle et rassembler les acteurs concerne\u0301s autour d\u2019une re\u0301flexion sur la structuration de cette initiative. D\u2019ici a\u0300 juillet 2025, cet organe doit e\u0302tre en mesure d\u2019avoir e\u0301labore\u0301 \u00ab un plan strate\u0301gique d\u2019un an \u00bb qui sera pre\u0301sente\u0301 lors du Sommet Transform Africa, pre\u0301vu du 22 au 24 juillet 2025 a\u0300 Kigali. Le soir du 10 fe\u0301vrier, le dirigeant ivoirien rencontrera e\u0301galement une partie de la filie\u0300re e\u0301lectronique franc\u0327aise, lors d\u2019une soire\u0301e organise\u0301e dans les locaux de la Fe\u0301de\u0301ration des industries e\u0301lectriques, e\u0301lectroniques et de communication (Fieec).<\/p>\n<p>Co\u0302te\u0301 secteur prive\u0301, le Zimbabwe\u0301en James Manyika, vice-pre\u0301sident senior de la recherche, de la technologie et de la socie\u0301te\u0301 chez Google fera e\u0301galement le de\u0301placement avec le cofondateur de Google DeepMind et prix Nobel de chimie, Demis Hassabis. Seront e\u0301galement pre\u0301sents a\u0300 Paris, Angela Lungati, directrice ge\u0301ne\u0301rale du logiciel de cartographie open source Ushahidi et Israel Palembe, dirigeant de la plateforme rwandaise de services publics en ligne, Irembo.<\/p>\n<p>Des jeunes pousses de l\u2019intelligence artificielle seront e\u0301galement repre\u0301sente\u0301es \u2013 pour la plupart au sein de l\u2019Africa AI Village. Parmi les entrepreneurs attendus: le Nige\u0301rian Alex Tsado, fondateur d\u2019Ahura AI, la Franc\u0327aise d\u2019origine centrafricaine Kate Kallot, fondatrice d\u2019Amini et le Se\u0301ne\u0301galais Ismai\u0308la Seck, cofondateur de Lengo AI.<\/p>\n<p>Co\u0302te\u0301 multilate\u0301ral, l\u2019e\u0301conomiste sud-africain et secre\u0301taire ge\u0301ne\u0301ral du secre\u0301tariat de la zone de libre-e\u0301change continentale africaine (Zlecaf), Wamkele Mene, est e\u0301galement attendu a\u0300 Paris, tout comme le Togolais Gilbert F. Houngbo, directeur ge\u0301ne\u0301ral de l\u2019Organisation internationale du Travail (OIT) et la Nige\u0301riane Ngozi Okonjo-Iweala, directrice ge\u0301ne\u0301rale de l\u2019Organisation mondiale du Commerce (OMC).<\/p>\n<p><b>Source: JeuneAfrique<\/b><\/p>\n<p><strong>Pour plus d&rsquo;informations et d&rsquo;analyses sur la <span style=\"color: #ff6600\">C\u00f4te d&rsquo;Ivoire<\/span>, suivez <span style=\"color: #ff6600\">Africa-Press<span style=\"color: #ff6600\"><\/span><\/strong><\/p>\n","protected":false},"excerpt":{"rendered":"<p>Quentin Velluet Africa-Press &#8211; C\u00f4te d&rsquo;Ivoire. Le Sommet pour l\u2019action sur l\u2019intelligence artificielle organise\u0301 par la France les 10 et 11 fe\u0301vrier espe\u0300re mettre autour de la table la fine fleur de la tech mondiale et les repre\u0301sentants d\u2019E\u0301tats et d\u2019organisation internationales. \u00ab Adapter et pre\u0301parer de manie\u0300re collaborative la socie\u0301te\u0301 aux e\u0301volutions entrai\u0302ne\u0301es par [&hellip;]<\/p>\n","protected":false},"author":82,"featured_media":94870,"comment_status":"open","ping_status":"closed","sticky":false,"template":"","format":"standard","meta":{"footnotes":""},"categories":[3,10],"tags":[37],"class_list":["post-94871","post","type-post","status-publish","format-standard","has-post-thumbnail","hentry","category-economie","category-toutes-les-actualites","tag-cote-divoire-2"],"yoast_head":"<!-- This site is optimized with the Yoast SEO Premium plugin v26.1 (Yoast SEO v27.0) - https:\/\/yoast.com\/product\/yoast-seo-premium-wordpress\/ -->\n<title>Intelligence artificielle : qui sont les VIP africains du prochain sommet de Paris ? - C\u00f4te d&#039;Ivoire<\/title>\n<meta name=\"robots\" content=\"index, follow, max-snippet:-1, max-image-preview:large, max-video-preview:-1\" \/>\n<link rel=\"canonical\" href=\"https:\/\/www.africa-press.net\/cotedivoire\/politique\/intelligence-artificielle-qui-sont-les-vip-africains-du-prochain-sommet-de-paris\" \/>\n<meta property=\"og:locale\" content=\"fr_FR\" \/>\n<meta property=\"og:type\" content=\"article\" \/>\n<meta property=\"og:title\" content=\"Intelligence artificielle : qui sont les VIP africains du prochain sommet de Paris ?\" \/>\n<meta property=\"og:description\" content=\"Quentin Velluet Africa-Press &#8211; C\u00f4te d&rsquo;Ivoire. Le Sommet pour l\u2019action sur l\u2019intelligence artificielle organise\u0301 par la France les 10 et 11 fe\u0301vrier espe\u0300re mettre autour de la table la fine fleur de la tech mondiale et les repre\u0301sentants d\u2019E\u0301tats et d\u2019organisation internationales. \u00ab Adapter et pre\u0301parer de manie\u0300re collaborative la socie\u0301te\u0301 aux e\u0301volutions entrai\u0302ne\u0301es par [&hellip;]\" \/>\n<meta property=\"og:url\" content=\"https:\/\/www.africa-press.net\/cotedivoire\/politique\/intelligence-artificielle-qui-sont-les-vip-africains-du-prochain-sommet-de-paris\" \/>\n<meta property=\"og:site_name\" content=\"C\u00f4te d&#039;Ivoire\" \/>\n<meta property=\"article:published_time\" content=\"2025-02-09T12:33:03+00:00\" \/>\n<meta name=\"author\" content=\"cfeditorfr\" \/>\n<meta name=\"twitter:card\" content=\"summary_large_image\" \/>\n<meta name=\"twitter:label1\" content=\"\u00c9crit par\" \/>\n\t<meta name=\"twitter:data1\" content=\"cfeditorfr\" \/>\n\t<meta name=\"twitter:label2\" content=\"Dur\u00e9e de lecture estim\u00e9e\" \/>\n\t<meta name=\"twitter:data2\" content=\"3 minutes\" \/>\n<script type=\"application\/ld+json\" class=\"yoast-schema-graph\">{\"@context\":\"https:\/\/schema.org\",\"@graph\":[{\"@type\":\"Article\",\"@id\":\"https:\/\/www.africa-press.net\/cotedivoire\/politique\/intelligence-artificielle-qui-sont-les-vip-africains-du-prochain-sommet-de-paris#article\",\"isPartOf\":{\"@id\":\"https:\/\/www.africa-press.net\/cotedivoire\/politique\/intelligence-artificielle-qui-sont-les-vip-africains-du-prochain-sommet-de-paris\"},\"author\":{\"name\":\"cfeditorfr\",\"@id\":\"https:\/\/www.africa-press.net\/cotedivoire\/#\/schema\/person\/2b1cf3cd81a31e3cd26889ca66d677f1\"},\"headline\":\"Intelligence artificielle : qui sont les VIP africains du prochain sommet de Paris ?\",\"datePublished\":\"2025-02-09T12:33:03+00:00\",\"mainEntityOfPage\":{\"@id\":\"https:\/\/www.africa-press.net\/cotedivoire\/politique\/intelligence-artificielle-qui-sont-les-vip-africains-du-prochain-sommet-de-paris\"},\"wordCount\":688,\"commentCount\":0,\"image\":{\"@id\":\"https:\/\/www.africa-press.net\/cotedivoire\/politique\/intelligence-artificielle-qui-sont-les-vip-africains-du-prochain-sommet-de-paris#primaryimage\"},\"thumbnailUrl\":\"https:\/\/static.africa-press.net\/cote\/sites\/43\/2025\/02\/sm_1739093189.677964.jpg\",\"keywords\":[\"C\u00f4te d'Ivoire\"],\"articleSection\":[\"\u00c9conomie\",\"Toutes les actualit\u00e9s\"],\"inLanguage\":\"fr-FR\",\"potentialAction\":[{\"@type\":\"CommentAction\",\"name\":\"Comment\",\"target\":[\"https:\/\/www.africa-press.net\/cotedivoire\/politique\/intelligence-artificielle-qui-sont-les-vip-africains-du-prochain-sommet-de-paris#respond\"]}]},{\"@type\":\"WebPage\",\"@id\":\"https:\/\/www.africa-press.net\/cotedivoire\/politique\/intelligence-artificielle-qui-sont-les-vip-africains-du-prochain-sommet-de-paris\",\"url\":\"https:\/\/www.africa-press.net\/cotedivoire\/politique\/intelligence-artificielle-qui-sont-les-vip-africains-du-prochain-sommet-de-paris\",\"name\":\"Intelligence artificielle : qui sont les VIP africains du prochain sommet de Paris ? - C\u00f4te d&#039;Ivoire\",\"isPartOf\":{\"@id\":\"https:\/\/www.africa-press.net\/cotedivoire\/#website\"},\"primaryImageOfPage\":{\"@id\":\"https:\/\/www.africa-press.net\/cotedivoire\/politique\/intelligence-artificielle-qui-sont-les-vip-africains-du-prochain-sommet-de-paris#primaryimage\"},\"image\":{\"@id\":\"https:\/\/www.africa-press.net\/cotedivoire\/politique\/intelligence-artificielle-qui-sont-les-vip-africains-du-prochain-sommet-de-paris#primaryimage\"},\"thumbnailUrl\":\"https:\/\/static.africa-press.net\/cote\/sites\/43\/2025\/02\/sm_1739093189.677964.jpg\",\"datePublished\":\"2025-02-09T12:33:03+00:00\",\"author\":{\"@id\":\"https:\/\/www.africa-press.net\/cotedivoire\/#\/schema\/person\/2b1cf3cd81a31e3cd26889ca66d677f1\"},\"breadcrumb\":{\"@id\":\"https:\/\/www.africa-press.net\/cotedivoire\/politique\/intelligence-artificielle-qui-sont-les-vip-africains-du-prochain-sommet-de-paris#breadcrumb\"},\"inLanguage\":\"fr-FR\",\"potentialAction\":[{\"@type\":\"ReadAction\",\"target\":[\"https:\/\/www.africa-press.net\/cotedivoire\/politique\/intelligence-artificielle-qui-sont-les-vip-africains-du-prochain-sommet-de-paris\"]}]},{\"@type\":\"ImageObject\",\"inLanguage\":\"fr-FR\",\"@id\":\"https:\/\/www.africa-press.net\/cotedivoire\/politique\/intelligence-artificielle-qui-sont-les-vip-africains-du-prochain-sommet-de-paris#primaryimage\",\"url\":\"https:\/\/static.africa-press.net\/cote\/sites\/43\/2025\/02\/sm_1739093189.677964.jpg\",\"contentUrl\":\"https:\/\/static.africa-press.net\/cote\/sites\/43\/2025\/02\/sm_1739093189.677964.jpg\",\"width\":1280,\"height\":720,\"caption\":\"Intelligence artificielle : qui sont les VIP africains du prochain sommet de Paris ?\"},{\"@type\":\"BreadcrumbList\",\"@id\":\"https:\/\/www.africa-press.net\/cotedivoire\/politique\/intelligence-artificielle-qui-sont-les-vip-africains-du-prochain-sommet-de-paris#breadcrumb\",\"itemListElement\":[{\"@type\":\"ListItem\",\"position\":1,\"name\":\"Accueil\",\"item\":\"https:\/\/www.africa-press.net\/cotedivoire\/\"},{\"@type\":\"ListItem\",\"position\":2,\"name\":\"Intelligence artificielle : qui sont les VIP africains du prochain sommet de Paris ?\"}]},{\"@type\":\"WebSite\",\"@id\":\"https:\/\/www.africa-press.net\/cotedivoire\/#website\",\"url\":\"https:\/\/www.africa-press.net\/cotedivoire\/\",\"name\":\"C\u00f4te d&#039;Ivoire\",\"description\":\"Just another Africa News Agency Sites site\",\"potentialAction\":[{\"@type\":\"SearchAction\",\"target\":{\"@type\":\"EntryPoint\",\"urlTemplate\":\"https:\/\/www.africa-press.net\/cotedivoire\/?s={search_term_string}\"},\"query-input\":{\"@type\":\"PropertyValueSpecification\",\"valueRequired\":true,\"valueName\":\"search_term_string\"}}],\"inLanguage\":\"fr-FR\"},{\"@type\":\"Person\",\"@id\":\"https:\/\/www.africa-press.net\/cotedivoire\/#\/schema\/person\/2b1cf3cd81a31e3cd26889ca66d677f1\",\"name\":\"cfeditorfr\"}]}<\/script>\n<!-- \/ Yoast SEO Premium plugin. -->","yoast_head_json":{"title":"Intelligence artificielle : qui sont les VIP africains du prochain sommet de Paris ? - C\u00f4te d&#039;Ivoire","robots":{"index":"index","follow":"follow","max-snippet":"max-snippet:-1","max-image-preview":"max-image-preview:large","max-video-preview":"max-video-preview:-1"},"canonical":"https:\/\/www.africa-press.net\/cotedivoire\/politique\/intelligence-artificielle-qui-sont-les-vip-africains-du-prochain-sommet-de-paris","og_locale":"fr_FR","og_type":"article","og_title":"Intelligence artificielle : qui sont les VIP africains du prochain sommet de Paris ?","og_description":"Quentin Velluet Africa-Press &#8211; C\u00f4te d&rsquo;Ivoire. Le Sommet pour l\u2019action sur l\u2019intelligence artificielle organise\u0301 par la France les 10 et 11 fe\u0301vrier espe\u0300re mettre autour de la table la fine fleur de la tech mondiale et les repre\u0301sentants d\u2019E\u0301tats et d\u2019organisation internationales. \u00ab Adapter et pre\u0301parer de manie\u0300re collaborative la socie\u0301te\u0301 aux e\u0301volutions entrai\u0302ne\u0301es par [&hellip;]","og_url":"https:\/\/www.africa-press.net\/cotedivoire\/politique\/intelligence-artificielle-qui-sont-les-vip-africains-du-prochain-sommet-de-paris","og_site_name":"C\u00f4te d&#039;Ivoire","article_published_time":"2025-02-09T12:33:03+00:00","author":"cfeditorfr","twitter_card":"summary_large_image","twitter_misc":{"\u00c9crit par":"cfeditorfr","Dur\u00e9e de lecture estim\u00e9e":"3 minutes"},"schema":{"@context":"https:\/\/schema.org","@graph":[{"@type":"Article","@id":"https:\/\/www.africa-press.net\/cotedivoire\/politique\/intelligence-artificielle-qui-sont-les-vip-africains-du-prochain-sommet-de-paris#article","isPartOf":{"@id":"https:\/\/www.africa-press.net\/cotedivoire\/politique\/intelligence-artificielle-qui-sont-les-vip-africains-du-prochain-sommet-de-paris"},"author":{"name":"cfeditorfr","@id":"https:\/\/www.africa-press.net\/cotedivoire\/#\/schema\/person\/2b1cf3cd81a31e3cd26889ca66d677f1"},"headline":"Intelligence artificielle : qui sont les VIP africains du prochain sommet de Paris ?","datePublished":"2025-02-09T12:33:03+00:00","mainEntityOfPage":{"@id":"https:\/\/www.africa-press.net\/cotedivoire\/politique\/intelligence-artificielle-qui-sont-les-vip-africains-du-prochain-sommet-de-paris"},"wordCount":688,"commentCount":0,"image":{"@id":"https:\/\/www.africa-press.net\/cotedivoire\/politique\/intelligence-artificielle-qui-sont-les-vip-africains-du-prochain-sommet-de-paris#primaryimage"},"thumbnailUrl":"https:\/\/static.africa-press.net\/cote\/sites\/43\/2025\/02\/sm_1739093189.677964.jpg","keywords":["C\u00f4te d'Ivoire"],"articleSection":["\u00c9conomie","Toutes les actualit\u00e9s"],"inLanguage":"fr-FR","potentialAction":[{"@type":"CommentAction","name":"Comment","target":["https:\/\/www.africa-press.net\/cotedivoire\/politique\/intelligence-artificielle-qui-sont-les-vip-africains-du-prochain-sommet-de-paris#respond"]}]},{"@type":"WebPage","@id":"https:\/\/www.africa-press.net\/cotedivoire\/politique\/intelligence-artificielle-qui-sont-les-vip-africains-du-prochain-sommet-de-paris","url":"https:\/\/www.africa-press.net\/cotedivoire\/politique\/intelligence-artificielle-qui-sont-les-vip-africains-du-prochain-sommet-de-paris","name":"Intelligence artificielle : qui sont les VIP africains du prochain sommet de Paris ? - C\u00f4te d&#039;Ivoire","isPartOf":{"@id":"https:\/\/www.africa-press.net\/cotedivoire\/#website"},"primaryImageOfPage":{"@id":"https:\/\/www.africa-press.net\/cotedivoire\/politique\/intelligence-artificielle-qui-sont-les-vip-africains-du-prochain-sommet-de-paris#primaryimage"},"image":{"@id":"https:\/\/www.africa-press.net\/cotedivoire\/politique\/intelligence-artificielle-qui-sont-les-vip-africains-du-prochain-sommet-de-paris#primaryimage"},"thumbnailUrl":"https:\/\/static.africa-press.net\/cote\/sites\/43\/2025\/02\/sm_1739093189.677964.jpg","datePublished":"2025-02-09T12:33:03+00:00","author":{"@id":"https:\/\/www.africa-press.net\/cotedivoire\/#\/schema\/person\/2b1cf3cd81a31e3cd26889ca66d677f1"},"breadcrumb":{"@id":"https:\/\/www.africa-press.net\/cotedivoire\/politique\/intelligence-artificielle-qui-sont-les-vip-africains-du-prochain-sommet-de-paris#breadcrumb"},"inLanguage":"fr-FR","potentialAction":[{"@type":"ReadAction","target":["https:\/\/www.africa-press.net\/cotedivoire\/politique\/intelligence-artificielle-qui-sont-les-vip-africains-du-prochain-sommet-de-paris"]}]},{"@type":"ImageObject","inLanguage":"fr-FR","@id":"https:\/\/www.africa-press.net\/cotedivoire\/politique\/intelligence-artificielle-qui-sont-les-vip-africains-du-prochain-sommet-de-paris#primaryimage","url":"https:\/\/static.africa-press.net\/cote\/sites\/43\/2025\/02\/sm_1739093189.677964.jpg","contentUrl":"https:\/\/static.africa-press.net\/cote\/sites\/43\/2025\/02\/sm_1739093189.677964.jpg","width":1280,"height":720,"caption":"Intelligence artificielle : qui sont les VIP africains du prochain sommet de Paris ?"},{"@type":"BreadcrumbList","@id":"https:\/\/www.africa-press.net\/cotedivoire\/politique\/intelligence-artificielle-qui-sont-les-vip-africains-du-prochain-sommet-de-paris#breadcrumb","itemListElement":[{"@type":"ListItem","position":1,"name":"Accueil","item":"https:\/\/www.africa-press.net\/cotedivoire\/"},{"@type":"ListItem","position":2,"name":"Intelligence artificielle : qui sont les VIP africains du prochain sommet de Paris ?"}]},{"@type":"WebSite","@id":"https:\/\/www.africa-press.net\/cotedivoire\/#website","url":"https:\/\/www.africa-press.net\/cotedivoire\/","name":"C\u00f4te d&#039;Ivoire","description":"Just another Africa News Agency Sites site","potentialAction":[{"@type":"SearchAction","target":{"@type":"EntryPoint","urlTemplate":"https:\/\/www.africa-press.net\/cotedivoire\/?s={search_term_string}"},"query-input":{"@type":"PropertyValueSpecification","valueRequired":true,"valueName":"search_term_string"}}],"inLanguage":"fr-FR"},{"@type":"Person","@id":"https:\/\/www.africa-press.net\/cotedivoire\/#\/schema\/person\/2b1cf3cd81a31e3cd26889ca66d677f1","name":"cfeditorfr"}]}},"_links":{"self":[{"href":"https:\/\/www.africa-press.net\/cotedivoire\/wp-json\/wp\/v2\/posts\/94871","targetHints":{"allow":["GET"]}}],"collection":[{"href":"https:\/\/www.africa-press.net\/cotedivoire\/wp-json\/wp\/v2\/posts"}],"about":[{"href":"https:\/\/www.africa-press.net\/cotedivoire\/wp-json\/wp\/v2\/types\/post"}],"author":[{"embeddable":true,"href":"https:\/\/www.africa-press.net\/cotedivoire\/wp-json\/wp\/v2\/users\/82"}],"replies":[{"embeddable":true,"href":"https:\/\/www.africa-press.net\/cotedivoire\/wp-json\/wp\/v2\/comments?post=94871"}],"version-history":[{"count":0,"href":"https:\/\/www.africa-press.net\/cotedivoire\/wp-json\/wp\/v2\/posts\/94871\/revisions"}],"wp:featuredmedia":[{"embeddable":true,"href":"https:\/\/www.africa-press.net\/cotedivoire\/wp-json\/wp\/v2\/media\/94870"}],"wp:attachment":[{"href":"https:\/\/www.africa-press.net\/cotedivoire\/wp-json\/wp\/v2\/media?parent=94871"}],"wp:term":[{"taxonomy":"category","embeddable":true,"href":"https:\/\/www.africa-press.net\/cotedivoire\/wp-json\/wp\/v2\/categories?post=94871"},{"taxonomy":"post_tag","embeddable":true,"href":"https:\/\/www.africa-press.net\/cotedivoire\/wp-json\/wp\/v2\/tags?post=94871"}],"curies":[{"name":"wp","href":"https:\/\/api.w.org\/{rel}","templated":true}]}}