{"id":94878,"date":"2025-02-09T15:54:07","date_gmt":"2025-02-09T15:54:07","guid":{"rendered":"https:\/\/www.africa-press.net\/cotedivoire\/politique\/a-mayotte-limpact-considerable-du-cyclone-chido-sur-la-biodiversite"},"modified":"2025-02-09T15:54:07","modified_gmt":"2025-02-09T15:54:07","slug":"a-mayotte-limpact-considerable-du-cyclone-chido-sur-la-biodiversite","status":"publish","type":"post","link":"https:\/\/www.africa-press.net\/cotedivoire\/toutes-les-actualites\/a-mayotte-limpact-considerable-du-cyclone-chido-sur-la-biodiversite","title":{"rendered":"A Mayotte, \u00ab\u00a0l&rsquo;impact consid\u00e9rable\u00a0\u00bb du cyclone Chido sur la biodiversit\u00e9"},"content":{"rendered":"<p><span style=\"color: #ff6600\"><strong>Africa-Press &#8211; C\u00f4te d&rsquo;Ivoire. <\/strong><\/span>Derrie\u0300re le claustra d&rsquo;un restaurant de Coconi, a\u0300 Mayotte, un maki passe une te\u0302te, en que\u0302te de quelque chose a\u0300 grignoter. Depuis le passage du cyclone Chido sur l&rsquo;archipel en de\u0301cembre, ces le\u0301muriens sont \u00ab\u00a0totalement de\u0301soriente\u0301s\u00a0\u00bb, observe Emilien Dautrey, directeur de l\u2019association de protection de la biodiversite\u0301 Gepomay.<\/p>\n<p>Ces animaux, qui vivent dans les arbres et se nourrissant de fruits et de feuilles, ont perdu leur habitat et leur source de nourriture, sur des i\u0302les ou\u0300 la ve\u0301ge\u0301tation a e\u0301te\u0301 de\u0301vaste\u0301e par les vents violents.<\/p>\n<p>Sur les re\u0301seaux sociaux, les messages d\u2019habitants de\u0301sempare\u0301s, a\u0300 la vue de ces animaux affame\u0301s, pleuvent. \u00ab\u00a0Il faut les aider, ils font partie de notre patrimoine\u00a0\u00bb, se de\u0301sole Hilma. Estelle, elle, se demande avec quoi les nourrir. \u00ab\u00a0Je leur donne des dattes depuis quelques jours mais je crois qu\u2019ils arrivent a\u0300 saturation.\u00a0\u00bb<\/p>\n<p>Me\u0302me les agriculteurs s\u2019inquie\u0300tent.<\/p>\n<p>\u00ab\u00a0D\u2019habitude ils viennent manger nos fruits, on est oblige\u0301 de les chasser, ils saccagent tout. Mais la\u0300, ils nous font de la peine. Et puis, ils ont un ro\u0302le important pour nous: ils peuvent aller manger un fruit a\u0300 six kilome\u0300tres de notre exploitation et permettre aux graines de ce fruit de germer chez nous, gra\u0302ce a\u0300 leurs excre\u0301ments\u00a0\u00bb, explique Ali Ambody, e\u0301leveur a\u0300 Ouangani, au centre de Grande-Terre, la plus grande des deux i\u0302les de l&rsquo;archipel.<\/p>\n<p><img loading=\"lazy\" decoding=\"async\" width=\"768\" height=\"512\" class=\"alignnone wp-image-94874 size-full\" src=\"https:\/\/static.africa-press.net\/cote\/sites\/43\/2025\/02\/sm_1739106565.385744.jpg\" srcset=\"https:\/\/static.africa-press.net\/cote\/sites\/43\/2025\/02\/sm_1739106565.385744.jpg 768w, https:\/\/static.africa-press.net\/cote\/sites\/43\/2025\/02\/sm_1739106565.385744-300x200.jpg 300w\" sizes=\"auto, (max-width: 768px) 100vw, 768px\" \/><\/p>\n<p>Mohamed Boinahery, qui e\u0301le\u0300ve des bovins a\u0300 Combani, plus au nord, les voit, \u00ab\u00a0venir manger les feuilles d\u2019ananas\u00a0\u00bb a\u0300 de\u0301faut d\u2019autre chose.<\/p>\n<p>A Chiconi, sur la co\u0302te ouest, Antoine Mohamadi, un autre agriculteur, leur a me\u0302me ce\u0301de\u0301 deux pieds de papaye, qui se sont effondre\u0301s pendant le cyclone. \u00ab\u00a0On en voit de moins en moins. Quand ils ne meurent pas de faim, ils se font e\u0301craser par les voitures\u00a0\u00bb, de\u0301plore l\u2019agriculteur.<\/p>\n<p>\u00ab\u00a0Des centaines d\u2019animaux sont de\u0301ja\u0300 morts sur les routes\u00a0\u00bb, confirme Emilien Dautrey.<\/p>\n<p>&#8211; Nature \u00ab\u00a0re\u0301siliente\u00a0\u00bb &#8211;<\/p>\n<p>Selon Estelle Body, charge\u0301e de mission ame\u0301nagement et diversite\u0301 de l\u2019Office national des fore\u0302ts, le cyclone a en effet eu \u00ab\u00a0un impact conside\u0301rable sur la faune et la flore\u00a0\u00bb. \u00ab\u00a0Il n\u2019y a quasiment plus d\u2019animaux dans les fore\u0302ts, ils se cachent, on ne les voit quasiment pas.\u00a0\u00bb<\/p>\n<p><img loading=\"lazy\" decoding=\"async\" width=\"768\" height=\"512\" class=\"alignnone wp-image-94875 size-full\" src=\"https:\/\/static.africa-press.net\/cote\/sites\/43\/2025\/02\/sm_1739106568.911455.jpg\" srcset=\"https:\/\/static.africa-press.net\/cote\/sites\/43\/2025\/02\/sm_1739106568.911455.jpg 768w, https:\/\/static.africa-press.net\/cote\/sites\/43\/2025\/02\/sm_1739106568.911455-300x200.jpg 300w\" sizes=\"auto, (max-width: 768px) 100vw, 768px\" \/><\/p>\n<p>Les makis et les roussettes \u2013de grandes chauve-souris rousses\u2013 se font de plus en plus rares. Oiseaux, araigne\u0301es et abeilles aussi. \u00ab\u00a0Les nids ont disparu et les abeilles ne trouvent plus de sucre dans les fleurs\u00a0\u00bb, poursuit Estelle Body.<\/p>\n<p>Selon Michel Charpentier, pre\u0301sident de l\u2019association Les naturalistes de Mayotte, \u00ab\u00a0les zones forestie\u0300res naturelles, qu\u2019on appelle la fore\u0302t primaire, repre\u0301sentent 5% de la surface de l\u2019i\u0302le, mais concentrent l\u2019essentiel de la biodiversite\u0301 de Mayotte. Et ces espaces naturels ont beaucoup souffert pendant le cyclone\u00a0\u00bb.<\/p>\n<p>Les dortoirs des roussettes, sur les arbres en hauteur, ont ainsi quasiment disparu. \u00ab\u00a0On ne sait pas trop ce que sont devenus ces chauves-souris\u00a0\u00bb, souligne Michel Charpentier. Selon lui, il est possible que ces animaux se soient re\u0301fugie\u0301s a\u0300 Anjouan, dans l&rsquo;archipel des Comores voisines, a\u0300 70 km de Mayotte.<\/p>\n<p><img loading=\"lazy\" decoding=\"async\" width=\"512\" height=\"768\" class=\"alignnone wp-image-94876 size-full\" src=\"https:\/\/static.africa-press.net\/cote\/sites\/43\/2025\/02\/sm_1739106572.723252.jpg\" srcset=\"https:\/\/static.africa-press.net\/cote\/sites\/43\/2025\/02\/sm_1739106572.723252.jpg 512w, https:\/\/static.africa-press.net\/cote\/sites\/43\/2025\/02\/sm_1739106572.723252-200x300.jpg 200w\" sizes=\"auto, (max-width: 512px) 100vw, 512px\" \/><\/p>\n<p>\u00ab\u00a0La nature est re\u0301siliente, insiste Ame\u0301lie Fauche\u0301, de la fe\u0301de\u0301ration Nature Mayotte Environnement. On voit de\u0301ja\u0300 les arbres refaire des feuilles. C\u2019est touchant de voir a\u0300 quel point la population s\u2019inquie\u0300te. Mais les makis peuvent aussi manger des feuilles, les associations pre\u0301conisent d\u2019ailleurs de ne pas trop leur venir en aide.\u00a0\u00bb<\/p>\n<p>Cela risque en effet d&rsquo;induire une de\u0301pendance vis-a\u0300-vis des humains chez des animaux sauvages qui peuvent, par ailleurs, transmettre des maladies.<\/p>\n<p>Pour M. Charpentier, \u00ab\u00a0ces espe\u0300ces vont enregistrer une chute, mais elles ne sont pas condamne\u0301es\u00a0\u00bb. L\u2019enjeu est toutefois de rester attentif a\u0300 la renaissance de leur habitat. \u00ab\u00a0Il ne faut surtout pas que la fore\u0302t de\u0301vaste\u0301e soit envahie par l\u2019agriculture informelle et que les arbres soient remplace\u0301s par des bananiers et des plantations de manioc.\u00a0\u00bb<\/p>\n<p>D\u2019autant que l\u2019habitat de ces animaux a e\u0301te\u0301 encore un peu plus fragilise\u0301 ces derniers jours. Pendant plus d\u2019une semaine, des feux de fore\u0302ts ont ravage\u0301 plus de 120 hectares dans le nord et le centre de Grande-Terre. \u00ab\u00a0A l&rsquo;e\u0301chelle de Mayotte, c\u2019est e\u0301norme, souligne Michel Charpentier. Chido et (la tempe\u0302te tropicale de janvier) Dikeledi avaient de\u0301ja\u0300 ravage\u0301 une partie de la fore\u0302t. Mais avec ces feux, la situation devient tre\u0300s inquie\u0301tante.\u00a0\u00bb<\/p>\n<p><strong>Pour plus d&rsquo;informations et d&rsquo;analyses sur la <span style=\"color: #ff6600\">C\u00f4te d&rsquo;Ivoire<\/span>, suivez <span style=\"color: #ff6600\">Africa-Press<span style=\"color: #ff6600\"><\/span><\/strong><\/p>\n","protected":false},"excerpt":{"rendered":"<p>Africa-Press &#8211; C\u00f4te d&rsquo;Ivoire. Derrie\u0300re le claustra d&rsquo;un restaurant de Coconi, a\u0300 Mayotte, un maki passe une te\u0302te, en que\u0302te de quelque chose a\u0300 grignoter. Depuis le passage du cyclone Chido sur l&rsquo;archipel en de\u0301cembre, ces le\u0301muriens sont \u00ab\u00a0totalement de\u0301soriente\u0301s\u00a0\u00bb, observe Emilien Dautrey, directeur de l\u2019association de protection de la biodiversite\u0301 Gepomay. Ces animaux, qui [&hellip;]<\/p>\n","protected":false},"author":82,"featured_media":94877,"comment_status":"open","ping_status":"closed","sticky":false,"template":"","format":"standard","meta":{"footnotes":""},"categories":[22,10],"tags":[37],"class_list":["post-94878","post","type-post","status-publish","format-standard","has-post-thumbnail","hentry","category-divers","category-toutes-les-actualites","tag-cote-divoire-2"],"yoast_head":"<!-- This site is optimized with the Yoast SEO Premium plugin v26.1 (Yoast SEO v27.0) - https:\/\/yoast.com\/product\/yoast-seo-premium-wordpress\/ -->\n<title>A Mayotte, &quot;l&#039;impact consid\u00e9rable&quot; du cyclone Chido sur la biodiversit\u00e9 - C\u00f4te d&#039;Ivoire<\/title>\n<meta name=\"robots\" content=\"index, follow, max-snippet:-1, max-image-preview:large, max-video-preview:-1\" \/>\n<link rel=\"canonical\" href=\"https:\/\/www.africa-press.net\/cotedivoire\/politique\/a-mayotte-limpact-considerable-du-cyclone-chido-sur-la-biodiversite\" \/>\n<meta property=\"og:locale\" content=\"fr_FR\" \/>\n<meta property=\"og:type\" content=\"article\" \/>\n<meta property=\"og:title\" content=\"A Mayotte, &quot;l&#039;impact consid\u00e9rable&quot; du cyclone Chido sur la biodiversit\u00e9\" \/>\n<meta property=\"og:description\" content=\"Africa-Press &#8211; C\u00f4te d&rsquo;Ivoire. Derrie\u0300re le claustra d&rsquo;un restaurant de Coconi, a\u0300 Mayotte, un maki passe une te\u0302te, en que\u0302te de quelque chose a\u0300 grignoter. Depuis le passage du cyclone Chido sur l&rsquo;archipel en de\u0301cembre, ces le\u0301muriens sont \u00ab\u00a0totalement de\u0301soriente\u0301s\u00a0\u00bb, observe Emilien Dautrey, directeur de l\u2019association de protection de la biodiversite\u0301 Gepomay. Ces animaux, qui [&hellip;]\" \/>\n<meta property=\"og:url\" content=\"https:\/\/www.africa-press.net\/cotedivoire\/politique\/a-mayotte-limpact-considerable-du-cyclone-chido-sur-la-biodiversite\" \/>\n<meta property=\"og:site_name\" content=\"C\u00f4te d&#039;Ivoire\" \/>\n<meta property=\"article:published_time\" content=\"2025-02-09T15:54:07+00:00\" \/>\n<meta property=\"og:image\" content=\"https:\/\/static.africa-press.net\/cote\/sites\/43\/2025\/02\/sm_1739106565.385744.jpg\" \/>\n\t<meta property=\"og:image:width\" content=\"768\" \/>\n\t<meta property=\"og:image:height\" content=\"512\" \/>\n\t<meta property=\"og:image:type\" content=\"image\/jpeg\" \/>\n<meta name=\"author\" content=\"cfeditorfr\" \/>\n<meta name=\"twitter:card\" content=\"summary_large_image\" \/>\n<meta name=\"twitter:label1\" content=\"\u00c9crit par\" \/>\n\t<meta name=\"twitter:data1\" content=\"cfeditorfr\" \/>\n\t<meta name=\"twitter:label2\" content=\"Dur\u00e9e de lecture estim\u00e9e\" \/>\n\t<meta name=\"twitter:data2\" content=\"4 minutes\" \/>\n<script type=\"application\/ld+json\" class=\"yoast-schema-graph\">{\"@context\":\"https:\/\/schema.org\",\"@graph\":[{\"@type\":\"Article\",\"@id\":\"https:\/\/www.africa-press.net\/cotedivoire\/politique\/a-mayotte-limpact-considerable-du-cyclone-chido-sur-la-biodiversite#article\",\"isPartOf\":{\"@id\":\"https:\/\/www.africa-press.net\/cotedivoire\/politique\/a-mayotte-limpact-considerable-du-cyclone-chido-sur-la-biodiversite\"},\"author\":{\"name\":\"cfeditorfr\",\"@id\":\"https:\/\/www.africa-press.net\/cotedivoire\/#\/schema\/person\/2b1cf3cd81a31e3cd26889ca66d677f1\"},\"headline\":\"A Mayotte, \u00ab\u00a0l&rsquo;impact consid\u00e9rable\u00a0\u00bb du cyclone Chido sur la biodiversit\u00e9\",\"datePublished\":\"2025-02-09T15:54:07+00:00\",\"mainEntityOfPage\":{\"@id\":\"https:\/\/www.africa-press.net\/cotedivoire\/politique\/a-mayotte-limpact-considerable-du-cyclone-chido-sur-la-biodiversite\"},\"wordCount\":819,\"commentCount\":0,\"image\":{\"@id\":\"https:\/\/www.africa-press.net\/cotedivoire\/politique\/a-mayotte-limpact-considerable-du-cyclone-chido-sur-la-biodiversite#primaryimage\"},\"thumbnailUrl\":\"https:\/\/static.africa-press.net\/cote\/sites\/43\/2025\/02\/sm_1739106575.814085.jpg\",\"keywords\":[\"C\u00f4te d'Ivoire\"],\"articleSection\":[\"Divers\",\"Toutes les actualit\u00e9s\"],\"inLanguage\":\"fr-FR\",\"potentialAction\":[{\"@type\":\"CommentAction\",\"name\":\"Comment\",\"target\":[\"https:\/\/www.africa-press.net\/cotedivoire\/politique\/a-mayotte-limpact-considerable-du-cyclone-chido-sur-la-biodiversite#respond\"]}]},{\"@type\":\"WebPage\",\"@id\":\"https:\/\/www.africa-press.net\/cotedivoire\/politique\/a-mayotte-limpact-considerable-du-cyclone-chido-sur-la-biodiversite\",\"url\":\"https:\/\/www.africa-press.net\/cotedivoire\/politique\/a-mayotte-limpact-considerable-du-cyclone-chido-sur-la-biodiversite\",\"name\":\"A Mayotte, \\\"l'impact consid\u00e9rable\\\" du cyclone Chido sur la biodiversit\u00e9 - C\u00f4te d&#039;Ivoire\",\"isPartOf\":{\"@id\":\"https:\/\/www.africa-press.net\/cotedivoire\/#website\"},\"primaryImageOfPage\":{\"@id\":\"https:\/\/www.africa-press.net\/cotedivoire\/politique\/a-mayotte-limpact-considerable-du-cyclone-chido-sur-la-biodiversite#primaryimage\"},\"image\":{\"@id\":\"https:\/\/www.africa-press.net\/cotedivoire\/politique\/a-mayotte-limpact-considerable-du-cyclone-chido-sur-la-biodiversite#primaryimage\"},\"thumbnailUrl\":\"https:\/\/static.africa-press.net\/cote\/sites\/43\/2025\/02\/sm_1739106575.814085.jpg\",\"datePublished\":\"2025-02-09T15:54:07+00:00\",\"author\":{\"@id\":\"https:\/\/www.africa-press.net\/cotedivoire\/#\/schema\/person\/2b1cf3cd81a31e3cd26889ca66d677f1\"},\"breadcrumb\":{\"@id\":\"https:\/\/www.africa-press.net\/cotedivoire\/politique\/a-mayotte-limpact-considerable-du-cyclone-chido-sur-la-biodiversite#breadcrumb\"},\"inLanguage\":\"fr-FR\",\"potentialAction\":[{\"@type\":\"ReadAction\",\"target\":[\"https:\/\/www.africa-press.net\/cotedivoire\/politique\/a-mayotte-limpact-considerable-du-cyclone-chido-sur-la-biodiversite\"]}]},{\"@type\":\"ImageObject\",\"inLanguage\":\"fr-FR\",\"@id\":\"https:\/\/www.africa-press.net\/cotedivoire\/politique\/a-mayotte-limpact-considerable-du-cyclone-chido-sur-la-biodiversite#primaryimage\",\"url\":\"https:\/\/static.africa-press.net\/cote\/sites\/43\/2025\/02\/sm_1739106575.814085.jpg\",\"contentUrl\":\"https:\/\/static.africa-press.net\/cote\/sites\/43\/2025\/02\/sm_1739106575.814085.jpg\",\"width\":1200,\"height\":900,\"caption\":\"A Mayotte, \\\"l'impact consid\u00e9rable\\\" du cyclone Chido sur la biodiversit\u00e9\"},{\"@type\":\"BreadcrumbList\",\"@id\":\"https:\/\/www.africa-press.net\/cotedivoire\/politique\/a-mayotte-limpact-considerable-du-cyclone-chido-sur-la-biodiversite#breadcrumb\",\"itemListElement\":[{\"@type\":\"ListItem\",\"position\":1,\"name\":\"Accueil\",\"item\":\"https:\/\/www.africa-press.net\/cotedivoire\/\"},{\"@type\":\"ListItem\",\"position\":2,\"name\":\"A Mayotte, \u00ab\u00a0l&rsquo;impact consid\u00e9rable\u00a0\u00bb du cyclone Chido sur la biodiversit\u00e9\"}]},{\"@type\":\"WebSite\",\"@id\":\"https:\/\/www.africa-press.net\/cotedivoire\/#website\",\"url\":\"https:\/\/www.africa-press.net\/cotedivoire\/\",\"name\":\"C\u00f4te d&#039;Ivoire\",\"description\":\"Just another Africa News Agency Sites site\",\"potentialAction\":[{\"@type\":\"SearchAction\",\"target\":{\"@type\":\"EntryPoint\",\"urlTemplate\":\"https:\/\/www.africa-press.net\/cotedivoire\/?s={search_term_string}\"},\"query-input\":{\"@type\":\"PropertyValueSpecification\",\"valueRequired\":true,\"valueName\":\"search_term_string\"}}],\"inLanguage\":\"fr-FR\"},{\"@type\":\"Person\",\"@id\":\"https:\/\/www.africa-press.net\/cotedivoire\/#\/schema\/person\/2b1cf3cd81a31e3cd26889ca66d677f1\",\"name\":\"cfeditorfr\"}]}<\/script>\n<!-- \/ Yoast SEO Premium plugin. -->","yoast_head_json":{"title":"A Mayotte, \"l'impact consid\u00e9rable\" du cyclone Chido sur la biodiversit\u00e9 - C\u00f4te d&#039;Ivoire","robots":{"index":"index","follow":"follow","max-snippet":"max-snippet:-1","max-image-preview":"max-image-preview:large","max-video-preview":"max-video-preview:-1"},"canonical":"https:\/\/www.africa-press.net\/cotedivoire\/politique\/a-mayotte-limpact-considerable-du-cyclone-chido-sur-la-biodiversite","og_locale":"fr_FR","og_type":"article","og_title":"A Mayotte, \"l'impact consid\u00e9rable\" du cyclone Chido sur la biodiversit\u00e9","og_description":"Africa-Press &#8211; C\u00f4te d&rsquo;Ivoire. Derrie\u0300re le claustra d&rsquo;un restaurant de Coconi, a\u0300 Mayotte, un maki passe une te\u0302te, en que\u0302te de quelque chose a\u0300 grignoter. Depuis le passage du cyclone Chido sur l&rsquo;archipel en de\u0301cembre, ces le\u0301muriens sont \u00ab\u00a0totalement de\u0301soriente\u0301s\u00a0\u00bb, observe Emilien Dautrey, directeur de l\u2019association de protection de la biodiversite\u0301 Gepomay. Ces animaux, qui [&hellip;]","og_url":"https:\/\/www.africa-press.net\/cotedivoire\/politique\/a-mayotte-limpact-considerable-du-cyclone-chido-sur-la-biodiversite","og_site_name":"C\u00f4te d&#039;Ivoire","article_published_time":"2025-02-09T15:54:07+00:00","og_image":[{"width":768,"height":512,"url":"https:\/\/static.africa-press.net\/cote\/sites\/43\/2025\/02\/sm_1739106565.385744.jpg","type":"image\/jpeg"}],"author":"cfeditorfr","twitter_card":"summary_large_image","twitter_misc":{"\u00c9crit par":"cfeditorfr","Dur\u00e9e de lecture estim\u00e9e":"4 minutes"},"schema":{"@context":"https:\/\/schema.org","@graph":[{"@type":"Article","@id":"https:\/\/www.africa-press.net\/cotedivoire\/politique\/a-mayotte-limpact-considerable-du-cyclone-chido-sur-la-biodiversite#article","isPartOf":{"@id":"https:\/\/www.africa-press.net\/cotedivoire\/politique\/a-mayotte-limpact-considerable-du-cyclone-chido-sur-la-biodiversite"},"author":{"name":"cfeditorfr","@id":"https:\/\/www.africa-press.net\/cotedivoire\/#\/schema\/person\/2b1cf3cd81a31e3cd26889ca66d677f1"},"headline":"A Mayotte, \u00ab\u00a0l&rsquo;impact consid\u00e9rable\u00a0\u00bb du cyclone Chido sur la biodiversit\u00e9","datePublished":"2025-02-09T15:54:07+00:00","mainEntityOfPage":{"@id":"https:\/\/www.africa-press.net\/cotedivoire\/politique\/a-mayotte-limpact-considerable-du-cyclone-chido-sur-la-biodiversite"},"wordCount":819,"commentCount":0,"image":{"@id":"https:\/\/www.africa-press.net\/cotedivoire\/politique\/a-mayotte-limpact-considerable-du-cyclone-chido-sur-la-biodiversite#primaryimage"},"thumbnailUrl":"https:\/\/static.africa-press.net\/cote\/sites\/43\/2025\/02\/sm_1739106575.814085.jpg","keywords":["C\u00f4te d'Ivoire"],"articleSection":["Divers","Toutes les actualit\u00e9s"],"inLanguage":"fr-FR","potentialAction":[{"@type":"CommentAction","name":"Comment","target":["https:\/\/www.africa-press.net\/cotedivoire\/politique\/a-mayotte-limpact-considerable-du-cyclone-chido-sur-la-biodiversite#respond"]}]},{"@type":"WebPage","@id":"https:\/\/www.africa-press.net\/cotedivoire\/politique\/a-mayotte-limpact-considerable-du-cyclone-chido-sur-la-biodiversite","url":"https:\/\/www.africa-press.net\/cotedivoire\/politique\/a-mayotte-limpact-considerable-du-cyclone-chido-sur-la-biodiversite","name":"A Mayotte, \"l'impact consid\u00e9rable\" du cyclone Chido sur la biodiversit\u00e9 - C\u00f4te d&#039;Ivoire","isPartOf":{"@id":"https:\/\/www.africa-press.net\/cotedivoire\/#website"},"primaryImageOfPage":{"@id":"https:\/\/www.africa-press.net\/cotedivoire\/politique\/a-mayotte-limpact-considerable-du-cyclone-chido-sur-la-biodiversite#primaryimage"},"image":{"@id":"https:\/\/www.africa-press.net\/cotedivoire\/politique\/a-mayotte-limpact-considerable-du-cyclone-chido-sur-la-biodiversite#primaryimage"},"thumbnailUrl":"https:\/\/static.africa-press.net\/cote\/sites\/43\/2025\/02\/sm_1739106575.814085.jpg","datePublished":"2025-02-09T15:54:07+00:00","author":{"@id":"https:\/\/www.africa-press.net\/cotedivoire\/#\/schema\/person\/2b1cf3cd81a31e3cd26889ca66d677f1"},"breadcrumb":{"@id":"https:\/\/www.africa-press.net\/cotedivoire\/politique\/a-mayotte-limpact-considerable-du-cyclone-chido-sur-la-biodiversite#breadcrumb"},"inLanguage":"fr-FR","potentialAction":[{"@type":"ReadAction","target":["https:\/\/www.africa-press.net\/cotedivoire\/politique\/a-mayotte-limpact-considerable-du-cyclone-chido-sur-la-biodiversite"]}]},{"@type":"ImageObject","inLanguage":"fr-FR","@id":"https:\/\/www.africa-press.net\/cotedivoire\/politique\/a-mayotte-limpact-considerable-du-cyclone-chido-sur-la-biodiversite#primaryimage","url":"https:\/\/static.africa-press.net\/cote\/sites\/43\/2025\/02\/sm_1739106575.814085.jpg","contentUrl":"https:\/\/static.africa-press.net\/cote\/sites\/43\/2025\/02\/sm_1739106575.814085.jpg","width":1200,"height":900,"caption":"A Mayotte, \"l'impact consid\u00e9rable\" du cyclone Chido sur la biodiversit\u00e9"},{"@type":"BreadcrumbList","@id":"https:\/\/www.africa-press.net\/cotedivoire\/politique\/a-mayotte-limpact-considerable-du-cyclone-chido-sur-la-biodiversite#breadcrumb","itemListElement":[{"@type":"ListItem","position":1,"name":"Accueil","item":"https:\/\/www.africa-press.net\/cotedivoire\/"},{"@type":"ListItem","position":2,"name":"A Mayotte, \u00ab\u00a0l&rsquo;impact consid\u00e9rable\u00a0\u00bb du cyclone Chido sur la biodiversit\u00e9"}]},{"@type":"WebSite","@id":"https:\/\/www.africa-press.net\/cotedivoire\/#website","url":"https:\/\/www.africa-press.net\/cotedivoire\/","name":"C\u00f4te d&#039;Ivoire","description":"Just another Africa News Agency Sites site","potentialAction":[{"@type":"SearchAction","target":{"@type":"EntryPoint","urlTemplate":"https:\/\/www.africa-press.net\/cotedivoire\/?s={search_term_string}"},"query-input":{"@type":"PropertyValueSpecification","valueRequired":true,"valueName":"search_term_string"}}],"inLanguage":"fr-FR"},{"@type":"Person","@id":"https:\/\/www.africa-press.net\/cotedivoire\/#\/schema\/person\/2b1cf3cd81a31e3cd26889ca66d677f1","name":"cfeditorfr"}]}},"_links":{"self":[{"href":"https:\/\/www.africa-press.net\/cotedivoire\/wp-json\/wp\/v2\/posts\/94878","targetHints":{"allow":["GET"]}}],"collection":[{"href":"https:\/\/www.africa-press.net\/cotedivoire\/wp-json\/wp\/v2\/posts"}],"about":[{"href":"https:\/\/www.africa-press.net\/cotedivoire\/wp-json\/wp\/v2\/types\/post"}],"author":[{"embeddable":true,"href":"https:\/\/www.africa-press.net\/cotedivoire\/wp-json\/wp\/v2\/users\/82"}],"replies":[{"embeddable":true,"href":"https:\/\/www.africa-press.net\/cotedivoire\/wp-json\/wp\/v2\/comments?post=94878"}],"version-history":[{"count":0,"href":"https:\/\/www.africa-press.net\/cotedivoire\/wp-json\/wp\/v2\/posts\/94878\/revisions"}],"wp:featuredmedia":[{"embeddable":true,"href":"https:\/\/www.africa-press.net\/cotedivoire\/wp-json\/wp\/v2\/media\/94877"}],"wp:attachment":[{"href":"https:\/\/www.africa-press.net\/cotedivoire\/wp-json\/wp\/v2\/media?parent=94878"}],"wp:term":[{"taxonomy":"category","embeddable":true,"href":"https:\/\/www.africa-press.net\/cotedivoire\/wp-json\/wp\/v2\/categories?post=94878"},{"taxonomy":"post_tag","embeddable":true,"href":"https:\/\/www.africa-press.net\/cotedivoire\/wp-json\/wp\/v2\/tags?post=94878"}],"curies":[{"name":"wp","href":"https:\/\/api.w.org\/{rel}","templated":true}]}}