{"id":94880,"date":"2025-02-09T15:55:38","date_gmt":"2025-02-09T15:55:38","guid":{"rendered":"https:\/\/www.africa-press.net\/cotedivoire\/politique\/le-regime-mediterraneen-star-des-menus"},"modified":"2025-02-09T15:55:38","modified_gmt":"2025-02-09T15:55:38","slug":"le-regime-mediterraneen-star-des-menus","status":"publish","type":"post","link":"https:\/\/www.africa-press.net\/cotedivoire\/toutes-les-actualites\/le-regime-mediterraneen-star-des-menus","title":{"rendered":"Le r\u00e9gime m\u00e9diterran\u00e9en, star des menus"},"content":{"rendered":"<p><span style=\"color: #ff6600\"><strong>Africa-Press &#8211; C\u00f4te d&rsquo;Ivoire. <\/strong><\/span>Le re\u0301gime me\u0301diterrane\u0301en re\u0301siste a\u0300 l&rsquo;e\u0301preuve du temps. Pour la septie\u0300me anne\u0301e conse\u0301cutive, le magazine ame\u0301ricain US News &amp; World Report l&rsquo;a classe\u0301 comme le meilleur re\u0301gime alimentaire de l&rsquo;anne\u0301e 2024, devant les re\u0301gimes Dash (visant a\u0300 re\u0301duire l&rsquo;hypertension arte\u0301rielle, enrichi en fruits, le\u0301gumes et ce\u0301re\u0301ales sources de fibres et limitant les aliments riches en sel et en graisses) et Mind (conc\u0327u pour favoriser la sante\u0301 du cerveau, il met notamment l&rsquo;accent sur la consommation de le\u0301gumes a\u0300 feuilles vertes &#8211; pousses d&rsquo;e\u0301pinards, ma\u0302che, chou vert &#8211; et les baies &#8211; myrtilles, mu\u0302res, etc.). Les e\u0301tudes les plus re\u0301centes confirment ses be\u0301ne\u0301fices pour la sante\u0301, gra\u0302ce a\u0300 ses apports en fibres, vitamines, acides gras de qualite\u0301 et en pigments ve\u0301ge\u0301taux antioxydants. Tour d&rsquo;horizon.<\/p>\n<p><b>Un re\u0301gime axe\u0301 sur les ve\u0301ge\u0301taux<\/b><\/p>\n<p>Ce\u0301re\u0301ales comple\u0300tes (orge, riz, etc.) ; le\u0301gumes secs (pois chiches, haricots blancs, etc.), sources de fibres et de mine\u0301raux (cuivre, acide folique, fer, magne\u0301sium, zinc) ; fruits, le\u0301gumes et herbes (basilic, thym, etc.), riches en antioxydants et en vitamines ; fruits a\u0300 coque (noix, amandes, noisettes) pourvus d&rsquo;acides gras insature\u0301s, le re\u0301gime me\u0301diterrane\u0301en fait la part belle aux ve\u0301ge\u0301taux. La viande y tient peu de place (deux a\u0300 trois fois par semaine). Poissons, fruits de mer, volailles et \u0153ufs sont pre\u0301fe\u0301re\u0301s a\u0300 la viande rouge (b\u0153uf, veau, porc, etc.), consomme\u0301e seulement trois a\u0300 quatre fois par mois. Les produits laitiers de brebis et de che\u0300vre sont aussi pre\u0301fe\u0301re\u0301s a\u0300 ceux de vache, tandis que l&rsquo;huile d&rsquo;olive est la principale source de matie\u0300res grasses, remplac\u0327ant ainsi les graisses sature\u0301es comme le beurre. Toutefois, le re\u0301gime me\u0301diterrane\u0301en ne se re\u0301sume pas a\u0300 une simple liste d&rsquo;aliments. Il s&rsquo;agit d&rsquo;un mode de vie global, qui comprend notamment la prise des repas en commun.<\/p>\n<p><b>Il pre\u0301vient le diabe\u0300te<\/b><\/p>\n<p>Sa richesse en fibres, polyphe\u0301nols, acides gras poly-insature\u0301s de type ome\u0301ga-3 et la faible pre\u0301sence de produits sucre\u0301s et transforme\u0301s sont autant de facteurs favorables a\u0300 un meilleur profil de risque cardio-vasculaire, en agissant sur l&rsquo;inflammation et la re\u0301sistance a\u0300 l&rsquo;insuline. Le re\u0301gime me\u0301diterrane\u0301en re\u0301duirait ainsi de 30 % le risque de diabe\u0300te de type 2 et de 25 % celui de maladie coronarienne chez la femme. Il pre\u0301viendrait du risque de re\u0301cidive apre\u0300s un infarctus en ame\u0301liorant la fonction endothe\u0301liale des arte\u0300res, dont les le\u0301sions pre\u0301disent la survenue d&rsquo;e\u0301ve\u0301nements cardio-vasculaires. Moins rigides, les arte\u0300res seraient ainsi capables de s&rsquo;adapter aux situations dans lesquelles un plus grand flux sanguin est ne\u0301cessaire.<\/p>\n<p><b>Il prote\u0300ge le cerveau<\/b><\/p>\n<p>L&rsquo;aptitude a\u0300 retenir des informations de\u0301clinerait plus lentement chez les personnes qui suivent de manie\u0300re stricte un re\u0301gime me\u0301diterrane\u0301en. Selon les auteurs, certains nutriments comme les acides gras de type ome\u0301ga-3 (DHA et EPA), pre\u0301sents dans les poissons gras (sardines, hareng, maquereau, etc.), auraient des effets protecteurs sur les neurones. Une alimentation me\u0301diterrane\u0301enne re\u0301duirait de 23 % le risque de de\u0301mence, selon une e\u0301quipe de nutritionnistes et de neurologues de l&rsquo;universite\u0301 de Newcastle (Royaume-Uni) qui a suivi 60.298 individus de la UK Biobank durant dix ans. Ce re\u0301gime agirait aussi sur l&rsquo;humeur et re\u0301duirait les sympto\u0302mes du stress et de l&rsquo;anxie\u0301te\u0301, d&rsquo;apre\u0300s des travaux australiens.<\/p>\n<p><b>Il est anti-inflammatoire<\/b><\/p>\n<p>La consommation d&rsquo;huile d&rsquo;olive extra-vierge, source d&rsquo;acide gras mono-insature\u0301s, associe\u0301e a\u0300 celle de fruits et de le\u0301gumes, de ce\u0301re\u0301ales comple\u0300tes et de le\u0301gumes secs, riches en fibres et en antioxydants (polyphe\u0301nols, carote\u0301noi\u0308des, flavonoi\u0308des, etc.), induit une croissance accrue d&rsquo;espe\u0300ces bacte\u0301riennes be\u0301ne\u0301fiques (Bifidobacterium, Bacteroi\u0308des, Faecalibacterium prausnitzii) pour le microbiote intestinal et une moindre croissance d&rsquo;espe\u0300ces conside\u0301re\u0301es comme plus ne\u0301fastes (Firmicutes et Blautia). De tels changements dans le microbiote intestinal auraient pour effets de re\u0301duire l&rsquo;inflammation et le stress oxydant, lesquels favorisent diverses pathologies chroniques (diabe\u0300te, maladies cardio-vasculaires, obe\u0301site\u0301, polyarthrite rhumatoi\u0308de, etc.).<\/p>\n<p><b>Il facilite la perte de masse grasse<\/b><\/p>\n<p>Quoique maigrir ne soit pas un objectif vise\u0301 par le re\u0301gime me\u0301diterrane\u0301en, des travaux ont montre\u0301 qu&rsquo;il aurait des effets be\u0301ne\u0301fiques sur la masse grasse abdominale susceptible de favoriser le diabe\u0300te ou les maladies cardiaques. Des chercheurs espagnols ont constate\u0301, apre\u0300s un an d&rsquo;adoption du re\u0301gime me\u0301diterrane\u0301en, une diminution de 13 % de la masse grasse totale, de 11 % de la masse maigre totale et de 14 % de la masse grasse visce\u0301rale par rapport au groupe te\u0301moin.<\/p>\n<p><b>Un re\u0301gime pluto\u0302t facile a\u0300 adopter<\/b>, par Alexandra Retion (die\u0301te\u0301ticienne-nutritionniste a\u0300 Paris et auteure de Re\u0301gime cre\u0301tois, les secrets de la longe\u0301vite\u0301 (e\u0301ditions Hachette Cuisine)<\/p>\n<p>\u00ab\u00a0On peut facilement suivre ce re\u0301gime alimentaire en apportant un peu plus chaque jour de ve\u0301ge\u0301taux (le\u0301gumes, le\u0301gumes secs, ce\u0301re\u0301ales, ole\u0301agineux) dans son assiette. Un repas type se compose de crudite\u0301s ou d&rsquo;une entre\u0301e avec des le\u0301gumineuses et des le\u0301gumes cuits, d&rsquo;un plat de poisson accompagne\u0301 de le\u0301gumes verts ; des ce\u0301re\u0301ales comple\u0300tes avec une le\u0301gumineuse ou bien d&rsquo;un morceau de fromage (brebis ou che\u0300vre) avec du pain complet. La note sucre\u0301e est juste apporte\u0301e par le miel ou les fruits.\u00a0\u00bb<\/p>\n<p><strong>Pour plus d&rsquo;informations et d&rsquo;analyses sur la <span style=\"color: #ff6600\">C\u00f4te d&rsquo;Ivoire<\/span>, suivez <span style=\"color: #ff6600\">Africa-Press<span style=\"color: #ff6600\"><\/span><\/strong><\/p>\n","protected":false},"excerpt":{"rendered":"<p>Africa-Press &#8211; C\u00f4te d&rsquo;Ivoire. Le re\u0301gime me\u0301diterrane\u0301en re\u0301siste a\u0300 l&rsquo;e\u0301preuve du temps. Pour la septie\u0300me anne\u0301e conse\u0301cutive, le magazine ame\u0301ricain US News &amp; World Report l&rsquo;a classe\u0301 comme le meilleur re\u0301gime alimentaire de l&rsquo;anne\u0301e 2024, devant les re\u0301gimes Dash (visant a\u0300 re\u0301duire l&rsquo;hypertension arte\u0301rielle, enrichi en fruits, le\u0301gumes et ce\u0301re\u0301ales sources de fibres et limitant [&hellip;]<\/p>\n","protected":false},"author":82,"featured_media":94879,"comment_status":"open","ping_status":"closed","sticky":false,"template":"","format":"standard","meta":{"footnotes":""},"categories":[22,10],"tags":[37],"class_list":["post-94880","post","type-post","status-publish","format-standard","has-post-thumbnail","hentry","category-divers","category-toutes-les-actualites","tag-cote-divoire-2"],"yoast_head":"<!-- This site is optimized with the Yoast SEO Premium plugin v26.1 (Yoast SEO v27.0) - https:\/\/yoast.com\/product\/yoast-seo-premium-wordpress\/ -->\n<title>Le r\u00e9gime m\u00e9diterran\u00e9en, star des menus - C\u00f4te d&#039;Ivoire<\/title>\n<meta name=\"robots\" content=\"index, follow, max-snippet:-1, max-image-preview:large, max-video-preview:-1\" \/>\n<link rel=\"canonical\" href=\"https:\/\/www.africa-press.net\/cotedivoire\/politique\/le-regime-mediterraneen-star-des-menus\" \/>\n<meta property=\"og:locale\" content=\"fr_FR\" \/>\n<meta property=\"og:type\" content=\"article\" \/>\n<meta property=\"og:title\" content=\"Le r\u00e9gime m\u00e9diterran\u00e9en, star des menus\" \/>\n<meta property=\"og:description\" content=\"Africa-Press &#8211; C\u00f4te d&rsquo;Ivoire. Le re\u0301gime me\u0301diterrane\u0301en re\u0301siste a\u0300 l&rsquo;e\u0301preuve du temps. Pour la septie\u0300me anne\u0301e conse\u0301cutive, le magazine ame\u0301ricain US News &amp; World Report l&rsquo;a classe\u0301 comme le meilleur re\u0301gime alimentaire de l&rsquo;anne\u0301e 2024, devant les re\u0301gimes Dash (visant a\u0300 re\u0301duire l&rsquo;hypertension arte\u0301rielle, enrichi en fruits, le\u0301gumes et ce\u0301re\u0301ales sources de fibres et limitant [&hellip;]\" \/>\n<meta property=\"og:url\" content=\"https:\/\/www.africa-press.net\/cotedivoire\/politique\/le-regime-mediterraneen-star-des-menus\" \/>\n<meta property=\"og:site_name\" content=\"C\u00f4te d&#039;Ivoire\" \/>\n<meta property=\"article:published_time\" content=\"2025-02-09T15:55:38+00:00\" \/>\n<meta name=\"author\" content=\"cfeditorfr\" \/>\n<meta name=\"twitter:card\" content=\"summary_large_image\" \/>\n<meta name=\"twitter:label1\" content=\"\u00c9crit par\" \/>\n\t<meta name=\"twitter:data1\" content=\"cfeditorfr\" \/>\n\t<meta name=\"twitter:label2\" content=\"Dur\u00e9e de lecture estim\u00e9e\" \/>\n\t<meta name=\"twitter:data2\" content=\"5 minutes\" \/>\n<script type=\"application\/ld+json\" class=\"yoast-schema-graph\">{\"@context\":\"https:\/\/schema.org\",\"@graph\":[{\"@type\":\"Article\",\"@id\":\"https:\/\/www.africa-press.net\/cotedivoire\/politique\/le-regime-mediterraneen-star-des-menus#article\",\"isPartOf\":{\"@id\":\"https:\/\/www.africa-press.net\/cotedivoire\/politique\/le-regime-mediterraneen-star-des-menus\"},\"author\":{\"name\":\"cfeditorfr\",\"@id\":\"https:\/\/www.africa-press.net\/cotedivoire\/#\/schema\/person\/2b1cf3cd81a31e3cd26889ca66d677f1\"},\"headline\":\"Le r\u00e9gime m\u00e9diterran\u00e9en, star des menus\",\"datePublished\":\"2025-02-09T15:55:38+00:00\",\"mainEntityOfPage\":{\"@id\":\"https:\/\/www.africa-press.net\/cotedivoire\/politique\/le-regime-mediterraneen-star-des-menus\"},\"wordCount\":1011,\"commentCount\":0,\"image\":{\"@id\":\"https:\/\/www.africa-press.net\/cotedivoire\/politique\/le-regime-mediterraneen-star-des-menus#primaryimage\"},\"thumbnailUrl\":\"https:\/\/static.africa-press.net\/cote\/sites\/43\/2025\/02\/sm_1739106659.512095.jpg\",\"keywords\":[\"C\u00f4te d'Ivoire\"],\"articleSection\":[\"Divers\",\"Toutes les actualit\u00e9s\"],\"inLanguage\":\"fr-FR\",\"potentialAction\":[{\"@type\":\"CommentAction\",\"name\":\"Comment\",\"target\":[\"https:\/\/www.africa-press.net\/cotedivoire\/politique\/le-regime-mediterraneen-star-des-menus#respond\"]}]},{\"@type\":\"WebPage\",\"@id\":\"https:\/\/www.africa-press.net\/cotedivoire\/politique\/le-regime-mediterraneen-star-des-menus\",\"url\":\"https:\/\/www.africa-press.net\/cotedivoire\/politique\/le-regime-mediterraneen-star-des-menus\",\"name\":\"Le r\u00e9gime m\u00e9diterran\u00e9en, star des menus - C\u00f4te d&#039;Ivoire\",\"isPartOf\":{\"@id\":\"https:\/\/www.africa-press.net\/cotedivoire\/#website\"},\"primaryImageOfPage\":{\"@id\":\"https:\/\/www.africa-press.net\/cotedivoire\/politique\/le-regime-mediterraneen-star-des-menus#primaryimage\"},\"image\":{\"@id\":\"https:\/\/www.africa-press.net\/cotedivoire\/politique\/le-regime-mediterraneen-star-des-menus#primaryimage\"},\"thumbnailUrl\":\"https:\/\/static.africa-press.net\/cote\/sites\/43\/2025\/02\/sm_1739106659.512095.jpg\",\"datePublished\":\"2025-02-09T15:55:38+00:00\",\"author\":{\"@id\":\"https:\/\/www.africa-press.net\/cotedivoire\/#\/schema\/person\/2b1cf3cd81a31e3cd26889ca66d677f1\"},\"breadcrumb\":{\"@id\":\"https:\/\/www.africa-press.net\/cotedivoire\/politique\/le-regime-mediterraneen-star-des-menus#breadcrumb\"},\"inLanguage\":\"fr-FR\",\"potentialAction\":[{\"@type\":\"ReadAction\",\"target\":[\"https:\/\/www.africa-press.net\/cotedivoire\/politique\/le-regime-mediterraneen-star-des-menus\"]}]},{\"@type\":\"ImageObject\",\"inLanguage\":\"fr-FR\",\"@id\":\"https:\/\/www.africa-press.net\/cotedivoire\/politique\/le-regime-mediterraneen-star-des-menus#primaryimage\",\"url\":\"https:\/\/static.africa-press.net\/cote\/sites\/43\/2025\/02\/sm_1739106659.512095.jpg\",\"contentUrl\":\"https:\/\/static.africa-press.net\/cote\/sites\/43\/2025\/02\/sm_1739106659.512095.jpg\",\"width\":1200,\"height\":901,\"caption\":\"Le r\u00e9gime m\u00e9diterran\u00e9en, star des menus\"},{\"@type\":\"BreadcrumbList\",\"@id\":\"https:\/\/www.africa-press.net\/cotedivoire\/politique\/le-regime-mediterraneen-star-des-menus#breadcrumb\",\"itemListElement\":[{\"@type\":\"ListItem\",\"position\":1,\"name\":\"Accueil\",\"item\":\"https:\/\/www.africa-press.net\/cotedivoire\/\"},{\"@type\":\"ListItem\",\"position\":2,\"name\":\"Le r\u00e9gime m\u00e9diterran\u00e9en, star des menus\"}]},{\"@type\":\"WebSite\",\"@id\":\"https:\/\/www.africa-press.net\/cotedivoire\/#website\",\"url\":\"https:\/\/www.africa-press.net\/cotedivoire\/\",\"name\":\"C\u00f4te d&#039;Ivoire\",\"description\":\"Just another Africa News Agency Sites site\",\"potentialAction\":[{\"@type\":\"SearchAction\",\"target\":{\"@type\":\"EntryPoint\",\"urlTemplate\":\"https:\/\/www.africa-press.net\/cotedivoire\/?s={search_term_string}\"},\"query-input\":{\"@type\":\"PropertyValueSpecification\",\"valueRequired\":true,\"valueName\":\"search_term_string\"}}],\"inLanguage\":\"fr-FR\"},{\"@type\":\"Person\",\"@id\":\"https:\/\/www.africa-press.net\/cotedivoire\/#\/schema\/person\/2b1cf3cd81a31e3cd26889ca66d677f1\",\"name\":\"cfeditorfr\"}]}<\/script>\n<!-- \/ Yoast SEO Premium plugin. -->","yoast_head_json":{"title":"Le r\u00e9gime m\u00e9diterran\u00e9en, star des menus - C\u00f4te d&#039;Ivoire","robots":{"index":"index","follow":"follow","max-snippet":"max-snippet:-1","max-image-preview":"max-image-preview:large","max-video-preview":"max-video-preview:-1"},"canonical":"https:\/\/www.africa-press.net\/cotedivoire\/politique\/le-regime-mediterraneen-star-des-menus","og_locale":"fr_FR","og_type":"article","og_title":"Le r\u00e9gime m\u00e9diterran\u00e9en, star des menus","og_description":"Africa-Press &#8211; C\u00f4te d&rsquo;Ivoire. Le re\u0301gime me\u0301diterrane\u0301en re\u0301siste a\u0300 l&rsquo;e\u0301preuve du temps. Pour la septie\u0300me anne\u0301e conse\u0301cutive, le magazine ame\u0301ricain US News &amp; World Report l&rsquo;a classe\u0301 comme le meilleur re\u0301gime alimentaire de l&rsquo;anne\u0301e 2024, devant les re\u0301gimes Dash (visant a\u0300 re\u0301duire l&rsquo;hypertension arte\u0301rielle, enrichi en fruits, le\u0301gumes et ce\u0301re\u0301ales sources de fibres et limitant [&hellip;]","og_url":"https:\/\/www.africa-press.net\/cotedivoire\/politique\/le-regime-mediterraneen-star-des-menus","og_site_name":"C\u00f4te d&#039;Ivoire","article_published_time":"2025-02-09T15:55:38+00:00","author":"cfeditorfr","twitter_card":"summary_large_image","twitter_misc":{"\u00c9crit par":"cfeditorfr","Dur\u00e9e de lecture estim\u00e9e":"5 minutes"},"schema":{"@context":"https:\/\/schema.org","@graph":[{"@type":"Article","@id":"https:\/\/www.africa-press.net\/cotedivoire\/politique\/le-regime-mediterraneen-star-des-menus#article","isPartOf":{"@id":"https:\/\/www.africa-press.net\/cotedivoire\/politique\/le-regime-mediterraneen-star-des-menus"},"author":{"name":"cfeditorfr","@id":"https:\/\/www.africa-press.net\/cotedivoire\/#\/schema\/person\/2b1cf3cd81a31e3cd26889ca66d677f1"},"headline":"Le r\u00e9gime m\u00e9diterran\u00e9en, star des menus","datePublished":"2025-02-09T15:55:38+00:00","mainEntityOfPage":{"@id":"https:\/\/www.africa-press.net\/cotedivoire\/politique\/le-regime-mediterraneen-star-des-menus"},"wordCount":1011,"commentCount":0,"image":{"@id":"https:\/\/www.africa-press.net\/cotedivoire\/politique\/le-regime-mediterraneen-star-des-menus#primaryimage"},"thumbnailUrl":"https:\/\/static.africa-press.net\/cote\/sites\/43\/2025\/02\/sm_1739106659.512095.jpg","keywords":["C\u00f4te d'Ivoire"],"articleSection":["Divers","Toutes les actualit\u00e9s"],"inLanguage":"fr-FR","potentialAction":[{"@type":"CommentAction","name":"Comment","target":["https:\/\/www.africa-press.net\/cotedivoire\/politique\/le-regime-mediterraneen-star-des-menus#respond"]}]},{"@type":"WebPage","@id":"https:\/\/www.africa-press.net\/cotedivoire\/politique\/le-regime-mediterraneen-star-des-menus","url":"https:\/\/www.africa-press.net\/cotedivoire\/politique\/le-regime-mediterraneen-star-des-menus","name":"Le r\u00e9gime m\u00e9diterran\u00e9en, star des menus - C\u00f4te d&#039;Ivoire","isPartOf":{"@id":"https:\/\/www.africa-press.net\/cotedivoire\/#website"},"primaryImageOfPage":{"@id":"https:\/\/www.africa-press.net\/cotedivoire\/politique\/le-regime-mediterraneen-star-des-menus#primaryimage"},"image":{"@id":"https:\/\/www.africa-press.net\/cotedivoire\/politique\/le-regime-mediterraneen-star-des-menus#primaryimage"},"thumbnailUrl":"https:\/\/static.africa-press.net\/cote\/sites\/43\/2025\/02\/sm_1739106659.512095.jpg","datePublished":"2025-02-09T15:55:38+00:00","author":{"@id":"https:\/\/www.africa-press.net\/cotedivoire\/#\/schema\/person\/2b1cf3cd81a31e3cd26889ca66d677f1"},"breadcrumb":{"@id":"https:\/\/www.africa-press.net\/cotedivoire\/politique\/le-regime-mediterraneen-star-des-menus#breadcrumb"},"inLanguage":"fr-FR","potentialAction":[{"@type":"ReadAction","target":["https:\/\/www.africa-press.net\/cotedivoire\/politique\/le-regime-mediterraneen-star-des-menus"]}]},{"@type":"ImageObject","inLanguage":"fr-FR","@id":"https:\/\/www.africa-press.net\/cotedivoire\/politique\/le-regime-mediterraneen-star-des-menus#primaryimage","url":"https:\/\/static.africa-press.net\/cote\/sites\/43\/2025\/02\/sm_1739106659.512095.jpg","contentUrl":"https:\/\/static.africa-press.net\/cote\/sites\/43\/2025\/02\/sm_1739106659.512095.jpg","width":1200,"height":901,"caption":"Le r\u00e9gime m\u00e9diterran\u00e9en, star des menus"},{"@type":"BreadcrumbList","@id":"https:\/\/www.africa-press.net\/cotedivoire\/politique\/le-regime-mediterraneen-star-des-menus#breadcrumb","itemListElement":[{"@type":"ListItem","position":1,"name":"Accueil","item":"https:\/\/www.africa-press.net\/cotedivoire\/"},{"@type":"ListItem","position":2,"name":"Le r\u00e9gime m\u00e9diterran\u00e9en, star des menus"}]},{"@type":"WebSite","@id":"https:\/\/www.africa-press.net\/cotedivoire\/#website","url":"https:\/\/www.africa-press.net\/cotedivoire\/","name":"C\u00f4te d&#039;Ivoire","description":"Just another Africa News Agency Sites site","potentialAction":[{"@type":"SearchAction","target":{"@type":"EntryPoint","urlTemplate":"https:\/\/www.africa-press.net\/cotedivoire\/?s={search_term_string}"},"query-input":{"@type":"PropertyValueSpecification","valueRequired":true,"valueName":"search_term_string"}}],"inLanguage":"fr-FR"},{"@type":"Person","@id":"https:\/\/www.africa-press.net\/cotedivoire\/#\/schema\/person\/2b1cf3cd81a31e3cd26889ca66d677f1","name":"cfeditorfr"}]}},"_links":{"self":[{"href":"https:\/\/www.africa-press.net\/cotedivoire\/wp-json\/wp\/v2\/posts\/94880","targetHints":{"allow":["GET"]}}],"collection":[{"href":"https:\/\/www.africa-press.net\/cotedivoire\/wp-json\/wp\/v2\/posts"}],"about":[{"href":"https:\/\/www.africa-press.net\/cotedivoire\/wp-json\/wp\/v2\/types\/post"}],"author":[{"embeddable":true,"href":"https:\/\/www.africa-press.net\/cotedivoire\/wp-json\/wp\/v2\/users\/82"}],"replies":[{"embeddable":true,"href":"https:\/\/www.africa-press.net\/cotedivoire\/wp-json\/wp\/v2\/comments?post=94880"}],"version-history":[{"count":0,"href":"https:\/\/www.africa-press.net\/cotedivoire\/wp-json\/wp\/v2\/posts\/94880\/revisions"}],"wp:featuredmedia":[{"embeddable":true,"href":"https:\/\/www.africa-press.net\/cotedivoire\/wp-json\/wp\/v2\/media\/94879"}],"wp:attachment":[{"href":"https:\/\/www.africa-press.net\/cotedivoire\/wp-json\/wp\/v2\/media?parent=94880"}],"wp:term":[{"taxonomy":"category","embeddable":true,"href":"https:\/\/www.africa-press.net\/cotedivoire\/wp-json\/wp\/v2\/categories?post=94880"},{"taxonomy":"post_tag","embeddable":true,"href":"https:\/\/www.africa-press.net\/cotedivoire\/wp-json\/wp\/v2\/tags?post=94880"}],"curies":[{"name":"wp","href":"https:\/\/api.w.org\/{rel}","templated":true}]}}