{"id":94888,"date":"2025-02-09T16:00:13","date_gmt":"2025-02-09T16:00:13","guid":{"rendered":"https:\/\/www.africa-press.net\/cotedivoire\/politique\/gbagbo-denonce-les-restrictions-et-les-condamnations-politiques-lors-de-son-meeting-a-marcory"},"modified":"2025-02-09T16:00:13","modified_gmt":"2025-02-09T16:00:13","slug":"gbagbo-denonce-les-restrictions-et-les-condamnations-politiques-lors-de-son-meeting-a-marcory","status":"publish","type":"post","link":"https:\/\/www.africa-press.net\/cotedivoire\/politique\/gbagbo-denonce-les-restrictions-et-les-condamnations-politiques-lors-de-son-meeting-a-marcory","title":{"rendered":"Gbagbo d\u00e9nonce les restrictions et les condamnations politiques lors de son meeting \u00e0 Marcory"},"content":{"rendered":"<p><span style=\"color: #ff6600\"><strong>Africa-Press &#8211; C\u00f4te d&rsquo;Ivoire. <\/strong><\/span>Le samedi 8 fe\u0301vrier 2025, l\u2019ancien pre\u0301sident ivoirien Laurent Gbagbo, leader du Parti des Peuples Africains &#8211; Co\u0302te d\u2019Ivoire (PPA-CI), a anime\u0301 un meeting politique au stade de Marcory Re\u0301sidentielle, comme sur place constate\u0301 par KOACI.<\/p>\n<p>Frappe\u0301 d&rsquo;ine\u0301ligibilite\u0301, cine\u0301ma ou pas, l&rsquo;ancien Pre\u0301sident a de\u0301nonce\u0301 les obstacles rencontre\u0301s par son parti dans l\u2019organisation de ce rassemblement, ainsi que les pratiques politiques qu\u2019il juge re\u0301pressives et injustes.<\/p>\n<p>Gbagbo a re\u0301ve\u0301le\u0301 que les autorite\u0301s lui avaient refuse\u0301 l\u2019acce\u0300s a\u0300 deux lieux pour la tenue de son meeting: le Parc des Sports et le stade Robert Champroux de Marcory.<\/p>\n<p>\u00ab De\u0300s que tu exprimes une ide\u0301e contraire a\u0300 celle des de\u0301tenteurs provisoires du pouvoir, on te convoque a\u0300 la police, on te conduit au tribunal. Le procureur fait un discours pour demander une peine de prison a\u0300 vie ou 20 ans. Nous sommes tous condamne\u0301s a\u0300 20 ans ! Ici, en Co\u0302te d\u2019Ivoire, c\u2019est le pays des condamnations de 20 ans. On est condamne\u0301 a\u0300 20 ans et pourtant on se prome\u0300ne. C&rsquo;est quoi tout c\u0327a ? C&rsquo;est quelle vie c\u0327a ? \u00bb, a-t-il lance\u0301, de\u0301nonc\u0327ant ce qu\u2019il conside\u0300re comme une justice partiale et une re\u0301pression syste\u0301matique des voix dissidentes.<\/p>\n<p>L\u2019ancien chef de l\u2019E\u0301tat a e\u0301galement e\u0301voque\u0301 le cas de plusieurs jeunes militants, dont Damana Pickass, Koua Justin et Gala Kolebi, qui sont actuellement poursuivis en justice pour leurs opinions politiques.<\/p>\n<p>\u00ab Je soutiens tous ces jeunes qui sont trai\u0302ne\u0301s devant les tribunaux parce que ce ne sont pas des de\u0301linquants ni des voleurs. Ils sont perse\u0301cute\u0301s simplement parce qu\u2019ils pensent diffe\u0301remment du pouvoir en place \u00bb, a-t-il affirme\u0301, appelant a\u0300 la solidarite\u0301 envers ces militants.<\/p>\n<p>Sur la question de la double nationalite\u0301, Gbagbo a tenu des propos sans e\u0301quivoque, sans faire allusion allusion a\u0300 Thiam Tidjane, pre\u0301sident du PDCI-RDA.<\/p>\n<p>\u00ab On ne peut pas jouer a\u0300 e\u0302tre un peu Ivoirien, un peu Franc\u0327ais, un peu Danois. On est ou\u0300 on n\u2019est pas. C\u0327a, il faut que ce soit clair \u00bb, a-t-il de\u0301clare\u0301, re\u0301affirmant son attachement a\u0300 une identite\u0301 nationale unique et sans compromis.<\/p>\n<p>Il a rappele\u0301 son propre refus de la nationalite\u0301 franc\u0327aise, malgre\u0301 les propositions qui lui avaient e\u0301te\u0301 faites lors de son exil en France. \u00ab Moi, je suis reste\u0301 longtemps en France, mais je n\u2019ai jamais vote\u0301. Cela ne m\u2019a jamais tente\u0301, me\u0302me lorsque j\u2019y e\u0301tais pour demander le droit d\u2019asile parce que j\u2019e\u0301tais maltraite\u0301 ici \u00bb, a-t-il explique\u0301, soulignant son refus de toute solution de facilite\u0301.<\/p>\n<p>L&rsquo;ancien prisonnier de la cour pe\u0301nale internationale (CPI) a e\u0301galement aborde\u0301 la question de la dette publique, qu\u2019il qualifie de \u00ab Digba Dette \u00bb, un terme qu\u2019il a popularise\u0301 lors de pre\u0301ce\u0301dents discours. \u00ab J&rsquo;ai parle\u0301 de la \u00ab\u00a0Digba Dette\u00a0\u00bb a\u0300 Adjame\u0301, et il y a une personne qui est venue a\u0300 la te\u0301le\u0301 dire que je ne dois pas parler comme c\u0327a. Je veux dire a\u0300 cette personne que moi, Laurent Gbagbo, j&rsquo;ai e\u0301tudie\u0301 le latin et le grec. J&rsquo;ai e\u0301tudie\u0301 le vocabulaire franc\u0327ais, mais j&rsquo;ai de\u0301cide\u0301 de parler comme mon peuple. Et c&rsquo;est parce que je parle comme mon peuple, que je suis moi et que eux, qui ne parlent pas comme le peuple, sont eux \u00bb, a-t-il affirme\u0301, re\u0301affirmant son engagement a\u0300 rester proche des pre\u0301occupations des Ivoiriens ordinaires.<\/p>\n<p>Enfin, le natif de Mama a rappele\u0301 les e\u0301ve\u0301nements de 2010, lorsqu\u2019il avait e\u0301te\u0301 arre\u0302te\u0301 et envoye\u0301 a\u0300 La Haye pour e\u0302tre juge\u0301 par la Cour pe\u0301nale internationale (CPI).<\/p>\n<p>\u00ab En 2010, ceux qui ont voulu me vitrifier portent aujourd&rsquo;hui des bracelets e\u0301lectroniques, pendant que moi je suis en liberte\u0301 et anime un meeting a\u0300 Marcory \u00bb, a-t-il de\u0301clare\u0301, faisant re\u0301fe\u0301rence a\u0300 ses anciens adversaires politiques qui sont aujourd\u2019hui sous surveillance judiciaire.<\/p>\n<p>Ce meeting a\u0300 Marcory s\u2019inscrit dans une se\u0301rie de rassemblements organise\u0301s par le PPA-CI en vue des prochaines e\u0301lections.<\/p>\n<p>A\u0300 travers son discours, Laurent Gbagbo a re\u0301affirme\u0301 sa de\u0301termination a\u0300 continuer le combat politique, tout en de\u0301nonc\u0327ant ce qu\u2019il perc\u0327oit comme une instrumentalisation de la justice et une restriction des liberte\u0301s fondamentales en Co\u0302te d\u2019Ivoire.<\/p>\n<p>Situation de 2020 qui se dessine pour lui, son appel a\u0300 la mobilisation et a\u0300 la re\u0301sistance face a\u0300 ce qu\u2019il qualifie de \u00ab re\u0301gime re\u0301pressif \u00bb a trouve\u0301 un e\u0301cho favorable parmi ses partisans, qui, me\u0302me si affaibli avec la perte des moyens de son temps au pouvoir, voient encore en lui, au grand dam d&rsquo;autres, dans l&rsquo;ombre, qui aimeraent emerger, une figure incontournable de l\u2019opposition ivoirienne.<\/p>\n<p><strong>Pour plus d&rsquo;informations et d&rsquo;analyses sur la <span style=\"color: #ff6600\">C\u00f4te d&rsquo;Ivoire<\/span>, suivez <span style=\"color: #ff6600\">Africa-Press<span style=\"color: #ff6600\"><\/span><\/strong><\/p>\n","protected":false},"excerpt":{"rendered":"<p>Africa-Press &#8211; C\u00f4te d&rsquo;Ivoire. Le samedi 8 fe\u0301vrier 2025, l\u2019ancien pre\u0301sident ivoirien Laurent Gbagbo, leader du Parti des Peuples Africains &#8211; Co\u0302te d\u2019Ivoire (PPA-CI), a anime\u0301 un meeting politique au stade de Marcory Re\u0301sidentielle, comme sur place constate\u0301 par KOACI. Frappe\u0301 d&rsquo;ine\u0301ligibilite\u0301, cine\u0301ma ou pas, l&rsquo;ancien Pre\u0301sident a de\u0301nonce\u0301 les obstacles rencontre\u0301s par son parti [&hellip;]<\/p>\n","protected":false},"author":82,"featured_media":94887,"comment_status":"open","ping_status":"closed","sticky":false,"template":"","format":"standard","meta":{"footnotes":""},"categories":[2,20,10],"tags":[37,693,16704,1358,320,10655,912,655,423,1233,1952,1547],"class_list":["post-94888","post","type-post","status-publish","format-standard","has-post-thumbnail","hentry","category-politique","category-top-nouvelles","category-toutes-les-actualites","tag-cote-divoire-2","tag-cpi","tag-francd","tag-gala","tag-gbagbo","tag-koua","tag-mama","tag-marcory","tag-pdci","tag-pickass","tag-ppa-ci","tag-thiam"],"yoast_head":"<!-- This site is optimized with the Yoast SEO Premium plugin v26.1 (Yoast SEO v27.0) - https:\/\/yoast.com\/product\/yoast-seo-premium-wordpress\/ -->\n<title>Gbagbo d\u00e9nonce les restrictions et les condamnations politiques lors de son meeting \u00e0 Marcory - C\u00f4te d&#039;Ivoire<\/title>\n<meta name=\"robots\" content=\"index, follow, max-snippet:-1, max-image-preview:large, max-video-preview:-1\" \/>\n<link rel=\"canonical\" href=\"https:\/\/www.africa-press.net\/cotedivoire\/politique\/gbagbo-denonce-les-restrictions-et-les-condamnations-politiques-lors-de-son-meeting-a-marcory\" \/>\n<meta property=\"og:locale\" content=\"fr_FR\" \/>\n<meta property=\"og:type\" content=\"article\" \/>\n<meta property=\"og:title\" content=\"Gbagbo d\u00e9nonce les restrictions et les condamnations politiques lors de son meeting \u00e0 Marcory\" \/>\n<meta property=\"og:description\" content=\"Africa-Press &#8211; C\u00f4te d&rsquo;Ivoire. Le samedi 8 fe\u0301vrier 2025, l\u2019ancien pre\u0301sident ivoirien Laurent Gbagbo, leader du Parti des Peuples Africains &#8211; Co\u0302te d\u2019Ivoire (PPA-CI), a anime\u0301 un meeting politique au stade de Marcory Re\u0301sidentielle, comme sur place constate\u0301 par KOACI. Frappe\u0301 d&rsquo;ine\u0301ligibilite\u0301, cine\u0301ma ou pas, l&rsquo;ancien Pre\u0301sident a de\u0301nonce\u0301 les obstacles rencontre\u0301s par son parti [&hellip;]\" \/>\n<meta property=\"og:url\" content=\"https:\/\/www.africa-press.net\/cotedivoire\/politique\/gbagbo-denonce-les-restrictions-et-les-condamnations-politiques-lors-de-son-meeting-a-marcory\" \/>\n<meta property=\"og:site_name\" content=\"C\u00f4te d&#039;Ivoire\" \/>\n<meta property=\"article:published_time\" content=\"2025-02-09T16:00:13+00:00\" \/>\n<meta name=\"author\" content=\"cfeditorfr\" \/>\n<meta name=\"twitter:card\" content=\"summary_large_image\" \/>\n<meta name=\"twitter:label1\" content=\"\u00c9crit par\" \/>\n\t<meta name=\"twitter:data1\" content=\"cfeditorfr\" \/>\n\t<meta name=\"twitter:label2\" content=\"Dur\u00e9e de lecture estim\u00e9e\" \/>\n\t<meta name=\"twitter:data2\" content=\"4 minutes\" \/>\n<script type=\"application\/ld+json\" class=\"yoast-schema-graph\">{\"@context\":\"https:\/\/schema.org\",\"@graph\":[{\"@type\":\"Article\",\"@id\":\"https:\/\/www.africa-press.net\/cotedivoire\/politique\/gbagbo-denonce-les-restrictions-et-les-condamnations-politiques-lors-de-son-meeting-a-marcory#article\",\"isPartOf\":{\"@id\":\"https:\/\/www.africa-press.net\/cotedivoire\/politique\/gbagbo-denonce-les-restrictions-et-les-condamnations-politiques-lors-de-son-meeting-a-marcory\"},\"author\":{\"name\":\"cfeditorfr\",\"@id\":\"https:\/\/www.africa-press.net\/cotedivoire\/#\/schema\/person\/2b1cf3cd81a31e3cd26889ca66d677f1\"},\"headline\":\"Gbagbo d\u00e9nonce les restrictions et les condamnations politiques lors de son meeting \u00e0 Marcory\",\"datePublished\":\"2025-02-09T16:00:13+00:00\",\"mainEntityOfPage\":{\"@id\":\"https:\/\/www.africa-press.net\/cotedivoire\/politique\/gbagbo-denonce-les-restrictions-et-les-condamnations-politiques-lors-de-son-meeting-a-marcory\"},\"wordCount\":866,\"commentCount\":0,\"image\":{\"@id\":\"https:\/\/www.africa-press.net\/cotedivoire\/politique\/gbagbo-denonce-les-restrictions-et-les-condamnations-politiques-lors-de-son-meeting-a-marcory#primaryimage\"},\"thumbnailUrl\":\"https:\/\/static.africa-press.net\/cote\/sites\/43\/2025\/02\/sm_1739106811.370505.jpg\",\"keywords\":[\"C\u00f4te d'Ivoire\",\"Cpi\",\"Francd\",\"gala\",\"Gbagbo\",\"Koua\",\"Mama\",\"Marcory\",\"Pdci\",\"Pickass\",\"PPA-CI\",\"Thiam\"],\"articleSection\":[\"Politique\",\"Top Nouvelles\",\"Toutes les actualit\u00e9s\"],\"inLanguage\":\"fr-FR\",\"potentialAction\":[{\"@type\":\"CommentAction\",\"name\":\"Comment\",\"target\":[\"https:\/\/www.africa-press.net\/cotedivoire\/politique\/gbagbo-denonce-les-restrictions-et-les-condamnations-politiques-lors-de-son-meeting-a-marcory#respond\"]}]},{\"@type\":\"WebPage\",\"@id\":\"https:\/\/www.africa-press.net\/cotedivoire\/politique\/gbagbo-denonce-les-restrictions-et-les-condamnations-politiques-lors-de-son-meeting-a-marcory\",\"url\":\"https:\/\/www.africa-press.net\/cotedivoire\/politique\/gbagbo-denonce-les-restrictions-et-les-condamnations-politiques-lors-de-son-meeting-a-marcory\",\"name\":\"Gbagbo d\u00e9nonce les restrictions et les condamnations politiques lors de son meeting \u00e0 Marcory - C\u00f4te d&#039;Ivoire\",\"isPartOf\":{\"@id\":\"https:\/\/www.africa-press.net\/cotedivoire\/#website\"},\"primaryImageOfPage\":{\"@id\":\"https:\/\/www.africa-press.net\/cotedivoire\/politique\/gbagbo-denonce-les-restrictions-et-les-condamnations-politiques-lors-de-son-meeting-a-marcory#primaryimage\"},\"image\":{\"@id\":\"https:\/\/www.africa-press.net\/cotedivoire\/politique\/gbagbo-denonce-les-restrictions-et-les-condamnations-politiques-lors-de-son-meeting-a-marcory#primaryimage\"},\"thumbnailUrl\":\"https:\/\/static.africa-press.net\/cote\/sites\/43\/2025\/02\/sm_1739106811.370505.jpg\",\"datePublished\":\"2025-02-09T16:00:13+00:00\",\"author\":{\"@id\":\"https:\/\/www.africa-press.net\/cotedivoire\/#\/schema\/person\/2b1cf3cd81a31e3cd26889ca66d677f1\"},\"breadcrumb\":{\"@id\":\"https:\/\/www.africa-press.net\/cotedivoire\/politique\/gbagbo-denonce-les-restrictions-et-les-condamnations-politiques-lors-de-son-meeting-a-marcory#breadcrumb\"},\"inLanguage\":\"fr-FR\",\"potentialAction\":[{\"@type\":\"ReadAction\",\"target\":[\"https:\/\/www.africa-press.net\/cotedivoire\/politique\/gbagbo-denonce-les-restrictions-et-les-condamnations-politiques-lors-de-son-meeting-a-marcory\"]}]},{\"@type\":\"ImageObject\",\"inLanguage\":\"fr-FR\",\"@id\":\"https:\/\/www.africa-press.net\/cotedivoire\/politique\/gbagbo-denonce-les-restrictions-et-les-condamnations-politiques-lors-de-son-meeting-a-marcory#primaryimage\",\"url\":\"https:\/\/static.africa-press.net\/cote\/sites\/43\/2025\/02\/sm_1739106811.370505.jpg\",\"contentUrl\":\"https:\/\/static.africa-press.net\/cote\/sites\/43\/2025\/02\/sm_1739106811.370505.jpg\",\"width\":720,\"height\":481,\"caption\":\"Gbagbo d\u00e9nonce les restrictions et les condamnations politiques lors de son meeting \u00e0 Marcory\"},{\"@type\":\"BreadcrumbList\",\"@id\":\"https:\/\/www.africa-press.net\/cotedivoire\/politique\/gbagbo-denonce-les-restrictions-et-les-condamnations-politiques-lors-de-son-meeting-a-marcory#breadcrumb\",\"itemListElement\":[{\"@type\":\"ListItem\",\"position\":1,\"name\":\"Accueil\",\"item\":\"https:\/\/www.africa-press.net\/cotedivoire\/\"},{\"@type\":\"ListItem\",\"position\":2,\"name\":\"Gbagbo d\u00e9nonce les restrictions et les condamnations politiques lors de son meeting \u00e0 Marcory\"}]},{\"@type\":\"WebSite\",\"@id\":\"https:\/\/www.africa-press.net\/cotedivoire\/#website\",\"url\":\"https:\/\/www.africa-press.net\/cotedivoire\/\",\"name\":\"C\u00f4te d&#039;Ivoire\",\"description\":\"Just another Africa News Agency Sites site\",\"potentialAction\":[{\"@type\":\"SearchAction\",\"target\":{\"@type\":\"EntryPoint\",\"urlTemplate\":\"https:\/\/www.africa-press.net\/cotedivoire\/?s={search_term_string}\"},\"query-input\":{\"@type\":\"PropertyValueSpecification\",\"valueRequired\":true,\"valueName\":\"search_term_string\"}}],\"inLanguage\":\"fr-FR\"},{\"@type\":\"Person\",\"@id\":\"https:\/\/www.africa-press.net\/cotedivoire\/#\/schema\/person\/2b1cf3cd81a31e3cd26889ca66d677f1\",\"name\":\"cfeditorfr\"}]}<\/script>\n<!-- \/ Yoast SEO Premium plugin. -->","yoast_head_json":{"title":"Gbagbo d\u00e9nonce les restrictions et les condamnations politiques lors de son meeting \u00e0 Marcory - C\u00f4te d&#039;Ivoire","robots":{"index":"index","follow":"follow","max-snippet":"max-snippet:-1","max-image-preview":"max-image-preview:large","max-video-preview":"max-video-preview:-1"},"canonical":"https:\/\/www.africa-press.net\/cotedivoire\/politique\/gbagbo-denonce-les-restrictions-et-les-condamnations-politiques-lors-de-son-meeting-a-marcory","og_locale":"fr_FR","og_type":"article","og_title":"Gbagbo d\u00e9nonce les restrictions et les condamnations politiques lors de son meeting \u00e0 Marcory","og_description":"Africa-Press &#8211; C\u00f4te d&rsquo;Ivoire. Le samedi 8 fe\u0301vrier 2025, l\u2019ancien pre\u0301sident ivoirien Laurent Gbagbo, leader du Parti des Peuples Africains &#8211; Co\u0302te d\u2019Ivoire (PPA-CI), a anime\u0301 un meeting politique au stade de Marcory Re\u0301sidentielle, comme sur place constate\u0301 par KOACI. Frappe\u0301 d&rsquo;ine\u0301ligibilite\u0301, cine\u0301ma ou pas, l&rsquo;ancien Pre\u0301sident a de\u0301nonce\u0301 les obstacles rencontre\u0301s par son parti [&hellip;]","og_url":"https:\/\/www.africa-press.net\/cotedivoire\/politique\/gbagbo-denonce-les-restrictions-et-les-condamnations-politiques-lors-de-son-meeting-a-marcory","og_site_name":"C\u00f4te d&#039;Ivoire","article_published_time":"2025-02-09T16:00:13+00:00","author":"cfeditorfr","twitter_card":"summary_large_image","twitter_misc":{"\u00c9crit par":"cfeditorfr","Dur\u00e9e de lecture estim\u00e9e":"4 minutes"},"schema":{"@context":"https:\/\/schema.org","@graph":[{"@type":"Article","@id":"https:\/\/www.africa-press.net\/cotedivoire\/politique\/gbagbo-denonce-les-restrictions-et-les-condamnations-politiques-lors-de-son-meeting-a-marcory#article","isPartOf":{"@id":"https:\/\/www.africa-press.net\/cotedivoire\/politique\/gbagbo-denonce-les-restrictions-et-les-condamnations-politiques-lors-de-son-meeting-a-marcory"},"author":{"name":"cfeditorfr","@id":"https:\/\/www.africa-press.net\/cotedivoire\/#\/schema\/person\/2b1cf3cd81a31e3cd26889ca66d677f1"},"headline":"Gbagbo d\u00e9nonce les restrictions et les condamnations politiques lors de son meeting \u00e0 Marcory","datePublished":"2025-02-09T16:00:13+00:00","mainEntityOfPage":{"@id":"https:\/\/www.africa-press.net\/cotedivoire\/politique\/gbagbo-denonce-les-restrictions-et-les-condamnations-politiques-lors-de-son-meeting-a-marcory"},"wordCount":866,"commentCount":0,"image":{"@id":"https:\/\/www.africa-press.net\/cotedivoire\/politique\/gbagbo-denonce-les-restrictions-et-les-condamnations-politiques-lors-de-son-meeting-a-marcory#primaryimage"},"thumbnailUrl":"https:\/\/static.africa-press.net\/cote\/sites\/43\/2025\/02\/sm_1739106811.370505.jpg","keywords":["C\u00f4te d'Ivoire","Cpi","Francd","gala","Gbagbo","Koua","Mama","Marcory","Pdci","Pickass","PPA-CI","Thiam"],"articleSection":["Politique","Top Nouvelles","Toutes les actualit\u00e9s"],"inLanguage":"fr-FR","potentialAction":[{"@type":"CommentAction","name":"Comment","target":["https:\/\/www.africa-press.net\/cotedivoire\/politique\/gbagbo-denonce-les-restrictions-et-les-condamnations-politiques-lors-de-son-meeting-a-marcory#respond"]}]},{"@type":"WebPage","@id":"https:\/\/www.africa-press.net\/cotedivoire\/politique\/gbagbo-denonce-les-restrictions-et-les-condamnations-politiques-lors-de-son-meeting-a-marcory","url":"https:\/\/www.africa-press.net\/cotedivoire\/politique\/gbagbo-denonce-les-restrictions-et-les-condamnations-politiques-lors-de-son-meeting-a-marcory","name":"Gbagbo d\u00e9nonce les restrictions et les condamnations politiques lors de son meeting \u00e0 Marcory - C\u00f4te d&#039;Ivoire","isPartOf":{"@id":"https:\/\/www.africa-press.net\/cotedivoire\/#website"},"primaryImageOfPage":{"@id":"https:\/\/www.africa-press.net\/cotedivoire\/politique\/gbagbo-denonce-les-restrictions-et-les-condamnations-politiques-lors-de-son-meeting-a-marcory#primaryimage"},"image":{"@id":"https:\/\/www.africa-press.net\/cotedivoire\/politique\/gbagbo-denonce-les-restrictions-et-les-condamnations-politiques-lors-de-son-meeting-a-marcory#primaryimage"},"thumbnailUrl":"https:\/\/static.africa-press.net\/cote\/sites\/43\/2025\/02\/sm_1739106811.370505.jpg","datePublished":"2025-02-09T16:00:13+00:00","author":{"@id":"https:\/\/www.africa-press.net\/cotedivoire\/#\/schema\/person\/2b1cf3cd81a31e3cd26889ca66d677f1"},"breadcrumb":{"@id":"https:\/\/www.africa-press.net\/cotedivoire\/politique\/gbagbo-denonce-les-restrictions-et-les-condamnations-politiques-lors-de-son-meeting-a-marcory#breadcrumb"},"inLanguage":"fr-FR","potentialAction":[{"@type":"ReadAction","target":["https:\/\/www.africa-press.net\/cotedivoire\/politique\/gbagbo-denonce-les-restrictions-et-les-condamnations-politiques-lors-de-son-meeting-a-marcory"]}]},{"@type":"ImageObject","inLanguage":"fr-FR","@id":"https:\/\/www.africa-press.net\/cotedivoire\/politique\/gbagbo-denonce-les-restrictions-et-les-condamnations-politiques-lors-de-son-meeting-a-marcory#primaryimage","url":"https:\/\/static.africa-press.net\/cote\/sites\/43\/2025\/02\/sm_1739106811.370505.jpg","contentUrl":"https:\/\/static.africa-press.net\/cote\/sites\/43\/2025\/02\/sm_1739106811.370505.jpg","width":720,"height":481,"caption":"Gbagbo d\u00e9nonce les restrictions et les condamnations politiques lors de son meeting \u00e0 Marcory"},{"@type":"BreadcrumbList","@id":"https:\/\/www.africa-press.net\/cotedivoire\/politique\/gbagbo-denonce-les-restrictions-et-les-condamnations-politiques-lors-de-son-meeting-a-marcory#breadcrumb","itemListElement":[{"@type":"ListItem","position":1,"name":"Accueil","item":"https:\/\/www.africa-press.net\/cotedivoire\/"},{"@type":"ListItem","position":2,"name":"Gbagbo d\u00e9nonce les restrictions et les condamnations politiques lors de son meeting \u00e0 Marcory"}]},{"@type":"WebSite","@id":"https:\/\/www.africa-press.net\/cotedivoire\/#website","url":"https:\/\/www.africa-press.net\/cotedivoire\/","name":"C\u00f4te d&#039;Ivoire","description":"Just another Africa News Agency Sites site","potentialAction":[{"@type":"SearchAction","target":{"@type":"EntryPoint","urlTemplate":"https:\/\/www.africa-press.net\/cotedivoire\/?s={search_term_string}"},"query-input":{"@type":"PropertyValueSpecification","valueRequired":true,"valueName":"search_term_string"}}],"inLanguage":"fr-FR"},{"@type":"Person","@id":"https:\/\/www.africa-press.net\/cotedivoire\/#\/schema\/person\/2b1cf3cd81a31e3cd26889ca66d677f1","name":"cfeditorfr"}]}},"_links":{"self":[{"href":"https:\/\/www.africa-press.net\/cotedivoire\/wp-json\/wp\/v2\/posts\/94888","targetHints":{"allow":["GET"]}}],"collection":[{"href":"https:\/\/www.africa-press.net\/cotedivoire\/wp-json\/wp\/v2\/posts"}],"about":[{"href":"https:\/\/www.africa-press.net\/cotedivoire\/wp-json\/wp\/v2\/types\/post"}],"author":[{"embeddable":true,"href":"https:\/\/www.africa-press.net\/cotedivoire\/wp-json\/wp\/v2\/users\/82"}],"replies":[{"embeddable":true,"href":"https:\/\/www.africa-press.net\/cotedivoire\/wp-json\/wp\/v2\/comments?post=94888"}],"version-history":[{"count":0,"href":"https:\/\/www.africa-press.net\/cotedivoire\/wp-json\/wp\/v2\/posts\/94888\/revisions"}],"wp:featuredmedia":[{"embeddable":true,"href":"https:\/\/www.africa-press.net\/cotedivoire\/wp-json\/wp\/v2\/media\/94887"}],"wp:attachment":[{"href":"https:\/\/www.africa-press.net\/cotedivoire\/wp-json\/wp\/v2\/media?parent=94888"}],"wp:term":[{"taxonomy":"category","embeddable":true,"href":"https:\/\/www.africa-press.net\/cotedivoire\/wp-json\/wp\/v2\/categories?post=94888"},{"taxonomy":"post_tag","embeddable":true,"href":"https:\/\/www.africa-press.net\/cotedivoire\/wp-json\/wp\/v2\/tags?post=94888"}],"curies":[{"name":"wp","href":"https:\/\/api.w.org\/{rel}","templated":true}]}}